{"id":10487,"date":"2021-09-03T16:18:23","date_gmt":"2021-09-03T14:18:23","guid":{"rendered":"https:\/\/www.kunstmuseum.de\/?p=10487"},"modified":"2026-01-27T08:13:42","modified_gmt":"2026-01-27T07:13:42","slug":"freier-eroeffnungssamstag-oil-schoenheit-und-schrecken-des-erdoelzeitalters","status":"publish","type":"post","link":"https:\/\/www.kunstmuseum.de\/en\/2021\/09\/freier-eroeffnungssamstag-oil-schoenheit-und-schrecken-des-erdoelzeitalters\/","title":{"rendered":"Freier Er\u00f6ffnungssamstag: Oil. Sch\u00f6nheit und Schrecken des Erd\u00f6lzeitalters"},"content":{"rendered":"\n<p>Endlich ist es soweit! Wir er\u00f6ffnen unsere neue gro\u00dfe Hallen\u00adaus\u00adstel\u00adlung! Wir laden Sie herzlich dazu ein, am Er\u00f6ff\u00adnungs\u00adsamstag, 4. September 2021, die aktuellen Ausstel\u00adlungen <em><a href=\"https:\/\/www.kunstmuseum.de\/ausstellung\/oil-schoenheit-und-schrecken-des-erdoelzeitalters\/\">Oil. Sch\u00f6nheit und Schrecken des Erd\u00f6l\u00adzeit\u00adal\u00adters<\/a><\/em> sowie <em><a href=\"https:\/\/www.kunstmuseum.de\/ausstellung\/mischa-kuball-referenzraeume\/\">Mischa Kuball. Referenz\u00adR\u00e4ume<\/a><\/em> bei freiem Eintritt von 11 bis 18 Uhr zu erkunden.<br><br>Erd\u00f6l \u2013 kein anderer Rohstoff durch\u00addringt so viele Bereiche unseres Lebens: unsere St\u00e4dte, unsere K\u00f6rper, unsere Emotionen. An keinen sind derart weitrei\u00adchende Freiheits\u00adver\u00adspre\u00adchen gebunden. Aber auch kein anderer Stoff neben der Kohle ist so sehr f\u00fcr Umwelt\u00adver\u00adschmut\u00adzung und Klima\u00adwandel verant\u00adwort\u00adlich, f\u00fcr Plastik\u00adberge an Land und Mikro\u00adplastik in den Ozeanen. Und keiner ist derart in Kriege verwi\u00adckelt. Deshalb wird es h\u00f6chste Zeit f\u00fcr eine Bestands\u00adauf\u00adnahme dieser verh\u00e4ng\u00adnis\u00advollen Bezie\u00adhungen. Die Ausstel\u00adlung <em>Oil. Sch\u00f6nheit und Schrecken des Erd\u00f6l\u00adzeit\u00adal\u00adters<\/em> wirft einen Blick zur\u00fcck auf die seit rund 100 Jahren andau\u00adernde Erd\u00f6l\u00admo\u00adderne. Aus der Distanz einer hypothe\u00adti\u00adschen Zukunft wird gefragt, was typisch war an dieser unserer Zeit, was gro\u00dfartig und sch\u00f6n, was h\u00e4sslich und furchtbar, und wie sich all das in Kunst und Kultur wider\u00adspie\u00adgelt.<br><br>Beim Besuch unseres Hauses ist der <strong>Nachweis <\/strong>eines vollst\u00e4n\u00addigen <strong>Impfschutzes<\/strong>, einer nicht l\u00e4nger als sechs Monate zur\u00fcck\u00adlie\u00adgenden <strong>Genesung <\/strong>oder ein <strong>tages\u00adak\u00adtu\u00adeller Schnell\u00adtest<\/strong> eines offizi\u00adellen Testzen\u00adtrums vorzu\u00adlegen. Bitte tragen Sie zudem eine medizi\u00adni\u00adsche oder FFP2-Maske in unserem Haus. Kurzfris\u00adtige \u00c4nderungen unserer Einlass\u00adbe\u00adstim\u00admungen k\u00f6nnen Sie auf unserer Website kunstmuseum.de nachlesen.<br><br>W\u00e4hrend des Er\u00f6ff\u00adnungs\u00adtages erstellt der Veran\u00adstalter Film- und Fotoauf\u00adnahmen. Mit der Teilnahme wird dem Veran\u00adstalter die Erlaubnis erteilt, diese Aufnahmen im Zusam\u00admen\u00adhang mit der Ausstel\u00adlung f\u00fcr die \u00d6ffent\u00adlich\u00adkeits\u00adar\u00adbeit und die Dokumen\u00adta\u00adtion, analog und digital, zu verwenden.<\/p>\n\n\n\n<p><strong>Druck\u00adfrisch im Haus: Die Publi\u00adka\u00adtion zur Ausstellung<\/strong><\/p>\n\n\n\n<div class=\"wp-block-columns\">\n<div class=\"wp-block-column\" style=\"flex-basis:66.66%\">\n<p>Sichern Sie sich jetzt Ihr Exemplar der Publi\u00adka\u00adtion zur Ausstel\u00adlung f\u00fcr 39 Euro:<em> Oil. Sch\u00f6nheit und Schrecken des Erd\u00f6l\u00adzeit\u00adal\u00adters<\/em>, hg. von Andreas Beitin, Alexander Klose und Benjamin Steininger, Verlag der Buchhand\u00adlung Walther und Franz K\u00f6nig, Gestal\u00adtung Jan Kiess\u00adwetter, deutsche und englische Ausgabe, je ca. 400 Seiten, ca. 450 Abbil\u00addungen, mit einem Vorwort von Andreas Beitin, einer Einlei\u00adtung von Alexander Klose und Benjamin Steininger und Texten von Akintunde Akinleye, Leila Alieva, Dominic Boyer, Jan von Brevern, Heather Davis, Elena Engelbrechter, Christoph Engemann, Timothy Furstnau, Eckhart Gillen, R\u00fcdiger Graf, Helmut H\u00f6ge, Bernhard Hopfen\u00adg\u00e4rtner, Isabel J. Piniella Grillet, Karen Pinkus, Christian Schwarke, Suwarno Wisetro\u00adtomo und Susanne Witzgall<\/p>\n\n\n\n<div class=\"wp-container-1 wp-block-buttons\">\n<div class=\"wp-block-button\"><a class=\"wp-block-button__link\" href=\"https:\/\/shop.kunstmuseum.de\/produkt\/oil-schoenheit-und-schrecken-des-erdoelzeitalters-publikation\/\" target=\"_blank\" rel=\"noreferrer noopener\">Zum Online-Shop<\/a><\/div>\n<\/div>\n<\/div>\n\n\n\n<div class=\"wp-block-column\" style=\"flex-basis:33.33%\">\n<figure class=\"wp-block-image size-large\"><img loading=\"lazy\" width=\"725\" height=\"1024\" src=\"https:\/\/www.kunstmuseum.de\/wp-content\/uploads\/2021\/09\/OilOCoCover-725x1024.jpg\" alt class=\"wp-image-10492\" srcset=\"https:\/\/www.kunstmuseum.de\/wp-content\/uploads\/2021\/09\/OilOCoCover-725x1024.jpg 725w, https:\/\/www.kunstmuseum.de\/wp-content\/uploads\/2021\/09\/OilOCoCover-212x300.jpg 212w, https:\/\/www.kunstmuseum.de\/wp-content\/uploads\/2021\/09\/OilOCoCover-768x1084.jpg 768w, https:\/\/www.kunstmuseum.de\/wp-content\/uploads\/2021\/09\/OilOCoCover-1088x1536.jpg 1088w, https:\/\/www.kunstmuseum.de\/wp-content\/uploads\/2021\/09\/OilOCoCover-1451x2048.jpg 1451w, https:\/\/www.kunstmuseum.de\/wp-content\/uploads\/2021\/09\/OilOCoCover-425x600.jpg 425w, https:\/\/www.kunstmuseum.de\/wp-content\/uploads\/2021\/09\/OilOCoCover-100x141.jpg 100w, https:\/\/www.kunstmuseum.de\/wp-content\/uploads\/2021\/09\/OilOCoCover-300x424.jpg 300w, https:\/\/www.kunstmuseum.de\/wp-content\/uploads\/2021\/09\/OilOCoCover-scaled.jpg 1813w\" sizes=\"(max-width: 725px) 100vw, 725px\"><\/figure>\n<\/div>\n<\/div>\n\n\n\n<p><strong>Mehr Infor\u00adma\u00adtionen im Curatorial<\/strong><\/p>\n\n\n\n<p>Das digitale Curato\u00adrial steht als Guide zur Vertie\u00adfung von Ausstel\u00adlungs\u00adin\u00adhalten zur Verf\u00fcgung. Mit ihm gibt es vielf\u00e4l\u00adtige und tiefer\u00adge\u00adhende M\u00f6glich\u00adkeiten, sich mit dem Ausstel\u00adlungs\u00adthema zu besch\u00e4ftigen.&nbsp;<\/p>\n\n\n\n<div class=\"wp-container-2 wp-block-buttons\">\n<div class=\"wp-block-button\"><a class=\"wp-block-button__link\" href=\"http:\/\/www.kunstmuseum.de\/oil\" target=\"_blank\" rel=\"noreferrer noopener\">Curato\u00adrial zu <em>Oil<\/em><\/a><\/div>\n<\/div>\n","protected":false},"excerpt":{"rendered":"<p>Endlich ist es soweit! Wir er\u00f6ffnen unsere neue gro\u00dfe Hallen\u00adaus\u00adstel\u00adlung! Wir laden Sie herzlich dazu ein, am Er\u00f6ff\u00adnungs\u00adsamstag, 4. September 2021, die aktuellen Ausstel\u00adlungen Oil. Sch\u00f6nheit und Schrecken des Erd\u00f6l\u00adzeit\u00adal\u00adters sowie Mischa Kuball. Referenz\u00adR\u00e4ume bei freiem Eintritt von 11 bis 18 Uhr zu erkunden. Erd\u00f6l \u2013 kein anderer Rohstoff durch\u00addringt so viele Bereiche unseres Lebens:&nbsp;[\u2026]<\/p>\n","protected":false},"author":1,"featured_media":9421,"comment_status":"closed","ping_status":"closed","sticky":false,"template":"","format":"standard","meta":{"wp_typography_post_enhancements_disabled":false,"kunstmuseum_formatted_page_title":"Oil. Sch\u00f6nheit und Schrecken des Erd\u00f6lzeitalters"},"categories":[1],"tags":[479,480],"yoast_head":"<!-- This site is optimized with the Yoast SEO plugin v19.4 - https:\/\/yoast.com\/wordpress\/plugins\/seo\/ -->\n<title>Freier Er\u00f6ffnungssamstag: Oil. Sch\u00f6nheit und Schrecken des Erd\u00f6lzeitalters - Kunstmuseum Wolfsburg<\/title>\n<meta name=\"robots\" content=\"index, follow, max-snippet:-1, max-image-preview:large, max-video-preview:-1\" \/>\n<link rel=\"canonical\" href=\"https:\/\/www.kunstmuseum.de\/en\/2021\/09\/freier-eroeffnungssamstag-oil-schoenheit-und-schrecken-des-erdoelzeitalters\/\" \/>\n<meta property=\"og:locale\" content=\"en_US\" \/>\n<meta property=\"og:type\" content=\"article\" \/>\n<meta property=\"og:title\" content=\"Freier Er\u00f6ffnungssamstag: Oil. Sch\u00f6nheit und Schrecken des Erd\u00f6lzeitalters - Kunstmuseum Wolfsburg\" \/>\n<meta property=\"og:description\" content=\"Endlich ist es soweit! Wir er\u00f6ffnen unsere neue gro\u00dfe Hallen\u00adaus\u00adstel\u00adlung! Wir laden Sie herzlich dazu ein, am Er\u00f6ff\u00adnungs\u00adsamstag, 4. September 2021, die aktuellen Ausstel\u00adlungen Oil. Sch\u00f6nheit und Schrecken des Erd\u00f6l\u00adzeit\u00adal\u00adters sowie Mischa Kuball. Referenz\u00adR\u00e4ume bei freiem Eintritt von 11 bis 18 Uhr zu erkunden. Erd\u00f6l \u2013 kein anderer Rohstoff durch\u00addringt so viele Bereiche unseres Lebens: [&hellip;]\" \/>\n<meta property=\"og:url\" content=\"https:\/\/www.kunstmuseum.de\/en\/2021\/09\/freier-eroeffnungssamstag-oil-schoenheit-und-schrecken-des-erdoelzeitalters\/\" \/>\n<meta property=\"og:site_name\" content=\"Kunstmuseum Wolfsburg\" \/>\n<meta property=\"article:publisher\" content=\"https:\/\/www.facebook.com\/KunstmuseumWolfsburg\" \/>\n<meta property=\"article:published_time\" content=\"2021-09-03T14:18:23+00:00\" \/>\n<meta property=\"article:modified_time\" content=\"2026-01-27T07:13:42+00:00\" \/>\n<meta property=\"og:image\" content=\"https:\/\/www.kunstmuseum.de\/wp-content\/uploads\/2021\/05\/Gerrard-John_JG_WESTERN-FLAG-SPINDLETOP-TEXAS_2017-scaled.jpg\" \/>\n\t<meta property=\"og:image:width\" content=\"2560\" \/>\n\t<meta property=\"og:image:height\" content=\"1863\" \/>\n\t<meta property=\"og:image:type\" content=\"image\/jpeg\" \/>\n<meta name=\"author\" content=\"mscg\" \/>\n<meta name=\"twitter:card\" content=\"summary_large_image\" \/>\n<meta name=\"twitter:creator\" content=\"@kunstmuseumwob\" \/>\n<meta name=\"twitter:site\" content=\"@kunstmuseumwob\" \/>\n<meta name=\"twitter:label1\" content=\"Written by\" \/>\n\t<meta name=\"twitter:data1\" content=\"mscg\" \/>\n<script type=\"application\/ld+json\" class=\"yoast-schema-graph\">{\"@context\":\"https:\/\/schema.org\",\"@graph\":[{\"@type\":\"Organization\",\"@id\":\"https:\/\/www.kunstmuseum.de\/en\/#organization\",\"name\":\"Kunstmuseum Wolfsburg\",\"url\":\"https:\/\/www.kunstmuseum.de\/en\/\",\"sameAs\":[\"https:\/\/www.instagram.com\/kunstmuseumwolfsburg\/\",\"https:\/\/www.linkedin.com\/company\/kunstmuseum-wolfsburg\/\",\"https:\/\/www.youtube.com\/user\/KunstmuseumWolfsburg\",\"https:\/\/de.wikipedia.org\/wiki\/Kunstmuseum_Wolfsburg\",\"https:\/\/www.facebook.com\/KunstmuseumWolfsburg\",\"https:\/\/twitter.com\/kunstmuseumwob\"],\"logo\":{\"@type\":\"ImageObject\",\"inLanguage\":\"en-US\",\"@id\":\"https:\/\/www.kunstmuseum.de\/en\/#\/schema\/logo\/image\/\",\"url\":\"https:\/\/www.kunstmuseum.de\/wp-content\/uploads\/2020\/05\/191125_KMW_Wortmarke_RGB_schwarz.svg\",\"contentUrl\":\"https:\/\/www.kunstmuseum.de\/wp-content\/uploads\/2020\/05\/191125_KMW_Wortmarke_RGB_schwarz.svg\",\"caption\":\"Kunstmuseum Wolfsburg\"},\"image\":{\"@id\":\"https:\/\/www.kunstmuseum.de\/en\/#\/schema\/logo\/image\/\"}},{\"@type\":\"WebSite\",\"@id\":\"https:\/\/www.kunstmuseum.de\/en\/#website\",\"url\":\"https:\/\/www.kunstmuseum.de\/en\/\",\"name\":\"Kunstmuseum Wolfsburg\",\"description\":\"\",\"publisher\":{\"@id\":\"https:\/\/www.kunstmuseum.de\/en\/#organization\"},\"potentialAction\":[{\"@type\":\"SearchAction\",\"target\":{\"@type\":\"EntryPoint\",\"urlTemplate\":\"https:\/\/www.kunstmuseum.de\/en\/?s={search_term_string}\"},\"query-input\":\"required name=search_term_string\"}],\"inLanguage\":\"en-US\"},{\"@type\":\"WebPage\",\"@id\":\"https:\/\/www.kunstmuseum.de\/en\/2021\/09\/freier-eroeffnungssamstag-oil-schoenheit-und-schrecken-des-erdoelzeitalters\/\",\"url\":\"https:\/\/www.kunstmuseum.de\/en\/2021\/09\/freier-eroeffnungssamstag-oil-schoenheit-und-schrecken-des-erdoelzeitalters\/\",\"name\":\"Freier Er\u00f6ffnungssamstag: Oil. Sch\u00f6nheit und Schrecken des Erd\u00f6lzeitalters - Kunstmuseum Wolfsburg\",\"isPartOf\":{\"@id\":\"https:\/\/www.kunstmuseum.de\/en\/#website\"},\"datePublished\":\"2021-09-03T14:18:23+00:00\",\"dateModified\":\"2026-01-27T07:13:42+00:00\",\"breadcrumb\":{\"@id\":\"https:\/\/www.kunstmuseum.de\/en\/2021\/09\/freier-eroeffnungssamstag-oil-schoenheit-und-schrecken-des-erdoelzeitalters\/#breadcrumb\"},\"inLanguage\":\"en-US\",\"potentialAction\":[{\"@type\":\"ReadAction\",\"target\":[\"https:\/\/www.kunstmuseum.de\/en\/2021\/09\/freier-eroeffnungssamstag-oil-schoenheit-und-schrecken-des-erdoelzeitalters\/\"]}]},{\"@type\":\"BreadcrumbList\",\"@id\":\"https:\/\/www.kunstmuseum.de\/en\/2021\/09\/freier-eroeffnungssamstag-oil-schoenheit-und-schrecken-des-erdoelzeitalters\/#breadcrumb\",\"itemListElement\":[{\"@type\":\"ListItem\",\"position\":1,\"name\":\"Startseite\",\"item\":\"https:\/\/www.kunstmuseum.de\/en\/\"},{\"@type\":\"ListItem\",\"position\":2,\"name\":\"Freier Er\u00f6ffnungssamstag: Oil. Sch\u00f6nheit und Schrecken des Erd\u00f6lzeitalters\"}]},{\"@type\":\"Article\",\"@id\":\"https:\/\/www.kunstmuseum.de\/en\/2021\/09\/freier-eroeffnungssamstag-oil-schoenheit-und-schrecken-des-erdoelzeitalters\/#article\",\"isPartOf\":{\"@id\":\"https:\/\/www.kunstmuseum.de\/en\/2021\/09\/freier-eroeffnungssamstag-oil-schoenheit-und-schrecken-des-erdoelzeitalters\/\"},\"author\":{\"name\":\"mscg\",\"@id\":\"https:\/\/www.kunstmuseum.de\/en\/#\/schema\/person\/eeac1e727023a305b1736c7554afb16e\"},\"headline\":\"Freier Er\u00f6ffnungssamstag: Oil. Sch\u00f6nheit und Schrecken des Erd\u00f6lzeitalters\",\"datePublished\":\"2021-09-03T14:18:23+00:00\",\"dateModified\":\"2026-01-27T07:13:42+00:00\",\"mainEntityOfPage\":{\"@id\":\"https:\/\/www.kunstmuseum.de\/en\/2021\/09\/freier-eroeffnungssamstag-oil-schoenheit-und-schrecken-des-erdoelzeitalters\/\"},\"wordCount\":437,\"publisher\":{\"@id\":\"https:\/\/www.kunstmuseum.de\/en\/#organization\"},\"keywords\":[\"Oil\",\"Opening\"],\"articleSection\":[\"Unkategorisiert\"],\"inLanguage\":\"en-US\"},{\"@type\":\"Person\",\"@id\":\"https:\/\/www.kunstmuseum.de\/en\/#\/schema\/person\/eeac1e727023a305b1736c7554afb16e\",\"name\":\"mscg\",\"image\":{\"@type\":\"ImageObject\",\"inLanguage\":\"en-US\",\"@id\":\"https:\/\/www.kunstmuseum.de\/en\/#\/schema\/person\/image\/\",\"url\":\"https:\/\/secure.gravatar.com\/avatar\/ee8f6f256382e007cc5d83e1803883a1?s=96&d=mm&r=g\",\"contentUrl\":\"https:\/\/secure.gravatar.com\/avatar\/ee8f6f256382e007cc5d83e1803883a1?s=96&d=mm&r=g\",\"caption\":\"mscg\"}}]}<\/script>\n<!-- \/ Yoast SEO plugin. -->","yoast_head_json":{"title":"Freier Er\u00f6ffnungssamstag: Oil. Sch\u00f6nheit und Schrecken des Erd\u00f6lzeitalters - Kunstmuseum Wolfsburg","robots":{"index":"index","follow":"follow","max-snippet":"max-snippet:-1","max-image-preview":"max-image-preview:large","max-video-preview":"max-video-preview:-1"},"canonical":"https:\/\/www.kunstmuseum.de\/en\/2021\/09\/freier-eroeffnungssamstag-oil-schoenheit-und-schrecken-des-erdoelzeitalters\/","og_locale":"en_US","og_type":"article","og_title":"Freier Er\u00f6ffnungssamstag: Oil. Sch\u00f6nheit und Schrecken des Erd\u00f6lzeitalters - Kunstmuseum Wolfsburg","og_description":"Endlich ist es soweit! Wir er\u00f6ffnen unsere neue gro\u00dfe Hallen\u00adaus\u00adstel\u00adlung! Wir laden Sie herzlich dazu ein, am Er\u00f6ff\u00adnungs\u00adsamstag, 4. September 2021, die aktuellen Ausstel\u00adlungen Oil. Sch\u00f6nheit und Schrecken des Erd\u00f6l\u00adzeit\u00adal\u00adters sowie Mischa Kuball. Referenz\u00adR\u00e4ume bei freiem Eintritt von 11 bis 18 Uhr zu erkunden. Erd\u00f6l \u2013 kein anderer Rohstoff durch\u00addringt so viele Bereiche unseres Lebens: [&hellip;]","og_url":"https:\/\/www.kunstmuseum.de\/en\/2021\/09\/freier-eroeffnungssamstag-oil-schoenheit-und-schrecken-des-erdoelzeitalters\/","og_site_name":"Kunstmuseum Wolfsburg","article_publisher":"https:\/\/www.facebook.com\/KunstmuseumWolfsburg","article_published_time":"2021-09-03T14:18:23+00:00","article_modified_time":"2026-01-27T07:13:42+00:00","og_image":[{"width":2560,"height":1863,"url":"https:\/\/www.kunstmuseum.de\/wp-content\/uploads\/2021\/05\/Gerrard-John_JG_WESTERN-FLAG-SPINDLETOP-TEXAS_2017-scaled.jpg","type":"image\/jpeg"}],"author":"mscg","twitter_card":"summary_large_image","twitter_creator":"@kunstmuseumwob","twitter_site":"@kunstmuseumwob","twitter_misc":{"Written by":"mscg"},"schema":{"@context":"https:\/\/schema.org","@graph":[{"@type":"Organization","@id":"https:\/\/www.kunstmuseum.de\/en\/#organization","name":"Kunstmuseum Wolfsburg","url":"https:\/\/www.kunstmuseum.de\/en\/","sameAs":["https:\/\/www.instagram.com\/kunstmuseumwolfsburg\/","https:\/\/www.linkedin.com\/company\/kunstmuseum-wolfsburg\/","https:\/\/www.youtube.com\/user\/KunstmuseumWolfsburg","https:\/\/de.wikipedia.org\/wiki\/Kunstmuseum_Wolfsburg","https:\/\/www.facebook.com\/KunstmuseumWolfsburg","https:\/\/twitter.com\/kunstmuseumwob"],"logo":{"@type":"ImageObject","inLanguage":"en-US","@id":"https:\/\/www.kunstmuseum.de\/en\/#\/schema\/logo\/image\/","url":"https:\/\/www.kunstmuseum.de\/wp-content\/uploads\/2020\/05\/191125_KMW_Wortmarke_RGB_schwarz.svg","contentUrl":"https:\/\/www.kunstmuseum.de\/wp-content\/uploads\/2020\/05\/191125_KMW_Wortmarke_RGB_schwarz.svg","caption":"Kunstmuseum Wolfsburg"},"image":{"@id":"https:\/\/www.kunstmuseum.de\/en\/#\/schema\/logo\/image\/"}},{"@type":"WebSite","@id":"https:\/\/www.kunstmuseum.de\/en\/#website","url":"https:\/\/www.kunstmuseum.de\/en\/","name":"Kunstmuseum Wolfsburg","description":"","publisher":{"@id":"https:\/\/www.kunstmuseum.de\/en\/#organization"},"potentialAction":[{"@type":"SearchAction","target":{"@type":"EntryPoint","urlTemplate":"https:\/\/www.kunstmuseum.de\/en\/?s={search_term_string}"},"query-input":"required name=search_term_string"}],"inLanguage":"en-US"},{"@type":"WebPage","@id":"https:\/\/www.kunstmuseum.de\/en\/2021\/09\/freier-eroeffnungssamstag-oil-schoenheit-und-schrecken-des-erdoelzeitalters\/","url":"https:\/\/www.kunstmuseum.de\/en\/2021\/09\/freier-eroeffnungssamstag-oil-schoenheit-und-schrecken-des-erdoelzeitalters\/","name":"Freier Er\u00f6ffnungssamstag: Oil. Sch\u00f6nheit und Schrecken des Erd\u00f6lzeitalters - Kunstmuseum Wolfsburg","isPartOf":{"@id":"https:\/\/www.kunstmuseum.de\/en\/#website"},"datePublished":"2021-09-03T14:18:23+00:00","dateModified":"2026-01-27T07:13:42+00:00","breadcrumb":{"@id":"https:\/\/www.kunstmuseum.de\/en\/2021\/09\/freier-eroeffnungssamstag-oil-schoenheit-und-schrecken-des-erdoelzeitalters\/#breadcrumb"},"inLanguage":"en-US","potentialAction":[{"@type":"ReadAction","target":["https:\/\/www.kunstmuseum.de\/en\/2021\/09\/freier-eroeffnungssamstag-oil-schoenheit-und-schrecken-des-erdoelzeitalters\/"]}]},{"@type":"BreadcrumbList","@id":"https:\/\/www.kunstmuseum.de\/en\/2021\/09\/freier-eroeffnungssamstag-oil-schoenheit-und-schrecken-des-erdoelzeitalters\/#breadcrumb","itemListElement":[{"@type":"ListItem","position":1,"name":"Startseite","item":"https:\/\/www.kunstmuseum.de\/en\/"},{"@type":"ListItem","position":2,"name":"Freier Er\u00f6ffnungssamstag: Oil. Sch\u00f6nheit und Schrecken des Erd\u00f6lzeitalters"}]},{"@type":"Article","@id":"https:\/\/www.kunstmuseum.de\/en\/2021\/09\/freier-eroeffnungssamstag-oil-schoenheit-und-schrecken-des-erdoelzeitalters\/#article","isPartOf":{"@id":"https:\/\/www.kunstmuseum.de\/en\/2021\/09\/freier-eroeffnungssamstag-oil-schoenheit-und-schrecken-des-erdoelzeitalters\/"},"author":{"name":"mscg","@id":"https:\/\/www.kunstmuseum.de\/en\/#\/schema\/person\/eeac1e727023a305b1736c7554afb16e"},"headline":"Freier Er\u00f6ffnungssamstag: Oil. Sch\u00f6nheit und Schrecken des Erd\u00f6lzeitalters","datePublished":"2021-09-03T14:18:23+00:00","dateModified":"2026-01-27T07:13:42+00:00","mainEntityOfPage":{"@id":"https:\/\/www.kunstmuseum.de\/en\/2021\/09\/freier-eroeffnungssamstag-oil-schoenheit-und-schrecken-des-erdoelzeitalters\/"},"wordCount":437,"publisher":{"@id":"https:\/\/www.kunstmuseum.de\/en\/#organization"},"keywords":["Oil","Opening"],"articleSection":["Unkategorisiert"],"inLanguage":"en-US"},{"@type":"Person","@id":"https:\/\/www.kunstmuseum.de\/en\/#\/schema\/person\/eeac1e727023a305b1736c7554afb16e","name":"mscg","image":{"@type":"ImageObject","inLanguage":"en-US","@id":"https:\/\/www.kunstmuseum.de\/en\/#\/schema\/person\/image\/","url":"https:\/\/secure.gravatar.com\/avatar\/ee8f6f256382e007cc5d83e1803883a1?s=96&d=mm&r=g","contentUrl":"https:\/\/secure.gravatar.com\/avatar\/ee8f6f256382e007cc5d83e1803883a1?s=96&d=mm&r=g","caption":"mscg"}}]}},"_links":{"self":[{"href":"https:\/\/www.kunstmuseum.de\/en\/wp-json\/wp\/v2\/posts\/10487"}],"collection":[{"href":"https:\/\/www.kunstmuseum.de\/en\/wp-json\/wp\/v2\/posts"}],"about":[{"href":"https:\/\/www.kunstmuseum.de\/en\/wp-json\/wp\/v2\/types\/post"}],"author":[{"embeddable":true,"href":"https:\/\/www.kunstmuseum.de\/en\/wp-json\/wp\/v2\/users\/1"}],"replies":[{"embeddable":true,"href":"https:\/\/www.kunstmuseum.de\/en\/wp-json\/wp\/v2\/comments?post=10487"}],"version-history":[{"count":4,"href":"https:\/\/www.kunstmuseum.de\/en\/wp-json\/wp\/v2\/posts\/10487\/revisions"}],"predecessor-version":[{"id":10615,"href":"https:\/\/www.kunstmuseum.de\/en\/wp-json\/wp\/v2\/posts\/10487\/revisions\/10615"}],"wp:featuredmedia":[{"embeddable":true,"href":"https:\/\/www.kunstmuseum.de\/en\/wp-json\/wp\/v2\/media\/9421"}],"wp:attachment":[{"href":"https:\/\/www.kunstmuseum.de\/en\/wp-json\/wp\/v2\/media?parent=10487"}],"wp:term":[{"taxonomy":"category","embeddable":true,"href":"https:\/\/www.kunstmuseum.de\/en\/wp-json\/wp\/v2\/categories?post=10487"},{"taxonomy":"post_tag","embeddable":true,"href":"https:\/\/www.kunstmuseum.de\/en\/wp-json\/wp\/v2\/tags?post=10487"}],"curies":[{"name":"wp","href":"https:\/\/api.w.org\/{rel}","templated":true}]}}