{"id":11396,"date":"2021-10-25T12:56:16","date_gmt":"2021-10-25T10:56:16","guid":{"rendered":"https:\/\/www.kunstmuseum.de\/?p=11396"},"modified":"2024-04-26T14:03:32","modified_gmt":"2024-04-26T12:03:32","slug":"volkswagen-art4all-am-27-oktober-wie-veraendert-sich-unsere-mobilitaet","status":"publish","type":"post","link":"https:\/\/www.kunstmuseum.de\/en\/2021\/10\/volkswagen-art4all-am-27-oktober-wie-veraendert-sich-unsere-mobilitaet\/","title":{"rendered":"Volkswagen Art4All im Oktober: Workshop, F\u00fchrungen und ein lebhafter Talk zur Mobilit\u00e4tswende"},"content":{"rendered":"\n<p>Wie bewegen wir uns in Zukunft? Wie ist der Stand in der Techno\u00adlo\u00adgie\u00adent\u00adwick\u00adlung, was sind die Trends, kann es eine Mobilit\u00e4t ohne fossile Brenn\u00adstoffe geben? Wie ist unser eigenes Mobili\u00adt\u00e4ts\u00adver\u00adhalten \u2013 und sind wir \u00fcberhaupt gewillt, daran etwas zu \u00e4ndern? Genau dar\u00fcber haben wir bei Volks\u00adwagen Art4All im Oktober gespro\u00adchen. Denn auch in unserer Ausstel\u00adlung <a href=\"https:\/\/www.kunstmuseum.de\/ausstellung\/oil-schoenheit-und-schrecken-des-erdoelzeitalters\/\"><em>Oil. Sch\u00f6nheit und Schrecken des Erd\u00f6l\u00adzeit\u00adal\u00adters<\/em> <\/a>wurde die Mobili\u00adt\u00e4ts\u00adwende in der archi\u00adtek\u00adto\u00adnisch umgesetzten Mobili\u00adt\u00e4tsachse thematisiert.<\/p>\n\n\n\n<p>F\u00fcr das Gespr\u00e4ch einge\u00adladen haben wir Prof. Dr. Stephan Rammler, Wiss. Direktor des IZT, Instituts f\u00fcr Zukunfts\u00adstu\u00addien und Techno\u00adlo\u00adgie\u00adbe\u00adwer\u00adtung. Er arbeitet in der Mobili\u00adt\u00e4ts- und Zukunfts\u00adfor\u00adschung und forscht zu Verkehrs\u2011, Energie- und Innova\u00adti\u00adons\u00adpo\u00adlitik. Aktuell besch\u00e4f\u00adtigt er sich mit Mobilit\u00e4t und Digita\u00adli\u00adsie\u00adrung, ein Thema, das wir ebenfalls bespro\u00adchen haben: Denn nicht nur aufgrund von E\u2011Mobilit\u00e4t und Sharing Apps ist die Digita\u00adli\u00adsie\u00adrung f\u00fcr die Mobilit\u00e4t relevant: Auch durch \u00c4nderungen anderer Bereiche, die M\u00f6glich\u00adkeiten von Zoom-Meetings bspw. oder Telemedizin,\u00e4ndern sich die Anspr\u00fcche an die Infra\u00adstruktur. Sein Impuls besch\u00e4f\u00adtigte sich mit aktuellen Mobilit\u00e4tstrends.<\/p>\n\n\n<div class=\"wp-block-gallery-slider alignfull \"><div class=\"gallery-slider\">\n\t<div class=\"swiper-container\">\n\t\t<div class=\"swiper-wrapper\">\n\t\t\t\t\t\t<div class=\"swiper-slide\">\n\t\t\t\t<img width=\"900\" height=\"600\" src=\"https:\/\/www.kunstmuseum.de\/wp-content\/uploads\/2021\/10\/211027_KMW_by_Kruszewski_0137-900x600.jpg\" class=\"attachment-exhibition-slider size-exhibition-slider\" alt loading=\"lazy\" srcset=\"https:\/\/www.kunstmuseum.de\/wp-content\/uploads\/2021\/10\/211027_KMW_by_Kruszewski_0137-900x600.jpg 900w, https:\/\/www.kunstmuseum.de\/wp-content\/uploads\/2021\/10\/211027_KMW_by_Kruszewski_0137-300x200.jpg 300w, https:\/\/www.kunstmuseum.de\/wp-content\/uploads\/2021\/10\/211027_KMW_by_Kruszewski_0137-1024x683.jpg 1024w, https:\/\/www.kunstmuseum.de\/wp-content\/uploads\/2021\/10\/211027_KMW_by_Kruszewski_0137-768x512.jpg 768w, https:\/\/www.kunstmuseum.de\/wp-content\/uploads\/2021\/10\/211027_KMW_by_Kruszewski_0137-1536x1025.jpg 1536w, https:\/\/www.kunstmuseum.de\/wp-content\/uploads\/2021\/10\/211027_KMW_by_Kruszewski_0137-2048x1366.jpg 2048w, https:\/\/www.kunstmuseum.de\/wp-content\/uploads\/2021\/10\/211027_KMW_by_Kruszewski_0137-100x67.jpg 100w\" sizes=\"(max-width: 900px) 100vw, 900px\">\t\t\t<\/div>\n\t\t\t\t\t\t<div class=\"swiper-slide\">\n\t\t\t\t<img width=\"900\" height=\"600\" src=\"https:\/\/www.kunstmuseum.de\/wp-content\/uploads\/2021\/10\/211027_KMW_by_Kruszewski_0345-900x600.jpg\" class=\"attachment-exhibition-slider size-exhibition-slider\" alt loading=\"lazy\" srcset=\"https:\/\/www.kunstmuseum.de\/wp-content\/uploads\/2021\/10\/211027_KMW_by_Kruszewski_0345-900x600.jpg 900w, https:\/\/www.kunstmuseum.de\/wp-content\/uploads\/2021\/10\/211027_KMW_by_Kruszewski_0345-300x200.jpg 300w, https:\/\/www.kunstmuseum.de\/wp-content\/uploads\/2021\/10\/211027_KMW_by_Kruszewski_0345-1024x683.jpg 1024w, https:\/\/www.kunstmuseum.de\/wp-content\/uploads\/2021\/10\/211027_KMW_by_Kruszewski_0345-768x512.jpg 768w, https:\/\/www.kunstmuseum.de\/wp-content\/uploads\/2021\/10\/211027_KMW_by_Kruszewski_0345-1536x1025.jpg 1536w, https:\/\/www.kunstmuseum.de\/wp-content\/uploads\/2021\/10\/211027_KMW_by_Kruszewski_0345-2048x1366.jpg 2048w, https:\/\/www.kunstmuseum.de\/wp-content\/uploads\/2021\/10\/211027_KMW_by_Kruszewski_0345-100x67.jpg 100w\" sizes=\"(max-width: 900px) 100vw, 900px\">\t\t\t<\/div>\n\t\t\t\t\t\t<div class=\"swiper-slide\">\n\t\t\t\t<img width=\"400\" height=\"600\" src=\"https:\/\/www.kunstmuseum.de\/wp-content\/uploads\/2021\/10\/211027_KMW_by_Kruszewski_0641-400x600.jpg\" class=\"attachment-exhibition-slider size-exhibition-slider\" alt loading=\"lazy\" srcset=\"https:\/\/www.kunstmuseum.de\/wp-content\/uploads\/2021\/10\/211027_KMW_by_Kruszewski_0641-400x600.jpg 400w, https:\/\/www.kunstmuseum.de\/wp-content\/uploads\/2021\/10\/211027_KMW_by_Kruszewski_0641-200x300.jpg 200w, https:\/\/www.kunstmuseum.de\/wp-content\/uploads\/2021\/10\/211027_KMW_by_Kruszewski_0641-683x1024.jpg 683w, https:\/\/www.kunstmuseum.de\/wp-content\/uploads\/2021\/10\/211027_KMW_by_Kruszewski_0641-768x1152.jpg 768w, https:\/\/www.kunstmuseum.de\/wp-content\/uploads\/2021\/10\/211027_KMW_by_Kruszewski_0641-1024x1536.jpg 1024w, https:\/\/www.kunstmuseum.de\/wp-content\/uploads\/2021\/10\/211027_KMW_by_Kruszewski_0641-1365x2048.jpg 1365w, https:\/\/www.kunstmuseum.de\/wp-content\/uploads\/2021\/10\/211027_KMW_by_Kruszewski_0641-100x150.jpg 100w, https:\/\/www.kunstmuseum.de\/wp-content\/uploads\/2021\/10\/211027_KMW_by_Kruszewski_0641-300x450.jpg 300w, https:\/\/www.kunstmuseum.de\/wp-content\/uploads\/2021\/10\/211027_KMW_by_Kruszewski_0641-scaled.jpg 1707w\" sizes=\"(max-width: 400px) 100vw, 400px\">\t\t\t<\/div>\n\t\t\t\t\t\t<div class=\"swiper-slide\">\n\t\t\t\t<img width=\"900\" height=\"600\" src=\"https:\/\/www.kunstmuseum.de\/wp-content\/uploads\/2021\/10\/211027_KMW_by_Kruszewski_0082-900x600.jpg\" class=\"attachment-exhibition-slider size-exhibition-slider\" alt loading=\"lazy\" srcset=\"https:\/\/www.kunstmuseum.de\/wp-content\/uploads\/2021\/10\/211027_KMW_by_Kruszewski_0082-900x600.jpg 900w, https:\/\/www.kunstmuseum.de\/wp-content\/uploads\/2021\/10\/211027_KMW_by_Kruszewski_0082-300x200.jpg 300w, https:\/\/www.kunstmuseum.de\/wp-content\/uploads\/2021\/10\/211027_KMW_by_Kruszewski_0082-1024x683.jpg 1024w, https:\/\/www.kunstmuseum.de\/wp-content\/uploads\/2021\/10\/211027_KMW_by_Kruszewski_0082-768x512.jpg 768w, https:\/\/www.kunstmuseum.de\/wp-content\/uploads\/2021\/10\/211027_KMW_by_Kruszewski_0082-1536x1025.jpg 1536w, https:\/\/www.kunstmuseum.de\/wp-content\/uploads\/2021\/10\/211027_KMW_by_Kruszewski_0082-2048x1366.jpg 2048w, https:\/\/www.kunstmuseum.de\/wp-content\/uploads\/2021\/10\/211027_KMW_by_Kruszewski_0082-100x67.jpg 100w\" sizes=\"(max-width: 900px) 100vw, 900px\">\t\t\t<\/div>\n\t\t\t\t\t\t<div class=\"swiper-slide\">\n\t\t\t\t<img width=\"900\" height=\"600\" src=\"https:\/\/www.kunstmuseum.de\/wp-content\/uploads\/2021\/10\/211027_KMW_by_Kruszewski_0246-900x600.jpg\" class=\"attachment-exhibition-slider size-exhibition-slider\" alt loading=\"lazy\" srcset=\"https:\/\/www.kunstmuseum.de\/wp-content\/uploads\/2021\/10\/211027_KMW_by_Kruszewski_0246-900x600.jpg 900w, https:\/\/www.kunstmuseum.de\/wp-content\/uploads\/2021\/10\/211027_KMW_by_Kruszewski_0246-300x200.jpg 300w, https:\/\/www.kunstmuseum.de\/wp-content\/uploads\/2021\/10\/211027_KMW_by_Kruszewski_0246-1024x683.jpg 1024w, https:\/\/www.kunstmuseum.de\/wp-content\/uploads\/2021\/10\/211027_KMW_by_Kruszewski_0246-768x512.jpg 768w, https:\/\/www.kunstmuseum.de\/wp-content\/uploads\/2021\/10\/211027_KMW_by_Kruszewski_0246-1536x1025.jpg 1536w, https:\/\/www.kunstmuseum.de\/wp-content\/uploads\/2021\/10\/211027_KMW_by_Kruszewski_0246-2048x1366.jpg 2048w, https:\/\/www.kunstmuseum.de\/wp-content\/uploads\/2021\/10\/211027_KMW_by_Kruszewski_0246-100x67.jpg 100w\" sizes=\"(max-width: 900px) 100vw, 900px\">\t\t\t<\/div>\n\t\t\t\t\t\t<div class=\"swiper-slide\">\n\t\t\t\t<img width=\"400\" height=\"600\" src=\"https:\/\/www.kunstmuseum.de\/wp-content\/uploads\/2021\/10\/211027_KMW_by_Kruszewski_0386-400x600.jpg\" class=\"attachment-exhibition-slider size-exhibition-slider\" alt loading=\"lazy\" srcset=\"https:\/\/www.kunstmuseum.de\/wp-content\/uploads\/2021\/10\/211027_KMW_by_Kruszewski_0386-400x600.jpg 400w, https:\/\/www.kunstmuseum.de\/wp-content\/uploads\/2021\/10\/211027_KMW_by_Kruszewski_0386-200x300.jpg 200w, https:\/\/www.kunstmuseum.de\/wp-content\/uploads\/2021\/10\/211027_KMW_by_Kruszewski_0386-683x1024.jpg 683w, https:\/\/www.kunstmuseum.de\/wp-content\/uploads\/2021\/10\/211027_KMW_by_Kruszewski_0386-768x1152.jpg 768w, https:\/\/www.kunstmuseum.de\/wp-content\/uploads\/2021\/10\/211027_KMW_by_Kruszewski_0386-1024x1536.jpg 1024w, https:\/\/www.kunstmuseum.de\/wp-content\/uploads\/2021\/10\/211027_KMW_by_Kruszewski_0386-1365x2048.jpg 1365w, https:\/\/www.kunstmuseum.de\/wp-content\/uploads\/2021\/10\/211027_KMW_by_Kruszewski_0386-100x150.jpg 100w, https:\/\/www.kunstmuseum.de\/wp-content\/uploads\/2021\/10\/211027_KMW_by_Kruszewski_0386-300x450.jpg 300w, https:\/\/www.kunstmuseum.de\/wp-content\/uploads\/2021\/10\/211027_KMW_by_Kruszewski_0386-scaled.jpg 1707w\" sizes=\"(max-width: 400px) 100vw, 400px\">\t\t\t<\/div>\n\t\t\t\t\t\t<div class=\"swiper-slide\">\n\t\t\t\t<img width=\"400\" height=\"600\" src=\"https:\/\/www.kunstmuseum.de\/wp-content\/uploads\/2021\/10\/211027_KMW_by_Kruszewski_0713-400x600.jpg\" class=\"attachment-exhibition-slider size-exhibition-slider\" alt loading=\"lazy\" srcset=\"https:\/\/www.kunstmuseum.de\/wp-content\/uploads\/2021\/10\/211027_KMW_by_Kruszewski_0713-400x600.jpg 400w, https:\/\/www.kunstmuseum.de\/wp-content\/uploads\/2021\/10\/211027_KMW_by_Kruszewski_0713-200x300.jpg 200w, https:\/\/www.kunstmuseum.de\/wp-content\/uploads\/2021\/10\/211027_KMW_by_Kruszewski_0713-683x1024.jpg 683w, https:\/\/www.kunstmuseum.de\/wp-content\/uploads\/2021\/10\/211027_KMW_by_Kruszewski_0713-768x1151.jpg 768w, https:\/\/www.kunstmuseum.de\/wp-content\/uploads\/2021\/10\/211027_KMW_by_Kruszewski_0713-1025x1536.jpg 1025w, https:\/\/www.kunstmuseum.de\/wp-content\/uploads\/2021\/10\/211027_KMW_by_Kruszewski_0713-1366x2048.jpg 1366w, https:\/\/www.kunstmuseum.de\/wp-content\/uploads\/2021\/10\/211027_KMW_by_Kruszewski_0713-100x150.jpg 100w, https:\/\/www.kunstmuseum.de\/wp-content\/uploads\/2021\/10\/211027_KMW_by_Kruszewski_0713-300x450.jpg 300w, https:\/\/www.kunstmuseum.de\/wp-content\/uploads\/2021\/10\/211027_KMW_by_Kruszewski_0713-scaled.jpg 1708w\" sizes=\"(max-width: 400px) 100vw, 400px\">\t\t\t<\/div>\n\t\t\t\t\t\t<div class=\"swiper-slide\">\n\t\t\t\t<img width=\"400\" height=\"600\" src=\"https:\/\/www.kunstmuseum.de\/wp-content\/uploads\/2021\/10\/211027_KMW_by_Kruszewski_0132-400x600.jpg\" class=\"attachment-exhibition-slider size-exhibition-slider\" alt loading=\"lazy\" srcset=\"https:\/\/www.kunstmuseum.de\/wp-content\/uploads\/2021\/10\/211027_KMW_by_Kruszewski_0132-400x600.jpg 400w, https:\/\/www.kunstmuseum.de\/wp-content\/uploads\/2021\/10\/211027_KMW_by_Kruszewski_0132-200x300.jpg 200w, https:\/\/www.kunstmuseum.de\/wp-content\/uploads\/2021\/10\/211027_KMW_by_Kruszewski_0132-683x1024.jpg 683w, https:\/\/www.kunstmuseum.de\/wp-content\/uploads\/2021\/10\/211027_KMW_by_Kruszewski_0132-768x1151.jpg 768w, https:\/\/www.kunstmuseum.de\/wp-content\/uploads\/2021\/10\/211027_KMW_by_Kruszewski_0132-1025x1536.jpg 1025w, https:\/\/www.kunstmuseum.de\/wp-content\/uploads\/2021\/10\/211027_KMW_by_Kruszewski_0132-1366x2048.jpg 1366w, https:\/\/www.kunstmuseum.de\/wp-content\/uploads\/2021\/10\/211027_KMW_by_Kruszewski_0132-100x150.jpg 100w, https:\/\/www.kunstmuseum.de\/wp-content\/uploads\/2021\/10\/211027_KMW_by_Kruszewski_0132-300x450.jpg 300w, https:\/\/www.kunstmuseum.de\/wp-content\/uploads\/2021\/10\/211027_KMW_by_Kruszewski_0132-scaled.jpg 1708w\" sizes=\"(max-width: 400px) 100vw, 400px\">\t\t\t<\/div>\n\t\t\t\t\t\t<div class=\"swiper-slide\">\n\t\t\t\t<img width=\"900\" height=\"600\" src=\"https:\/\/www.kunstmuseum.de\/wp-content\/uploads\/2021\/10\/211027_KMW_by_Kruszewski_0089-900x600.jpg\" class=\"attachment-exhibition-slider size-exhibition-slider\" alt loading=\"lazy\" srcset=\"https:\/\/www.kunstmuseum.de\/wp-content\/uploads\/2021\/10\/211027_KMW_by_Kruszewski_0089-900x600.jpg 900w, https:\/\/www.kunstmuseum.de\/wp-content\/uploads\/2021\/10\/211027_KMW_by_Kruszewski_0089-300x200.jpg 300w, https:\/\/www.kunstmuseum.de\/wp-content\/uploads\/2021\/10\/211027_KMW_by_Kruszewski_0089-1024x683.jpg 1024w, https:\/\/www.kunstmuseum.de\/wp-content\/uploads\/2021\/10\/211027_KMW_by_Kruszewski_0089-768x512.jpg 768w, https:\/\/www.kunstmuseum.de\/wp-content\/uploads\/2021\/10\/211027_KMW_by_Kruszewski_0089-1536x1025.jpg 1536w, https:\/\/www.kunstmuseum.de\/wp-content\/uploads\/2021\/10\/211027_KMW_by_Kruszewski_0089-2048x1366.jpg 2048w, https:\/\/www.kunstmuseum.de\/wp-content\/uploads\/2021\/10\/211027_KMW_by_Kruszewski_0089-100x67.jpg 100w\" sizes=\"(max-width: 900px) 100vw, 900px\">\t\t\t<\/div>\n\t\t\t\t\t\t<div class=\"swiper-slide\">\n\t\t\t\t<img width=\"900\" height=\"600\" src=\"https:\/\/www.kunstmuseum.de\/wp-content\/uploads\/2021\/10\/211027_KMW_by_Kruszewski_0199-900x600.jpg\" class=\"attachment-exhibition-slider size-exhibition-slider\" alt loading=\"lazy\" srcset=\"https:\/\/www.kunstmuseum.de\/wp-content\/uploads\/2021\/10\/211027_KMW_by_Kruszewski_0199-900x600.jpg 900w, https:\/\/www.kunstmuseum.de\/wp-content\/uploads\/2021\/10\/211027_KMW_by_Kruszewski_0199-300x200.jpg 300w, https:\/\/www.kunstmuseum.de\/wp-content\/uploads\/2021\/10\/211027_KMW_by_Kruszewski_0199-1024x683.jpg 1024w, https:\/\/www.kunstmuseum.de\/wp-content\/uploads\/2021\/10\/211027_KMW_by_Kruszewski_0199-768x512.jpg 768w, https:\/\/www.kunstmuseum.de\/wp-content\/uploads\/2021\/10\/211027_KMW_by_Kruszewski_0199-1536x1025.jpg 1536w, https:\/\/www.kunstmuseum.de\/wp-content\/uploads\/2021\/10\/211027_KMW_by_Kruszewski_0199-2048x1366.jpg 2048w, https:\/\/www.kunstmuseum.de\/wp-content\/uploads\/2021\/10\/211027_KMW_by_Kruszewski_0199-100x67.jpg 100w\" sizes=\"(max-width: 900px) 100vw, 900px\">\t\t\t<\/div>\n\t\t\t\t\t\t<div class=\"swiper-slide\">\n\t\t\t\t<img width=\"900\" height=\"600\" src=\"https:\/\/www.kunstmuseum.de\/wp-content\/uploads\/2021\/10\/211027_KMW_by_Kruszewski_0047-900x600.jpg\" class=\"attachment-exhibition-slider size-exhibition-slider\" alt loading=\"lazy\" srcset=\"https:\/\/www.kunstmuseum.de\/wp-content\/uploads\/2021\/10\/211027_KMW_by_Kruszewski_0047-900x600.jpg 900w, https:\/\/www.kunstmuseum.de\/wp-content\/uploads\/2021\/10\/211027_KMW_by_Kruszewski_0047-300x200.jpg 300w, https:\/\/www.kunstmuseum.de\/wp-content\/uploads\/2021\/10\/211027_KMW_by_Kruszewski_0047-1024x683.jpg 1024w, https:\/\/www.kunstmuseum.de\/wp-content\/uploads\/2021\/10\/211027_KMW_by_Kruszewski_0047-768x512.jpg 768w, https:\/\/www.kunstmuseum.de\/wp-content\/uploads\/2021\/10\/211027_KMW_by_Kruszewski_0047-1536x1025.jpg 1536w, https:\/\/www.kunstmuseum.de\/wp-content\/uploads\/2021\/10\/211027_KMW_by_Kruszewski_0047-2048x1366.jpg 2048w, https:\/\/www.kunstmuseum.de\/wp-content\/uploads\/2021\/10\/211027_KMW_by_Kruszewski_0047-100x67.jpg 100w\" sizes=\"(max-width: 900px) 100vw, 900px\">\t\t\t<\/div>\n\t\t\t\t\t<\/div>\n\t<\/div>\n\t<button class=\"button-arrow open-credits-overlay\">\n\t\t<svg viewBox=\"0 0 14 14\">\n\t\t\t<path d=\"M5.977,13.852H16.608l-4.9,4.9,1.269,1.225,7-7-7-7L11.752,7.2l4.856,4.9H5.977Z\" transform=\"translate(-5.977 -5.977)\" \/>\n\t\t<\/svg>\n\t\tCredits\t<\/button>\n\t<div class=\"credits-overlay\" role=\"dialog\">\n\t\t<h3 class=\"h1\">Credits<\/h3>\n\t\t<div class=\"credits-list\">\n\t\t\t\t\t\t<div class=\"credit-item\">\n\t\t\t\t<img width=\"100\" height=\"67\" src=\"https:\/\/www.kunstmuseum.de\/wp-content\/uploads\/2021\/10\/211027_KMW_by_Kruszewski_0137-100x67.jpg\" class=\"attachment-credits-thumbnail size-credits-thumbnail\" alt loading=\"lazy\" srcset=\"https:\/\/www.kunstmuseum.de\/wp-content\/uploads\/2021\/10\/211027_KMW_by_Kruszewski_0137-100x67.jpg 100w, https:\/\/www.kunstmuseum.de\/wp-content\/uploads\/2021\/10\/211027_KMW_by_Kruszewski_0137-300x200.jpg 300w, https:\/\/www.kunstmuseum.de\/wp-content\/uploads\/2021\/10\/211027_KMW_by_Kruszewski_0137-1024x683.jpg 1024w, https:\/\/www.kunstmuseum.de\/wp-content\/uploads\/2021\/10\/211027_KMW_by_Kruszewski_0137-768x512.jpg 768w, https:\/\/www.kunstmuseum.de\/wp-content\/uploads\/2021\/10\/211027_KMW_by_Kruszewski_0137-1536x1025.jpg 1536w, https:\/\/www.kunstmuseum.de\/wp-content\/uploads\/2021\/10\/211027_KMW_by_Kruszewski_0137-2048x1366.jpg 2048w, https:\/\/www.kunstmuseum.de\/wp-content\/uploads\/2021\/10\/211027_KMW_by_Kruszewski_0137-900x600.jpg 900w\" sizes=\"(max-width: 100px) 100vw, 100px\">\t\t\t\t\t\t\t<\/div>\n\t\t\t\t\t\t<div class=\"credit-item\">\n\t\t\t\t<img width=\"100\" height=\"67\" src=\"https:\/\/www.kunstmuseum.de\/wp-content\/uploads\/2021\/10\/211027_KMW_by_Kruszewski_0345-100x67.jpg\" class=\"attachment-credits-thumbnail size-credits-thumbnail\" alt loading=\"lazy\" srcset=\"https:\/\/www.kunstmuseum.de\/wp-content\/uploads\/2021\/10\/211027_KMW_by_Kruszewski_0345-100x67.jpg 100w, https:\/\/www.kunstmuseum.de\/wp-content\/uploads\/2021\/10\/211027_KMW_by_Kruszewski_0345-300x200.jpg 300w, https:\/\/www.kunstmuseum.de\/wp-content\/uploads\/2021\/10\/211027_KMW_by_Kruszewski_0345-1024x683.jpg 1024w, https:\/\/www.kunstmuseum.de\/wp-content\/uploads\/2021\/10\/211027_KMW_by_Kruszewski_0345-768x512.jpg 768w, https:\/\/www.kunstmuseum.de\/wp-content\/uploads\/2021\/10\/211027_KMW_by_Kruszewski_0345-1536x1025.jpg 1536w, https:\/\/www.kunstmuseum.de\/wp-content\/uploads\/2021\/10\/211027_KMW_by_Kruszewski_0345-2048x1366.jpg 2048w, https:\/\/www.kunstmuseum.de\/wp-content\/uploads\/2021\/10\/211027_KMW_by_Kruszewski_0345-900x600.jpg 900w\" sizes=\"(max-width: 100px) 100vw, 100px\">\t\t\t\t<p>Talk zu Volks\u00adwagen Art4All: Dr. Andreas Beitin, Prof. Dr. Stephan Rammler, Siegfried Knecht und Dr. Katharina Derlin. Foto: Marek Kruszewski<\/p>\n\t\t\t<\/div>\n\t\t\t\t\t\t<div class=\"credit-item\">\n\t\t\t\t<img width=\"100\" height=\"150\" src=\"https:\/\/www.kunstmuseum.de\/wp-content\/uploads\/2021\/10\/211027_KMW_by_Kruszewski_0641-100x150.jpg\" class=\"attachment-credits-thumbnail size-credits-thumbnail\" alt loading=\"lazy\" srcset=\"https:\/\/www.kunstmuseum.de\/wp-content\/uploads\/2021\/10\/211027_KMW_by_Kruszewski_0641-100x150.jpg 100w, https:\/\/www.kunstmuseum.de\/wp-content\/uploads\/2021\/10\/211027_KMW_by_Kruszewski_0641-200x300.jpg 200w, https:\/\/www.kunstmuseum.de\/wp-content\/uploads\/2021\/10\/211027_KMW_by_Kruszewski_0641-683x1024.jpg 683w, https:\/\/www.kunstmuseum.de\/wp-content\/uploads\/2021\/10\/211027_KMW_by_Kruszewski_0641-768x1152.jpg 768w, https:\/\/www.kunstmuseum.de\/wp-content\/uploads\/2021\/10\/211027_KMW_by_Kruszewski_0641-1024x1536.jpg 1024w, https:\/\/www.kunstmuseum.de\/wp-content\/uploads\/2021\/10\/211027_KMW_by_Kruszewski_0641-1365x2048.jpg 1365w, https:\/\/www.kunstmuseum.de\/wp-content\/uploads\/2021\/10\/211027_KMW_by_Kruszewski_0641-400x600.jpg 400w, https:\/\/www.kunstmuseum.de\/wp-content\/uploads\/2021\/10\/211027_KMW_by_Kruszewski_0641-300x450.jpg 300w, https:\/\/www.kunstmuseum.de\/wp-content\/uploads\/2021\/10\/211027_KMW_by_Kruszewski_0641-scaled.jpg 1707w\" sizes=\"(max-width: 100px) 100vw, 100px\">\t\t\t\t<p>Siegfried Knecht von Airbus Deutsch\u00adland bei Volks\u00adwagen Art4All. Foto: Marek Kruszewski<\/p>\n\t\t\t<\/div>\n\t\t\t\t\t\t<div class=\"credit-item\">\n\t\t\t\t<img width=\"100\" height=\"67\" src=\"https:\/\/www.kunstmuseum.de\/wp-content\/uploads\/2021\/10\/211027_KMW_by_Kruszewski_0082-100x67.jpg\" class=\"attachment-credits-thumbnail size-credits-thumbnail\" alt loading=\"lazy\" srcset=\"https:\/\/www.kunstmuseum.de\/wp-content\/uploads\/2021\/10\/211027_KMW_by_Kruszewski_0082-100x67.jpg 100w, https:\/\/www.kunstmuseum.de\/wp-content\/uploads\/2021\/10\/211027_KMW_by_Kruszewski_0082-300x200.jpg 300w, https:\/\/www.kunstmuseum.de\/wp-content\/uploads\/2021\/10\/211027_KMW_by_Kruszewski_0082-1024x683.jpg 1024w, https:\/\/www.kunstmuseum.de\/wp-content\/uploads\/2021\/10\/211027_KMW_by_Kruszewski_0082-768x512.jpg 768w, https:\/\/www.kunstmuseum.de\/wp-content\/uploads\/2021\/10\/211027_KMW_by_Kruszewski_0082-1536x1025.jpg 1536w, https:\/\/www.kunstmuseum.de\/wp-content\/uploads\/2021\/10\/211027_KMW_by_Kruszewski_0082-2048x1366.jpg 2048w, https:\/\/www.kunstmuseum.de\/wp-content\/uploads\/2021\/10\/211027_KMW_by_Kruszewski_0082-900x600.jpg 900w\" sizes=\"(max-width: 100px) 100vw, 100px\">\t\t\t\t<p>Volks\u00adwagen Art4All. Foto: Marek Kruszewski<\/p>\n\t\t\t<\/div>\n\t\t\t\t\t\t<div class=\"credit-item\">\n\t\t\t\t<img width=\"100\" height=\"67\" src=\"https:\/\/www.kunstmuseum.de\/wp-content\/uploads\/2021\/10\/211027_KMW_by_Kruszewski_0246-100x67.jpg\" class=\"attachment-credits-thumbnail size-credits-thumbnail\" alt loading=\"lazy\" srcset=\"https:\/\/www.kunstmuseum.de\/wp-content\/uploads\/2021\/10\/211027_KMW_by_Kruszewski_0246-100x67.jpg 100w, https:\/\/www.kunstmuseum.de\/wp-content\/uploads\/2021\/10\/211027_KMW_by_Kruszewski_0246-300x200.jpg 300w, https:\/\/www.kunstmuseum.de\/wp-content\/uploads\/2021\/10\/211027_KMW_by_Kruszewski_0246-1024x683.jpg 1024w, https:\/\/www.kunstmuseum.de\/wp-content\/uploads\/2021\/10\/211027_KMW_by_Kruszewski_0246-768x512.jpg 768w, https:\/\/www.kunstmuseum.de\/wp-content\/uploads\/2021\/10\/211027_KMW_by_Kruszewski_0246-1536x1025.jpg 1536w, https:\/\/www.kunstmuseum.de\/wp-content\/uploads\/2021\/10\/211027_KMW_by_Kruszewski_0246-2048x1366.jpg 2048w, https:\/\/www.kunstmuseum.de\/wp-content\/uploads\/2021\/10\/211027_KMW_by_Kruszewski_0246-900x600.jpg 900w\" sizes=\"(max-width: 100px) 100vw, 100px\">\t\t\t\t<p>Talk zu Volks\u00adwagen Art4All: Dr. Andreas Beitin, Prof. Dr. Stephan Rammler, Siegfried Knecht und Dr. Katharina Derlin. Foto: Marek Kruszewski<\/p>\n\t\t\t<\/div>\n\t\t\t\t\t\t<div class=\"credit-item\">\n\t\t\t\t<img width=\"100\" height=\"150\" src=\"https:\/\/www.kunstmuseum.de\/wp-content\/uploads\/2021\/10\/211027_KMW_by_Kruszewski_0386-100x150.jpg\" class=\"attachment-credits-thumbnail size-credits-thumbnail\" alt loading=\"lazy\" srcset=\"https:\/\/www.kunstmuseum.de\/wp-content\/uploads\/2021\/10\/211027_KMW_by_Kruszewski_0386-100x150.jpg 100w, https:\/\/www.kunstmuseum.de\/wp-content\/uploads\/2021\/10\/211027_KMW_by_Kruszewski_0386-200x300.jpg 200w, https:\/\/www.kunstmuseum.de\/wp-content\/uploads\/2021\/10\/211027_KMW_by_Kruszewski_0386-683x1024.jpg 683w, https:\/\/www.kunstmuseum.de\/wp-content\/uploads\/2021\/10\/211027_KMW_by_Kruszewski_0386-768x1152.jpg 768w, https:\/\/www.kunstmuseum.de\/wp-content\/uploads\/2021\/10\/211027_KMW_by_Kruszewski_0386-1024x1536.jpg 1024w, https:\/\/www.kunstmuseum.de\/wp-content\/uploads\/2021\/10\/211027_KMW_by_Kruszewski_0386-1365x2048.jpg 1365w, https:\/\/www.kunstmuseum.de\/wp-content\/uploads\/2021\/10\/211027_KMW_by_Kruszewski_0386-400x600.jpg 400w, https:\/\/www.kunstmuseum.de\/wp-content\/uploads\/2021\/10\/211027_KMW_by_Kruszewski_0386-300x450.jpg 300w, https:\/\/www.kunstmuseum.de\/wp-content\/uploads\/2021\/10\/211027_KMW_by_Kruszewski_0386-scaled.jpg 1707w\" sizes=\"(max-width: 100px) 100vw, 100px\">\t\t\t\t<p>Prof. Dr. Stephan Rammler bei Volks\u00adwagen Art4All. Foto: Marek Kruszewski<\/p>\n\t\t\t<\/div>\n\t\t\t\t\t\t<div class=\"credit-item\">\n\t\t\t\t<img width=\"100\" height=\"150\" src=\"https:\/\/www.kunstmuseum.de\/wp-content\/uploads\/2021\/10\/211027_KMW_by_Kruszewski_0713-100x150.jpg\" class=\"attachment-credits-thumbnail size-credits-thumbnail\" alt loading=\"lazy\" srcset=\"https:\/\/www.kunstmuseum.de\/wp-content\/uploads\/2021\/10\/211027_KMW_by_Kruszewski_0713-100x150.jpg 100w, https:\/\/www.kunstmuseum.de\/wp-content\/uploads\/2021\/10\/211027_KMW_by_Kruszewski_0713-200x300.jpg 200w, https:\/\/www.kunstmuseum.de\/wp-content\/uploads\/2021\/10\/211027_KMW_by_Kruszewski_0713-683x1024.jpg 683w, https:\/\/www.kunstmuseum.de\/wp-content\/uploads\/2021\/10\/211027_KMW_by_Kruszewski_0713-768x1151.jpg 768w, https:\/\/www.kunstmuseum.de\/wp-content\/uploads\/2021\/10\/211027_KMW_by_Kruszewski_0713-1025x1536.jpg 1025w, https:\/\/www.kunstmuseum.de\/wp-content\/uploads\/2021\/10\/211027_KMW_by_Kruszewski_0713-1366x2048.jpg 1366w, https:\/\/www.kunstmuseum.de\/wp-content\/uploads\/2021\/10\/211027_KMW_by_Kruszewski_0713-400x600.jpg 400w, https:\/\/www.kunstmuseum.de\/wp-content\/uploads\/2021\/10\/211027_KMW_by_Kruszewski_0713-300x450.jpg 300w, https:\/\/www.kunstmuseum.de\/wp-content\/uploads\/2021\/10\/211027_KMW_by_Kruszewski_0713-scaled.jpg 1708w\" sizes=\"(max-width: 100px) 100vw, 100px\">\t\t\t\t<p>Prof. Stephan Rammler, Siegfried Knecht und Dr. Katharina Derlin bei Volks\u00adwagen Art4All. Foto: Marek Kruszewski<\/p>\n\t\t\t<\/div>\n\t\t\t\t\t\t<div class=\"credit-item\">\n\t\t\t\t<img width=\"100\" height=\"150\" src=\"https:\/\/www.kunstmuseum.de\/wp-content\/uploads\/2021\/10\/211027_KMW_by_Kruszewski_0132-100x150.jpg\" class=\"attachment-credits-thumbnail size-credits-thumbnail\" alt loading=\"lazy\" srcset=\"https:\/\/www.kunstmuseum.de\/wp-content\/uploads\/2021\/10\/211027_KMW_by_Kruszewski_0132-100x150.jpg 100w, https:\/\/www.kunstmuseum.de\/wp-content\/uploads\/2021\/10\/211027_KMW_by_Kruszewski_0132-200x300.jpg 200w, https:\/\/www.kunstmuseum.de\/wp-content\/uploads\/2021\/10\/211027_KMW_by_Kruszewski_0132-683x1024.jpg 683w, https:\/\/www.kunstmuseum.de\/wp-content\/uploads\/2021\/10\/211027_KMW_by_Kruszewski_0132-768x1151.jpg 768w, https:\/\/www.kunstmuseum.de\/wp-content\/uploads\/2021\/10\/211027_KMW_by_Kruszewski_0132-1025x1536.jpg 1025w, https:\/\/www.kunstmuseum.de\/wp-content\/uploads\/2021\/10\/211027_KMW_by_Kruszewski_0132-1366x2048.jpg 1366w, https:\/\/www.kunstmuseum.de\/wp-content\/uploads\/2021\/10\/211027_KMW_by_Kruszewski_0132-400x600.jpg 400w, https:\/\/www.kunstmuseum.de\/wp-content\/uploads\/2021\/10\/211027_KMW_by_Kruszewski_0132-300x450.jpg 300w, https:\/\/www.kunstmuseum.de\/wp-content\/uploads\/2021\/10\/211027_KMW_by_Kruszewski_0132-scaled.jpg 1708w\" sizes=\"(max-width: 100px) 100vw, 100px\">\t\t\t\t<p>Bei Volks\u00adwagen Art4All gibt es auch Workshops f\u00fcr die Kleinen. Foto: Marek Kruszewski<\/p>\n\t\t\t<\/div>\n\t\t\t\t\t\t<div class=\"credit-item\">\n\t\t\t\t<img width=\"100\" height=\"67\" src=\"https:\/\/www.kunstmuseum.de\/wp-content\/uploads\/2021\/10\/211027_KMW_by_Kruszewski_0089-100x67.jpg\" class=\"attachment-credits-thumbnail size-credits-thumbnail\" alt loading=\"lazy\" srcset=\"https:\/\/www.kunstmuseum.de\/wp-content\/uploads\/2021\/10\/211027_KMW_by_Kruszewski_0089-100x67.jpg 100w, https:\/\/www.kunstmuseum.de\/wp-content\/uploads\/2021\/10\/211027_KMW_by_Kruszewski_0089-300x200.jpg 300w, https:\/\/www.kunstmuseum.de\/wp-content\/uploads\/2021\/10\/211027_KMW_by_Kruszewski_0089-1024x683.jpg 1024w, https:\/\/www.kunstmuseum.de\/wp-content\/uploads\/2021\/10\/211027_KMW_by_Kruszewski_0089-768x512.jpg 768w, https:\/\/www.kunstmuseum.de\/wp-content\/uploads\/2021\/10\/211027_KMW_by_Kruszewski_0089-1536x1025.jpg 1536w, https:\/\/www.kunstmuseum.de\/wp-content\/uploads\/2021\/10\/211027_KMW_by_Kruszewski_0089-2048x1366.jpg 2048w, https:\/\/www.kunstmuseum.de\/wp-content\/uploads\/2021\/10\/211027_KMW_by_Kruszewski_0089-900x600.jpg 900w\" sizes=\"(max-width: 100px) 100vw, 100px\">\t\t\t\t<p>Volks\u00adwagen Art4All. Foto: Marek Kruszewski<\/p>\n\t\t\t<\/div>\n\t\t\t\t\t\t<div class=\"credit-item\">\n\t\t\t\t<img width=\"100\" height=\"67\" src=\"https:\/\/www.kunstmuseum.de\/wp-content\/uploads\/2021\/10\/211027_KMW_by_Kruszewski_0199-100x67.jpg\" class=\"attachment-credits-thumbnail size-credits-thumbnail\" alt loading=\"lazy\" srcset=\"https:\/\/www.kunstmuseum.de\/wp-content\/uploads\/2021\/10\/211027_KMW_by_Kruszewski_0199-100x67.jpg 100w, https:\/\/www.kunstmuseum.de\/wp-content\/uploads\/2021\/10\/211027_KMW_by_Kruszewski_0199-300x200.jpg 300w, https:\/\/www.kunstmuseum.de\/wp-content\/uploads\/2021\/10\/211027_KMW_by_Kruszewski_0199-1024x683.jpg 1024w, https:\/\/www.kunstmuseum.de\/wp-content\/uploads\/2021\/10\/211027_KMW_by_Kruszewski_0199-768x512.jpg 768w, https:\/\/www.kunstmuseum.de\/wp-content\/uploads\/2021\/10\/211027_KMW_by_Kruszewski_0199-1536x1025.jpg 1536w, https:\/\/www.kunstmuseum.de\/wp-content\/uploads\/2021\/10\/211027_KMW_by_Kruszewski_0199-2048x1366.jpg 2048w, https:\/\/www.kunstmuseum.de\/wp-content\/uploads\/2021\/10\/211027_KMW_by_Kruszewski_0199-900x600.jpg 900w\" sizes=\"(max-width: 100px) 100vw, 100px\">\t\t\t\t<p>Volks\u00adwagen Art4All. Foto: Marek Kruszewski<\/p>\n\t\t\t<\/div>\n\t\t\t\t\t\t<div class=\"credit-item\">\n\t\t\t\t<img width=\"100\" height=\"67\" src=\"https:\/\/www.kunstmuseum.de\/wp-content\/uploads\/2021\/10\/211027_KMW_by_Kruszewski_0047-100x67.jpg\" class=\"attachment-credits-thumbnail size-credits-thumbnail\" alt loading=\"lazy\" srcset=\"https:\/\/www.kunstmuseum.de\/wp-content\/uploads\/2021\/10\/211027_KMW_by_Kruszewski_0047-100x67.jpg 100w, https:\/\/www.kunstmuseum.de\/wp-content\/uploads\/2021\/10\/211027_KMW_by_Kruszewski_0047-300x200.jpg 300w, https:\/\/www.kunstmuseum.de\/wp-content\/uploads\/2021\/10\/211027_KMW_by_Kruszewski_0047-1024x683.jpg 1024w, https:\/\/www.kunstmuseum.de\/wp-content\/uploads\/2021\/10\/211027_KMW_by_Kruszewski_0047-768x512.jpg 768w, https:\/\/www.kunstmuseum.de\/wp-content\/uploads\/2021\/10\/211027_KMW_by_Kruszewski_0047-1536x1025.jpg 1536w, https:\/\/www.kunstmuseum.de\/wp-content\/uploads\/2021\/10\/211027_KMW_by_Kruszewski_0047-2048x1366.jpg 2048w, https:\/\/www.kunstmuseum.de\/wp-content\/uploads\/2021\/10\/211027_KMW_by_Kruszewski_0047-900x600.jpg 900w\" sizes=\"(max-width: 100px) 100vw, 100px\">\t\t\t\t<p>Volks\u00adwagen Art4All. Foto: Marek Kruszewski<\/p>\n\t\t\t<\/div>\n\t\t\t\t\t<\/div>\n\t<\/div>\n<\/div>\n<\/div>\n\n\n<p>Einge\u00adladen war au\u00dferdem Siegfried Knecht, Direktor f\u00fcr Forschungs- und Techno\u00adlo\u00adgie\u00adan\u00adge\u00adle\u00adgen\u00adheiten bei Airbus Deutsch\u00adland und zudem Vorstands\u00advor\u00adsit\u00adzender bei Aireg, der deutschen Initia\u00adtive f\u00fcr Kerosin aus regene\u00adra\u00adtiven Energien.&nbsp; Mit seiner langj\u00e4h\u00adrigen T\u00e4tigkeit in diesen Positionen konnte er uns Einblick geben in die Entwick\u00adlungen der letzten Jahre: Im Bereich Luftfahrt zu nachhal\u00adtigen Flugkraft\u00adstoffen, Effizi\u00adenz\u00adstei\u00adge\u00adrungen und wie wir vielleicht in Zukunft fliegen werden.&nbsp;<\/p>\n\n\n\n<p>Das Gespr\u00e4ch moderierten Dr. Andreas Beitin, Direktor des Kunst\u00admu\u00adseum Wolfsburg, sowie Dr. Katharina Derlin, Leiterin Kommu\u00adni\u00adka\u00adtion. \u00dcber andert\u00adhalb Stunden disku\u00adtierten sie mit dem inter\u00ades\u00adsierten Publikum auf der Asta-Galerie \u00fcber Anfor\u00adde\u00adrungen an Unter\u00adnehmen, Politik und Gesell\u00adschaft, \u00fcber indivi\u00addu\u00adelle Freiheit und gesell\u00adschaft\u00adliche Verant\u00adwor\u00adtung, dar\u00fcber, wie verschie\u00addene Infra\u00adstruk\u00adturen in Stadt und auf dem Land auch verschie\u00addene Anfor\u00adde\u00adrungen an moderne Mobilit\u00e4t stellen und wie eine Mobilit\u00e4t der Zukunft im angestrebten klima\u00adneu\u00adtralen Jahr 2045 aussehen k\u00f6nnte und sollte. Wir freuen uns, dass die Veran\u00adstal\u00adtung so reges Interesse fand!<\/p>\n\n\n\n<figure class=\"wp-block-image size-large\"><img loading=\"lazy\" width=\"1024\" height=\"683\" src=\"https:\/\/www.kunstmuseum.de\/wp-content\/uploads\/2021\/10\/211027_KMW_by_Kruszewski_0047-1024x683.jpg\" alt class=\"wp-image-11484\" srcset=\"https:\/\/www.kunstmuseum.de\/wp-content\/uploads\/2021\/10\/211027_KMW_by_Kruszewski_0047-1024x683.jpg 1024w, https:\/\/www.kunstmuseum.de\/wp-content\/uploads\/2021\/10\/211027_KMW_by_Kruszewski_0047-300x200.jpg 300w, https:\/\/www.kunstmuseum.de\/wp-content\/uploads\/2021\/10\/211027_KMW_by_Kruszewski_0047-768x512.jpg 768w, https:\/\/www.kunstmuseum.de\/wp-content\/uploads\/2021\/10\/211027_KMW_by_Kruszewski_0047-1536x1025.jpg 1536w, https:\/\/www.kunstmuseum.de\/wp-content\/uploads\/2021\/10\/211027_KMW_by_Kruszewski_0047-2048x1366.jpg 2048w, https:\/\/www.kunstmuseum.de\/wp-content\/uploads\/2021\/10\/211027_KMW_by_Kruszewski_0047-900x600.jpg 900w, https:\/\/www.kunstmuseum.de\/wp-content\/uploads\/2021\/10\/211027_KMW_by_Kruszewski_0047-100x67.jpg 100w\" sizes=\"(max-width: 1024px) 100vw, 1024px\"><figcaption>Pia Kranz bei einer F\u00fchrung w\u00e4hrend Volks\u00adwagen Art4All. Foto: Marek Kruszewski<\/figcaption><\/figure>\n\n\n\n<p>Neben den Talk waren auch die drei angebo\u00adtenen kosten\u00adlosen F\u00fchrungen sowie der Famili\u00aden\u00adwork\u00adshop sehr gut besucht: Sarah Groiss schaute sich im Kinder\u00adate\u00adlier gemeinsam mit den kleinen G\u00e4sten das \u00e4lteste Objekt der Ausstel\u00adlung, einen Ichth\u00ady\u00ado\u00adsau\u00adrier, an. Anschlie\u00ad\u00dfend wurden fantas\u00adti\u00adsche Unter\u00adwas\u00adser\u00adwelten gemalt und gebastelt.&nbsp;<\/p>\n\n\n\n<figure class=\"wp-block-image size-large\"><img loading=\"lazy\" width=\"1024\" height=\"683\" src=\"https:\/\/www.kunstmuseum.de\/wp-content\/uploads\/2021\/10\/211027_KMW_by_Kruszewski_0089-1024x683.jpg\" alt class=\"wp-image-11488\" srcset=\"https:\/\/www.kunstmuseum.de\/wp-content\/uploads\/2021\/10\/211027_KMW_by_Kruszewski_0089-1024x683.jpg 1024w, https:\/\/www.kunstmuseum.de\/wp-content\/uploads\/2021\/10\/211027_KMW_by_Kruszewski_0089-300x200.jpg 300w, https:\/\/www.kunstmuseum.de\/wp-content\/uploads\/2021\/10\/211027_KMW_by_Kruszewski_0089-768x512.jpg 768w, https:\/\/www.kunstmuseum.de\/wp-content\/uploads\/2021\/10\/211027_KMW_by_Kruszewski_0089-1536x1025.jpg 1536w, https:\/\/www.kunstmuseum.de\/wp-content\/uploads\/2021\/10\/211027_KMW_by_Kruszewski_0089-2048x1366.jpg 2048w, https:\/\/www.kunstmuseum.de\/wp-content\/uploads\/2021\/10\/211027_KMW_by_Kruszewski_0089-900x600.jpg 900w, https:\/\/www.kunstmuseum.de\/wp-content\/uploads\/2021\/10\/211027_KMW_by_Kruszewski_0089-100x67.jpg 100w\" sizes=\"(max-width: 1024px) 100vw, 1024px\"><figcaption>Sarah Groiss aus der Kunst\u00adver\u00admitt\u00adlung in ihrem Workshop zum Ichthoy\u00adsau\u00adrier w\u00e4hrend Volks\u00adwagen Art4All. Foto: Marek Kruszewski<\/figcaption><\/figure>\n\n\n\n<p><strong>Volks\u00adwagen Art4All<\/strong> bietet einmal im Monat von 16 bis 21 Uhr kosten\u00adlosen und verl\u00e4n\u00adgerten Eintritt ins Kunst\u00admu\u00adseum Wolfsburg, kosten\u00adlose F\u00fchrungen durch die aktuellen Ausstel\u00adlungen, Famili\u00aden\u00adwork\u00adshops und ein Sonder\u00adpro\u00adgramm wie Talks, Konzerte oder Happenings.&nbsp;<\/p>\n","protected":false},"excerpt":{"rendered":"<p>Wie bewegen wir uns in Zukunft? Wie ist der Stand in der Techno\u00adlo\u00adgie\u00adent\u00adwick\u00adlung, was sind die Trends, kann es eine Mobilit\u00e4t ohne fossile Brenn\u00adstoffe geben? Wie ist unser eigenes Mobili\u00adt\u00e4ts\u00adver\u00adhalten \u2013 und sind wir \u00fcberhaupt gewillt, daran etwas zu \u00e4ndern? Genau dar\u00fcber haben wir bei Volks\u00adwagen Art4All im Oktober gespro\u00adchen. Denn auch in unserer Ausstellung&nbsp;[\u2026]<\/p>\n","protected":false},"author":4,"featured_media":11492,"comment_status":"closed","ping_status":"closed","sticky":false,"template":"","format":"image","meta":{"wp_typography_post_enhancements_disabled":false,"kunstmuseum_formatted_page_title":""},"categories":[1],"tags":[456,479],"yoast_head":"<!-- This site is optimized with the Yoast SEO plugin v19.4 - https:\/\/yoast.com\/wordpress\/plugins\/seo\/ -->\n<title>Volkswagen Art4All im Oktober: Workshop, F\u00fchrungen und ein lebhafter Talk zur Mobilit\u00e4tswende - Kunstmuseum Wolfsburg<\/title>\n<meta name=\"robots\" content=\"index, follow, max-snippet:-1, max-image-preview:large, max-video-preview:-1\" \/>\n<link rel=\"canonical\" href=\"https:\/\/www.kunstmuseum.de\/en\/2021\/10\/volkswagen-art4all-am-27-oktober-wie-veraendert-sich-unsere-mobilitaet\/\" \/>\n<meta property=\"og:locale\" content=\"en_US\" \/>\n<meta property=\"og:type\" content=\"article\" \/>\n<meta property=\"og:title\" content=\"Volkswagen Art4All im Oktober: Workshop, F\u00fchrungen und ein lebhafter Talk zur Mobilit\u00e4tswende - Kunstmuseum Wolfsburg\" \/>\n<meta property=\"og:description\" content=\"Wie bewegen wir uns in Zukunft? Wie ist der Stand in der Techno\u00adlo\u00adgie\u00adent\u00adwick\u00adlung, was sind die Trends, kann es eine Mobilit\u00e4t ohne fossile Brenn\u00adstoffe geben? Wie ist unser eigenes Mobili\u00adt\u00e4ts\u00adver\u00adhalten \u2013 und sind wir \u00fcberhaupt gewillt, daran etwas zu \u00e4ndern? Genau dar\u00fcber haben wir bei Volks\u00adwagen Art4All im Oktober gespro\u00adchen. Denn auch in unserer Ausstel\u00adlung [&hellip;]\" \/>\n<meta property=\"og:url\" content=\"https:\/\/www.kunstmuseum.de\/en\/2021\/10\/volkswagen-art4all-am-27-oktober-wie-veraendert-sich-unsere-mobilitaet\/\" \/>\n<meta property=\"og:site_name\" content=\"Kunstmuseum Wolfsburg\" \/>\n<meta property=\"article:publisher\" content=\"https:\/\/www.facebook.com\/KunstmuseumWolfsburg\" \/>\n<meta property=\"article:published_time\" content=\"2021-10-25T10:56:16+00:00\" \/>\n<meta property=\"article:modified_time\" content=\"2024-04-26T12:03:32+00:00\" \/>\n<meta property=\"og:image\" content=\"https:\/\/www.kunstmuseum.de\/wp-content\/uploads\/2021\/10\/211027_KMW_by_Kruszewski_0246-scaled.jpg\" \/>\n\t<meta property=\"og:image:width\" content=\"2560\" \/>\n\t<meta property=\"og:image:height\" content=\"1708\" \/>\n\t<meta property=\"og:image:type\" content=\"image\/jpeg\" \/>\n<meta name=\"author\" content=\"Nicole Sch\u00fctze\" \/>\n<meta name=\"twitter:card\" content=\"summary_large_image\" \/>\n<meta name=\"twitter:creator\" content=\"@kunstmuseumwob\" \/>\n<meta name=\"twitter:site\" content=\"@kunstmuseumwob\" \/>\n<meta name=\"twitter:label1\" content=\"Written by\" \/>\n\t<meta name=\"twitter:data1\" content=\"Nicole Sch\u00fctze\" \/>\n\t<meta name=\"twitter:label2\" content=\"Est. reading time\" \/>\n\t<meta name=\"twitter:data2\" content=\"3 minutes\" \/>\n<script type=\"application\/ld+json\" class=\"yoast-schema-graph\">{\"@context\":\"https:\/\/schema.org\",\"@graph\":[{\"@type\":\"Organization\",\"@id\":\"https:\/\/www.kunstmuseum.de\/en\/#organization\",\"name\":\"Kunstmuseum Wolfsburg\",\"url\":\"https:\/\/www.kunstmuseum.de\/en\/\",\"sameAs\":[\"https:\/\/www.instagram.com\/kunstmuseumwolfsburg\/\",\"https:\/\/www.linkedin.com\/company\/kunstmuseum-wolfsburg\/\",\"https:\/\/www.youtube.com\/user\/KunstmuseumWolfsburg\",\"https:\/\/de.wikipedia.org\/wiki\/Kunstmuseum_Wolfsburg\",\"https:\/\/www.facebook.com\/KunstmuseumWolfsburg\",\"https:\/\/twitter.com\/kunstmuseumwob\"],\"logo\":{\"@type\":\"ImageObject\",\"inLanguage\":\"en-US\",\"@id\":\"https:\/\/www.kunstmuseum.de\/en\/#\/schema\/logo\/image\/\",\"url\":\"https:\/\/www.kunstmuseum.de\/wp-content\/uploads\/2020\/05\/191125_KMW_Wortmarke_RGB_schwarz.svg\",\"contentUrl\":\"https:\/\/www.kunstmuseum.de\/wp-content\/uploads\/2020\/05\/191125_KMW_Wortmarke_RGB_schwarz.svg\",\"caption\":\"Kunstmuseum Wolfsburg\"},\"image\":{\"@id\":\"https:\/\/www.kunstmuseum.de\/en\/#\/schema\/logo\/image\/\"}},{\"@type\":\"WebSite\",\"@id\":\"https:\/\/www.kunstmuseum.de\/en\/#website\",\"url\":\"https:\/\/www.kunstmuseum.de\/en\/\",\"name\":\"Kunstmuseum Wolfsburg\",\"description\":\"\",\"publisher\":{\"@id\":\"https:\/\/www.kunstmuseum.de\/en\/#organization\"},\"potentialAction\":[{\"@type\":\"SearchAction\",\"target\":{\"@type\":\"EntryPoint\",\"urlTemplate\":\"https:\/\/www.kunstmuseum.de\/en\/?s={search_term_string}\"},\"query-input\":\"required name=search_term_string\"}],\"inLanguage\":\"en-US\"},{\"@type\":\"WebPage\",\"@id\":\"https:\/\/www.kunstmuseum.de\/en\/2021\/10\/volkswagen-art4all-am-27-oktober-wie-veraendert-sich-unsere-mobilitaet\/\",\"url\":\"https:\/\/www.kunstmuseum.de\/en\/2021\/10\/volkswagen-art4all-am-27-oktober-wie-veraendert-sich-unsere-mobilitaet\/\",\"name\":\"Volkswagen Art4All im Oktober: Workshop, F\u00fchrungen und ein lebhafter Talk zur Mobilit\u00e4tswende - Kunstmuseum Wolfsburg\",\"isPartOf\":{\"@id\":\"https:\/\/www.kunstmuseum.de\/en\/#website\"},\"datePublished\":\"2021-10-25T10:56:16+00:00\",\"dateModified\":\"2024-04-26T12:03:32+00:00\",\"breadcrumb\":{\"@id\":\"https:\/\/www.kunstmuseum.de\/en\/2021\/10\/volkswagen-art4all-am-27-oktober-wie-veraendert-sich-unsere-mobilitaet\/#breadcrumb\"},\"inLanguage\":\"en-US\",\"potentialAction\":[{\"@type\":\"ReadAction\",\"target\":[\"https:\/\/www.kunstmuseum.de\/en\/2021\/10\/volkswagen-art4all-am-27-oktober-wie-veraendert-sich-unsere-mobilitaet\/\"]}]},{\"@type\":\"BreadcrumbList\",\"@id\":\"https:\/\/www.kunstmuseum.de\/en\/2021\/10\/volkswagen-art4all-am-27-oktober-wie-veraendert-sich-unsere-mobilitaet\/#breadcrumb\",\"itemListElement\":[{\"@type\":\"ListItem\",\"position\":1,\"name\":\"Startseite\",\"item\":\"https:\/\/www.kunstmuseum.de\/en\/\"},{\"@type\":\"ListItem\",\"position\":2,\"name\":\"Volkswagen Art4All im Oktober: Workshop, F\u00fchrungen und ein lebhafter Talk zur Mobilit\u00e4tswende\"}]},{\"@type\":\"Article\",\"@id\":\"https:\/\/www.kunstmuseum.de\/en\/2021\/10\/volkswagen-art4all-am-27-oktober-wie-veraendert-sich-unsere-mobilitaet\/#article\",\"isPartOf\":{\"@id\":\"https:\/\/www.kunstmuseum.de\/en\/2021\/10\/volkswagen-art4all-am-27-oktober-wie-veraendert-sich-unsere-mobilitaet\/\"},\"author\":{\"name\":\"Nicole Sch\u00fctze\",\"@id\":\"https:\/\/www.kunstmuseum.de\/en\/#\/schema\/person\/7ee33977dae5327ec305b473fe1bf8fe\"},\"headline\":\"Volkswagen Art4All im Oktober: Workshop, F\u00fchrungen und ein lebhafter Talk zur Mobilit\u00e4tswende\",\"datePublished\":\"2021-10-25T10:56:16+00:00\",\"dateModified\":\"2024-04-26T12:03:32+00:00\",\"mainEntityOfPage\":{\"@id\":\"https:\/\/www.kunstmuseum.de\/en\/2021\/10\/volkswagen-art4all-am-27-oktober-wie-veraendert-sich-unsere-mobilitaet\/\"},\"wordCount\":457,\"publisher\":{\"@id\":\"https:\/\/www.kunstmuseum.de\/en\/#organization\"},\"keywords\":[\"News\",\"Oil\"],\"articleSection\":[\"Unkategorisiert\"],\"inLanguage\":\"en-US\"},{\"@type\":\"Person\",\"@id\":\"https:\/\/www.kunstmuseum.de\/en\/#\/schema\/person\/7ee33977dae5327ec305b473fe1bf8fe\",\"name\":\"Nicole Sch\u00fctze\",\"image\":{\"@type\":\"ImageObject\",\"inLanguage\":\"en-US\",\"@id\":\"https:\/\/www.kunstmuseum.de\/en\/#\/schema\/person\/image\/\",\"url\":\"https:\/\/secure.gravatar.com\/avatar\/488cd67cf79ca3aea84d68828c3eca55?s=96&d=mm&r=g\",\"contentUrl\":\"https:\/\/secure.gravatar.com\/avatar\/488cd67cf79ca3aea84d68828c3eca55?s=96&d=mm&r=g\",\"caption\":\"Nicole Sch\u00fctze\"}}]}<\/script>\n<!-- \/ Yoast SEO plugin. -->","yoast_head_json":{"title":"Volkswagen Art4All im Oktober: Workshop, F\u00fchrungen und ein lebhafter Talk zur Mobilit\u00e4tswende - Kunstmuseum Wolfsburg","robots":{"index":"index","follow":"follow","max-snippet":"max-snippet:-1","max-image-preview":"max-image-preview:large","max-video-preview":"max-video-preview:-1"},"canonical":"https:\/\/www.kunstmuseum.de\/en\/2021\/10\/volkswagen-art4all-am-27-oktober-wie-veraendert-sich-unsere-mobilitaet\/","og_locale":"en_US","og_type":"article","og_title":"Volkswagen Art4All im Oktober: Workshop, F\u00fchrungen und ein lebhafter Talk zur Mobilit\u00e4tswende - Kunstmuseum Wolfsburg","og_description":"Wie bewegen wir uns in Zukunft? Wie ist der Stand in der Techno\u00adlo\u00adgie\u00adent\u00adwick\u00adlung, was sind die Trends, kann es eine Mobilit\u00e4t ohne fossile Brenn\u00adstoffe geben? Wie ist unser eigenes Mobili\u00adt\u00e4ts\u00adver\u00adhalten \u2013 und sind wir \u00fcberhaupt gewillt, daran etwas zu \u00e4ndern? Genau dar\u00fcber haben wir bei Volks\u00adwagen Art4All im Oktober gespro\u00adchen. Denn auch in unserer Ausstel\u00adlung [&hellip;]","og_url":"https:\/\/www.kunstmuseum.de\/en\/2021\/10\/volkswagen-art4all-am-27-oktober-wie-veraendert-sich-unsere-mobilitaet\/","og_site_name":"Kunstmuseum Wolfsburg","article_publisher":"https:\/\/www.facebook.com\/KunstmuseumWolfsburg","article_published_time":"2021-10-25T10:56:16+00:00","article_modified_time":"2024-04-26T12:03:32+00:00","og_image":[{"width":2560,"height":1708,"url":"https:\/\/www.kunstmuseum.de\/wp-content\/uploads\/2021\/10\/211027_KMW_by_Kruszewski_0246-scaled.jpg","type":"image\/jpeg"}],"author":"Nicole Sch\u00fctze","twitter_card":"summary_large_image","twitter_creator":"@kunstmuseumwob","twitter_site":"@kunstmuseumwob","twitter_misc":{"Written by":"Nicole Sch\u00fctze","Est. reading time":"3 minutes"},"schema":{"@context":"https:\/\/schema.org","@graph":[{"@type":"Organization","@id":"https:\/\/www.kunstmuseum.de\/en\/#organization","name":"Kunstmuseum Wolfsburg","url":"https:\/\/www.kunstmuseum.de\/en\/","sameAs":["https:\/\/www.instagram.com\/kunstmuseumwolfsburg\/","https:\/\/www.linkedin.com\/company\/kunstmuseum-wolfsburg\/","https:\/\/www.youtube.com\/user\/KunstmuseumWolfsburg","https:\/\/de.wikipedia.org\/wiki\/Kunstmuseum_Wolfsburg","https:\/\/www.facebook.com\/KunstmuseumWolfsburg","https:\/\/twitter.com\/kunstmuseumwob"],"logo":{"@type":"ImageObject","inLanguage":"en-US","@id":"https:\/\/www.kunstmuseum.de\/en\/#\/schema\/logo\/image\/","url":"https:\/\/www.kunstmuseum.de\/wp-content\/uploads\/2020\/05\/191125_KMW_Wortmarke_RGB_schwarz.svg","contentUrl":"https:\/\/www.kunstmuseum.de\/wp-content\/uploads\/2020\/05\/191125_KMW_Wortmarke_RGB_schwarz.svg","caption":"Kunstmuseum Wolfsburg"},"image":{"@id":"https:\/\/www.kunstmuseum.de\/en\/#\/schema\/logo\/image\/"}},{"@type":"WebSite","@id":"https:\/\/www.kunstmuseum.de\/en\/#website","url":"https:\/\/www.kunstmuseum.de\/en\/","name":"Kunstmuseum Wolfsburg","description":"","publisher":{"@id":"https:\/\/www.kunstmuseum.de\/en\/#organization"},"potentialAction":[{"@type":"SearchAction","target":{"@type":"EntryPoint","urlTemplate":"https:\/\/www.kunstmuseum.de\/en\/?s={search_term_string}"},"query-input":"required name=search_term_string"}],"inLanguage":"en-US"},{"@type":"WebPage","@id":"https:\/\/www.kunstmuseum.de\/en\/2021\/10\/volkswagen-art4all-am-27-oktober-wie-veraendert-sich-unsere-mobilitaet\/","url":"https:\/\/www.kunstmuseum.de\/en\/2021\/10\/volkswagen-art4all-am-27-oktober-wie-veraendert-sich-unsere-mobilitaet\/","name":"Volkswagen Art4All im Oktober: Workshop, F\u00fchrungen und ein lebhafter Talk zur Mobilit\u00e4tswende - Kunstmuseum Wolfsburg","isPartOf":{"@id":"https:\/\/www.kunstmuseum.de\/en\/#website"},"datePublished":"2021-10-25T10:56:16+00:00","dateModified":"2024-04-26T12:03:32+00:00","breadcrumb":{"@id":"https:\/\/www.kunstmuseum.de\/en\/2021\/10\/volkswagen-art4all-am-27-oktober-wie-veraendert-sich-unsere-mobilitaet\/#breadcrumb"},"inLanguage":"en-US","potentialAction":[{"@type":"ReadAction","target":["https:\/\/www.kunstmuseum.de\/en\/2021\/10\/volkswagen-art4all-am-27-oktober-wie-veraendert-sich-unsere-mobilitaet\/"]}]},{"@type":"BreadcrumbList","@id":"https:\/\/www.kunstmuseum.de\/en\/2021\/10\/volkswagen-art4all-am-27-oktober-wie-veraendert-sich-unsere-mobilitaet\/#breadcrumb","itemListElement":[{"@type":"ListItem","position":1,"name":"Startseite","item":"https:\/\/www.kunstmuseum.de\/en\/"},{"@type":"ListItem","position":2,"name":"Volkswagen Art4All im Oktober: Workshop, F\u00fchrungen und ein lebhafter Talk zur Mobilit\u00e4tswende"}]},{"@type":"Article","@id":"https:\/\/www.kunstmuseum.de\/en\/2021\/10\/volkswagen-art4all-am-27-oktober-wie-veraendert-sich-unsere-mobilitaet\/#article","isPartOf":{"@id":"https:\/\/www.kunstmuseum.de\/en\/2021\/10\/volkswagen-art4all-am-27-oktober-wie-veraendert-sich-unsere-mobilitaet\/"},"author":{"name":"Nicole Sch\u00fctze","@id":"https:\/\/www.kunstmuseum.de\/en\/#\/schema\/person\/7ee33977dae5327ec305b473fe1bf8fe"},"headline":"Volkswagen Art4All im Oktober: Workshop, F\u00fchrungen und ein lebhafter Talk zur Mobilit\u00e4tswende","datePublished":"2021-10-25T10:56:16+00:00","dateModified":"2024-04-26T12:03:32+00:00","mainEntityOfPage":{"@id":"https:\/\/www.kunstmuseum.de\/en\/2021\/10\/volkswagen-art4all-am-27-oktober-wie-veraendert-sich-unsere-mobilitaet\/"},"wordCount":457,"publisher":{"@id":"https:\/\/www.kunstmuseum.de\/en\/#organization"},"keywords":["News","Oil"],"articleSection":["Unkategorisiert"],"inLanguage":"en-US"},{"@type":"Person","@id":"https:\/\/www.kunstmuseum.de\/en\/#\/schema\/person\/7ee33977dae5327ec305b473fe1bf8fe","name":"Nicole Sch\u00fctze","image":{"@type":"ImageObject","inLanguage":"en-US","@id":"https:\/\/www.kunstmuseum.de\/en\/#\/schema\/person\/image\/","url":"https:\/\/secure.gravatar.com\/avatar\/488cd67cf79ca3aea84d68828c3eca55?s=96&d=mm&r=g","contentUrl":"https:\/\/secure.gravatar.com\/avatar\/488cd67cf79ca3aea84d68828c3eca55?s=96&d=mm&r=g","caption":"Nicole Sch\u00fctze"}}]}},"_links":{"self":[{"href":"https:\/\/www.kunstmuseum.de\/en\/wp-json\/wp\/v2\/posts\/11396"}],"collection":[{"href":"https:\/\/www.kunstmuseum.de\/en\/wp-json\/wp\/v2\/posts"}],"about":[{"href":"https:\/\/www.kunstmuseum.de\/en\/wp-json\/wp\/v2\/types\/post"}],"author":[{"embeddable":true,"href":"https:\/\/www.kunstmuseum.de\/en\/wp-json\/wp\/v2\/users\/4"}],"replies":[{"embeddable":true,"href":"https:\/\/www.kunstmuseum.de\/en\/wp-json\/wp\/v2\/comments?post=11396"}],"version-history":[{"count":11,"href":"https:\/\/www.kunstmuseum.de\/en\/wp-json\/wp\/v2\/posts\/11396\/revisions"}],"predecessor-version":[{"id":13875,"href":"https:\/\/www.kunstmuseum.de\/en\/wp-json\/wp\/v2\/posts\/11396\/revisions\/13875"}],"wp:featuredmedia":[{"embeddable":true,"href":"https:\/\/www.kunstmuseum.de\/en\/wp-json\/wp\/v2\/media\/11492"}],"wp:attachment":[{"href":"https:\/\/www.kunstmuseum.de\/en\/wp-json\/wp\/v2\/media?parent=11396"}],"wp:term":[{"taxonomy":"category","embeddable":true,"href":"https:\/\/www.kunstmuseum.de\/en\/wp-json\/wp\/v2\/categories?post=11396"},{"taxonomy":"post_tag","embeddable":true,"href":"https:\/\/www.kunstmuseum.de\/en\/wp-json\/wp\/v2\/tags?post=11396"}],"curies":[{"name":"wp","href":"https:\/\/api.w.org\/{rel}","templated":true}]}}