{"id":11769,"date":"2021-11-22T11:01:05","date_gmt":"2021-11-22T10:01:05","guid":{"rendered":"https:\/\/www.kunstmuseum.de\/?p=11769"},"modified":"2024-04-26T14:03:31","modified_gmt":"2024-04-26T12:03:31","slug":"volkswagen-art4all-trailer-zur-arte-sneak-preview","status":"publish","type":"post","link":"https:\/\/www.kunstmuseum.de\/en\/2021\/11\/volkswagen-art4all-trailer-zur-arte-sneak-preview\/","title":{"rendered":"Volkswagen Art4All: Trailer zur  ARTE-Sneak-Preview!"},"content":{"rendered":"\n<p> Am 24.11.2021 zeigten wir um 19 Uhr die exklusive Sneak-Preview des Dokumen\u00adtar\u00adfilms \u201ePetro-Melan\u00adcholie \u2013 Das Erd\u00f6l\u00adzeit\u00adalter im Spiegel der Kunst\u201c. <br><br>Die ARTE-Produk\u00adtion wurde auch in unserem Haus w\u00e4hrend des Aufbaus der Ausstel\u00adlung <em><a href=\"https:\/\/www.kunstmuseum.de\/ausstellung\/oil-schoenheit-und-schrecken-des-erdoelzeitalters\/\">Oil. Sch\u00f6nheit und Schrecken des Erd\u00f6l\u00adzeit\u00adal\u00adters<\/a><\/em> gedreht. Regisseur Mathias Frick sowie die Produ\u00adzentin Eva Rink waren vor Ort und sprachen im Anschluss \u00fcber den&nbsp;Film.<\/p>\n\n\n\n<p><strong>Zum Dokumen\u00adta\u00adtion<\/strong>:<br><br><strong>PETRO-MELANCHOLIE<br>Das Erd\u00f6l\u00adzeit\u00adalter im Spiegel der Kunst<\/strong><br><br>Wir wurden in einen Rausch an einem Stoff hinein\u00adge\u00adboren, der uns einst grenzen\u00adlose Freiheit, die Moderne und Lebens\u00adkom\u00adfort versprach. Das Erd\u00f6l, mit seiner schier endlosen Produkt\u00adpa\u00adlette, hat wie kaum ein anderer Stoff unsere moderne Gesell\u00adschaft gepr\u00e4gt und ver\u00e4ndert. Und unsere Welt gleich\u00adzeitig in gro\u00dfes Leid gest\u00fcrzt. Heute ist unser \u00d6l-Rausch zu Ende, die D\u00e4mmerung des Erd\u00f6l\u00adzeit\u00adal\u00adters hat begonnen und der Film blickt mit K\u00fcnstlern und K\u00fcnst\u00adle\u00adrinnen zur\u00fcck auf die Petro\u00admo\u00adderne \u2013 unser Zeitalter des \u00d6ls.<br><br>Und er stellt sich die Frage: Was hat das Erd\u00f6l nur mit uns gemacht und warum f\u00e4llt es uns so schwer, uns von dem schil\u00adlernd schwarzen Rohstoff zu l\u00f6sen?<br><br>Produk\u00adtion: VIVE la DOK Filmpro\u00adduk\u00adtion und Navigator Film (\u00d6ster\u00adreich) in Kopro\u00adduk\u00adtion mit ZDF\/ARTE, 2021, Regie: Mathias Frick, 52&nbsp;min<br><\/p>\n\n\n\n<p> Hier ein Teaser f\u00fcr&nbsp;Sie:<\/p>\n\n\n\n<figure class=\"wp-block-video\"><video controls src=\"https:\/\/www.kunstmuseum.de\/wp-content\/uploads\/2021\/11\/HD_Trailer-Wolfsburg.mp4.mp4\"><\/video><\/figure>\n\n\n\n<p><\/p>\n\n\n\n<div class=\"wp-container-1 wp-block-buttons\">\n<div class=\"wp-block-button\"><a class=\"wp-block-button__link no-border-radius\" href=\"https:\/\/www.kunstmuseum.de\/veranstaltung\/volkswagen-art4all-film-premiere\/\" target=\"_blank\" rel=\"noreferrer noopener\">PROGRAMM<\/a><\/div>\n<\/div>\n\n\n\n<p><\/p>\n\n\n\n<p>Trailer: ARTE\/ZDF\/VIVE la DOK Filmproduktion<\/p>\n","protected":false},"excerpt":{"rendered":"<p>Am 24.11.2021 zeigten wir um 19 Uhr die exklusive Sneak-Preview des Dokumen\u00adtar\u00adfilms \u201ePetro-Melan\u00adcholie \u2013 Das Erd\u00f6l\u00adzeit\u00adalter im Spiegel der&nbsp;Kunst\u201c.&nbsp; Die ARTE-Produ\u00adk\u00ad\u00adtion wurde auch in unserem Haus w\u00e4hrend des Aufbaus der Ausstel\u00adlung Oil. Sch\u00f6nheit und Schrecken des Erd\u00f6l\u00adzeit\u00adal\u00adters gedreht. Regisseur Mathias Frick sowie die Produ\u00adzentin Eva Rink waren vor Ort und sprachen im Anschluss \u00fcber den&nbsp;Film.&nbsp;[\u2026]<\/p>\n","protected":false},"author":4,"featured_media":11772,"comment_status":"closed","ping_status":"closed","sticky":false,"template":"","format":"standard","meta":{"wp_typography_post_enhancements_disabled":false,"kunstmuseum_formatted_page_title":"Oil"},"categories":[1],"tags":[479],"yoast_head":"<!-- This site is optimized with the Yoast SEO plugin v19.4 - https:\/\/yoast.com\/wordpress\/plugins\/seo\/ -->\n<title>Volkswagen Art4All: Trailer zur ARTE-Sneak-Preview! - Kunstmuseum Wolfsburg<\/title>\n<meta name=\"robots\" content=\"index, follow, max-snippet:-1, max-image-preview:large, max-video-preview:-1\" \/>\n<link rel=\"canonical\" href=\"https:\/\/www.kunstmuseum.de\/en\/2021\/11\/volkswagen-art4all-trailer-zur-arte-sneak-preview\/\" \/>\n<meta property=\"og:locale\" content=\"en_US\" \/>\n<meta property=\"og:type\" content=\"article\" \/>\n<meta property=\"og:title\" content=\"Volkswagen Art4All: Trailer zur ARTE-Sneak-Preview! - Kunstmuseum Wolfsburg\" \/>\n<meta property=\"og:description\" content=\"Am 24.11.2021 zeigten wir um 19 Uhr die exklusive Sneak-Preview des Dokumen\u00adtar\u00adfilms \u201ePetro-Melan\u00adcholie \u2013 Das Erd\u00f6l\u00adzeit\u00adalter im Spiegel der&nbsp;Kunst\u201c.&nbsp; Die ARTE-Produk\u00adtion wurde auch in unserem Haus w\u00e4hrend des Aufbaus der Ausstel\u00adlung Oil. Sch\u00f6nheit und Schrecken des Erd\u00f6l\u00adzeit\u00adal\u00adters gedreht. Regisseur Mathias Frick sowie die Produ\u00adzentin Eva Rink waren vor Ort und sprachen im Anschluss \u00fcber den&nbsp;Film. [&hellip;]\" \/>\n<meta property=\"og:url\" content=\"https:\/\/www.kunstmuseum.de\/en\/2021\/11\/volkswagen-art4all-trailer-zur-arte-sneak-preview\/\" \/>\n<meta property=\"og:site_name\" content=\"Kunstmuseum Wolfsburg\" \/>\n<meta property=\"article:publisher\" content=\"https:\/\/www.facebook.com\/KunstmuseumWolfsburg\" \/>\n<meta property=\"article:published_time\" content=\"2021-11-22T10:01:05+00:00\" \/>\n<meta property=\"article:modified_time\" content=\"2024-04-26T12:03:31+00:00\" \/>\n<meta property=\"og:image\" content=\"https:\/\/www.kunstmuseum.de\/wp-content\/uploads\/2021\/11\/VideoCapture_20211119-102635.jpg\" \/>\n\t<meta property=\"og:image:width\" content=\"1920\" \/>\n\t<meta property=\"og:image:height\" content=\"1080\" \/>\n\t<meta property=\"og:image:type\" content=\"image\/jpeg\" \/>\n<meta name=\"author\" content=\"Nicole Sch\u00fctze\" \/>\n<meta name=\"twitter:card\" content=\"summary_large_image\" \/>\n<meta name=\"twitter:creator\" content=\"@kunstmuseumwob\" \/>\n<meta name=\"twitter:site\" content=\"@kunstmuseumwob\" \/>\n<meta name=\"twitter:label1\" content=\"Written by\" \/>\n\t<meta name=\"twitter:data1\" content=\"Nicole Sch\u00fctze\" \/>\n\t<meta name=\"twitter:label2\" content=\"Est. reading time\" \/>\n\t<meta name=\"twitter:data2\" content=\"2 minutes\" \/>\n<script type=\"application\/ld+json\" class=\"yoast-schema-graph\">{\"@context\":\"https:\/\/schema.org\",\"@graph\":[{\"@type\":\"Organization\",\"@id\":\"https:\/\/www.kunstmuseum.de\/en\/#organization\",\"name\":\"Kunstmuseum Wolfsburg\",\"url\":\"https:\/\/www.kunstmuseum.de\/en\/\",\"sameAs\":[\"https:\/\/www.instagram.com\/kunstmuseumwolfsburg\/\",\"https:\/\/www.linkedin.com\/company\/kunstmuseum-wolfsburg\/\",\"https:\/\/www.youtube.com\/user\/KunstmuseumWolfsburg\",\"https:\/\/de.wikipedia.org\/wiki\/Kunstmuseum_Wolfsburg\",\"https:\/\/www.facebook.com\/KunstmuseumWolfsburg\",\"https:\/\/twitter.com\/kunstmuseumwob\"],\"logo\":{\"@type\":\"ImageObject\",\"inLanguage\":\"en-US\",\"@id\":\"https:\/\/www.kunstmuseum.de\/en\/#\/schema\/logo\/image\/\",\"url\":\"https:\/\/www.kunstmuseum.de\/wp-content\/uploads\/2020\/05\/191125_KMW_Wortmarke_RGB_schwarz.svg\",\"contentUrl\":\"https:\/\/www.kunstmuseum.de\/wp-content\/uploads\/2020\/05\/191125_KMW_Wortmarke_RGB_schwarz.svg\",\"caption\":\"Kunstmuseum Wolfsburg\"},\"image\":{\"@id\":\"https:\/\/www.kunstmuseum.de\/en\/#\/schema\/logo\/image\/\"}},{\"@type\":\"WebSite\",\"@id\":\"https:\/\/www.kunstmuseum.de\/en\/#website\",\"url\":\"https:\/\/www.kunstmuseum.de\/en\/\",\"name\":\"Kunstmuseum Wolfsburg\",\"description\":\"\",\"publisher\":{\"@id\":\"https:\/\/www.kunstmuseum.de\/en\/#organization\"},\"potentialAction\":[{\"@type\":\"SearchAction\",\"target\":{\"@type\":\"EntryPoint\",\"urlTemplate\":\"https:\/\/www.kunstmuseum.de\/en\/?s={search_term_string}\"},\"query-input\":\"required name=search_term_string\"}],\"inLanguage\":\"en-US\"},{\"@type\":\"WebPage\",\"@id\":\"https:\/\/www.kunstmuseum.de\/en\/2021\/11\/volkswagen-art4all-trailer-zur-arte-sneak-preview\/\",\"url\":\"https:\/\/www.kunstmuseum.de\/en\/2021\/11\/volkswagen-art4all-trailer-zur-arte-sneak-preview\/\",\"name\":\"Volkswagen Art4All: Trailer zur ARTE-Sneak-Preview! - Kunstmuseum Wolfsburg\",\"isPartOf\":{\"@id\":\"https:\/\/www.kunstmuseum.de\/en\/#website\"},\"datePublished\":\"2021-11-22T10:01:05+00:00\",\"dateModified\":\"2024-04-26T12:03:31+00:00\",\"breadcrumb\":{\"@id\":\"https:\/\/www.kunstmuseum.de\/en\/2021\/11\/volkswagen-art4all-trailer-zur-arte-sneak-preview\/#breadcrumb\"},\"inLanguage\":\"en-US\",\"potentialAction\":[{\"@type\":\"ReadAction\",\"target\":[\"https:\/\/www.kunstmuseum.de\/en\/2021\/11\/volkswagen-art4all-trailer-zur-arte-sneak-preview\/\"]}]},{\"@type\":\"BreadcrumbList\",\"@id\":\"https:\/\/www.kunstmuseum.de\/en\/2021\/11\/volkswagen-art4all-trailer-zur-arte-sneak-preview\/#breadcrumb\",\"itemListElement\":[{\"@type\":\"ListItem\",\"position\":1,\"name\":\"Startseite\",\"item\":\"https:\/\/www.kunstmuseum.de\/en\/\"},{\"@type\":\"ListItem\",\"position\":2,\"name\":\"Volkswagen Art4All: Trailer zur ARTE-Sneak-Preview!\"}]},{\"@type\":\"Article\",\"@id\":\"https:\/\/www.kunstmuseum.de\/en\/2021\/11\/volkswagen-art4all-trailer-zur-arte-sneak-preview\/#article\",\"isPartOf\":{\"@id\":\"https:\/\/www.kunstmuseum.de\/en\/2021\/11\/volkswagen-art4all-trailer-zur-arte-sneak-preview\/\"},\"author\":{\"name\":\"Nicole Sch\u00fctze\",\"@id\":\"https:\/\/www.kunstmuseum.de\/en\/#\/schema\/person\/7ee33977dae5327ec305b473fe1bf8fe\"},\"headline\":\"Volkswagen Art4All: Trailer zur ARTE-Sneak-Preview!\",\"datePublished\":\"2021-11-22T10:01:05+00:00\",\"dateModified\":\"2024-04-26T12:03:31+00:00\",\"mainEntityOfPage\":{\"@id\":\"https:\/\/www.kunstmuseum.de\/en\/2021\/11\/volkswagen-art4all-trailer-zur-arte-sneak-preview\/\"},\"wordCount\":221,\"publisher\":{\"@id\":\"https:\/\/www.kunstmuseum.de\/en\/#organization\"},\"keywords\":[\"Oil\"],\"articleSection\":[\"Unkategorisiert\"],\"inLanguage\":\"en-US\"},{\"@type\":\"Person\",\"@id\":\"https:\/\/www.kunstmuseum.de\/en\/#\/schema\/person\/7ee33977dae5327ec305b473fe1bf8fe\",\"name\":\"Nicole Sch\u00fctze\",\"image\":{\"@type\":\"ImageObject\",\"inLanguage\":\"en-US\",\"@id\":\"https:\/\/www.kunstmuseum.de\/en\/#\/schema\/person\/image\/\",\"url\":\"https:\/\/secure.gravatar.com\/avatar\/488cd67cf79ca3aea84d68828c3eca55?s=96&d=mm&r=g\",\"contentUrl\":\"https:\/\/secure.gravatar.com\/avatar\/488cd67cf79ca3aea84d68828c3eca55?s=96&d=mm&r=g\",\"caption\":\"Nicole Sch\u00fctze\"}}]}<\/script>\n<!-- \/ Yoast SEO plugin. -->","yoast_head_json":{"title":"Volkswagen Art4All: Trailer zur ARTE-Sneak-Preview! - Kunstmuseum Wolfsburg","robots":{"index":"index","follow":"follow","max-snippet":"max-snippet:-1","max-image-preview":"max-image-preview:large","max-video-preview":"max-video-preview:-1"},"canonical":"https:\/\/www.kunstmuseum.de\/en\/2021\/11\/volkswagen-art4all-trailer-zur-arte-sneak-preview\/","og_locale":"en_US","og_type":"article","og_title":"Volkswagen Art4All: Trailer zur ARTE-Sneak-Preview! - Kunstmuseum Wolfsburg","og_description":"Am 24.11.2021 zeigten wir um 19 Uhr die exklusive Sneak-Preview des Dokumen\u00adtar\u00adfilms \u201ePetro-Melan\u00adcholie \u2013 Das Erd\u00f6l\u00adzeit\u00adalter im Spiegel der&nbsp;Kunst\u201c.&nbsp; Die ARTE-Produk\u00adtion wurde auch in unserem Haus w\u00e4hrend des Aufbaus der Ausstel\u00adlung Oil. Sch\u00f6nheit und Schrecken des Erd\u00f6l\u00adzeit\u00adal\u00adters gedreht. Regisseur Mathias Frick sowie die Produ\u00adzentin Eva Rink waren vor Ort und sprachen im Anschluss \u00fcber den&nbsp;Film. [&hellip;]","og_url":"https:\/\/www.kunstmuseum.de\/en\/2021\/11\/volkswagen-art4all-trailer-zur-arte-sneak-preview\/","og_site_name":"Kunstmuseum Wolfsburg","article_publisher":"https:\/\/www.facebook.com\/KunstmuseumWolfsburg","article_published_time":"2021-11-22T10:01:05+00:00","article_modified_time":"2024-04-26T12:03:31+00:00","og_image":[{"width":1920,"height":1080,"url":"https:\/\/www.kunstmuseum.de\/wp-content\/uploads\/2021\/11\/VideoCapture_20211119-102635.jpg","type":"image\/jpeg"}],"author":"Nicole Sch\u00fctze","twitter_card":"summary_large_image","twitter_creator":"@kunstmuseumwob","twitter_site":"@kunstmuseumwob","twitter_misc":{"Written by":"Nicole Sch\u00fctze","Est. reading time":"2 minutes"},"schema":{"@context":"https:\/\/schema.org","@graph":[{"@type":"Organization","@id":"https:\/\/www.kunstmuseum.de\/en\/#organization","name":"Kunstmuseum Wolfsburg","url":"https:\/\/www.kunstmuseum.de\/en\/","sameAs":["https:\/\/www.instagram.com\/kunstmuseumwolfsburg\/","https:\/\/www.linkedin.com\/company\/kunstmuseum-wolfsburg\/","https:\/\/www.youtube.com\/user\/KunstmuseumWolfsburg","https:\/\/de.wikipedia.org\/wiki\/Kunstmuseum_Wolfsburg","https:\/\/www.facebook.com\/KunstmuseumWolfsburg","https:\/\/twitter.com\/kunstmuseumwob"],"logo":{"@type":"ImageObject","inLanguage":"en-US","@id":"https:\/\/www.kunstmuseum.de\/en\/#\/schema\/logo\/image\/","url":"https:\/\/www.kunstmuseum.de\/wp-content\/uploads\/2020\/05\/191125_KMW_Wortmarke_RGB_schwarz.svg","contentUrl":"https:\/\/www.kunstmuseum.de\/wp-content\/uploads\/2020\/05\/191125_KMW_Wortmarke_RGB_schwarz.svg","caption":"Kunstmuseum Wolfsburg"},"image":{"@id":"https:\/\/www.kunstmuseum.de\/en\/#\/schema\/logo\/image\/"}},{"@type":"WebSite","@id":"https:\/\/www.kunstmuseum.de\/en\/#website","url":"https:\/\/www.kunstmuseum.de\/en\/","name":"Kunstmuseum Wolfsburg","description":"","publisher":{"@id":"https:\/\/www.kunstmuseum.de\/en\/#organization"},"potentialAction":[{"@type":"SearchAction","target":{"@type":"EntryPoint","urlTemplate":"https:\/\/www.kunstmuseum.de\/en\/?s={search_term_string}"},"query-input":"required name=search_term_string"}],"inLanguage":"en-US"},{"@type":"WebPage","@id":"https:\/\/www.kunstmuseum.de\/en\/2021\/11\/volkswagen-art4all-trailer-zur-arte-sneak-preview\/","url":"https:\/\/www.kunstmuseum.de\/en\/2021\/11\/volkswagen-art4all-trailer-zur-arte-sneak-preview\/","name":"Volkswagen Art4All: Trailer zur ARTE-Sneak-Preview! - Kunstmuseum Wolfsburg","isPartOf":{"@id":"https:\/\/www.kunstmuseum.de\/en\/#website"},"datePublished":"2021-11-22T10:01:05+00:00","dateModified":"2024-04-26T12:03:31+00:00","breadcrumb":{"@id":"https:\/\/www.kunstmuseum.de\/en\/2021\/11\/volkswagen-art4all-trailer-zur-arte-sneak-preview\/#breadcrumb"},"inLanguage":"en-US","potentialAction":[{"@type":"ReadAction","target":["https:\/\/www.kunstmuseum.de\/en\/2021\/11\/volkswagen-art4all-trailer-zur-arte-sneak-preview\/"]}]},{"@type":"BreadcrumbList","@id":"https:\/\/www.kunstmuseum.de\/en\/2021\/11\/volkswagen-art4all-trailer-zur-arte-sneak-preview\/#breadcrumb","itemListElement":[{"@type":"ListItem","position":1,"name":"Startseite","item":"https:\/\/www.kunstmuseum.de\/en\/"},{"@type":"ListItem","position":2,"name":"Volkswagen Art4All: Trailer zur ARTE-Sneak-Preview!"}]},{"@type":"Article","@id":"https:\/\/www.kunstmuseum.de\/en\/2021\/11\/volkswagen-art4all-trailer-zur-arte-sneak-preview\/#article","isPartOf":{"@id":"https:\/\/www.kunstmuseum.de\/en\/2021\/11\/volkswagen-art4all-trailer-zur-arte-sneak-preview\/"},"author":{"name":"Nicole Sch\u00fctze","@id":"https:\/\/www.kunstmuseum.de\/en\/#\/schema\/person\/7ee33977dae5327ec305b473fe1bf8fe"},"headline":"Volkswagen Art4All: Trailer zur ARTE-Sneak-Preview!","datePublished":"2021-11-22T10:01:05+00:00","dateModified":"2024-04-26T12:03:31+00:00","mainEntityOfPage":{"@id":"https:\/\/www.kunstmuseum.de\/en\/2021\/11\/volkswagen-art4all-trailer-zur-arte-sneak-preview\/"},"wordCount":221,"publisher":{"@id":"https:\/\/www.kunstmuseum.de\/en\/#organization"},"keywords":["Oil"],"articleSection":["Unkategorisiert"],"inLanguage":"en-US"},{"@type":"Person","@id":"https:\/\/www.kunstmuseum.de\/en\/#\/schema\/person\/7ee33977dae5327ec305b473fe1bf8fe","name":"Nicole Sch\u00fctze","image":{"@type":"ImageObject","inLanguage":"en-US","@id":"https:\/\/www.kunstmuseum.de\/en\/#\/schema\/person\/image\/","url":"https:\/\/secure.gravatar.com\/avatar\/488cd67cf79ca3aea84d68828c3eca55?s=96&d=mm&r=g","contentUrl":"https:\/\/secure.gravatar.com\/avatar\/488cd67cf79ca3aea84d68828c3eca55?s=96&d=mm&r=g","caption":"Nicole Sch\u00fctze"}}]}},"_links":{"self":[{"href":"https:\/\/www.kunstmuseum.de\/en\/wp-json\/wp\/v2\/posts\/11769"}],"collection":[{"href":"https:\/\/www.kunstmuseum.de\/en\/wp-json\/wp\/v2\/posts"}],"about":[{"href":"https:\/\/www.kunstmuseum.de\/en\/wp-json\/wp\/v2\/types\/post"}],"author":[{"embeddable":true,"href":"https:\/\/www.kunstmuseum.de\/en\/wp-json\/wp\/v2\/users\/4"}],"replies":[{"embeddable":true,"href":"https:\/\/www.kunstmuseum.de\/en\/wp-json\/wp\/v2\/comments?post=11769"}],"version-history":[{"count":5,"href":"https:\/\/www.kunstmuseum.de\/en\/wp-json\/wp\/v2\/posts\/11769\/revisions"}],"predecessor-version":[{"id":13873,"href":"https:\/\/www.kunstmuseum.de\/en\/wp-json\/wp\/v2\/posts\/11769\/revisions\/13873"}],"wp:featuredmedia":[{"embeddable":true,"href":"https:\/\/www.kunstmuseum.de\/en\/wp-json\/wp\/v2\/media\/11772"}],"wp:attachment":[{"href":"https:\/\/www.kunstmuseum.de\/en\/wp-json\/wp\/v2\/media?parent=11769"}],"wp:term":[{"taxonomy":"category","embeddable":true,"href":"https:\/\/www.kunstmuseum.de\/en\/wp-json\/wp\/v2\/categories?post=11769"},{"taxonomy":"post_tag","embeddable":true,"href":"https:\/\/www.kunstmuseum.de\/en\/wp-json\/wp\/v2\/tags?post=11769"}],"curies":[{"name":"wp","href":"https:\/\/api.w.org\/{rel}","templated":true}]}}