{"id":15239,"date":"2022-07-06T14:50:24","date_gmt":"2022-07-06T12:50:24","guid":{"rendered":"https:\/\/www.kunstmuseum.de\/?p=15239"},"modified":"2026-01-27T08:08:40","modified_gmt":"2026-01-27T07:08:40","slug":"ein-grosser-unterstuetzer-feiert-ehrentag","status":"publish","type":"post","link":"https:\/\/www.kunstmuseum.de\/en\/2022\/07\/ein-grosser-unterstuetzer-feiert-ehrentag\/","title":{"rendered":"Ein gro\u00dfer Unterst\u00fctzer feiert Ehrentag"},"content":{"rendered":"\n<p>Das Kunst\u00admu\u00adseum Wolfsburg wurde im Jahr 1994 mit einer Retro\u00adspek\u00adtive des franz\u00f6\u00adsi\u00adschen K\u00fcnstlers Fernand L\u00e9ger er\u00f6ffnet und kann schon heute auf eine einzig\u00adar\u00adtige Geschichte mit einer Vielzahl ma\u00dfgeb\u00adli\u00adcher Ausstel\u00adlungen und Veran\u00adstal\u00adtungen zur\u00fcck\u00adbli\u00adcken. Es ist \u00fcber die Jahre gelungen, das Haus regional zu verankern und gleich\u00adzeitig inter\u00adna\u00adtional Beachtung zu finden. Das Museum ist der Kunst aus Gegenwart und Moderne gewidmet und es vereint die verschie\u00addensten Medien, angefangen von Malerei, \u00fcber Skulp\u00adturen und Fotografie, Video und neue Medien bis zu Mode und Design. Das imposante, moder\u00adnis\u00adti\u00adsche Geb\u00e4ude im Zentrum der Stadt gelegen, pr\u00e4sen\u00adtiert auf 3.500 qm Ausstel\u00adlungs\u00adfl\u00e4che sowohl wechselnde Ausstel\u00adlungen als auch Werke aus der umfang\u00adrei\u00adchen und stetig wachsenden Sammlung.<br><br>\u201eMan kann aus heutiger Sicht die Initia\u00adtive zur Gr\u00fcndung und zum Bau des Kunst\u00admu\u00adseum Wolfsburg gar nicht hoch genug anerkennen. Dass es Professor Hahn seiner\u00adzeit gelungen ist, die ma\u00dfgeb\u00adli\u00adchen Protago\u00adnisten zusam\u00admen\u00adzu\u00adbringen, war ein Genie\u00adstreich, der bis heute nachwirkt und Wolfsburg seitdem auf der inter\u00adna\u00adtio\u00adnalen Landkarte der Kunst verortet. Neben der Volks\u00adwagen AG und der Stadt Wolfsburg waren neben weiteren Spendern vor allem auch die Stifter Asta und Christian C. Holler ganz ma\u00dfgeb\u00adlich beteiligt, deren Stiftung bis zum heutigen Tag den Gro\u00dfteil des Betriebes unseres Museums gew\u00e4hr\u00adleistet. Vor diesem Hinter\u00adgrund freue ich mich sehr, dass wir Professor Hahn mit der B\u00fcste an promi\u00adnenter Stelle im Museum unseren Dank ausdr\u00fc\u00adcken k\u00f6nnen.\u201c &nbsp;Dr. Andreas Beitin, Direktor Kunst\u00admu\u00adseum Wolfsburg.<\/p>\n\n\n\n<div class=\"wp-block-columns\">\n<div class=\"wp-block-column\">\n<figure class=\"wp-block-image size-full is-style-default\"><img loading=\"lazy\" width=\"2560\" height=\"1032\" src=\"https:\/\/www.kunstmuseum.de\/wp-content\/uploads\/2022\/07\/220701_KMW_by_Kruszewski_218-3-scaled.jpg\" alt class=\"wp-image-15284\" srcset=\"https:\/\/www.kunstmuseum.de\/wp-content\/uploads\/2022\/07\/220701_KMW_by_Kruszewski_218-3-scaled.jpg 2560w, https:\/\/www.kunstmuseum.de\/wp-content\/uploads\/2022\/07\/220701_KMW_by_Kruszewski_218-3-300x121.jpg 300w, https:\/\/www.kunstmuseum.de\/wp-content\/uploads\/2022\/07\/220701_KMW_by_Kruszewski_218-3-1024x413.jpg 1024w, https:\/\/www.kunstmuseum.de\/wp-content\/uploads\/2022\/07\/220701_KMW_by_Kruszewski_218-3-768x310.jpg 768w, https:\/\/www.kunstmuseum.de\/wp-content\/uploads\/2022\/07\/220701_KMW_by_Kruszewski_218-3-1536x619.jpg 1536w, https:\/\/www.kunstmuseum.de\/wp-content\/uploads\/2022\/07\/220701_KMW_by_Kruszewski_218-3-2048x825.jpg 2048w, https:\/\/www.kunstmuseum.de\/wp-content\/uploads\/2022\/07\/220701_KMW_by_Kruszewski_218-3-1489x600.jpg 1489w, https:\/\/www.kunstmuseum.de\/wp-content\/uploads\/2022\/07\/220701_KMW_by_Kruszewski_218-3-100x40.jpg 100w\" sizes=\"(max-width: 2560px) 100vw, 2560px\"><\/figure>\n<\/div>\n<\/div>\n\n\n\n<div class=\"wp-block-columns\">\n<div class=\"wp-block-column\">\n<figure class=\"wp-block-image size-large\"><img loading=\"lazy\" width=\"1024\" height=\"683\" src=\"https:\/\/www.kunstmuseum.de\/wp-content\/uploads\/2022\/07\/220701_KMW_by_Kruszewski_107-1024x683.jpg\" alt class=\"wp-image-15240\" srcset=\"https:\/\/www.kunstmuseum.de\/wp-content\/uploads\/2022\/07\/220701_KMW_by_Kruszewski_107-1024x683.jpg 1024w, https:\/\/www.kunstmuseum.de\/wp-content\/uploads\/2022\/07\/220701_KMW_by_Kruszewski_107-300x200.jpg 300w, https:\/\/www.kunstmuseum.de\/wp-content\/uploads\/2022\/07\/220701_KMW_by_Kruszewski_107-768x512.jpg 768w, https:\/\/www.kunstmuseum.de\/wp-content\/uploads\/2022\/07\/220701_KMW_by_Kruszewski_107-1536x1025.jpg 1536w, https:\/\/www.kunstmuseum.de\/wp-content\/uploads\/2022\/07\/220701_KMW_by_Kruszewski_107-2048x1366.jpg 2048w, https:\/\/www.kunstmuseum.de\/wp-content\/uploads\/2022\/07\/220701_KMW_by_Kruszewski_107-900x600.jpg 900w, https:\/\/www.kunstmuseum.de\/wp-content\/uploads\/2022\/07\/220701_KMW_by_Kruszewski_107-100x67.jpg 100w\" sizes=\"(max-width: 1024px) 100vw, 1024px\"><\/figure>\n<\/div>\n\n\n\n<div class=\"wp-block-column\">\n<figure class=\"wp-block-image size-large\"><img loading=\"lazy\" width=\"1024\" height=\"683\" src=\"https:\/\/www.kunstmuseum.de\/wp-content\/uploads\/2022\/07\/220701_KMW_by_Kruszewski_367-1024x683.jpg\" alt class=\"wp-image-15242\" srcset=\"https:\/\/www.kunstmuseum.de\/wp-content\/uploads\/2022\/07\/220701_KMW_by_Kruszewski_367-1024x683.jpg 1024w, https:\/\/www.kunstmuseum.de\/wp-content\/uploads\/2022\/07\/220701_KMW_by_Kruszewski_367-300x200.jpg 300w, https:\/\/www.kunstmuseum.de\/wp-content\/uploads\/2022\/07\/220701_KMW_by_Kruszewski_367-768x512.jpg 768w, https:\/\/www.kunstmuseum.de\/wp-content\/uploads\/2022\/07\/220701_KMW_by_Kruszewski_367-1536x1025.jpg 1536w, https:\/\/www.kunstmuseum.de\/wp-content\/uploads\/2022\/07\/220701_KMW_by_Kruszewski_367-2048x1366.jpg 2048w, https:\/\/www.kunstmuseum.de\/wp-content\/uploads\/2022\/07\/220701_KMW_by_Kruszewski_367-900x600.jpg 900w, https:\/\/www.kunstmuseum.de\/wp-content\/uploads\/2022\/07\/220701_KMW_by_Kruszewski_367-100x67.jpg 100w\" sizes=\"(max-width: 1024px) 100vw, 1024px\"><\/figure>\n<\/div>\n\n\n\n<div class=\"wp-block-column\">\n<figure class=\"wp-block-image size-large\"><img loading=\"lazy\" width=\"1024\" height=\"683\" src=\"https:\/\/www.kunstmuseum.de\/wp-content\/uploads\/2022\/07\/220701_KMW_by_Kruszewski_469-1024x683.jpg\" alt class=\"wp-image-15244\" srcset=\"https:\/\/www.kunstmuseum.de\/wp-content\/uploads\/2022\/07\/220701_KMW_by_Kruszewski_469-1024x683.jpg 1024w, https:\/\/www.kunstmuseum.de\/wp-content\/uploads\/2022\/07\/220701_KMW_by_Kruszewski_469-300x200.jpg 300w, https:\/\/www.kunstmuseum.de\/wp-content\/uploads\/2022\/07\/220701_KMW_by_Kruszewski_469-768x512.jpg 768w, https:\/\/www.kunstmuseum.de\/wp-content\/uploads\/2022\/07\/220701_KMW_by_Kruszewski_469-1536x1025.jpg 1536w, https:\/\/www.kunstmuseum.de\/wp-content\/uploads\/2022\/07\/220701_KMW_by_Kruszewski_469-2048x1366.jpg 2048w, https:\/\/www.kunstmuseum.de\/wp-content\/uploads\/2022\/07\/220701_KMW_by_Kruszewski_469-900x600.jpg 900w, https:\/\/www.kunstmuseum.de\/wp-content\/uploads\/2022\/07\/220701_KMW_by_Kruszewski_469-100x67.jpg 100w\" sizes=\"(max-width: 1024px) 100vw, 1024px\"><\/figure>\n<\/div>\n<\/div>\n\n\n\n<div class=\"wp-block-columns\">\n<div class=\"wp-block-column\">\n<figure class=\"wp-block-image size-large\"><img loading=\"lazy\" width=\"1024\" height=\"683\" src=\"https:\/\/www.kunstmuseum.de\/wp-content\/uploads\/2022\/07\/220701_KMW_by_Kruszewski_499-1-1024x683.jpg\" alt class=\"wp-image-15293\" srcset=\"https:\/\/www.kunstmuseum.de\/wp-content\/uploads\/2022\/07\/220701_KMW_by_Kruszewski_499-1-1024x683.jpg 1024w, https:\/\/www.kunstmuseum.de\/wp-content\/uploads\/2022\/07\/220701_KMW_by_Kruszewski_499-1-300x200.jpg 300w, https:\/\/www.kunstmuseum.de\/wp-content\/uploads\/2022\/07\/220701_KMW_by_Kruszewski_499-1-768x512.jpg 768w, https:\/\/www.kunstmuseum.de\/wp-content\/uploads\/2022\/07\/220701_KMW_by_Kruszewski_499-1-1536x1025.jpg 1536w, https:\/\/www.kunstmuseum.de\/wp-content\/uploads\/2022\/07\/220701_KMW_by_Kruszewski_499-1-2048x1366.jpg 2048w, https:\/\/www.kunstmuseum.de\/wp-content\/uploads\/2022\/07\/220701_KMW_by_Kruszewski_499-1-900x600.jpg 900w, https:\/\/www.kunstmuseum.de\/wp-content\/uploads\/2022\/07\/220701_KMW_by_Kruszewski_499-1-100x67.jpg 100w\" sizes=\"(max-width: 1024px) 100vw, 1024px\"><\/figure>\n<\/div>\n\n\n\n<div class=\"wp-block-column\">\n<figure class=\"wp-block-image size-large\"><img loading=\"lazy\" width=\"1024\" height=\"683\" src=\"https:\/\/www.kunstmuseum.de\/wp-content\/uploads\/2022\/07\/220701_KMW_by_Kruszewski_170-3-1024x683.jpg\" alt class=\"wp-image-15295\" srcset=\"https:\/\/www.kunstmuseum.de\/wp-content\/uploads\/2022\/07\/220701_KMW_by_Kruszewski_170-3-1024x683.jpg 1024w, https:\/\/www.kunstmuseum.de\/wp-content\/uploads\/2022\/07\/220701_KMW_by_Kruszewski_170-3-300x200.jpg 300w, https:\/\/www.kunstmuseum.de\/wp-content\/uploads\/2022\/07\/220701_KMW_by_Kruszewski_170-3-768x512.jpg 768w, https:\/\/www.kunstmuseum.de\/wp-content\/uploads\/2022\/07\/220701_KMW_by_Kruszewski_170-3-1536x1025.jpg 1536w, https:\/\/www.kunstmuseum.de\/wp-content\/uploads\/2022\/07\/220701_KMW_by_Kruszewski_170-3-2048x1366.jpg 2048w, https:\/\/www.kunstmuseum.de\/wp-content\/uploads\/2022\/07\/220701_KMW_by_Kruszewski_170-3-900x600.jpg 900w, https:\/\/www.kunstmuseum.de\/wp-content\/uploads\/2022\/07\/220701_KMW_by_Kruszewski_170-3-100x67.jpg 100w\" sizes=\"(max-width: 1024px) 100vw, 1024px\"><\/figure>\n<\/div>\n\n\n\n<div class=\"wp-block-column\">\n<figure class=\"wp-block-image size-large\"><img loading=\"lazy\" width=\"1024\" height=\"683\" src=\"https:\/\/www.kunstmuseum.de\/wp-content\/uploads\/2022\/07\/220701_KMW_by_Kruszewski_380-2-1024x683.jpg\" alt class=\"wp-image-15304\" srcset=\"https:\/\/www.kunstmuseum.de\/wp-content\/uploads\/2022\/07\/220701_KMW_by_Kruszewski_380-2-1024x683.jpg 1024w, https:\/\/www.kunstmuseum.de\/wp-content\/uploads\/2022\/07\/220701_KMW_by_Kruszewski_380-2-300x200.jpg 300w, https:\/\/www.kunstmuseum.de\/wp-content\/uploads\/2022\/07\/220701_KMW_by_Kruszewski_380-2-768x512.jpg 768w, https:\/\/www.kunstmuseum.de\/wp-content\/uploads\/2022\/07\/220701_KMW_by_Kruszewski_380-2-1536x1025.jpg 1536w, https:\/\/www.kunstmuseum.de\/wp-content\/uploads\/2022\/07\/220701_KMW_by_Kruszewski_380-2-2048x1366.jpg 2048w, https:\/\/www.kunstmuseum.de\/wp-content\/uploads\/2022\/07\/220701_KMW_by_Kruszewski_380-2-900x600.jpg 900w, https:\/\/www.kunstmuseum.de\/wp-content\/uploads\/2022\/07\/220701_KMW_by_Kruszewski_380-2-100x67.jpg 100w\" sizes=\"(max-width: 1024px) 100vw, 1024px\"><\/figure>\n\n\n\n<p><\/p>\n<\/div>\n<\/div>\n\n\n\n<p class=\"has-small-font-size\">Fotos: Marek Kruszewski<\/p>\n","protected":false},"excerpt":{"rendered":"<p>Das Kunst\u00admu\u00adseum Wolfsburg wurde im Jahr 1994 mit einer Retro\u00adspek\u00adtive des franz\u00f6\u00adsi\u00adschen K\u00fcnstlers Fernand L\u00e9ger er\u00f6ffnet und kann schon heute auf eine einzig\u00adar\u00adtige Geschichte mit einer Vielzahl ma\u00dfgeb\u00adli\u00adcher Ausstel\u00adlungen und Veran\u00adstal\u00adtungen zur\u00fcck\u00adbli\u00adcken. Es ist \u00fcber die Jahre gelungen, das Haus regional zu verankern und gleich\u00adzeitig inter\u00adna\u00adtional Beachtung zu finden. Das Museum ist der Kunst&nbsp;aus&nbsp;[\u2026]<\/p>\n","protected":false},"author":1,"featured_media":15260,"comment_status":"closed","ping_status":"closed","sticky":false,"template":"","format":"standard","meta":{"wp_typography_post_enhancements_disabled":false,"kunstmuseum_formatted_page_title":""},"categories":[1],"tags":[456],"yoast_head":"<!-- This site is optimized with the Yoast SEO plugin v19.4 - https:\/\/yoast.com\/wordpress\/plugins\/seo\/ -->\n<title>Ein gro\u00dfer Unterst\u00fctzer feiert Ehrentag - Kunstmuseum Wolfsburg<\/title>\n<meta name=\"robots\" content=\"index, follow, max-snippet:-1, max-image-preview:large, max-video-preview:-1\" \/>\n<link rel=\"canonical\" href=\"https:\/\/www.kunstmuseum.de\/en\/2022\/07\/ein-grosser-unterstuetzer-feiert-ehrentag\/\" \/>\n<meta property=\"og:locale\" content=\"en_US\" \/>\n<meta property=\"og:type\" content=\"article\" \/>\n<meta property=\"og:title\" content=\"Ein gro\u00dfer Unterst\u00fctzer feiert Ehrentag - Kunstmuseum Wolfsburg\" \/>\n<meta property=\"og:description\" content=\"Das Kunst\u00admu\u00adseum Wolfsburg wurde im Jahr 1994 mit einer Retro\u00adspek\u00adtive des franz\u00f6\u00adsi\u00adschen K\u00fcnstlers Fernand L\u00e9ger er\u00f6ffnet und kann schon heute auf eine einzig\u00adar\u00adtige Geschichte mit einer Vielzahl ma\u00dfgeb\u00adli\u00adcher Ausstel\u00adlungen und Veran\u00adstal\u00adtungen zur\u00fcck\u00adbli\u00adcken. Es ist \u00fcber die Jahre gelungen, das Haus regional zu verankern und gleich\u00adzeitig inter\u00adna\u00adtional Beachtung zu finden. Das Museum ist der Kunst aus [&hellip;]\" \/>\n<meta property=\"og:url\" content=\"https:\/\/www.kunstmuseum.de\/en\/2022\/07\/ein-grosser-unterstuetzer-feiert-ehrentag\/\" \/>\n<meta property=\"og:site_name\" content=\"Kunstmuseum Wolfsburg\" \/>\n<meta property=\"article:publisher\" content=\"https:\/\/www.facebook.com\/KunstmuseumWolfsburg\" \/>\n<meta property=\"article:published_time\" content=\"2022-07-06T12:50:24+00:00\" \/>\n<meta property=\"article:modified_time\" content=\"2026-01-27T07:08:40+00:00\" \/>\n<meta property=\"og:image\" content=\"https:\/\/www.kunstmuseum.de\/wp-content\/uploads\/2022\/07\/220701_KMW_by_Kruszewski_324-scaled.jpg\" \/>\n\t<meta property=\"og:image:width\" content=\"2560\" \/>\n\t<meta property=\"og:image:height\" content=\"1707\" \/>\n\t<meta property=\"og:image:type\" content=\"image\/jpeg\" \/>\n<meta name=\"author\" content=\"mscg\" \/>\n<meta name=\"twitter:card\" content=\"summary_large_image\" \/>\n<meta name=\"twitter:creator\" content=\"@kunstmuseumwob\" \/>\n<meta name=\"twitter:site\" content=\"@kunstmuseumwob\" \/>\n<meta name=\"twitter:label1\" content=\"Written by\" \/>\n\t<meta name=\"twitter:data1\" content=\"mscg\" \/>\n<script type=\"application\/ld+json\" class=\"yoast-schema-graph\">{\"@context\":\"https:\/\/schema.org\",\"@graph\":[{\"@type\":\"Organization\",\"@id\":\"https:\/\/www.kunstmuseum.de\/en\/#organization\",\"name\":\"Kunstmuseum Wolfsburg\",\"url\":\"https:\/\/www.kunstmuseum.de\/en\/\",\"sameAs\":[\"https:\/\/www.instagram.com\/kunstmuseumwolfsburg\/\",\"https:\/\/www.linkedin.com\/company\/kunstmuseum-wolfsburg\/\",\"https:\/\/www.youtube.com\/user\/KunstmuseumWolfsburg\",\"https:\/\/de.wikipedia.org\/wiki\/Kunstmuseum_Wolfsburg\",\"https:\/\/www.facebook.com\/KunstmuseumWolfsburg\",\"https:\/\/twitter.com\/kunstmuseumwob\"],\"logo\":{\"@type\":\"ImageObject\",\"inLanguage\":\"en-US\",\"@id\":\"https:\/\/www.kunstmuseum.de\/en\/#\/schema\/logo\/image\/\",\"url\":\"https:\/\/www.kunstmuseum.de\/wp-content\/uploads\/2020\/05\/191125_KMW_Wortmarke_RGB_schwarz.svg\",\"contentUrl\":\"https:\/\/www.kunstmuseum.de\/wp-content\/uploads\/2020\/05\/191125_KMW_Wortmarke_RGB_schwarz.svg\",\"caption\":\"Kunstmuseum Wolfsburg\"},\"image\":{\"@id\":\"https:\/\/www.kunstmuseum.de\/en\/#\/schema\/logo\/image\/\"}},{\"@type\":\"WebSite\",\"@id\":\"https:\/\/www.kunstmuseum.de\/en\/#website\",\"url\":\"https:\/\/www.kunstmuseum.de\/en\/\",\"name\":\"Kunstmuseum Wolfsburg\",\"description\":\"\",\"publisher\":{\"@id\":\"https:\/\/www.kunstmuseum.de\/en\/#organization\"},\"potentialAction\":[{\"@type\":\"SearchAction\",\"target\":{\"@type\":\"EntryPoint\",\"urlTemplate\":\"https:\/\/www.kunstmuseum.de\/en\/?s={search_term_string}\"},\"query-input\":\"required name=search_term_string\"}],\"inLanguage\":\"en-US\"},{\"@type\":\"WebPage\",\"@id\":\"https:\/\/www.kunstmuseum.de\/en\/2022\/07\/ein-grosser-unterstuetzer-feiert-ehrentag\/\",\"url\":\"https:\/\/www.kunstmuseum.de\/en\/2022\/07\/ein-grosser-unterstuetzer-feiert-ehrentag\/\",\"name\":\"Ein gro\u00dfer Unterst\u00fctzer feiert Ehrentag - Kunstmuseum Wolfsburg\",\"isPartOf\":{\"@id\":\"https:\/\/www.kunstmuseum.de\/en\/#website\"},\"datePublished\":\"2022-07-06T12:50:24+00:00\",\"dateModified\":\"2026-01-27T07:08:40+00:00\",\"breadcrumb\":{\"@id\":\"https:\/\/www.kunstmuseum.de\/en\/2022\/07\/ein-grosser-unterstuetzer-feiert-ehrentag\/#breadcrumb\"},\"inLanguage\":\"en-US\",\"potentialAction\":[{\"@type\":\"ReadAction\",\"target\":[\"https:\/\/www.kunstmuseum.de\/en\/2022\/07\/ein-grosser-unterstuetzer-feiert-ehrentag\/\"]}]},{\"@type\":\"BreadcrumbList\",\"@id\":\"https:\/\/www.kunstmuseum.de\/en\/2022\/07\/ein-grosser-unterstuetzer-feiert-ehrentag\/#breadcrumb\",\"itemListElement\":[{\"@type\":\"ListItem\",\"position\":1,\"name\":\"Startseite\",\"item\":\"https:\/\/www.kunstmuseum.de\/en\/\"},{\"@type\":\"ListItem\",\"position\":2,\"name\":\"Ein gro\u00dfer Unterst\u00fctzer feiert Ehrentag\"}]},{\"@type\":\"Article\",\"@id\":\"https:\/\/www.kunstmuseum.de\/en\/2022\/07\/ein-grosser-unterstuetzer-feiert-ehrentag\/#article\",\"isPartOf\":{\"@id\":\"https:\/\/www.kunstmuseum.de\/en\/2022\/07\/ein-grosser-unterstuetzer-feiert-ehrentag\/\"},\"author\":{\"name\":\"mscg\",\"@id\":\"https:\/\/www.kunstmuseum.de\/en\/#\/schema\/person\/eeac1e727023a305b1736c7554afb16e\"},\"headline\":\"Ein gro\u00dfer Unterst\u00fctzer feiert Ehrentag\",\"datePublished\":\"2022-07-06T12:50:24+00:00\",\"dateModified\":\"2026-01-27T07:08:40+00:00\",\"mainEntityOfPage\":{\"@id\":\"https:\/\/www.kunstmuseum.de\/en\/2022\/07\/ein-grosser-unterstuetzer-feiert-ehrentag\/\"},\"wordCount\":249,\"publisher\":{\"@id\":\"https:\/\/www.kunstmuseum.de\/en\/#organization\"},\"keywords\":[\"News\"],\"articleSection\":[\"Unkategorisiert\"],\"inLanguage\":\"en-US\"},{\"@type\":\"Person\",\"@id\":\"https:\/\/www.kunstmuseum.de\/en\/#\/schema\/person\/eeac1e727023a305b1736c7554afb16e\",\"name\":\"mscg\",\"image\":{\"@type\":\"ImageObject\",\"inLanguage\":\"en-US\",\"@id\":\"https:\/\/www.kunstmuseum.de\/en\/#\/schema\/person\/image\/\",\"url\":\"https:\/\/secure.gravatar.com\/avatar\/ee8f6f256382e007cc5d83e1803883a1?s=96&d=mm&r=g\",\"contentUrl\":\"https:\/\/secure.gravatar.com\/avatar\/ee8f6f256382e007cc5d83e1803883a1?s=96&d=mm&r=g\",\"caption\":\"mscg\"}}]}<\/script>\n<!-- \/ Yoast SEO plugin. -->","yoast_head_json":{"title":"Ein gro\u00dfer Unterst\u00fctzer feiert Ehrentag - Kunstmuseum Wolfsburg","robots":{"index":"index","follow":"follow","max-snippet":"max-snippet:-1","max-image-preview":"max-image-preview:large","max-video-preview":"max-video-preview:-1"},"canonical":"https:\/\/www.kunstmuseum.de\/en\/2022\/07\/ein-grosser-unterstuetzer-feiert-ehrentag\/","og_locale":"en_US","og_type":"article","og_title":"Ein gro\u00dfer Unterst\u00fctzer feiert Ehrentag - Kunstmuseum Wolfsburg","og_description":"Das Kunst\u00admu\u00adseum Wolfsburg wurde im Jahr 1994 mit einer Retro\u00adspek\u00adtive des franz\u00f6\u00adsi\u00adschen K\u00fcnstlers Fernand L\u00e9ger er\u00f6ffnet und kann schon heute auf eine einzig\u00adar\u00adtige Geschichte mit einer Vielzahl ma\u00dfgeb\u00adli\u00adcher Ausstel\u00adlungen und Veran\u00adstal\u00adtungen zur\u00fcck\u00adbli\u00adcken. Es ist \u00fcber die Jahre gelungen, das Haus regional zu verankern und gleich\u00adzeitig inter\u00adna\u00adtional Beachtung zu finden. Das Museum ist der Kunst aus [&hellip;]","og_url":"https:\/\/www.kunstmuseum.de\/en\/2022\/07\/ein-grosser-unterstuetzer-feiert-ehrentag\/","og_site_name":"Kunstmuseum Wolfsburg","article_publisher":"https:\/\/www.facebook.com\/KunstmuseumWolfsburg","article_published_time":"2022-07-06T12:50:24+00:00","article_modified_time":"2026-01-27T07:08:40+00:00","og_image":[{"width":2560,"height":1707,"url":"https:\/\/www.kunstmuseum.de\/wp-content\/uploads\/2022\/07\/220701_KMW_by_Kruszewski_324-scaled.jpg","type":"image\/jpeg"}],"author":"mscg","twitter_card":"summary_large_image","twitter_creator":"@kunstmuseumwob","twitter_site":"@kunstmuseumwob","twitter_misc":{"Written by":"mscg"},"schema":{"@context":"https:\/\/schema.org","@graph":[{"@type":"Organization","@id":"https:\/\/www.kunstmuseum.de\/en\/#organization","name":"Kunstmuseum Wolfsburg","url":"https:\/\/www.kunstmuseum.de\/en\/","sameAs":["https:\/\/www.instagram.com\/kunstmuseumwolfsburg\/","https:\/\/www.linkedin.com\/company\/kunstmuseum-wolfsburg\/","https:\/\/www.youtube.com\/user\/KunstmuseumWolfsburg","https:\/\/de.wikipedia.org\/wiki\/Kunstmuseum_Wolfsburg","https:\/\/www.facebook.com\/KunstmuseumWolfsburg","https:\/\/twitter.com\/kunstmuseumwob"],"logo":{"@type":"ImageObject","inLanguage":"en-US","@id":"https:\/\/www.kunstmuseum.de\/en\/#\/schema\/logo\/image\/","url":"https:\/\/www.kunstmuseum.de\/wp-content\/uploads\/2020\/05\/191125_KMW_Wortmarke_RGB_schwarz.svg","contentUrl":"https:\/\/www.kunstmuseum.de\/wp-content\/uploads\/2020\/05\/191125_KMW_Wortmarke_RGB_schwarz.svg","caption":"Kunstmuseum Wolfsburg"},"image":{"@id":"https:\/\/www.kunstmuseum.de\/en\/#\/schema\/logo\/image\/"}},{"@type":"WebSite","@id":"https:\/\/www.kunstmuseum.de\/en\/#website","url":"https:\/\/www.kunstmuseum.de\/en\/","name":"Kunstmuseum Wolfsburg","description":"","publisher":{"@id":"https:\/\/www.kunstmuseum.de\/en\/#organization"},"potentialAction":[{"@type":"SearchAction","target":{"@type":"EntryPoint","urlTemplate":"https:\/\/www.kunstmuseum.de\/en\/?s={search_term_string}"},"query-input":"required name=search_term_string"}],"inLanguage":"en-US"},{"@type":"WebPage","@id":"https:\/\/www.kunstmuseum.de\/en\/2022\/07\/ein-grosser-unterstuetzer-feiert-ehrentag\/","url":"https:\/\/www.kunstmuseum.de\/en\/2022\/07\/ein-grosser-unterstuetzer-feiert-ehrentag\/","name":"Ein gro\u00dfer Unterst\u00fctzer feiert Ehrentag - Kunstmuseum Wolfsburg","isPartOf":{"@id":"https:\/\/www.kunstmuseum.de\/en\/#website"},"datePublished":"2022-07-06T12:50:24+00:00","dateModified":"2026-01-27T07:08:40+00:00","breadcrumb":{"@id":"https:\/\/www.kunstmuseum.de\/en\/2022\/07\/ein-grosser-unterstuetzer-feiert-ehrentag\/#breadcrumb"},"inLanguage":"en-US","potentialAction":[{"@type":"ReadAction","target":["https:\/\/www.kunstmuseum.de\/en\/2022\/07\/ein-grosser-unterstuetzer-feiert-ehrentag\/"]}]},{"@type":"BreadcrumbList","@id":"https:\/\/www.kunstmuseum.de\/en\/2022\/07\/ein-grosser-unterstuetzer-feiert-ehrentag\/#breadcrumb","itemListElement":[{"@type":"ListItem","position":1,"name":"Startseite","item":"https:\/\/www.kunstmuseum.de\/en\/"},{"@type":"ListItem","position":2,"name":"Ein gro\u00dfer Unterst\u00fctzer feiert Ehrentag"}]},{"@type":"Article","@id":"https:\/\/www.kunstmuseum.de\/en\/2022\/07\/ein-grosser-unterstuetzer-feiert-ehrentag\/#article","isPartOf":{"@id":"https:\/\/www.kunstmuseum.de\/en\/2022\/07\/ein-grosser-unterstuetzer-feiert-ehrentag\/"},"author":{"name":"mscg","@id":"https:\/\/www.kunstmuseum.de\/en\/#\/schema\/person\/eeac1e727023a305b1736c7554afb16e"},"headline":"Ein gro\u00dfer Unterst\u00fctzer feiert Ehrentag","datePublished":"2022-07-06T12:50:24+00:00","dateModified":"2026-01-27T07:08:40+00:00","mainEntityOfPage":{"@id":"https:\/\/www.kunstmuseum.de\/en\/2022\/07\/ein-grosser-unterstuetzer-feiert-ehrentag\/"},"wordCount":249,"publisher":{"@id":"https:\/\/www.kunstmuseum.de\/en\/#organization"},"keywords":["News"],"articleSection":["Unkategorisiert"],"inLanguage":"en-US"},{"@type":"Person","@id":"https:\/\/www.kunstmuseum.de\/en\/#\/schema\/person\/eeac1e727023a305b1736c7554afb16e","name":"mscg","image":{"@type":"ImageObject","inLanguage":"en-US","@id":"https:\/\/www.kunstmuseum.de\/en\/#\/schema\/person\/image\/","url":"https:\/\/secure.gravatar.com\/avatar\/ee8f6f256382e007cc5d83e1803883a1?s=96&d=mm&r=g","contentUrl":"https:\/\/secure.gravatar.com\/avatar\/ee8f6f256382e007cc5d83e1803883a1?s=96&d=mm&r=g","caption":"mscg"}}]}},"_links":{"self":[{"href":"https:\/\/www.kunstmuseum.de\/en\/wp-json\/wp\/v2\/posts\/15239"}],"collection":[{"href":"https:\/\/www.kunstmuseum.de\/en\/wp-json\/wp\/v2\/posts"}],"about":[{"href":"https:\/\/www.kunstmuseum.de\/en\/wp-json\/wp\/v2\/types\/post"}],"author":[{"embeddable":true,"href":"https:\/\/www.kunstmuseum.de\/en\/wp-json\/wp\/v2\/users\/1"}],"replies":[{"embeddable":true,"href":"https:\/\/www.kunstmuseum.de\/en\/wp-json\/wp\/v2\/comments?post=15239"}],"version-history":[{"count":11,"href":"https:\/\/www.kunstmuseum.de\/en\/wp-json\/wp\/v2\/posts\/15239\/revisions"}],"predecessor-version":[{"id":15306,"href":"https:\/\/www.kunstmuseum.de\/en\/wp-json\/wp\/v2\/posts\/15239\/revisions\/15306"}],"wp:featuredmedia":[{"embeddable":true,"href":"https:\/\/www.kunstmuseum.de\/en\/wp-json\/wp\/v2\/media\/15260"}],"wp:attachment":[{"href":"https:\/\/www.kunstmuseum.de\/en\/wp-json\/wp\/v2\/media?parent=15239"}],"wp:term":[{"taxonomy":"category","embeddable":true,"href":"https:\/\/www.kunstmuseum.de\/en\/wp-json\/wp\/v2\/categories?post=15239"},{"taxonomy":"post_tag","embeddable":true,"href":"https:\/\/www.kunstmuseum.de\/en\/wp-json\/wp\/v2\/tags?post=15239"}],"curies":[{"name":"wp","href":"https:\/\/api.w.org\/{rel}","templated":true}]}}