{"id":17149,"date":"2022-09-20T14:43:26","date_gmt":"2022-09-20T12:43:26","guid":{"rendered":"https:\/\/www.kunstmuseum.de\/?p=17149"},"modified":"2026-01-27T08:03:24","modified_gmt":"2026-01-27T07:03:24","slug":"sammlung-goetz-eroeffnet-kooperationsausstellung-babara-kasten-in-muenchen","status":"publish","type":"post","link":"https:\/\/www.kunstmuseum.de\/en\/2022\/09\/sammlung-goetz-eroeffnet-kooperationsausstellung-babara-kasten-in-muenchen\/","title":{"rendered":"Sammlung Goetz er\u00f6ffnet Kooperationsausstellung Barbara Kasten  in M\u00fcnchen"},"content":{"rendered":"\n<p> Nachdem die Ausstel\u00adlung <em>Barbara Kasten<\/em> im Jahr 2020 im Kunst\u00admu\u00adseum Wolfsburg zu sehen war,  wird sie nun in M\u00fcnchen in der Sammlung Goetz auf Basis eines eigenen kurato\u00adri\u00adschen Konzeptes vom 15. September 2022&nbsp;\u2013&nbsp;29. April 2023 pr\u00e4sen\u00adtiert. <br><br>Barbara Kasten (*1936) hat von den 1970er Jahren bis in die Gegenwart ein beein\u00addru\u00adckendes k\u00fcnst\u00adle\u00adri\u00adsches Werk geschaffen. Es umfasst Fotogra\u00adfien, Skulp\u00adturen, raumgrei\u00adfende Objekte bis hin zu komplexen Multi\u00admedia-Instal\u00adla\u00adtionen. Ihr Kunst\u00adstu\u00addium an der Univer\u00adsity of Arizona schloss sie 1959 als Malerin ab. <br><br>In ihrer Zeit in Deutsch\u00adland 1964\u20131967 lernte sie die Ideen des Bauhauses kennen, begeis\u00adterte sich f\u00fcr den inter\u00addis\u00adzi\u00adpli\u00adn\u00e4ren Ansatz und begann sich f\u00fcr die Wechsel\u00adwir\u00adkung von Archi\u00adtektur, Raum, Textil, B\u00fchne, Licht und Farbe zu inter\u00ades\u00adsieren.<br><br>Inspi\u00adriert von den Fotogrammen des Bauhaus\u00adleh\u00adrers L\u00e1zl\u00f3 Moholy-Nagy experi\u00admen\u00adtierte sie 1974 erstmals mit der kamera\u00adlosen Fotografie. Neben dem deutschen Bauhaus, dem russi\u00adschen Konstruk\u00adti\u00advismus und der ameri\u00adka\u00adni\u00adschen Minimal Art hatte die kalifor\u00adni\u00adsche Light-and-Space-Bewegung einen gro\u00dfen Einfluss auf ihr&nbsp;Werk.<\/p>\n\n\n\n<div class=\"wp-block-columns\">\n<div class=\"wp-block-column\">\n<figure class=\"wp-block-image size-large\"><img loading=\"lazy\" width=\"1024\" height=\"683\" src=\"https:\/\/www.kunstmuseum.de\/wp-content\/uploads\/2022\/09\/Kasten_2022-35-1024x683.jpg\" alt class=\"wp-image-17169\" srcset=\"https:\/\/www.kunstmuseum.de\/wp-content\/uploads\/2022\/09\/Kasten_2022-35-1024x683.jpg 1024w, https:\/\/www.kunstmuseum.de\/wp-content\/uploads\/2022\/09\/Kasten_2022-35-300x200.jpg 300w, https:\/\/www.kunstmuseum.de\/wp-content\/uploads\/2022\/09\/Kasten_2022-35-768x512.jpg 768w, https:\/\/www.kunstmuseum.de\/wp-content\/uploads\/2022\/09\/Kasten_2022-35-1536x1024.jpg 1536w, https:\/\/www.kunstmuseum.de\/wp-content\/uploads\/2022\/09\/Kasten_2022-35-2048x1365.jpg 2048w, https:\/\/www.kunstmuseum.de\/wp-content\/uploads\/2022\/09\/Kasten_2022-35-900x600.jpg 900w, https:\/\/www.kunstmuseum.de\/wp-content\/uploads\/2022\/09\/Kasten_2022-35-100x67.jpg 100w\" sizes=\"(max-width: 1024px) 100vw, 1024px\"><figcaption> In Koope\u00adra\u00adtion mit dem Kunst\u00admu\u00adseum Wolfsburg \u00a9 Barbara Kasten, courtesy Sammlung Goetz, Bortolami Gallery New York, Kadel Willborn, D\u00fcssel\u00addorf, Sammlung Philara D\u00fcssel\u00addorf, The Komal Shah &amp; Gaurav Garg Collec\u00adtion and Sammlung Goetz, M\u00fcnchen, photo: Johannes Haslinger&nbsp;<\/figcaption><\/figure>\n<\/div>\n\n\n\n<div class=\"wp-block-column\">\n<figure class=\"wp-block-image size-large\"><img loading=\"lazy\" width=\"1024\" height=\"683\" src=\"https:\/\/www.kunstmuseum.de\/wp-content\/uploads\/2022\/09\/Kasten_2022-42__2_-1024x683.jpg\" alt class=\"wp-image-17171\" srcset=\"https:\/\/www.kunstmuseum.de\/wp-content\/uploads\/2022\/09\/Kasten_2022-42__2_-1024x683.jpg 1024w, https:\/\/www.kunstmuseum.de\/wp-content\/uploads\/2022\/09\/Kasten_2022-42__2_-300x200.jpg 300w, https:\/\/www.kunstmuseum.de\/wp-content\/uploads\/2022\/09\/Kasten_2022-42__2_-768x512.jpg 768w, https:\/\/www.kunstmuseum.de\/wp-content\/uploads\/2022\/09\/Kasten_2022-42__2_-1536x1024.jpg 1536w, https:\/\/www.kunstmuseum.de\/wp-content\/uploads\/2022\/09\/Kasten_2022-42__2_-2048x1365.jpg 2048w, https:\/\/www.kunstmuseum.de\/wp-content\/uploads\/2022\/09\/Kasten_2022-42__2_-900x600.jpg 900w, https:\/\/www.kunstmuseum.de\/wp-content\/uploads\/2022\/09\/Kasten_2022-42__2_-100x67.jpg 100w\" sizes=\"(max-width: 1024px) 100vw, 1024px\"><figcaption> In Koope\u00adra\u00adtion mit dem Kunst\u00admu\u00adseum Wolfsburg \u00a9 Barbara Kasten, courtesy Sammlung Goetz, Bortolami Gallery New York, Kadel Willborn, D\u00fcssel\u00addorf, Sammlung Philara D\u00fcssel\u00addorf, The Komal Shah &amp; Gaurav Garg Collec\u00adtion and Sammlung Goetz, M\u00fcnchen, photo: Johannes Haslinger&nbsp;<\/figcaption><\/figure>\n<\/div>\n<\/div>\n\n\n\n<p>Die Ausstel\u00adlung&nbsp;<em>Barbara Kasten<\/em>&nbsp;ist die erste museale \u00dcberblicks\u00adaus\u00adstel\u00adlung der US-ameri\u00adka\u00adni\u00adschen K\u00fcnst\u00adlerin in Europa. Sie wurde durch das Kunst\u00admu\u00adseum Wolfsburg initiiert und in M\u00fcnchen in der Sammlung Goetz reali\u00adsiert. Die K\u00fcnst\u00adlerin entwi\u00adckelte daf\u00fcr ein eigenes Farbkon\u00adzept, das den Raum gliedert und die verschie\u00addenen Werkgruppen strukturiert.&nbsp;<\/p>\n\n\n\n<p> Im Zentrum der Ausstel\u00adlung stehen ihre abstrakt-geome\u00adtri\u00adschen Farbfo\u00adto\u00adgra\u00adfien der 1980er Jahre aus den Serien&nbsp;<em>Construct<\/em>&nbsp;und&nbsp;<em>Archi\u00adtec\u00adtural Site<\/em>, die sich dem Wechsel\u00adspiel von Licht und Schatten widmen und dabei neue Raumer\u00adfah\u00adrungen bieten. Dar\u00fcber hinaus sind weitere Werkgruppen, wie die&nbsp;<em>Photo\u00adgenic Paintings<\/em>, kamera\u00adlose Fotogra\u00adfien herge\u00adstellt mittels einer chemi\u00adschen Eisen\u00adl\u00f6\u00adsung,&nbsp;<em>Double Negative<\/em>, eine Serie von Silber\u00adge\u00adla\u00adti\u00adne\u00addru\u00adcken, Bildob\u00adjekte mit fluores\u00adzie\u00adrendem Plexiglas, sowie eine Video\u00adin\u00adstal\u00adla\u00adtion der K\u00fcnst\u00adlerin zu sehen, die ihren gattungs\u00ad\u00fcber\u00adgrei\u00adfenden k\u00fcnst\u00adle\u00adri\u00adschen Ansatz und ihre Lust am Experi\u00adment sichtbar machen.<\/p>\n\n\n\n<div class=\"wp-block-columns\">\n<div class=\"wp-block-column\">\n<figure class=\"wp-block-image size-large\"><img loading=\"lazy\" width=\"806\" height=\"1024\" src=\"https:\/\/www.kunstmuseum.de\/wp-content\/uploads\/2022\/09\/KasB_02-1-806x1024.jpg\" alt class=\"wp-image-17157\" srcset=\"https:\/\/www.kunstmuseum.de\/wp-content\/uploads\/2022\/09\/KasB_02-1-806x1024.jpg 806w, https:\/\/www.kunstmuseum.de\/wp-content\/uploads\/2022\/09\/KasB_02-1-236x300.jpg 236w, https:\/\/www.kunstmuseum.de\/wp-content\/uploads\/2022\/09\/KasB_02-1-768x976.jpg 768w, https:\/\/www.kunstmuseum.de\/wp-content\/uploads\/2022\/09\/KasB_02-1-1209x1536.jpg 1209w, https:\/\/www.kunstmuseum.de\/wp-content\/uploads\/2022\/09\/KasB_02-1-1612x2048.jpg 1612w, https:\/\/www.kunstmuseum.de\/wp-content\/uploads\/2022\/09\/KasB_02-1-472x600.jpg 472w, https:\/\/www.kunstmuseum.de\/wp-content\/uploads\/2022\/09\/KasB_02-1-100x127.jpg 100w, https:\/\/www.kunstmuseum.de\/wp-content\/uploads\/2022\/09\/KasB_02-1-300x381.jpg 300w, https:\/\/www.kunstmuseum.de\/wp-content\/uploads\/2022\/09\/KasB_02-1-scaled.jpg 2015w\" sizes=\"(max-width: 806px) 100vw, 806px\"><figcaption> Barbara Kasten, Construct XI\u2011A, 1981, Polacolor photo\u00adgraph, 25 x 20 cm, \u00a9 the artist, courtesy Sammlung Goetz, M\u00fcnchen&nbsp;<\/figcaption><\/figure>\n<\/div>\n\n\n\n<div class=\"wp-block-column\">\n<figure class=\"wp-block-image size-large\"><img loading=\"lazy\" width=\"806\" height=\"1024\" src=\"https:\/\/www.kunstmuseum.de\/wp-content\/uploads\/2022\/09\/KasB_12-2-806x1024.jpg\" alt class=\"wp-image-17161\" srcset=\"https:\/\/www.kunstmuseum.de\/wp-content\/uploads\/2022\/09\/KasB_12-2-806x1024.jpg 806w, https:\/\/www.kunstmuseum.de\/wp-content\/uploads\/2022\/09\/KasB_12-2-236x300.jpg 236w, https:\/\/www.kunstmuseum.de\/wp-content\/uploads\/2022\/09\/KasB_12-2-768x975.jpg 768w, https:\/\/www.kunstmuseum.de\/wp-content\/uploads\/2022\/09\/KasB_12-2-1209x1536.jpg 1209w, https:\/\/www.kunstmuseum.de\/wp-content\/uploads\/2022\/09\/KasB_12-2-1612x2048.jpg 1612w, https:\/\/www.kunstmuseum.de\/wp-content\/uploads\/2022\/09\/KasB_12-2-472x600.jpg 472w, https:\/\/www.kunstmuseum.de\/wp-content\/uploads\/2022\/09\/KasB_12-2-100x127.jpg 100w, https:\/\/www.kunstmuseum.de\/wp-content\/uploads\/2022\/09\/KasB_12-2-300x381.jpg 300w, https:\/\/www.kunstmuseum.de\/wp-content\/uploads\/2022\/09\/KasB_12-2-scaled.jpg 2016w\" sizes=\"(max-width: 806px) 100vw, 806px\"><figcaption> Barbara Kasten, Archi\u00adtec\u00adtural Site 3, Equitable Building New York, June 14, 1986, Cibachrome, 154x 120 cm, \u00a9 the artist, courtesy Sammlung Goetz, M\u00fcnchen&nbsp;<\/figcaption><\/figure>\n<\/div>\n\n\n\n<div class=\"wp-block-column\">\n<figure class=\"wp-block-image size-large is-resized\"><img loading=\"lazy\" src=\"https:\/\/www.kunstmuseum.de\/wp-content\/uploads\/2022\/09\/KasB_05-1-819x1024.jpg\" alt class=\"wp-image-17159\" width=\"591\" height=\"738\" srcset=\"https:\/\/www.kunstmuseum.de\/wp-content\/uploads\/2022\/09\/KasB_05-1-819x1024.jpg 819w, https:\/\/www.kunstmuseum.de\/wp-content\/uploads\/2022\/09\/KasB_05-1-240x300.jpg 240w, https:\/\/www.kunstmuseum.de\/wp-content\/uploads\/2022\/09\/KasB_05-1-768x960.jpg 768w, https:\/\/www.kunstmuseum.de\/wp-content\/uploads\/2022\/09\/KasB_05-1-1229x1536.jpg 1229w, https:\/\/www.kunstmuseum.de\/wp-content\/uploads\/2022\/09\/KasB_05-1-1639x2048.jpg 1639w, https:\/\/www.kunstmuseum.de\/wp-content\/uploads\/2022\/09\/KasB_05-1-480x600.jpg 480w, https:\/\/www.kunstmuseum.de\/wp-content\/uploads\/2022\/09\/KasB_05-1-100x125.jpg 100w, https:\/\/www.kunstmuseum.de\/wp-content\/uploads\/2022\/09\/KasB_05-1-300x375.jpg 300w, https:\/\/www.kunstmuseum.de\/wp-content\/uploads\/2022\/09\/KasB_05-1-scaled.jpg 2048w\" sizes=\"(max-width: 591px) 100vw, 591px\"><figcaption>Barbara Kasten, Construct PC XI, 1982, Polacolor photo\u00adgraph, 61 x 51 cm, Sammlung Goetz, M\u00fcnchen, \u00a9 the artist<\/figcaption><\/figure>\n<\/div>\n<\/div>\n\n\n\n<p> Zu der Koope\u00adra\u00adti\u00adons\u00adaus\u00adstel\u00adlung mit dem Kunst\u00admu\u00adseum Wolfsburg ist ein umfas\u00adsender zweispra\u00adchiger Katalog mit zahlrei\u00adchen farbigen Abbil\u00addungen, Essays und einem Interview mit der K\u00fcnst\u00adlerin im Verlag der Buchhand\u00adlung Walther K\u00f6nig erschienen, der in der Sammlung Goetz f\u00fcr 39,99 Euro erh\u00e4lt\u00adlich&nbsp;ist.&nbsp;<\/p>\n\n\n\n<p>Kurator: Karsten L\u00f6ckemann<br>Kurato\u00adri\u00adsche Assistenz: Pietro Tondello<br><br>Ausstel\u00adlungs\u00adzeit\u00adraum: 15.9.2022&nbsp;\u2013&nbsp;29.4.2023<\/p>\n","protected":false},"excerpt":{"rendered":"<p>Nachdem die Ausstel\u00adlung Barbara Kasten im Jahr 2020 im Kunst\u00admu\u00adseum Wolfsburg zu sehen war, wird sie nun in M\u00fcnchen in der Sammlung Goetz auf Basis eines eigenen kurato\u00adri\u00adschen Konzeptes vom 15. September 2022&nbsp;\u2013&nbsp;29. April 2023 pr\u00e4sen\u00adtiert.&nbsp; Barbara Kasten (*1936) hat von den 1970er Jahren bis in die Gegenwart ein beein\u00addru\u00adckendes k\u00fcnst\u00adle\u00adri\u00adsches Werk geschaffen. Es umfasst&nbsp;[\u2026]<\/p>\n","protected":false},"author":1,"featured_media":17175,"comment_status":"closed","ping_status":"closed","sticky":false,"template":"","format":"standard","meta":{"wp_typography_post_enhancements_disabled":false,"kunstmuseum_formatted_page_title":"Barbara Kasten"},"categories":[1],"tags":[239,549,550],"yoast_head":"<!-- This site is optimized with the Yoast SEO plugin v19.4 - https:\/\/yoast.com\/wordpress\/plugins\/seo\/ -->\n<title>Sammlung Goetz er\u00f6ffnet Kooperationsausstellung Barbara Kasten in M\u00fcnchen - Kunstmuseum Wolfsburg<\/title>\n<meta name=\"robots\" content=\"index, follow, max-snippet:-1, max-image-preview:large, max-video-preview:-1\" \/>\n<link rel=\"canonical\" href=\"https:\/\/www.kunstmuseum.de\/en\/2022\/09\/sammlung-goetz-eroeffnet-kooperationsausstellung-babara-kasten-in-muenchen\/\" \/>\n<meta property=\"og:locale\" content=\"en_US\" \/>\n<meta property=\"og:type\" content=\"article\" \/>\n<meta property=\"og:title\" content=\"Sammlung Goetz er\u00f6ffnet Kooperationsausstellung Barbara Kasten in M\u00fcnchen - Kunstmuseum Wolfsburg\" \/>\n<meta property=\"og:description\" content=\"Nachdem die Ausstel\u00adlung Barbara Kasten im Jahr 2020 im Kunst\u00admu\u00adseum Wolfsburg zu sehen war, wird sie nun in M\u00fcnchen in der Sammlung Goetz auf Basis eines eigenen kurato\u00adri\u00adschen Konzeptes vom 15. September 2022&nbsp;\u2013&nbsp;29. April 2023 pr\u00e4sentiert.&nbsp; Barbara Kasten (*1936) hat von den 1970er Jahren bis in die Gegenwart ein beein\u00addru\u00adckendes k\u00fcnst\u00adle\u00adri\u00adsches Werk geschaffen. Es umfasst [&hellip;]\" \/>\n<meta property=\"og:url\" content=\"https:\/\/www.kunstmuseum.de\/en\/2022\/09\/sammlung-goetz-eroeffnet-kooperationsausstellung-babara-kasten-in-muenchen\/\" \/>\n<meta property=\"og:site_name\" content=\"Kunstmuseum Wolfsburg\" \/>\n<meta property=\"article:publisher\" content=\"https:\/\/www.facebook.com\/KunstmuseumWolfsburg\" \/>\n<meta property=\"article:published_time\" content=\"2022-09-20T12:43:26+00:00\" \/>\n<meta property=\"article:modified_time\" content=\"2026-01-27T07:03:24+00:00\" \/>\n<meta property=\"og:image\" content=\"https:\/\/www.kunstmuseum.de\/wp-content\/uploads\/2022\/09\/Kasten_2022-31-3-scaled.jpg\" \/>\n\t<meta property=\"og:image:width\" content=\"2560\" \/>\n\t<meta property=\"og:image:height\" content=\"1707\" \/>\n\t<meta property=\"og:image:type\" content=\"image\/jpeg\" \/>\n<meta name=\"author\" content=\"mscg\" \/>\n<meta name=\"twitter:card\" content=\"summary_large_image\" \/>\n<meta name=\"twitter:creator\" content=\"@kunstmuseumwob\" \/>\n<meta name=\"twitter:site\" content=\"@kunstmuseumwob\" \/>\n<meta name=\"twitter:label1\" content=\"Written by\" \/>\n\t<meta name=\"twitter:data1\" content=\"mscg\" \/>\n\t<meta name=\"twitter:label2\" content=\"Est. reading time\" \/>\n\t<meta name=\"twitter:data2\" content=\"4 minutes\" \/>\n<script type=\"application\/ld+json\" class=\"yoast-schema-graph\">{\"@context\":\"https:\/\/schema.org\",\"@graph\":[{\"@type\":\"Organization\",\"@id\":\"https:\/\/www.kunstmuseum.de\/en\/#organization\",\"name\":\"Kunstmuseum Wolfsburg\",\"url\":\"https:\/\/www.kunstmuseum.de\/en\/\",\"sameAs\":[\"https:\/\/www.instagram.com\/kunstmuseumwolfsburg\/\",\"https:\/\/www.linkedin.com\/company\/kunstmuseum-wolfsburg\/\",\"https:\/\/www.youtube.com\/user\/KunstmuseumWolfsburg\",\"https:\/\/de.wikipedia.org\/wiki\/Kunstmuseum_Wolfsburg\",\"https:\/\/www.facebook.com\/KunstmuseumWolfsburg\",\"https:\/\/twitter.com\/kunstmuseumwob\"],\"logo\":{\"@type\":\"ImageObject\",\"inLanguage\":\"en-US\",\"@id\":\"https:\/\/www.kunstmuseum.de\/en\/#\/schema\/logo\/image\/\",\"url\":\"https:\/\/www.kunstmuseum.de\/wp-content\/uploads\/2020\/05\/191125_KMW_Wortmarke_RGB_schwarz.svg\",\"contentUrl\":\"https:\/\/www.kunstmuseum.de\/wp-content\/uploads\/2020\/05\/191125_KMW_Wortmarke_RGB_schwarz.svg\",\"caption\":\"Kunstmuseum Wolfsburg\"},\"image\":{\"@id\":\"https:\/\/www.kunstmuseum.de\/en\/#\/schema\/logo\/image\/\"}},{\"@type\":\"WebSite\",\"@id\":\"https:\/\/www.kunstmuseum.de\/en\/#website\",\"url\":\"https:\/\/www.kunstmuseum.de\/en\/\",\"name\":\"Kunstmuseum Wolfsburg\",\"description\":\"\",\"publisher\":{\"@id\":\"https:\/\/www.kunstmuseum.de\/en\/#organization\"},\"potentialAction\":[{\"@type\":\"SearchAction\",\"target\":{\"@type\":\"EntryPoint\",\"urlTemplate\":\"https:\/\/www.kunstmuseum.de\/en\/?s={search_term_string}\"},\"query-input\":\"required name=search_term_string\"}],\"inLanguage\":\"en-US\"},{\"@type\":\"WebPage\",\"@id\":\"https:\/\/www.kunstmuseum.de\/en\/2022\/09\/sammlung-goetz-eroeffnet-kooperationsausstellung-babara-kasten-in-muenchen\/\",\"url\":\"https:\/\/www.kunstmuseum.de\/en\/2022\/09\/sammlung-goetz-eroeffnet-kooperationsausstellung-babara-kasten-in-muenchen\/\",\"name\":\"Sammlung Goetz er\u00f6ffnet Kooperationsausstellung Barbara Kasten in M\u00fcnchen - Kunstmuseum Wolfsburg\",\"isPartOf\":{\"@id\":\"https:\/\/www.kunstmuseum.de\/en\/#website\"},\"datePublished\":\"2022-09-20T12:43:26+00:00\",\"dateModified\":\"2026-01-27T07:03:24+00:00\",\"breadcrumb\":{\"@id\":\"https:\/\/www.kunstmuseum.de\/en\/2022\/09\/sammlung-goetz-eroeffnet-kooperationsausstellung-babara-kasten-in-muenchen\/#breadcrumb\"},\"inLanguage\":\"en-US\",\"potentialAction\":[{\"@type\":\"ReadAction\",\"target\":[\"https:\/\/www.kunstmuseum.de\/en\/2022\/09\/sammlung-goetz-eroeffnet-kooperationsausstellung-babara-kasten-in-muenchen\/\"]}]},{\"@type\":\"BreadcrumbList\",\"@id\":\"https:\/\/www.kunstmuseum.de\/en\/2022\/09\/sammlung-goetz-eroeffnet-kooperationsausstellung-babara-kasten-in-muenchen\/#breadcrumb\",\"itemListElement\":[{\"@type\":\"ListItem\",\"position\":1,\"name\":\"Startseite\",\"item\":\"https:\/\/www.kunstmuseum.de\/en\/\"},{\"@type\":\"ListItem\",\"position\":2,\"name\":\"Sammlung Goetz er\u00f6ffnet Kooperationsausstellung Barbara Kasten in M\u00fcnchen\"}]},{\"@type\":\"Article\",\"@id\":\"https:\/\/www.kunstmuseum.de\/en\/2022\/09\/sammlung-goetz-eroeffnet-kooperationsausstellung-babara-kasten-in-muenchen\/#article\",\"isPartOf\":{\"@id\":\"https:\/\/www.kunstmuseum.de\/en\/2022\/09\/sammlung-goetz-eroeffnet-kooperationsausstellung-babara-kasten-in-muenchen\/\"},\"author\":{\"name\":\"mscg\",\"@id\":\"https:\/\/www.kunstmuseum.de\/en\/#\/schema\/person\/eeac1e727023a305b1736c7554afb16e\"},\"headline\":\"Sammlung Goetz er\u00f6ffnet Kooperationsausstellung Barbara Kasten in M\u00fcnchen\",\"datePublished\":\"2022-09-20T12:43:26+00:00\",\"dateModified\":\"2026-01-27T07:03:24+00:00\",\"mainEntityOfPage\":{\"@id\":\"https:\/\/www.kunstmuseum.de\/en\/2022\/09\/sammlung-goetz-eroeffnet-kooperationsausstellung-babara-kasten-in-muenchen\/\"},\"wordCount\":479,\"publisher\":{\"@id\":\"https:\/\/www.kunstmuseum.de\/en\/#organization\"},\"keywords\":[\"Barbara Kasten\",\"Kooperation\",\"Sammlung Goetz\"],\"articleSection\":[\"Unkategorisiert\"],\"inLanguage\":\"en-US\"},{\"@type\":\"Person\",\"@id\":\"https:\/\/www.kunstmuseum.de\/en\/#\/schema\/person\/eeac1e727023a305b1736c7554afb16e\",\"name\":\"mscg\",\"image\":{\"@type\":\"ImageObject\",\"inLanguage\":\"en-US\",\"@id\":\"https:\/\/www.kunstmuseum.de\/en\/#\/schema\/person\/image\/\",\"url\":\"https:\/\/secure.gravatar.com\/avatar\/ee8f6f256382e007cc5d83e1803883a1?s=96&d=mm&r=g\",\"contentUrl\":\"https:\/\/secure.gravatar.com\/avatar\/ee8f6f256382e007cc5d83e1803883a1?s=96&d=mm&r=g\",\"caption\":\"mscg\"}}]}<\/script>\n<!-- \/ Yoast SEO plugin. -->","yoast_head_json":{"title":"Sammlung Goetz er\u00f6ffnet Kooperationsausstellung Barbara Kasten in M\u00fcnchen - Kunstmuseum Wolfsburg","robots":{"index":"index","follow":"follow","max-snippet":"max-snippet:-1","max-image-preview":"max-image-preview:large","max-video-preview":"max-video-preview:-1"},"canonical":"https:\/\/www.kunstmuseum.de\/en\/2022\/09\/sammlung-goetz-eroeffnet-kooperationsausstellung-babara-kasten-in-muenchen\/","og_locale":"en_US","og_type":"article","og_title":"Sammlung Goetz er\u00f6ffnet Kooperationsausstellung Barbara Kasten in M\u00fcnchen - Kunstmuseum Wolfsburg","og_description":"Nachdem die Ausstel\u00adlung Barbara Kasten im Jahr 2020 im Kunst\u00admu\u00adseum Wolfsburg zu sehen war, wird sie nun in M\u00fcnchen in der Sammlung Goetz auf Basis eines eigenen kurato\u00adri\u00adschen Konzeptes vom 15. September 2022&nbsp;\u2013&nbsp;29. April 2023 pr\u00e4sentiert.&nbsp; Barbara Kasten (*1936) hat von den 1970er Jahren bis in die Gegenwart ein beein\u00addru\u00adckendes k\u00fcnst\u00adle\u00adri\u00adsches Werk geschaffen. Es umfasst [&hellip;]","og_url":"https:\/\/www.kunstmuseum.de\/en\/2022\/09\/sammlung-goetz-eroeffnet-kooperationsausstellung-babara-kasten-in-muenchen\/","og_site_name":"Kunstmuseum Wolfsburg","article_publisher":"https:\/\/www.facebook.com\/KunstmuseumWolfsburg","article_published_time":"2022-09-20T12:43:26+00:00","article_modified_time":"2026-01-27T07:03:24+00:00","og_image":[{"width":2560,"height":1707,"url":"https:\/\/www.kunstmuseum.de\/wp-content\/uploads\/2022\/09\/Kasten_2022-31-3-scaled.jpg","type":"image\/jpeg"}],"author":"mscg","twitter_card":"summary_large_image","twitter_creator":"@kunstmuseumwob","twitter_site":"@kunstmuseumwob","twitter_misc":{"Written by":"mscg","Est. reading time":"4 minutes"},"schema":{"@context":"https:\/\/schema.org","@graph":[{"@type":"Organization","@id":"https:\/\/www.kunstmuseum.de\/en\/#organization","name":"Kunstmuseum Wolfsburg","url":"https:\/\/www.kunstmuseum.de\/en\/","sameAs":["https:\/\/www.instagram.com\/kunstmuseumwolfsburg\/","https:\/\/www.linkedin.com\/company\/kunstmuseum-wolfsburg\/","https:\/\/www.youtube.com\/user\/KunstmuseumWolfsburg","https:\/\/de.wikipedia.org\/wiki\/Kunstmuseum_Wolfsburg","https:\/\/www.facebook.com\/KunstmuseumWolfsburg","https:\/\/twitter.com\/kunstmuseumwob"],"logo":{"@type":"ImageObject","inLanguage":"en-US","@id":"https:\/\/www.kunstmuseum.de\/en\/#\/schema\/logo\/image\/","url":"https:\/\/www.kunstmuseum.de\/wp-content\/uploads\/2020\/05\/191125_KMW_Wortmarke_RGB_schwarz.svg","contentUrl":"https:\/\/www.kunstmuseum.de\/wp-content\/uploads\/2020\/05\/191125_KMW_Wortmarke_RGB_schwarz.svg","caption":"Kunstmuseum Wolfsburg"},"image":{"@id":"https:\/\/www.kunstmuseum.de\/en\/#\/schema\/logo\/image\/"}},{"@type":"WebSite","@id":"https:\/\/www.kunstmuseum.de\/en\/#website","url":"https:\/\/www.kunstmuseum.de\/en\/","name":"Kunstmuseum Wolfsburg","description":"","publisher":{"@id":"https:\/\/www.kunstmuseum.de\/en\/#organization"},"potentialAction":[{"@type":"SearchAction","target":{"@type":"EntryPoint","urlTemplate":"https:\/\/www.kunstmuseum.de\/en\/?s={search_term_string}"},"query-input":"required name=search_term_string"}],"inLanguage":"en-US"},{"@type":"WebPage","@id":"https:\/\/www.kunstmuseum.de\/en\/2022\/09\/sammlung-goetz-eroeffnet-kooperationsausstellung-babara-kasten-in-muenchen\/","url":"https:\/\/www.kunstmuseum.de\/en\/2022\/09\/sammlung-goetz-eroeffnet-kooperationsausstellung-babara-kasten-in-muenchen\/","name":"Sammlung Goetz er\u00f6ffnet Kooperationsausstellung Barbara Kasten in M\u00fcnchen - Kunstmuseum Wolfsburg","isPartOf":{"@id":"https:\/\/www.kunstmuseum.de\/en\/#website"},"datePublished":"2022-09-20T12:43:26+00:00","dateModified":"2026-01-27T07:03:24+00:00","breadcrumb":{"@id":"https:\/\/www.kunstmuseum.de\/en\/2022\/09\/sammlung-goetz-eroeffnet-kooperationsausstellung-babara-kasten-in-muenchen\/#breadcrumb"},"inLanguage":"en-US","potentialAction":[{"@type":"ReadAction","target":["https:\/\/www.kunstmuseum.de\/en\/2022\/09\/sammlung-goetz-eroeffnet-kooperationsausstellung-babara-kasten-in-muenchen\/"]}]},{"@type":"BreadcrumbList","@id":"https:\/\/www.kunstmuseum.de\/en\/2022\/09\/sammlung-goetz-eroeffnet-kooperationsausstellung-babara-kasten-in-muenchen\/#breadcrumb","itemListElement":[{"@type":"ListItem","position":1,"name":"Startseite","item":"https:\/\/www.kunstmuseum.de\/en\/"},{"@type":"ListItem","position":2,"name":"Sammlung Goetz er\u00f6ffnet Kooperationsausstellung Barbara Kasten in M\u00fcnchen"}]},{"@type":"Article","@id":"https:\/\/www.kunstmuseum.de\/en\/2022\/09\/sammlung-goetz-eroeffnet-kooperationsausstellung-babara-kasten-in-muenchen\/#article","isPartOf":{"@id":"https:\/\/www.kunstmuseum.de\/en\/2022\/09\/sammlung-goetz-eroeffnet-kooperationsausstellung-babara-kasten-in-muenchen\/"},"author":{"name":"mscg","@id":"https:\/\/www.kunstmuseum.de\/en\/#\/schema\/person\/eeac1e727023a305b1736c7554afb16e"},"headline":"Sammlung Goetz er\u00f6ffnet Kooperationsausstellung Barbara Kasten in M\u00fcnchen","datePublished":"2022-09-20T12:43:26+00:00","dateModified":"2026-01-27T07:03:24+00:00","mainEntityOfPage":{"@id":"https:\/\/www.kunstmuseum.de\/en\/2022\/09\/sammlung-goetz-eroeffnet-kooperationsausstellung-babara-kasten-in-muenchen\/"},"wordCount":479,"publisher":{"@id":"https:\/\/www.kunstmuseum.de\/en\/#organization"},"keywords":["Barbara Kasten","Kooperation","Sammlung Goetz"],"articleSection":["Unkategorisiert"],"inLanguage":"en-US"},{"@type":"Person","@id":"https:\/\/www.kunstmuseum.de\/en\/#\/schema\/person\/eeac1e727023a305b1736c7554afb16e","name":"mscg","image":{"@type":"ImageObject","inLanguage":"en-US","@id":"https:\/\/www.kunstmuseum.de\/en\/#\/schema\/person\/image\/","url":"https:\/\/secure.gravatar.com\/avatar\/ee8f6f256382e007cc5d83e1803883a1?s=96&d=mm&r=g","contentUrl":"https:\/\/secure.gravatar.com\/avatar\/ee8f6f256382e007cc5d83e1803883a1?s=96&d=mm&r=g","caption":"mscg"}}]}},"_links":{"self":[{"href":"https:\/\/www.kunstmuseum.de\/en\/wp-json\/wp\/v2\/posts\/17149"}],"collection":[{"href":"https:\/\/www.kunstmuseum.de\/en\/wp-json\/wp\/v2\/posts"}],"about":[{"href":"https:\/\/www.kunstmuseum.de\/en\/wp-json\/wp\/v2\/types\/post"}],"author":[{"embeddable":true,"href":"https:\/\/www.kunstmuseum.de\/en\/wp-json\/wp\/v2\/users\/1"}],"replies":[{"embeddable":true,"href":"https:\/\/www.kunstmuseum.de\/en\/wp-json\/wp\/v2\/comments?post=17149"}],"version-history":[{"count":13,"href":"https:\/\/www.kunstmuseum.de\/en\/wp-json\/wp\/v2\/posts\/17149\/revisions"}],"predecessor-version":[{"id":32667,"href":"https:\/\/www.kunstmuseum.de\/en\/wp-json\/wp\/v2\/posts\/17149\/revisions\/32667"}],"wp:featuredmedia":[{"embeddable":true,"href":"https:\/\/www.kunstmuseum.de\/en\/wp-json\/wp\/v2\/media\/17175"}],"wp:attachment":[{"href":"https:\/\/www.kunstmuseum.de\/en\/wp-json\/wp\/v2\/media?parent=17149"}],"wp:term":[{"taxonomy":"category","embeddable":true,"href":"https:\/\/www.kunstmuseum.de\/en\/wp-json\/wp\/v2\/categories?post=17149"},{"taxonomy":"post_tag","embeddable":true,"href":"https:\/\/www.kunstmuseum.de\/en\/wp-json\/wp\/v2\/tags?post=17149"}],"curies":[{"name":"wp","href":"https:\/\/api.w.org\/{rel}","templated":true}]}}