{"id":19247,"date":"2022-12-12T14:59:57","date_gmt":"2022-12-12T13:59:57","guid":{"rendered":"https:\/\/www.kunstmuseum.de\/?p=19247"},"modified":"2026-01-27T08:00:26","modified_gmt":"2026-01-27T07:00:26","slug":"kunstmuseum-wolfsburg-ausblick-2023","status":"publish","type":"post","link":"https:\/\/www.kunstmuseum.de\/en\/2022\/12\/kunstmuseum-wolfsburg-ausblick-2023\/","title":{"rendered":"Kunstmuseum Wolfsburg: Ausblick 2023"},"content":{"rendered":"\n<p style=\"font-size:14px\">Mathieu Mercier, Still Untitled, 2000, Sperr\u00adholz\u00adplatte, \u00d6lfarbe, Farbfolie, Isolier\u00adband, 58 x 50 cm, Privat\u00adsamm\u00adlung, \u00a9 VG Bild-Kunst, Bonn 2023 Foto: Privatsammlung<\/p>\n\n\n\n<p><strong>2023 wird ein Jahr voller au\u00dfer\u00adge\u00adw\u00f6hn\u00adli\u00adcher k\u00fcnst\u00adle\u00adri\u00adscher Positionen: vom Medien\u00adstar Piet Mondrian und seine Folgen, \u00fcber faszi\u00adnie\u00adrende Gemein\u00adschafts\u00adwerke von Freund*innen, engen Vertrauten, Liebes\u00adpaaren oder auch Konkurrent*innen zu der kanadisch-franz\u00f6\u00adsi\u00adschen K\u00fcnst\u00adlerin Kapwani Kiwanga mit ihren kontem\u00adpla\u00adtiven gro\u00dffor\u00adma\u00adtigen Instal\u00adla\u00adtionen zu den fragilen Wundern von Dokumen\u00adtar\u00adfo\u00adto\u00adgraf Paolo Pellegrin.<\/strong><\/p>\n\n\n\n<div class=\"wp-container-1 wp-block-buttons\">\n<div class=\"wp-block-button is-style-outline\"><a class=\"wp-block-button__link\" href=\"https:\/\/www.kunstmuseum.de\/jahreszeitung-2023\/\">Jahres\u00adzei\u00adtung&nbsp;2023<\/a><\/div>\n<\/div>\n\n\n\n<p>Mit&nbsp;<strong><em>Re-Inventing Piet. Mondrian und die Folgen<\/em> (11. M\u00e4rz \u2013 16. Juli 2023)<\/strong> startet das Kunst\u00admu\u00adseum Wolfsburg im M\u00e4rz mit einem ersten Highlight. Die Schau zeigt ausgehend von Werken aus Piet Mondrians bekann\u00adtester Schaf\u00adfens\u00adphase der \u201eNeuen Gestal\u00adtung\u201c, wie vielf\u00e4ltig und umfassend sein ikoni\u00adscher Stil von der Mode, dem Design, der Archi\u00adtektur, der Konsum\u00adkultur und vor allem von der Kunst selbst zitiert, variiert und adaptiert worden ist \u2013 ein ganzer Kosmos an Hommagen, intel\u00adli\u00adgenten Neuin\u00adter\u00adpre\u00adta\u00adtionen oder Persiflagen.<\/p>\n\n\n\n<figure class=\"wp-block-image alignwide size-full\"><img loading=\"lazy\" width=\"496\" height=\"608\" src=\"https:\/\/www.kunstmuseum.de\/wp-content\/uploads\/2022\/12\/Dummy_Taeuber-Arp-Sophie_Composition-verticale-horizontale_1915\u20131916_STARB-ID_31.jpg\" alt class=\"wp-image-19269\" srcset=\"https:\/\/www.kunstmuseum.de\/wp-content\/uploads\/2022\/12\/Dummy_Taeuber-Arp-Sophie_Composition-verticale-horizontale_1915\u20131916_STARB-ID_31.jpg 496w, https:\/\/www.kunstmuseum.de\/wp-content\/uploads\/2022\/12\/Dummy_Taeuber-Arp-Sophie_Composition-verticale-horizontale_1915\u20131916_STARB-ID_31-245x300.jpg 245w, https:\/\/www.kunstmuseum.de\/wp-content\/uploads\/2022\/12\/Dummy_Taeuber-Arp-Sophie_Composition-verticale-horizontale_1915\u20131916_STARB-ID_31-489x600.jpg 489w, https:\/\/www.kunstmuseum.de\/wp-content\/uploads\/2022\/12\/Dummy_Taeuber-Arp-Sophie_Composition-verticale-horizontale_1915\u20131916_STARB-ID_31-100x123.jpg 100w, https:\/\/www.kunstmuseum.de\/wp-content\/uploads\/2022\/12\/Dummy_Taeuber-Arp-Sophie_Composition-verticale-horizontale_1915\u20131916_STARB-ID_31-300x368.jpg 300w\" sizes=\"(max-width: 496px) 100vw, 496px\"><figcaption>Sophie Taeuber-Arp,&nbsp;<em>Compo\u00adsi\u00adtion verticale-horizon\u00adtale<\/em>, 1915\u20131916, Farbstift und Bleistift auf Papier, 23,7 x 19,3 cm, Stiftung Arp e. V., Berlin\/Rolandswerth<\/figcaption><\/figure>\n\n\n\n<p>Die Ausstel\u00adlung <strong><em>Freund\u00adschaften. Gemein\u00adschafts\u00adwerke von Dada bis heute<\/em> (14. Mai \u2013 24. September 2023)<\/strong> befasst sich mit einem faszi\u00adnie\u00adrenden k\u00fcnst\u00adle\u00adri\u00adschen Ph\u00e4nomen: dem gemein\u00adsamen Schaffen von Kunst\u00adwerken. Die in Koope\u00adra\u00adtion mit dem Mucem in Marseille entstan\u00addene Schau zeigt zahlreiche Kunst\u00adwerke inter\u00adna\u00adtional bedeu\u00adtender K\u00fcnstler*innen, wie Salvador Dal\u00ed, Jenny Holzer oder Martin Kippen\u00adberger. Teils spontan, teils \u00fcber einen l\u00e4ngeren Zeitraum hinweg haben die verschie\u00addenen K\u00fcnstler*innen in unter\u00adschied\u00adli\u00adchen Konstel\u00adla\u00adtionen immer wieder gemeinsam Kunst\u00adwerke erschaffen \u2013 von klein\u00adfor\u00adma\u00adtigen, vom Zufall bestimmten Faltzeich\u00adnungen \u00fcber Skulp\u00adturen bis hin zu monumen\u00adtalen Gem\u00e4lden. Sowohl bei <em>Re-Inventing Piet. Mondrian und die Folgen<\/em> als auch bei <em>Freund\u00adschaften<\/em> werden bedeu\u00adtende k\u00fcnst\u00adle\u00adri\u00adsche Praxen unter\u00adsucht und vorge\u00adstellt, die nicht nur f\u00fcr die Kunst eine eminente Rolle spielen, sondern auch im t\u00e4glichen Leben einen Nieder\u00adschlag finden, wie etwa im Copy-and-paste-Verfahren und im kollek\u00adtiven Arbeiten.<\/p>\n\n\n\n<figure class=\"wp-block-image alignwide size-full\"><img loading=\"lazy\" width=\"545\" height=\"722\" src=\"https:\/\/www.kunstmuseum.de\/wp-content\/uploads\/2022\/12\/Freundshchaften_Web.jpg\" alt class=\"wp-image-19407\" srcset=\"https:\/\/www.kunstmuseum.de\/wp-content\/uploads\/2022\/12\/Freundshchaften_Web.jpg 545w, https:\/\/www.kunstmuseum.de\/wp-content\/uploads\/2022\/12\/Freundshchaften_Web-226x300.jpg 226w, https:\/\/www.kunstmuseum.de\/wp-content\/uploads\/2022\/12\/Freundshchaften_Web-453x600.jpg 453w, https:\/\/www.kunstmuseum.de\/wp-content\/uploads\/2022\/12\/Freundshchaften_Web-100x132.jpg 100w, https:\/\/www.kunstmuseum.de\/wp-content\/uploads\/2022\/12\/Freundshchaften_Web-300x397.jpg 300w\" sizes=\"(max-width: 545px) 100vw, 545px\"><figcaption>Nusch \u00c9luard, Paul \u00c9luard und unbekannt,<strong> <\/strong><em>Cadavre exquis<\/em>, ca. 1930 Buntstift auf schwarzem Papier, 32,5 \u00d7 24 cm Sammlung David und Marcel Fleiss, Galerie 1900\u22122000, Paris, Foto: Galerie 1900\u20132000, Paris<\/figcaption><\/figure>\n\n\n\n<p>Ein weiteres Highlight folgt im sp\u00e4t Sommer mit der gro\u00dfen Einzel\u00adaus\u00adstel\u00adlung der kanadisch-franz\u00f6\u00adsi\u00adschen K\u00fcnst\u00adlerin <strong>Kapwani Kiwanga (16. September 2023 \u2013 7. Januar 2024)<\/strong>. Das Kunst\u00admu\u00adseum Wolfsburg hat sich genau zum richtigen Zeitpunkt entschieden, mit ihr die erste umfas\u00adsende Museums\u00adschau in Deutsch\u00adland zu reali\u00adsieren: Kiwangas beein\u00addru\u00adckender Auftritt auf der letzten Biennale von Venedig, die Auszeich\u00adnung mit dem Zurich Art Prize 2022 sowie die folgende Einzel\u00adaus\u00adstel\u00adlung im New Museum in New York haben unsere Entschei\u00addung best\u00e4tigt. Kapwani Kiwanga wird in der ihr eigenen \u00c4sthetik und mit teils extra konzi\u00adpierten gro\u00dffor\u00adma\u00adtigen Instal\u00adla\u00adtionen die Halle in einen kontem\u00adpla\u00adtiven, aber zugleich auch diskursiv aufge\u00adla\u00addenen Ort verwandeln.<\/p>\n\n\n\n<figure class=\"wp-block-image alignwide size-large\"><img loading=\"lazy\" width=\"1024\" height=\"683\" src=\"https:\/\/www.kunstmuseum.de\/wp-content\/uploads\/2022\/12\/KapwaniKiwangaPinkBluePowerPlant1-Kopie-1024x683.jpg\" alt class=\"wp-image-19262\" srcset=\"https:\/\/www.kunstmuseum.de\/wp-content\/uploads\/2022\/12\/KapwaniKiwangaPinkBluePowerPlant1-Kopie-1024x683.jpg 1024w, https:\/\/www.kunstmuseum.de\/wp-content\/uploads\/2022\/12\/KapwaniKiwangaPinkBluePowerPlant1-Kopie-300x200.jpg 300w, https:\/\/www.kunstmuseum.de\/wp-content\/uploads\/2022\/12\/KapwaniKiwangaPinkBluePowerPlant1-Kopie-768x512.jpg 768w, https:\/\/www.kunstmuseum.de\/wp-content\/uploads\/2022\/12\/KapwaniKiwangaPinkBluePowerPlant1-Kopie-1536x1024.jpg 1536w, https:\/\/www.kunstmuseum.de\/wp-content\/uploads\/2022\/12\/KapwaniKiwangaPinkBluePowerPlant1-Kopie-2048x1365.jpg 2048w, https:\/\/www.kunstmuseum.de\/wp-content\/uploads\/2022\/12\/KapwaniKiwangaPinkBluePowerPlant1-Kopie-900x600.jpg 900w, https:\/\/www.kunstmuseum.de\/wp-content\/uploads\/2022\/12\/KapwaniKiwangaPinkBluePowerPlant1-Kopie-100x67.jpg 100w\" sizes=\"(max-width: 1024px) 100vw, 1024px\"><figcaption>Kapwani Kiwanga,<strong> <\/strong><em>pink-blue<\/em>, 2017 Baker-Miller rosa Farbe, wei\u00dfe Farbe, wei\u00dfe Leucht\u00adstoff\u00adr\u00f6hren, blaue Leucht\u00adstoff\u00adr\u00f6hren, Ma\u00dfe variabel, Instal\u00adla\u00adti\u00adons\u00adan\u00adsicht, <em>A wall is just a wall<\/em>, The Power Plant, Toronto (CA), 2017 \u00a9 Kapwani Kiwanga, Courtesy die K\u00fcnst\u00adlerin und Goodman Gallery, Kapstadt, Johan\u00adnes\u00adburg, London\/Galerie Poggi, Paris\/Galerie Tanja Wagner, Berlin Foto: Tony Hafkenscheid<\/figcaption><\/figure>\n\n\n\n<p>Der Ausstel\u00adlungs\u00adreigen des Jahres 2023 setzt sich dann im Herbst fort mit der Schau <strong><em>Paolo Pellegrin. Fragile Wunder <\/em>(25. November 2023 \u2013 17. M\u00e4rz 2024)<\/strong>.<a> <\/a>Der 1964 in Rom geborene Pellegrin \u2013 seit 2005 Mitglied der Fotoagentur Magnum \u2013 wurde mit unz\u00e4h\u00adligen hochka\u00adr\u00e4\u00adtigen Preisen ausge\u00adzeichnet und ist einer der ber\u00fchm\u00adtesten Dokumen\u00adtar\u00adfo\u00adto\u00adgrafen unserer Zeit. In seiner Ausstel\u00adlung zeigen wir erstmals in Deutsch\u00adland zu sehende Bilder, die von der Sch\u00f6nheit, aber auch Fragi\u00adlit\u00e4t der Natur auf unserem Planeten berichten und von der Bedeutung, diese Werte f\u00fcr uns und k\u00fcnftige Genera\u00adtionen zu erhalten. Dabei gelingt es ihm auf eindrucks\u00advolle Weise, durch die Trans\u00adfor\u00adma\u00adtion des auf aller Welt Gesehenen, immer wieder die Grenzen zur Kunst\u00adfo\u00adto\u00adgrafie zu \u00fcberschreiten.<\/p>\n\n\n\n<figure class=\"wp-block-image alignwide size-large\"><img loading=\"lazy\" width=\"1024\" height=\"768\" src=\"https:\/\/www.kunstmuseum.de\/wp-content\/uploads\/2022\/12\/MG1129794-1024x768.jpg\" alt class=\"wp-image-19265\" srcset=\"https:\/\/www.kunstmuseum.de\/wp-content\/uploads\/2022\/12\/MG1129794-1024x768.jpg 1024w, https:\/\/www.kunstmuseum.de\/wp-content\/uploads\/2022\/12\/MG1129794-300x225.jpg 300w, https:\/\/www.kunstmuseum.de\/wp-content\/uploads\/2022\/12\/MG1129794-768x576.jpg 768w, https:\/\/www.kunstmuseum.de\/wp-content\/uploads\/2022\/12\/MG1129794-1536x1152.jpg 1536w, https:\/\/www.kunstmuseum.de\/wp-content\/uploads\/2022\/12\/MG1129794-2048x1536.jpg 2048w, https:\/\/www.kunstmuseum.de\/wp-content\/uploads\/2022\/12\/MG1129794-800x600.jpg 800w, https:\/\/www.kunstmuseum.de\/wp-content\/uploads\/2022\/12\/MG1129794-100x75.jpg 100w\" sizes=\"(max-width: 1024px) 100vw, 1024px\"><figcaption>Paolo Pellegrin, <em>Sonoyta. Sonoran Desert. MEXICO. May 2019. <\/em>\u00a9 Paolo Pellegrin\/Magnum Photos<\/figcaption><\/figure>\n","protected":false},"excerpt":{"rendered":"<p>Mathieu Mercier, Still Untitled, 2000, Sperr\u00adholz\u00adplatte, \u00d6lfarbe, Farbfolie, Isolier\u00adband, 58 x 50 cm, Privat\u00adsamm\u00adlung, \u00a9 VG Bild-Kunst, Bonn 2023 Foto: Privat\u00adsamm\u00adlung 2023 wird ein Jahr voller au\u00dfer\u00adge\u00adw\u00f6hn\u00adli\u00adcher k\u00fcnst\u00adle\u00adri\u00adscher Positionen: vom Medien\u00adstar Piet Mondrian und seine Folgen, \u00fcber faszi\u00adnie\u00adrende Gemein\u00adschafts\u00adwerke von Freund*innen, engen Vertrauten, Liebes\u00adpaaren oder auch Konkurrent*innen zu der kanadisch-franz\u00f6\u00ad\u00adsi\u00ad\u00adschen K\u00fcnst\u00adlerin Kapwani Kiwanga mit&nbsp;ihren&nbsp;[\u2026]<\/p>\n","protected":false},"author":1,"featured_media":19074,"comment_status":"closed","ping_status":"closed","sticky":false,"template":"","format":"standard","meta":{"wp_typography_post_enhancements_disabled":false,"kunstmuseum_formatted_page_title":"Ausblick 2023"},"categories":[1],"tags":[566],"yoast_head":"<!-- This site is optimized with the Yoast SEO plugin v19.4 - https:\/\/yoast.com\/wordpress\/plugins\/seo\/ -->\n<title>Kunstmuseum Wolfsburg: Ausblick 2023 - Kunstmuseum Wolfsburg<\/title>\n<meta name=\"robots\" content=\"index, follow, max-snippet:-1, max-image-preview:large, max-video-preview:-1\" \/>\n<link rel=\"canonical\" href=\"https:\/\/www.kunstmuseum.de\/en\/2022\/12\/kunstmuseum-wolfsburg-ausblick-2023\/\" \/>\n<meta property=\"og:locale\" content=\"en_US\" \/>\n<meta property=\"og:type\" content=\"article\" \/>\n<meta property=\"og:title\" content=\"Kunstmuseum Wolfsburg: Ausblick 2023 - Kunstmuseum Wolfsburg\" \/>\n<meta property=\"og:description\" content=\"Mathieu Mercier, Still Untitled, 2000, Sperr\u00adholz\u00adplatte, \u00d6lfarbe, Farbfolie, Isolier\u00adband, 58 x 50 cm, Privat\u00adsamm\u00adlung, \u00a9 VG Bild-Kunst, Bonn 2023 Foto: Privatsammlung 2023 wird ein Jahr voller au\u00dfer\u00adge\u00adw\u00f6hn\u00adli\u00adcher k\u00fcnst\u00adle\u00adri\u00adscher Positionen: vom Medien\u00adstar Piet Mondrian und seine Folgen, \u00fcber faszi\u00adnie\u00adrende Gemein\u00adschafts\u00adwerke von Freund*innen, engen Vertrauten, Liebes\u00adpaaren oder auch Konkurrent*innen zu der kanadisch-franz\u00f6\u00adsi\u00adschen K\u00fcnst\u00adlerin Kapwani Kiwanga mit ihren [&hellip;]\" \/>\n<meta property=\"og:url\" content=\"https:\/\/www.kunstmuseum.de\/en\/2022\/12\/kunstmuseum-wolfsburg-ausblick-2023\/\" \/>\n<meta property=\"og:site_name\" content=\"Kunstmuseum Wolfsburg\" \/>\n<meta property=\"article:publisher\" content=\"https:\/\/www.facebook.com\/KunstmuseumWolfsburg\" \/>\n<meta property=\"article:published_time\" content=\"2022-12-12T13:59:57+00:00\" \/>\n<meta property=\"article:modified_time\" content=\"2026-01-27T07:00:26+00:00\" \/>\n<meta property=\"og:image\" content=\"https:\/\/www.kunstmuseum.de\/wp-content\/uploads\/2022\/08\/Mercier_Objekt-nach-Mondrian_2000-scaled.jpg\" \/>\n\t<meta property=\"og:image:width\" content=\"2522\" \/>\n\t<meta property=\"og:image:height\" content=\"2560\" \/>\n\t<meta property=\"og:image:type\" content=\"image\/jpeg\" \/>\n<meta name=\"author\" content=\"mscg\" \/>\n<meta name=\"twitter:card\" content=\"summary_large_image\" \/>\n<meta name=\"twitter:creator\" content=\"@kunstmuseumwob\" \/>\n<meta name=\"twitter:site\" content=\"@kunstmuseumwob\" \/>\n<meta name=\"twitter:label1\" content=\"Written by\" \/>\n\t<meta name=\"twitter:data1\" content=\"mscg\" \/>\n\t<meta name=\"twitter:label2\" content=\"Est. reading time\" \/>\n\t<meta name=\"twitter:data2\" content=\"5 minutes\" \/>\n<script type=\"application\/ld+json\" class=\"yoast-schema-graph\">{\"@context\":\"https:\/\/schema.org\",\"@graph\":[{\"@type\":\"Organization\",\"@id\":\"https:\/\/www.kunstmuseum.de\/en\/#organization\",\"name\":\"Kunstmuseum Wolfsburg\",\"url\":\"https:\/\/www.kunstmuseum.de\/en\/\",\"sameAs\":[\"https:\/\/www.instagram.com\/kunstmuseumwolfsburg\/\",\"https:\/\/www.linkedin.com\/company\/kunstmuseum-wolfsburg\/\",\"https:\/\/www.youtube.com\/user\/KunstmuseumWolfsburg\",\"https:\/\/de.wikipedia.org\/wiki\/Kunstmuseum_Wolfsburg\",\"https:\/\/www.facebook.com\/KunstmuseumWolfsburg\",\"https:\/\/twitter.com\/kunstmuseumwob\"],\"logo\":{\"@type\":\"ImageObject\",\"inLanguage\":\"en-US\",\"@id\":\"https:\/\/www.kunstmuseum.de\/en\/#\/schema\/logo\/image\/\",\"url\":\"https:\/\/www.kunstmuseum.de\/wp-content\/uploads\/2020\/05\/191125_KMW_Wortmarke_RGB_schwarz.svg\",\"contentUrl\":\"https:\/\/www.kunstmuseum.de\/wp-content\/uploads\/2020\/05\/191125_KMW_Wortmarke_RGB_schwarz.svg\",\"caption\":\"Kunstmuseum Wolfsburg\"},\"image\":{\"@id\":\"https:\/\/www.kunstmuseum.de\/en\/#\/schema\/logo\/image\/\"}},{\"@type\":\"WebSite\",\"@id\":\"https:\/\/www.kunstmuseum.de\/en\/#website\",\"url\":\"https:\/\/www.kunstmuseum.de\/en\/\",\"name\":\"Kunstmuseum Wolfsburg\",\"description\":\"\",\"publisher\":{\"@id\":\"https:\/\/www.kunstmuseum.de\/en\/#organization\"},\"potentialAction\":[{\"@type\":\"SearchAction\",\"target\":{\"@type\":\"EntryPoint\",\"urlTemplate\":\"https:\/\/www.kunstmuseum.de\/en\/?s={search_term_string}\"},\"query-input\":\"required name=search_term_string\"}],\"inLanguage\":\"en-US\"},{\"@type\":\"WebPage\",\"@id\":\"https:\/\/www.kunstmuseum.de\/en\/2022\/12\/kunstmuseum-wolfsburg-ausblick-2023\/\",\"url\":\"https:\/\/www.kunstmuseum.de\/en\/2022\/12\/kunstmuseum-wolfsburg-ausblick-2023\/\",\"name\":\"Kunstmuseum Wolfsburg: Ausblick 2023 - Kunstmuseum Wolfsburg\",\"isPartOf\":{\"@id\":\"https:\/\/www.kunstmuseum.de\/en\/#website\"},\"datePublished\":\"2022-12-12T13:59:57+00:00\",\"dateModified\":\"2026-01-27T07:00:26+00:00\",\"breadcrumb\":{\"@id\":\"https:\/\/www.kunstmuseum.de\/en\/2022\/12\/kunstmuseum-wolfsburg-ausblick-2023\/#breadcrumb\"},\"inLanguage\":\"en-US\",\"potentialAction\":[{\"@type\":\"ReadAction\",\"target\":[\"https:\/\/www.kunstmuseum.de\/en\/2022\/12\/kunstmuseum-wolfsburg-ausblick-2023\/\"]}]},{\"@type\":\"BreadcrumbList\",\"@id\":\"https:\/\/www.kunstmuseum.de\/en\/2022\/12\/kunstmuseum-wolfsburg-ausblick-2023\/#breadcrumb\",\"itemListElement\":[{\"@type\":\"ListItem\",\"position\":1,\"name\":\"Startseite\",\"item\":\"https:\/\/www.kunstmuseum.de\/en\/\"},{\"@type\":\"ListItem\",\"position\":2,\"name\":\"Kunstmuseum Wolfsburg: Ausblick 2023\"}]},{\"@type\":\"Article\",\"@id\":\"https:\/\/www.kunstmuseum.de\/en\/2022\/12\/kunstmuseum-wolfsburg-ausblick-2023\/#article\",\"isPartOf\":{\"@id\":\"https:\/\/www.kunstmuseum.de\/en\/2022\/12\/kunstmuseum-wolfsburg-ausblick-2023\/\"},\"author\":{\"name\":\"mscg\",\"@id\":\"https:\/\/www.kunstmuseum.de\/en\/#\/schema\/person\/eeac1e727023a305b1736c7554afb16e\"},\"headline\":\"Kunstmuseum Wolfsburg: Ausblick 2023\",\"datePublished\":\"2022-12-12T13:59:57+00:00\",\"dateModified\":\"2026-01-27T07:00:26+00:00\",\"mainEntityOfPage\":{\"@id\":\"https:\/\/www.kunstmuseum.de\/en\/2022\/12\/kunstmuseum-wolfsburg-ausblick-2023\/\"},\"wordCount\":600,\"publisher\":{\"@id\":\"https:\/\/www.kunstmuseum.de\/en\/#organization\"},\"keywords\":[\"2023\"],\"articleSection\":[\"Unkategorisiert\"],\"inLanguage\":\"en-US\"},{\"@type\":\"Person\",\"@id\":\"https:\/\/www.kunstmuseum.de\/en\/#\/schema\/person\/eeac1e727023a305b1736c7554afb16e\",\"name\":\"mscg\",\"image\":{\"@type\":\"ImageObject\",\"inLanguage\":\"en-US\",\"@id\":\"https:\/\/www.kunstmuseum.de\/en\/#\/schema\/person\/image\/\",\"url\":\"https:\/\/secure.gravatar.com\/avatar\/ee8f6f256382e007cc5d83e1803883a1?s=96&d=mm&r=g\",\"contentUrl\":\"https:\/\/secure.gravatar.com\/avatar\/ee8f6f256382e007cc5d83e1803883a1?s=96&d=mm&r=g\",\"caption\":\"mscg\"}}]}<\/script>\n<!-- \/ Yoast SEO plugin. -->","yoast_head_json":{"title":"Kunstmuseum Wolfsburg: Ausblick 2023 - Kunstmuseum Wolfsburg","robots":{"index":"index","follow":"follow","max-snippet":"max-snippet:-1","max-image-preview":"max-image-preview:large","max-video-preview":"max-video-preview:-1"},"canonical":"https:\/\/www.kunstmuseum.de\/en\/2022\/12\/kunstmuseum-wolfsburg-ausblick-2023\/","og_locale":"en_US","og_type":"article","og_title":"Kunstmuseum Wolfsburg: Ausblick 2023 - Kunstmuseum Wolfsburg","og_description":"Mathieu Mercier, Still Untitled, 2000, Sperr\u00adholz\u00adplatte, \u00d6lfarbe, Farbfolie, Isolier\u00adband, 58 x 50 cm, Privat\u00adsamm\u00adlung, \u00a9 VG Bild-Kunst, Bonn 2023 Foto: Privatsammlung 2023 wird ein Jahr voller au\u00dfer\u00adge\u00adw\u00f6hn\u00adli\u00adcher k\u00fcnst\u00adle\u00adri\u00adscher Positionen: vom Medien\u00adstar Piet Mondrian und seine Folgen, \u00fcber faszi\u00adnie\u00adrende Gemein\u00adschafts\u00adwerke von Freund*innen, engen Vertrauten, Liebes\u00adpaaren oder auch Konkurrent*innen zu der kanadisch-franz\u00f6\u00adsi\u00adschen K\u00fcnst\u00adlerin Kapwani Kiwanga mit ihren [&hellip;]","og_url":"https:\/\/www.kunstmuseum.de\/en\/2022\/12\/kunstmuseum-wolfsburg-ausblick-2023\/","og_site_name":"Kunstmuseum Wolfsburg","article_publisher":"https:\/\/www.facebook.com\/KunstmuseumWolfsburg","article_published_time":"2022-12-12T13:59:57+00:00","article_modified_time":"2026-01-27T07:00:26+00:00","og_image":[{"width":2522,"height":2560,"url":"https:\/\/www.kunstmuseum.de\/wp-content\/uploads\/2022\/08\/Mercier_Objekt-nach-Mondrian_2000-scaled.jpg","type":"image\/jpeg"}],"author":"mscg","twitter_card":"summary_large_image","twitter_creator":"@kunstmuseumwob","twitter_site":"@kunstmuseumwob","twitter_misc":{"Written by":"mscg","Est. reading time":"5 minutes"},"schema":{"@context":"https:\/\/schema.org","@graph":[{"@type":"Organization","@id":"https:\/\/www.kunstmuseum.de\/en\/#organization","name":"Kunstmuseum Wolfsburg","url":"https:\/\/www.kunstmuseum.de\/en\/","sameAs":["https:\/\/www.instagram.com\/kunstmuseumwolfsburg\/","https:\/\/www.linkedin.com\/company\/kunstmuseum-wolfsburg\/","https:\/\/www.youtube.com\/user\/KunstmuseumWolfsburg","https:\/\/de.wikipedia.org\/wiki\/Kunstmuseum_Wolfsburg","https:\/\/www.facebook.com\/KunstmuseumWolfsburg","https:\/\/twitter.com\/kunstmuseumwob"],"logo":{"@type":"ImageObject","inLanguage":"en-US","@id":"https:\/\/www.kunstmuseum.de\/en\/#\/schema\/logo\/image\/","url":"https:\/\/www.kunstmuseum.de\/wp-content\/uploads\/2020\/05\/191125_KMW_Wortmarke_RGB_schwarz.svg","contentUrl":"https:\/\/www.kunstmuseum.de\/wp-content\/uploads\/2020\/05\/191125_KMW_Wortmarke_RGB_schwarz.svg","caption":"Kunstmuseum Wolfsburg"},"image":{"@id":"https:\/\/www.kunstmuseum.de\/en\/#\/schema\/logo\/image\/"}},{"@type":"WebSite","@id":"https:\/\/www.kunstmuseum.de\/en\/#website","url":"https:\/\/www.kunstmuseum.de\/en\/","name":"Kunstmuseum Wolfsburg","description":"","publisher":{"@id":"https:\/\/www.kunstmuseum.de\/en\/#organization"},"potentialAction":[{"@type":"SearchAction","target":{"@type":"EntryPoint","urlTemplate":"https:\/\/www.kunstmuseum.de\/en\/?s={search_term_string}"},"query-input":"required name=search_term_string"}],"inLanguage":"en-US"},{"@type":"WebPage","@id":"https:\/\/www.kunstmuseum.de\/en\/2022\/12\/kunstmuseum-wolfsburg-ausblick-2023\/","url":"https:\/\/www.kunstmuseum.de\/en\/2022\/12\/kunstmuseum-wolfsburg-ausblick-2023\/","name":"Kunstmuseum Wolfsburg: Ausblick 2023 - Kunstmuseum Wolfsburg","isPartOf":{"@id":"https:\/\/www.kunstmuseum.de\/en\/#website"},"datePublished":"2022-12-12T13:59:57+00:00","dateModified":"2026-01-27T07:00:26+00:00","breadcrumb":{"@id":"https:\/\/www.kunstmuseum.de\/en\/2022\/12\/kunstmuseum-wolfsburg-ausblick-2023\/#breadcrumb"},"inLanguage":"en-US","potentialAction":[{"@type":"ReadAction","target":["https:\/\/www.kunstmuseum.de\/en\/2022\/12\/kunstmuseum-wolfsburg-ausblick-2023\/"]}]},{"@type":"BreadcrumbList","@id":"https:\/\/www.kunstmuseum.de\/en\/2022\/12\/kunstmuseum-wolfsburg-ausblick-2023\/#breadcrumb","itemListElement":[{"@type":"ListItem","position":1,"name":"Startseite","item":"https:\/\/www.kunstmuseum.de\/en\/"},{"@type":"ListItem","position":2,"name":"Kunstmuseum Wolfsburg: Ausblick 2023"}]},{"@type":"Article","@id":"https:\/\/www.kunstmuseum.de\/en\/2022\/12\/kunstmuseum-wolfsburg-ausblick-2023\/#article","isPartOf":{"@id":"https:\/\/www.kunstmuseum.de\/en\/2022\/12\/kunstmuseum-wolfsburg-ausblick-2023\/"},"author":{"name":"mscg","@id":"https:\/\/www.kunstmuseum.de\/en\/#\/schema\/person\/eeac1e727023a305b1736c7554afb16e"},"headline":"Kunstmuseum Wolfsburg: Ausblick 2023","datePublished":"2022-12-12T13:59:57+00:00","dateModified":"2026-01-27T07:00:26+00:00","mainEntityOfPage":{"@id":"https:\/\/www.kunstmuseum.de\/en\/2022\/12\/kunstmuseum-wolfsburg-ausblick-2023\/"},"wordCount":600,"publisher":{"@id":"https:\/\/www.kunstmuseum.de\/en\/#organization"},"keywords":["2023"],"articleSection":["Unkategorisiert"],"inLanguage":"en-US"},{"@type":"Person","@id":"https:\/\/www.kunstmuseum.de\/en\/#\/schema\/person\/eeac1e727023a305b1736c7554afb16e","name":"mscg","image":{"@type":"ImageObject","inLanguage":"en-US","@id":"https:\/\/www.kunstmuseum.de\/en\/#\/schema\/person\/image\/","url":"https:\/\/secure.gravatar.com\/avatar\/ee8f6f256382e007cc5d83e1803883a1?s=96&d=mm&r=g","contentUrl":"https:\/\/secure.gravatar.com\/avatar\/ee8f6f256382e007cc5d83e1803883a1?s=96&d=mm&r=g","caption":"mscg"}}]}},"_links":{"self":[{"href":"https:\/\/www.kunstmuseum.de\/en\/wp-json\/wp\/v2\/posts\/19247"}],"collection":[{"href":"https:\/\/www.kunstmuseum.de\/en\/wp-json\/wp\/v2\/posts"}],"about":[{"href":"https:\/\/www.kunstmuseum.de\/en\/wp-json\/wp\/v2\/types\/post"}],"author":[{"embeddable":true,"href":"https:\/\/www.kunstmuseum.de\/en\/wp-json\/wp\/v2\/users\/1"}],"replies":[{"embeddable":true,"href":"https:\/\/www.kunstmuseum.de\/en\/wp-json\/wp\/v2\/comments?post=19247"}],"version-history":[{"count":26,"href":"https:\/\/www.kunstmuseum.de\/en\/wp-json\/wp\/v2\/posts\/19247\/revisions"}],"predecessor-version":[{"id":20641,"href":"https:\/\/www.kunstmuseum.de\/en\/wp-json\/wp\/v2\/posts\/19247\/revisions\/20641"}],"wp:featuredmedia":[{"embeddable":true,"href":"https:\/\/www.kunstmuseum.de\/en\/wp-json\/wp\/v2\/media\/19074"}],"wp:attachment":[{"href":"https:\/\/www.kunstmuseum.de\/en\/wp-json\/wp\/v2\/media?parent=19247"}],"wp:term":[{"taxonomy":"category","embeddable":true,"href":"https:\/\/www.kunstmuseum.de\/en\/wp-json\/wp\/v2\/categories?post=19247"},{"taxonomy":"post_tag","embeddable":true,"href":"https:\/\/www.kunstmuseum.de\/en\/wp-json\/wp\/v2\/tags?post=19247"}],"curies":[{"name":"wp","href":"https:\/\/api.w.org\/{rel}","templated":true}]}}