{"id":20114,"date":"2023-01-18T15:23:32","date_gmt":"2023-01-18T14:23:32","guid":{"rendered":"https:\/\/www.kunstmuseum.de\/?p=20114"},"modified":"2024-04-26T14:03:00","modified_gmt":"2024-04-26T12:03:00","slug":"volkswagen-art4all-im-januar-mit-new-year-party","status":"publish","type":"post","link":"https:\/\/www.kunstmuseum.de\/en\/2023\/01\/volkswagen-art4all-im-januar-mit-new-year-party\/","title":{"rendered":"Volkswagen Art4All im Januar: mit New Year&nbsp;Party"},"content":{"rendered":"\n<p style=\"font-size:28px\">Freier Eintritt, kosten\u00adlose F\u00fchrungen zu&nbsp;<em>Blow Up!<\/em>,&nbsp;Besucher*innenatelier und New Year Party am 25. Januar 2023.<\/p>\n\n\n\n<p>Volks\u00adwagen Art4All startete mit einer New Year Party ins Jahr 2023. DJ Torbolenz lockte ab 19.30 Uhr mit seinen Beats und Kl\u00e4ngen auf die Tanzfl\u00e4che und l\u00e4utet musika\u00adlisch das neue Jahr im Kunst\u00admu\u00adseum Wolfsburg ein. F\u00fcr Erfri\u00adschungen sorgte das Restau\u00adrant Oberdeck mit seinen Drinks und Cocktails. Die Kunst kam am letzten Mittwoch im Januar auch nicht zu kurz: Die Ausstel\u00adlung&nbsp;<em>Blow Up! Vom Wachsen der Dinge<\/em>&nbsp;war von 16 bis 21 Uhr ge\u00f6ffnet. Kosten\u00adlose F\u00fchrungen um 16, 17 und 19 Uhr haben verschie\u00addene Werke der Ausstel\u00adlung n\u00e4her gebracht. Im weitesten Sinn handeln die Kunst\u00adwerke vom Wachsen der Dinge. Es sind alles eindrucks\u00advolle Arbeiten, die erst in j\u00fcngster Zeit durch Schen\u00adkungen in die Sammlung des Kunst\u00admu\u00adseum Wolfsburg gekommen und jetzt zum Teil erstmals hier zu sehen sind. Im Besucher*innenatelier wuchsen auf Papier bunte Wege und Kreuzungen, wie ein gro\u00dfes Wurzel\u00adwerk. Zusammen entstanden in einer Gemein\u00adschafts\u00adar\u00adbeit Werke zum Wachsen der Dinge.<br><br>Wie jeden letzten Mittwoch im Monat war der Eintritt ab 16 Uhr&nbsp;frei.&nbsp;<\/p>\n\n\n\n<p>N\u00e4chster Termin ist der 22. Februar 2023<br><\/p>\n\n\n\n<div class=\"wp-block-columns\">\n<div class=\"wp-block-column\">\n<figure class=\"wp-block-image size-large\"><img loading=\"lazy\" width=\"1708\" height=\"2560\" src=\"https:\/\/www.kunstmuseum.de\/wp-content\/uploads\/2023\/01\/230125_KMW_by_Kruszewski-0015-edited-scaled.jpg\" alt class=\"wp-image-20297\" srcset=\"https:\/\/www.kunstmuseum.de\/wp-content\/uploads\/2023\/01\/230125_KMW_by_Kruszewski-0015-edited-scaled.jpg 1708w, https:\/\/www.kunstmuseum.de\/wp-content\/uploads\/2023\/01\/230125_KMW_by_Kruszewski-0015-edited-200x300.jpg 200w, https:\/\/www.kunstmuseum.de\/wp-content\/uploads\/2023\/01\/230125_KMW_by_Kruszewski-0015-edited-683x1024.jpg 683w, https:\/\/www.kunstmuseum.de\/wp-content\/uploads\/2023\/01\/230125_KMW_by_Kruszewski-0015-edited-768x1151.jpg 768w, https:\/\/www.kunstmuseum.de\/wp-content\/uploads\/2023\/01\/230125_KMW_by_Kruszewski-0015-edited-1025x1536.jpg 1025w, https:\/\/www.kunstmuseum.de\/wp-content\/uploads\/2023\/01\/230125_KMW_by_Kruszewski-0015-edited-1366x2048.jpg 1366w, https:\/\/www.kunstmuseum.de\/wp-content\/uploads\/2023\/01\/230125_KMW_by_Kruszewski-0015-edited-400x600.jpg 400w, https:\/\/www.kunstmuseum.de\/wp-content\/uploads\/2023\/01\/230125_KMW_by_Kruszewski-0015-edited-100x150.jpg 100w, https:\/\/www.kunstmuseum.de\/wp-content\/uploads\/2023\/01\/230125_KMW_by_Kruszewski-0015-edited-300x450.jpg 300w\" sizes=\"(max-width: 1708px) 100vw, 1708px\"><figcaption> Foto: Marek Kruszewski&nbsp;<\/figcaption><\/figure>\n<\/div>\n\n\n\n<div class=\"wp-block-column\">\n<figure class=\"wp-block-image size-large\"><img loading=\"lazy\" width=\"683\" height=\"1024\" src=\"https:\/\/www.kunstmuseum.de\/wp-content\/uploads\/2023\/01\/230125_KMW_by_Kruszewski-0185-683x1024.jpg\" alt class=\"wp-image-20299\" srcset=\"https:\/\/www.kunstmuseum.de\/wp-content\/uploads\/2023\/01\/230125_KMW_by_Kruszewski-0185-683x1024.jpg 683w, https:\/\/www.kunstmuseum.de\/wp-content\/uploads\/2023\/01\/230125_KMW_by_Kruszewski-0185-200x300.jpg 200w, https:\/\/www.kunstmuseum.de\/wp-content\/uploads\/2023\/01\/230125_KMW_by_Kruszewski-0185-768x1151.jpg 768w, https:\/\/www.kunstmuseum.de\/wp-content\/uploads\/2023\/01\/230125_KMW_by_Kruszewski-0185-1025x1536.jpg 1025w, https:\/\/www.kunstmuseum.de\/wp-content\/uploads\/2023\/01\/230125_KMW_by_Kruszewski-0185-1366x2048.jpg 1366w, https:\/\/www.kunstmuseum.de\/wp-content\/uploads\/2023\/01\/230125_KMW_by_Kruszewski-0185-400x600.jpg 400w, https:\/\/www.kunstmuseum.de\/wp-content\/uploads\/2023\/01\/230125_KMW_by_Kruszewski-0185-100x150.jpg 100w, https:\/\/www.kunstmuseum.de\/wp-content\/uploads\/2023\/01\/230125_KMW_by_Kruszewski-0185-300x450.jpg 300w, https:\/\/www.kunstmuseum.de\/wp-content\/uploads\/2023\/01\/230125_KMW_by_Kruszewski-0185-scaled.jpg 1708w\" sizes=\"(max-width: 683px) 100vw, 683px\"><figcaption> Foto: Marek Kruszewski&nbsp;<\/figcaption><\/figure>\n<\/div>\n\n\n\n<div class=\"wp-block-column\">\n<figure class=\"wp-block-image size-large\"><img loading=\"lazy\" width=\"683\" height=\"1024\" src=\"https:\/\/www.kunstmuseum.de\/wp-content\/uploads\/2023\/01\/230125_KMW_by_Kruszewski-0027-683x1024.jpg\" alt class=\"wp-image-20301\" srcset=\"https:\/\/www.kunstmuseum.de\/wp-content\/uploads\/2023\/01\/230125_KMW_by_Kruszewski-0027-683x1024.jpg 683w, https:\/\/www.kunstmuseum.de\/wp-content\/uploads\/2023\/01\/230125_KMW_by_Kruszewski-0027-200x300.jpg 200w, https:\/\/www.kunstmuseum.de\/wp-content\/uploads\/2023\/01\/230125_KMW_by_Kruszewski-0027-768x1151.jpg 768w, https:\/\/www.kunstmuseum.de\/wp-content\/uploads\/2023\/01\/230125_KMW_by_Kruszewski-0027-1025x1536.jpg 1025w, https:\/\/www.kunstmuseum.de\/wp-content\/uploads\/2023\/01\/230125_KMW_by_Kruszewski-0027-1366x2048.jpg 1366w, https:\/\/www.kunstmuseum.de\/wp-content\/uploads\/2023\/01\/230125_KMW_by_Kruszewski-0027-400x600.jpg 400w, https:\/\/www.kunstmuseum.de\/wp-content\/uploads\/2023\/01\/230125_KMW_by_Kruszewski-0027-100x150.jpg 100w, https:\/\/www.kunstmuseum.de\/wp-content\/uploads\/2023\/01\/230125_KMW_by_Kruszewski-0027-300x450.jpg 300w, https:\/\/www.kunstmuseum.de\/wp-content\/uploads\/2023\/01\/230125_KMW_by_Kruszewski-0027-scaled.jpg 1708w\" sizes=\"(max-width: 683px) 100vw, 683px\"><figcaption>Foto: Marek Kruszewski<\/figcaption><\/figure>\n<\/div>\n<\/div>\n\n\n\n<p style=\"font-size:9px\">Credit: Blick in die Ausstel\u00adlung, <em>Blow Up! Vom Wachsen der Dinge<\/em>, 10.12.2022 \u2013 19.3.2023 Foto: Marek Kruszewski, <strong>Michel Majerus<\/strong>, <em>What looks good today may not look good tomorrow<\/em>, 1999, Acryl auf Leinwand, 303 x 341 cm, Kunst\u00admu\u00adseum Wolfsburg, \u00a9 Michel Majerus<\/p>\n","protected":false},"excerpt":{"rendered":"<p>Freier Eintritt, kosten\u00adlose F\u00fchrungen zu&nbsp;Blow Up!,&nbsp;Besucher*innenatelier und New Year Party am 25. Januar 2023. Volks\u00adwagen Art4All startete mit einer New Year Party ins Jahr 2023. DJ Torbolenz lockte ab 19.30 Uhr mit seinen Beats und Kl\u00e4ngen auf die Tanzfl\u00e4che und l\u00e4utet musika\u00adlisch das neue Jahr im Kunst\u00admu\u00adseum Wolfsburg ein. F\u00fcr Erfri\u00adschungen sorgte das Restau\u00adrant Oberdeck&nbsp;[\u2026]<\/p>\n","protected":false},"author":5,"featured_media":20116,"comment_status":"closed","ping_status":"closed","sticky":false,"template":"","format":"standard","meta":{"wp_typography_post_enhancements_disabled":false,"kunstmuseum_formatted_page_title":""},"categories":[1],"tags":[519,581],"yoast_head":"<!-- This site is optimized with the Yoast SEO plugin v19.4 - https:\/\/yoast.com\/wordpress\/plugins\/seo\/ -->\n<title>Volkswagen Art4All im Januar: mit New Year Party - Kunstmuseum Wolfsburg<\/title>\n<meta name=\"robots\" content=\"index, follow, max-snippet:-1, max-image-preview:large, max-video-preview:-1\" \/>\n<link rel=\"canonical\" href=\"https:\/\/www.kunstmuseum.de\/en\/2023\/01\/volkswagen-art4all-im-januar-mit-new-year-party\/\" \/>\n<meta property=\"og:locale\" content=\"en_US\" \/>\n<meta property=\"og:type\" content=\"article\" \/>\n<meta property=\"og:title\" content=\"Volkswagen Art4All im Januar: mit New Year Party - Kunstmuseum Wolfsburg\" \/>\n<meta property=\"og:description\" content=\"Freier Eintritt, kosten\u00adlose F\u00fchrungen zu&nbsp;Blow Up!,&nbsp;Besucher*innenatelier und New Year Party am 25. Januar 2023. Volks\u00adwagen Art4All startete mit einer New Year Party ins Jahr 2023. DJ Torbolenz lockte ab 19.30 Uhr mit seinen Beats und Kl\u00e4ngen auf die Tanzfl\u00e4che und l\u00e4utet musika\u00adlisch das neue Jahr im Kunst\u00admu\u00adseum Wolfsburg ein. F\u00fcr Erfri\u00adschungen sorgte das Restau\u00adrant Oberdeck [&hellip;]\" \/>\n<meta property=\"og:url\" content=\"https:\/\/www.kunstmuseum.de\/en\/2023\/01\/volkswagen-art4all-im-januar-mit-new-year-party\/\" \/>\n<meta property=\"og:site_name\" content=\"Kunstmuseum Wolfsburg\" \/>\n<meta property=\"article:publisher\" content=\"https:\/\/www.facebook.com\/KunstmuseumWolfsburg\" \/>\n<meta property=\"article:published_time\" content=\"2023-01-18T14:23:32+00:00\" \/>\n<meta property=\"article:modified_time\" content=\"2024-04-26T12:03:00+00:00\" \/>\n<meta property=\"og:image\" content=\"https:\/\/www.kunstmuseum.de\/wp-content\/uploads\/2023\/01\/221209_KMW_by_Kruszewski-0549-scaled.jpg\" \/>\n\t<meta property=\"og:image:width\" content=\"2094\" \/>\n\t<meta property=\"og:image:height\" content=\"2560\" \/>\n\t<meta property=\"og:image:type\" content=\"image\/jpeg\" \/>\n<meta name=\"author\" content=\"Susan Rosenbaum\" \/>\n<meta name=\"twitter:card\" content=\"summary_large_image\" \/>\n<meta name=\"twitter:creator\" content=\"@kunstmuseumwob\" \/>\n<meta name=\"twitter:site\" content=\"@kunstmuseumwob\" \/>\n<meta name=\"twitter:label1\" content=\"Written by\" \/>\n\t<meta name=\"twitter:data1\" content=\"Susan Rosenbaum\" \/>\n\t<meta name=\"twitter:label2\" content=\"Est. reading time\" \/>\n\t<meta name=\"twitter:data2\" content=\"2 minutes\" \/>\n<script type=\"application\/ld+json\" class=\"yoast-schema-graph\">{\"@context\":\"https:\/\/schema.org\",\"@graph\":[{\"@type\":\"Organization\",\"@id\":\"https:\/\/www.kunstmuseum.de\/en\/#organization\",\"name\":\"Kunstmuseum Wolfsburg\",\"url\":\"https:\/\/www.kunstmuseum.de\/en\/\",\"sameAs\":[\"https:\/\/www.instagram.com\/kunstmuseumwolfsburg\/\",\"https:\/\/www.linkedin.com\/company\/kunstmuseum-wolfsburg\/\",\"https:\/\/www.youtube.com\/user\/KunstmuseumWolfsburg\",\"https:\/\/de.wikipedia.org\/wiki\/Kunstmuseum_Wolfsburg\",\"https:\/\/www.facebook.com\/KunstmuseumWolfsburg\",\"https:\/\/twitter.com\/kunstmuseumwob\"],\"logo\":{\"@type\":\"ImageObject\",\"inLanguage\":\"en-US\",\"@id\":\"https:\/\/www.kunstmuseum.de\/en\/#\/schema\/logo\/image\/\",\"url\":\"https:\/\/www.kunstmuseum.de\/wp-content\/uploads\/2020\/05\/191125_KMW_Wortmarke_RGB_schwarz.svg\",\"contentUrl\":\"https:\/\/www.kunstmuseum.de\/wp-content\/uploads\/2020\/05\/191125_KMW_Wortmarke_RGB_schwarz.svg\",\"caption\":\"Kunstmuseum Wolfsburg\"},\"image\":{\"@id\":\"https:\/\/www.kunstmuseum.de\/en\/#\/schema\/logo\/image\/\"}},{\"@type\":\"WebSite\",\"@id\":\"https:\/\/www.kunstmuseum.de\/en\/#website\",\"url\":\"https:\/\/www.kunstmuseum.de\/en\/\",\"name\":\"Kunstmuseum Wolfsburg\",\"description\":\"\",\"publisher\":{\"@id\":\"https:\/\/www.kunstmuseum.de\/en\/#organization\"},\"potentialAction\":[{\"@type\":\"SearchAction\",\"target\":{\"@type\":\"EntryPoint\",\"urlTemplate\":\"https:\/\/www.kunstmuseum.de\/en\/?s={search_term_string}\"},\"query-input\":\"required name=search_term_string\"}],\"inLanguage\":\"en-US\"},{\"@type\":\"WebPage\",\"@id\":\"https:\/\/www.kunstmuseum.de\/en\/2023\/01\/volkswagen-art4all-im-januar-mit-new-year-party\/\",\"url\":\"https:\/\/www.kunstmuseum.de\/en\/2023\/01\/volkswagen-art4all-im-januar-mit-new-year-party\/\",\"name\":\"Volkswagen Art4All im Januar: mit New Year Party - Kunstmuseum Wolfsburg\",\"isPartOf\":{\"@id\":\"https:\/\/www.kunstmuseum.de\/en\/#website\"},\"datePublished\":\"2023-01-18T14:23:32+00:00\",\"dateModified\":\"2024-04-26T12:03:00+00:00\",\"breadcrumb\":{\"@id\":\"https:\/\/www.kunstmuseum.de\/en\/2023\/01\/volkswagen-art4all-im-januar-mit-new-year-party\/#breadcrumb\"},\"inLanguage\":\"en-US\",\"potentialAction\":[{\"@type\":\"ReadAction\",\"target\":[\"https:\/\/www.kunstmuseum.de\/en\/2023\/01\/volkswagen-art4all-im-januar-mit-new-year-party\/\"]}]},{\"@type\":\"BreadcrumbList\",\"@id\":\"https:\/\/www.kunstmuseum.de\/en\/2023\/01\/volkswagen-art4all-im-januar-mit-new-year-party\/#breadcrumb\",\"itemListElement\":[{\"@type\":\"ListItem\",\"position\":1,\"name\":\"Startseite\",\"item\":\"https:\/\/www.kunstmuseum.de\/en\/\"},{\"@type\":\"ListItem\",\"position\":2,\"name\":\"Volkswagen Art4All im Januar: mit New Year Party\"}]},{\"@type\":\"Article\",\"@id\":\"https:\/\/www.kunstmuseum.de\/en\/2023\/01\/volkswagen-art4all-im-januar-mit-new-year-party\/#article\",\"isPartOf\":{\"@id\":\"https:\/\/www.kunstmuseum.de\/en\/2023\/01\/volkswagen-art4all-im-januar-mit-new-year-party\/\"},\"author\":{\"name\":\"Susan Rosenbaum\",\"@id\":\"https:\/\/www.kunstmuseum.de\/en\/#\/schema\/person\/775642862ab086db83c7be0ba9463566\"},\"headline\":\"Volkswagen Art4All im Januar: mit New Year&nbsp;Party\",\"datePublished\":\"2023-01-18T14:23:32+00:00\",\"dateModified\":\"2024-04-26T12:03:00+00:00\",\"mainEntityOfPage\":{\"@id\":\"https:\/\/www.kunstmuseum.de\/en\/2023\/01\/volkswagen-art4all-im-januar-mit-new-year-party\/\"},\"wordCount\":243,\"publisher\":{\"@id\":\"https:\/\/www.kunstmuseum.de\/en\/#organization\"},\"keywords\":[\"Blow Up!\",\"Volkswagen Group Art4All\"],\"articleSection\":[\"Unkategorisiert\"],\"inLanguage\":\"en-US\"},{\"@type\":\"Person\",\"@id\":\"https:\/\/www.kunstmuseum.de\/en\/#\/schema\/person\/775642862ab086db83c7be0ba9463566\",\"name\":\"Susan Rosenbaum\",\"image\":{\"@type\":\"ImageObject\",\"inLanguage\":\"en-US\",\"@id\":\"https:\/\/www.kunstmuseum.de\/en\/#\/schema\/person\/image\/\",\"url\":\"https:\/\/secure.gravatar.com\/avatar\/b659811d8cda6e9cbb18ef6babebaef9?s=96&d=mm&r=g\",\"contentUrl\":\"https:\/\/secure.gravatar.com\/avatar\/b659811d8cda6e9cbb18ef6babebaef9?s=96&d=mm&r=g\",\"caption\":\"Susan Rosenbaum\"}}]}<\/script>\n<!-- \/ Yoast SEO plugin. -->","yoast_head_json":{"title":"Volkswagen Art4All im Januar: mit New Year Party - Kunstmuseum Wolfsburg","robots":{"index":"index","follow":"follow","max-snippet":"max-snippet:-1","max-image-preview":"max-image-preview:large","max-video-preview":"max-video-preview:-1"},"canonical":"https:\/\/www.kunstmuseum.de\/en\/2023\/01\/volkswagen-art4all-im-januar-mit-new-year-party\/","og_locale":"en_US","og_type":"article","og_title":"Volkswagen Art4All im Januar: mit New Year Party - Kunstmuseum Wolfsburg","og_description":"Freier Eintritt, kosten\u00adlose F\u00fchrungen zu&nbsp;Blow Up!,&nbsp;Besucher*innenatelier und New Year Party am 25. Januar 2023. Volks\u00adwagen Art4All startete mit einer New Year Party ins Jahr 2023. DJ Torbolenz lockte ab 19.30 Uhr mit seinen Beats und Kl\u00e4ngen auf die Tanzfl\u00e4che und l\u00e4utet musika\u00adlisch das neue Jahr im Kunst\u00admu\u00adseum Wolfsburg ein. F\u00fcr Erfri\u00adschungen sorgte das Restau\u00adrant Oberdeck [&hellip;]","og_url":"https:\/\/www.kunstmuseum.de\/en\/2023\/01\/volkswagen-art4all-im-januar-mit-new-year-party\/","og_site_name":"Kunstmuseum Wolfsburg","article_publisher":"https:\/\/www.facebook.com\/KunstmuseumWolfsburg","article_published_time":"2023-01-18T14:23:32+00:00","article_modified_time":"2024-04-26T12:03:00+00:00","og_image":[{"width":2094,"height":2560,"url":"https:\/\/www.kunstmuseum.de\/wp-content\/uploads\/2023\/01\/221209_KMW_by_Kruszewski-0549-scaled.jpg","type":"image\/jpeg"}],"author":"Susan Rosenbaum","twitter_card":"summary_large_image","twitter_creator":"@kunstmuseumwob","twitter_site":"@kunstmuseumwob","twitter_misc":{"Written by":"Susan Rosenbaum","Est. reading time":"2 minutes"},"schema":{"@context":"https:\/\/schema.org","@graph":[{"@type":"Organization","@id":"https:\/\/www.kunstmuseum.de\/en\/#organization","name":"Kunstmuseum Wolfsburg","url":"https:\/\/www.kunstmuseum.de\/en\/","sameAs":["https:\/\/www.instagram.com\/kunstmuseumwolfsburg\/","https:\/\/www.linkedin.com\/company\/kunstmuseum-wolfsburg\/","https:\/\/www.youtube.com\/user\/KunstmuseumWolfsburg","https:\/\/de.wikipedia.org\/wiki\/Kunstmuseum_Wolfsburg","https:\/\/www.facebook.com\/KunstmuseumWolfsburg","https:\/\/twitter.com\/kunstmuseumwob"],"logo":{"@type":"ImageObject","inLanguage":"en-US","@id":"https:\/\/www.kunstmuseum.de\/en\/#\/schema\/logo\/image\/","url":"https:\/\/www.kunstmuseum.de\/wp-content\/uploads\/2020\/05\/191125_KMW_Wortmarke_RGB_schwarz.svg","contentUrl":"https:\/\/www.kunstmuseum.de\/wp-content\/uploads\/2020\/05\/191125_KMW_Wortmarke_RGB_schwarz.svg","caption":"Kunstmuseum Wolfsburg"},"image":{"@id":"https:\/\/www.kunstmuseum.de\/en\/#\/schema\/logo\/image\/"}},{"@type":"WebSite","@id":"https:\/\/www.kunstmuseum.de\/en\/#website","url":"https:\/\/www.kunstmuseum.de\/en\/","name":"Kunstmuseum Wolfsburg","description":"","publisher":{"@id":"https:\/\/www.kunstmuseum.de\/en\/#organization"},"potentialAction":[{"@type":"SearchAction","target":{"@type":"EntryPoint","urlTemplate":"https:\/\/www.kunstmuseum.de\/en\/?s={search_term_string}"},"query-input":"required name=search_term_string"}],"inLanguage":"en-US"},{"@type":"WebPage","@id":"https:\/\/www.kunstmuseum.de\/en\/2023\/01\/volkswagen-art4all-im-januar-mit-new-year-party\/","url":"https:\/\/www.kunstmuseum.de\/en\/2023\/01\/volkswagen-art4all-im-januar-mit-new-year-party\/","name":"Volkswagen Art4All im Januar: mit New Year Party - Kunstmuseum Wolfsburg","isPartOf":{"@id":"https:\/\/www.kunstmuseum.de\/en\/#website"},"datePublished":"2023-01-18T14:23:32+00:00","dateModified":"2024-04-26T12:03:00+00:00","breadcrumb":{"@id":"https:\/\/www.kunstmuseum.de\/en\/2023\/01\/volkswagen-art4all-im-januar-mit-new-year-party\/#breadcrumb"},"inLanguage":"en-US","potentialAction":[{"@type":"ReadAction","target":["https:\/\/www.kunstmuseum.de\/en\/2023\/01\/volkswagen-art4all-im-januar-mit-new-year-party\/"]}]},{"@type":"BreadcrumbList","@id":"https:\/\/www.kunstmuseum.de\/en\/2023\/01\/volkswagen-art4all-im-januar-mit-new-year-party\/#breadcrumb","itemListElement":[{"@type":"ListItem","position":1,"name":"Startseite","item":"https:\/\/www.kunstmuseum.de\/en\/"},{"@type":"ListItem","position":2,"name":"Volkswagen Art4All im Januar: mit New Year Party"}]},{"@type":"Article","@id":"https:\/\/www.kunstmuseum.de\/en\/2023\/01\/volkswagen-art4all-im-januar-mit-new-year-party\/#article","isPartOf":{"@id":"https:\/\/www.kunstmuseum.de\/en\/2023\/01\/volkswagen-art4all-im-januar-mit-new-year-party\/"},"author":{"name":"Susan Rosenbaum","@id":"https:\/\/www.kunstmuseum.de\/en\/#\/schema\/person\/775642862ab086db83c7be0ba9463566"},"headline":"Volkswagen Art4All im Januar: mit New Year&nbsp;Party","datePublished":"2023-01-18T14:23:32+00:00","dateModified":"2024-04-26T12:03:00+00:00","mainEntityOfPage":{"@id":"https:\/\/www.kunstmuseum.de\/en\/2023\/01\/volkswagen-art4all-im-januar-mit-new-year-party\/"},"wordCount":243,"publisher":{"@id":"https:\/\/www.kunstmuseum.de\/en\/#organization"},"keywords":["Blow Up!","Volkswagen Group Art4All"],"articleSection":["Unkategorisiert"],"inLanguage":"en-US"},{"@type":"Person","@id":"https:\/\/www.kunstmuseum.de\/en\/#\/schema\/person\/775642862ab086db83c7be0ba9463566","name":"Susan Rosenbaum","image":{"@type":"ImageObject","inLanguage":"en-US","@id":"https:\/\/www.kunstmuseum.de\/en\/#\/schema\/person\/image\/","url":"https:\/\/secure.gravatar.com\/avatar\/b659811d8cda6e9cbb18ef6babebaef9?s=96&d=mm&r=g","contentUrl":"https:\/\/secure.gravatar.com\/avatar\/b659811d8cda6e9cbb18ef6babebaef9?s=96&d=mm&r=g","caption":"Susan Rosenbaum"}}]}},"_links":{"self":[{"href":"https:\/\/www.kunstmuseum.de\/en\/wp-json\/wp\/v2\/posts\/20114"}],"collection":[{"href":"https:\/\/www.kunstmuseum.de\/en\/wp-json\/wp\/v2\/posts"}],"about":[{"href":"https:\/\/www.kunstmuseum.de\/en\/wp-json\/wp\/v2\/types\/post"}],"author":[{"embeddable":true,"href":"https:\/\/www.kunstmuseum.de\/en\/wp-json\/wp\/v2\/users\/5"}],"replies":[{"embeddable":true,"href":"https:\/\/www.kunstmuseum.de\/en\/wp-json\/wp\/v2\/comments?post=20114"}],"version-history":[{"count":9,"href":"https:\/\/www.kunstmuseum.de\/en\/wp-json\/wp\/v2\/posts\/20114\/revisions"}],"predecessor-version":[{"id":20303,"href":"https:\/\/www.kunstmuseum.de\/en\/wp-json\/wp\/v2\/posts\/20114\/revisions\/20303"}],"wp:featuredmedia":[{"embeddable":true,"href":"https:\/\/www.kunstmuseum.de\/en\/wp-json\/wp\/v2\/media\/20116"}],"wp:attachment":[{"href":"https:\/\/www.kunstmuseum.de\/en\/wp-json\/wp\/v2\/media?parent=20114"}],"wp:term":[{"taxonomy":"category","embeddable":true,"href":"https:\/\/www.kunstmuseum.de\/en\/wp-json\/wp\/v2\/categories?post=20114"},{"taxonomy":"post_tag","embeddable":true,"href":"https:\/\/www.kunstmuseum.de\/en\/wp-json\/wp\/v2\/tags?post=20114"}],"curies":[{"name":"wp","href":"https:\/\/api.w.org\/{rel}","templated":true}]}}