{"id":21645,"date":"2023-04-17T14:27:38","date_gmt":"2023-04-17T12:27:38","guid":{"rendered":"https:\/\/www.kunstmuseum.de\/?p=21645"},"modified":"2024-04-26T14:02:51","modified_gmt":"2024-04-26T12:02:51","slug":"matinee-kunst-und-mode-mit-ferhat-kartal","status":"publish","type":"post","link":"https:\/\/www.kunstmuseum.de\/en\/2023\/04\/matinee-kunst-und-mode-mit-ferhat-kartal\/","title":{"rendered":"Matin\u00e9e. Kunst und Mode mit Ferhat Kartal"},"content":{"rendered":"\n<p>Am <strong>Samstag, den 13.5.23 von 12\u201314.30 Uhr<\/strong>&nbsp;war der kurdische Modede\u00adsi\u00adgner Ferhat Kartal zu Besuch im Kunst\u00admu\u00adseum Wolfsburg. In der Ausstel\u00adlung&nbsp;<em>Re-Inventing Piet. Mondrian und die Folgen<\/em>&nbsp;sprachen wir mit ihm \u00fcber die Symbiose von Kunst und Mode, studierten die ber\u00fchmten Mondrian-Kleider von Yves Saint Laurent und lie\u00dfen uns im Anschluss an den Rundgang in einem eigens f\u00fcr die Veran\u00adstal\u00adtung einge\u00adrich\u00adteten Showroom von seinen Ideen, Visionen und von seiner Kunst inspirieren.<\/p>\n\n\n\n<div class=\"wp-block-columns\">\n<div class=\"wp-block-column\">\n<figure class=\"wp-block-image size-large\"><img loading=\"lazy\" width=\"1024\" height=\"683\" src=\"https:\/\/www.kunstmuseum.de\/wp-content\/uploads\/2023\/06\/854A4774-Verbessert-RR-1024x683.jpg\" alt class=\"wp-image-22459\" srcset=\"https:\/\/www.kunstmuseum.de\/wp-content\/uploads\/2023\/06\/854A4774-Verbessert-RR-1024x683.jpg 1024w, https:\/\/www.kunstmuseum.de\/wp-content\/uploads\/2023\/06\/854A4774-Verbessert-RR-300x200.jpg 300w, https:\/\/www.kunstmuseum.de\/wp-content\/uploads\/2023\/06\/854A4774-Verbessert-RR-768x512.jpg 768w, https:\/\/www.kunstmuseum.de\/wp-content\/uploads\/2023\/06\/854A4774-Verbessert-RR-1536x1024.jpg 1536w, https:\/\/www.kunstmuseum.de\/wp-content\/uploads\/2023\/06\/854A4774-Verbessert-RR-2048x1365.jpg 2048w, https:\/\/www.kunstmuseum.de\/wp-content\/uploads\/2023\/06\/854A4774-Verbessert-RR-900x600.jpg 900w, https:\/\/www.kunstmuseum.de\/wp-content\/uploads\/2023\/06\/854A4774-Verbessert-RR-100x67.jpg 100w\" sizes=\"(max-width: 1024px) 100vw, 1024px\"><\/figure>\n<\/div>\n\n\n\n<div class=\"wp-block-column\">\n<figure class=\"wp-block-image size-large\"><img loading=\"lazy\" width=\"1024\" height=\"683\" src=\"https:\/\/www.kunstmuseum.de\/wp-content\/uploads\/2023\/06\/854A4959-Verbessert-RR-1024x683.jpg\" alt class=\"wp-image-22461\" srcset=\"https:\/\/www.kunstmuseum.de\/wp-content\/uploads\/2023\/06\/854A4959-Verbessert-RR-1024x683.jpg 1024w, https:\/\/www.kunstmuseum.de\/wp-content\/uploads\/2023\/06\/854A4959-Verbessert-RR-300x200.jpg 300w, https:\/\/www.kunstmuseum.de\/wp-content\/uploads\/2023\/06\/854A4959-Verbessert-RR-768x512.jpg 768w, https:\/\/www.kunstmuseum.de\/wp-content\/uploads\/2023\/06\/854A4959-Verbessert-RR-1536x1024.jpg 1536w, https:\/\/www.kunstmuseum.de\/wp-content\/uploads\/2023\/06\/854A4959-Verbessert-RR-2048x1365.jpg 2048w, https:\/\/www.kunstmuseum.de\/wp-content\/uploads\/2023\/06\/854A4959-Verbessert-RR-900x600.jpg 900w, https:\/\/www.kunstmuseum.de\/wp-content\/uploads\/2023\/06\/854A4959-Verbessert-RR-100x67.jpg 100w\" sizes=\"(max-width: 1024px) 100vw, 1024px\"><\/figure>\n<\/div>\n\n\n\n<div class=\"wp-block-column\">\n<figure class=\"wp-block-image size-large\"><img loading=\"lazy\" width=\"1024\" height=\"683\" src=\"https:\/\/www.kunstmuseum.de\/wp-content\/uploads\/2023\/06\/854A4968-Verbessert-RR-1024x683.jpg\" alt class=\"wp-image-22463\" srcset=\"https:\/\/www.kunstmuseum.de\/wp-content\/uploads\/2023\/06\/854A4968-Verbessert-RR-1024x683.jpg 1024w, https:\/\/www.kunstmuseum.de\/wp-content\/uploads\/2023\/06\/854A4968-Verbessert-RR-300x200.jpg 300w, https:\/\/www.kunstmuseum.de\/wp-content\/uploads\/2023\/06\/854A4968-Verbessert-RR-768x512.jpg 768w, https:\/\/www.kunstmuseum.de\/wp-content\/uploads\/2023\/06\/854A4968-Verbessert-RR-1536x1024.jpg 1536w, https:\/\/www.kunstmuseum.de\/wp-content\/uploads\/2023\/06\/854A4968-Verbessert-RR-2048x1365.jpg 2048w, https:\/\/www.kunstmuseum.de\/wp-content\/uploads\/2023\/06\/854A4968-Verbessert-RR-900x600.jpg 900w, https:\/\/www.kunstmuseum.de\/wp-content\/uploads\/2023\/06\/854A4968-Verbessert-RR-100x67.jpg 100w\" sizes=\"(max-width: 1024px) 100vw, 1024px\"><\/figure>\n<\/div>\n<\/div>\n\n\n\n<figure class=\"wp-block-image size-large\"><img loading=\"lazy\" width=\"1024\" height=\"683\" src=\"https:\/\/www.kunstmuseum.de\/wp-content\/uploads\/2023\/06\/854A5158-Verbessert-RR-1024x683.jpg\" alt class=\"wp-image-22475\" srcset=\"https:\/\/www.kunstmuseum.de\/wp-content\/uploads\/2023\/06\/854A5158-Verbessert-RR-1024x683.jpg 1024w, https:\/\/www.kunstmuseum.de\/wp-content\/uploads\/2023\/06\/854A5158-Verbessert-RR-300x200.jpg 300w, https:\/\/www.kunstmuseum.de\/wp-content\/uploads\/2023\/06\/854A5158-Verbessert-RR-768x512.jpg 768w, https:\/\/www.kunstmuseum.de\/wp-content\/uploads\/2023\/06\/854A5158-Verbessert-RR-1536x1024.jpg 1536w, https:\/\/www.kunstmuseum.de\/wp-content\/uploads\/2023\/06\/854A5158-Verbessert-RR-2048x1365.jpg 2048w, https:\/\/www.kunstmuseum.de\/wp-content\/uploads\/2023\/06\/854A5158-Verbessert-RR-900x600.jpg 900w, https:\/\/www.kunstmuseum.de\/wp-content\/uploads\/2023\/06\/854A5158-Verbessert-RR-100x67.jpg 100w\" sizes=\"(max-width: 1024px) 100vw, 1024px\"><\/figure>\n\n\n\n<div class=\"wp-block-columns\">\n<div class=\"wp-block-column\">\n<figure class=\"wp-block-image size-large\"><img loading=\"lazy\" width=\"1024\" height=\"683\" src=\"https:\/\/www.kunstmuseum.de\/wp-content\/uploads\/2023\/06\/854A5030-Verbessert-RR-1024x683.jpg\" alt class=\"wp-image-22465\" srcset=\"https:\/\/www.kunstmuseum.de\/wp-content\/uploads\/2023\/06\/854A5030-Verbessert-RR-1024x683.jpg 1024w, https:\/\/www.kunstmuseum.de\/wp-content\/uploads\/2023\/06\/854A5030-Verbessert-RR-300x200.jpg 300w, https:\/\/www.kunstmuseum.de\/wp-content\/uploads\/2023\/06\/854A5030-Verbessert-RR-768x512.jpg 768w, https:\/\/www.kunstmuseum.de\/wp-content\/uploads\/2023\/06\/854A5030-Verbessert-RR-1536x1024.jpg 1536w, https:\/\/www.kunstmuseum.de\/wp-content\/uploads\/2023\/06\/854A5030-Verbessert-RR-2048x1365.jpg 2048w, https:\/\/www.kunstmuseum.de\/wp-content\/uploads\/2023\/06\/854A5030-Verbessert-RR-900x600.jpg 900w, https:\/\/www.kunstmuseum.de\/wp-content\/uploads\/2023\/06\/854A5030-Verbessert-RR-100x67.jpg 100w\" sizes=\"(max-width: 1024px) 100vw, 1024px\"><\/figure>\n<\/div>\n\n\n\n<div class=\"wp-block-column\">\n<figure class=\"wp-block-image size-large\"><img loading=\"lazy\" width=\"1024\" height=\"683\" src=\"https:\/\/www.kunstmuseum.de\/wp-content\/uploads\/2023\/06\/854A5039-Verbessert-RR-1024x683.jpg\" alt class=\"wp-image-22467\" srcset=\"https:\/\/www.kunstmuseum.de\/wp-content\/uploads\/2023\/06\/854A5039-Verbessert-RR-1024x683.jpg 1024w, https:\/\/www.kunstmuseum.de\/wp-content\/uploads\/2023\/06\/854A5039-Verbessert-RR-300x200.jpg 300w, https:\/\/www.kunstmuseum.de\/wp-content\/uploads\/2023\/06\/854A5039-Verbessert-RR-768x512.jpg 768w, https:\/\/www.kunstmuseum.de\/wp-content\/uploads\/2023\/06\/854A5039-Verbessert-RR-1536x1024.jpg 1536w, https:\/\/www.kunstmuseum.de\/wp-content\/uploads\/2023\/06\/854A5039-Verbessert-RR-2048x1365.jpg 2048w, https:\/\/www.kunstmuseum.de\/wp-content\/uploads\/2023\/06\/854A5039-Verbessert-RR-900x600.jpg 900w, https:\/\/www.kunstmuseum.de\/wp-content\/uploads\/2023\/06\/854A5039-Verbessert-RR-100x67.jpg 100w\" sizes=\"(max-width: 1024px) 100vw, 1024px\"><\/figure>\n<\/div>\n\n\n\n<div class=\"wp-block-column\">\n<figure class=\"wp-block-image size-large\"><img loading=\"lazy\" width=\"1024\" height=\"683\" src=\"https:\/\/www.kunstmuseum.de\/wp-content\/uploads\/2023\/06\/854A5056-Verbessert-RR-1024x683.jpg\" alt class=\"wp-image-22469\" srcset=\"https:\/\/www.kunstmuseum.de\/wp-content\/uploads\/2023\/06\/854A5056-Verbessert-RR-1024x683.jpg 1024w, https:\/\/www.kunstmuseum.de\/wp-content\/uploads\/2023\/06\/854A5056-Verbessert-RR-300x200.jpg 300w, https:\/\/www.kunstmuseum.de\/wp-content\/uploads\/2023\/06\/854A5056-Verbessert-RR-768x512.jpg 768w, https:\/\/www.kunstmuseum.de\/wp-content\/uploads\/2023\/06\/854A5056-Verbessert-RR-1536x1024.jpg 1536w, https:\/\/www.kunstmuseum.de\/wp-content\/uploads\/2023\/06\/854A5056-Verbessert-RR-2048x1365.jpg 2048w, https:\/\/www.kunstmuseum.de\/wp-content\/uploads\/2023\/06\/854A5056-Verbessert-RR-900x600.jpg 900w, https:\/\/www.kunstmuseum.de\/wp-content\/uploads\/2023\/06\/854A5056-Verbessert-RR-100x67.jpg 100w\" sizes=\"(max-width: 1024px) 100vw, 1024px\"><\/figure>\n<\/div>\n<\/div>\n\n\n\n<p>Ferhat Kartal ist ein unabh\u00e4n\u00adgiger Designer aus Berlin. Seine Modekol\u00adlek\u00adtionen dekla\u00adriert er als No Gender. Sie sind gepr\u00e4gt von markanten Schnitten, einem sensiblen und au\u00dfer\u00adge\u00adw\u00f6hn\u00adli\u00adchen Gesp\u00fcr f\u00fcr Form und Farbe und stehen f\u00fcr eine klug kuratierte Materi\u00adal\u00adaus\u00adwahl. Er absol\u00advierte eine klassi\u00adsche Schnei\u00adder\u00adaus\u00adbil\u00addung bei Hermann Lange in Bielefeld. Seine ersten Anstel\u00adlungen und Auftr\u00e4ge in der Modein\u00addus\u00adtrie erhielt er nur wenige Jahre sp\u00e4ter bei Joop, Laur\u00e8l und sp\u00e4ter bei Strenesse und der luxuri\u00f6sen Strick\u00admarke Iris von Arnim. Davon losgel\u00f6st trifft Ferhat Kartal heute mit seinen eigenen Kollek\u00adtionen auch politi\u00adsche Aussagen. Seine Modelle tragen kurdische Namen, nicht selten von Menschen geliehen, die Ferhat Kartal auf seinem Lebensweg begleiten. Seine Familie kommt selbst aus der kurdi\u00adschen Provinz Batman in der T\u00fcrkei.<\/p>\n\n\n\n<div class=\"wp-block-columns\">\n<div class=\"wp-block-column\">\n<figure class=\"wp-block-image size-large\"><img loading=\"lazy\" width=\"1024\" height=\"683\" src=\"https:\/\/www.kunstmuseum.de\/wp-content\/uploads\/2023\/06\/854A5114-Verbessert-RR-1024x683.jpg\" alt class=\"wp-image-22471\" srcset=\"https:\/\/www.kunstmuseum.de\/wp-content\/uploads\/2023\/06\/854A5114-Verbessert-RR-1024x683.jpg 1024w, https:\/\/www.kunstmuseum.de\/wp-content\/uploads\/2023\/06\/854A5114-Verbessert-RR-300x200.jpg 300w, https:\/\/www.kunstmuseum.de\/wp-content\/uploads\/2023\/06\/854A5114-Verbessert-RR-768x512.jpg 768w, https:\/\/www.kunstmuseum.de\/wp-content\/uploads\/2023\/06\/854A5114-Verbessert-RR-1536x1024.jpg 1536w, https:\/\/www.kunstmuseum.de\/wp-content\/uploads\/2023\/06\/854A5114-Verbessert-RR-2048x1365.jpg 2048w, https:\/\/www.kunstmuseum.de\/wp-content\/uploads\/2023\/06\/854A5114-Verbessert-RR-900x600.jpg 900w, https:\/\/www.kunstmuseum.de\/wp-content\/uploads\/2023\/06\/854A5114-Verbessert-RR-100x67.jpg 100w\" sizes=\"(max-width: 1024px) 100vw, 1024px\"><\/figure>\n<\/div>\n\n\n\n<div class=\"wp-block-column\">\n<figure class=\"wp-block-image size-large\"><img loading=\"lazy\" width=\"1024\" height=\"683\" src=\"https:\/\/www.kunstmuseum.de\/wp-content\/uploads\/2023\/06\/854A5169-Verbessert-RR-1024x683.jpg\" alt class=\"wp-image-22473\" srcset=\"https:\/\/www.kunstmuseum.de\/wp-content\/uploads\/2023\/06\/854A5169-Verbessert-RR-1024x683.jpg 1024w, https:\/\/www.kunstmuseum.de\/wp-content\/uploads\/2023\/06\/854A5169-Verbessert-RR-300x200.jpg 300w, https:\/\/www.kunstmuseum.de\/wp-content\/uploads\/2023\/06\/854A5169-Verbessert-RR-768x512.jpg 768w, https:\/\/www.kunstmuseum.de\/wp-content\/uploads\/2023\/06\/854A5169-Verbessert-RR-1536x1024.jpg 1536w, https:\/\/www.kunstmuseum.de\/wp-content\/uploads\/2023\/06\/854A5169-Verbessert-RR-2048x1365.jpg 2048w, https:\/\/www.kunstmuseum.de\/wp-content\/uploads\/2023\/06\/854A5169-Verbessert-RR-900x600.jpg 900w, https:\/\/www.kunstmuseum.de\/wp-content\/uploads\/2023\/06\/854A5169-Verbessert-RR-100x67.jpg 100w\" sizes=\"(max-width: 1024px) 100vw, 1024px\"><\/figure>\n<\/div>\n<\/div>\n\n\n\n<p>Mehr \u00fcber Ferhat Kartal auf Instagram <a href=\"https:\/\/www.instagram.com\/ferhatkartal___\/\">@ferhatkartal___<\/a><\/p>\n\n\n\n<p style=\"font-size:9px\">Fotos: Portrait Ferhat Kartal, Dokumen\u00adta\u00adtion: Lukas&nbsp;Gro\u00df<\/p>\n","protected":false},"excerpt":{"rendered":"<p>Am Samstag, den 13.5.23 von 12\u201314.30 Uhr&nbsp;war der kurdische Modede\u00adsi\u00adgner Ferhat Kartal zu Besuch im Kunst\u00admu\u00adseum Wolfsburg. In der Ausstel\u00adlung&nbsp;Re-Inventing Piet. Mondrian und die Folgen&nbsp;sprachen wir mit ihm \u00fcber die Symbiose von Kunst und Mode, studierten die ber\u00fchmten Mondrian-Kleider von Yves Saint Laurent und lie\u00dfen uns im Anschluss an den Rundgang in einem eigens f\u00fcr&nbsp;[\u2026]<\/p>\n","protected":false},"author":1499,"featured_media":21649,"comment_status":"closed","ping_status":"closed","sticky":false,"template":"","format":"standard","meta":{"wp_typography_post_enhancements_disabled":false,"kunstmuseum_formatted_page_title":""},"categories":[1],"tags":[527,533],"yoast_head":"<!-- This site is optimized with the Yoast SEO plugin v19.4 - https:\/\/yoast.com\/wordpress\/plugins\/seo\/ -->\n<title>Matin\u00e9e. Kunst und Mode mit Ferhat Kartal - Kunstmuseum Wolfsburg<\/title>\n<meta name=\"robots\" content=\"index, follow, max-snippet:-1, max-image-preview:large, max-video-preview:-1\" \/>\n<link rel=\"canonical\" href=\"https:\/\/www.kunstmuseum.de\/en\/2023\/04\/matinee-kunst-und-mode-mit-ferhat-kartal\/\" \/>\n<meta property=\"og:locale\" content=\"en_US\" \/>\n<meta property=\"og:type\" content=\"article\" \/>\n<meta property=\"og:title\" content=\"Matin\u00e9e. Kunst und Mode mit Ferhat Kartal - Kunstmuseum Wolfsburg\" \/>\n<meta property=\"og:description\" content=\"Am Samstag, den 13.5.23 von 12\u201314.30 Uhr&nbsp;war der kurdische Modede\u00adsi\u00adgner Ferhat Kartal zu Besuch im Kunst\u00admu\u00adseum Wolfsburg. In der Ausstel\u00adlung&nbsp;Re-Inventing Piet. Mondrian und die Folgen&nbsp;sprachen wir mit ihm \u00fcber die Symbiose von Kunst und Mode, studierten die ber\u00fchmten Mondrian-Kleider von Yves Saint Laurent und lie\u00dfen uns im Anschluss an den Rundgang in einem eigens f\u00fcr [&hellip;]\" \/>\n<meta property=\"og:url\" content=\"https:\/\/www.kunstmuseum.de\/en\/2023\/04\/matinee-kunst-und-mode-mit-ferhat-kartal\/\" \/>\n<meta property=\"og:site_name\" content=\"Kunstmuseum Wolfsburg\" \/>\n<meta property=\"article:publisher\" content=\"https:\/\/www.facebook.com\/KunstmuseumWolfsburg\" \/>\n<meta property=\"article:published_time\" content=\"2023-04-17T12:27:38+00:00\" \/>\n<meta property=\"article:modified_time\" content=\"2024-04-26T12:02:51+00:00\" \/>\n<meta property=\"og:image\" content=\"https:\/\/www.kunstmuseum.de\/wp-content\/uploads\/2023\/04\/Design-ohne-Titel-6.png\" \/>\n\t<meta property=\"og:image:width\" content=\"900\" \/>\n\t<meta property=\"og:image:height\" content=\"600\" \/>\n\t<meta property=\"og:image:type\" content=\"image\/png\" \/>\n<meta name=\"author\" content=\"Kaye Lomas\" \/>\n<meta name=\"twitter:card\" content=\"summary_large_image\" \/>\n<meta name=\"twitter:creator\" content=\"@kunstmuseumwob\" \/>\n<meta name=\"twitter:site\" content=\"@kunstmuseumwob\" \/>\n<meta name=\"twitter:label1\" content=\"Written by\" \/>\n\t<meta name=\"twitter:data1\" content=\"Kaye Lomas\" \/>\n\t<meta name=\"twitter:label2\" content=\"Est. reading time\" \/>\n\t<meta name=\"twitter:data2\" content=\"3 minutes\" \/>\n<script type=\"application\/ld+json\" class=\"yoast-schema-graph\">{\"@context\":\"https:\/\/schema.org\",\"@graph\":[{\"@type\":\"Organization\",\"@id\":\"https:\/\/www.kunstmuseum.de\/en\/#organization\",\"name\":\"Kunstmuseum Wolfsburg\",\"url\":\"https:\/\/www.kunstmuseum.de\/en\/\",\"sameAs\":[\"https:\/\/www.instagram.com\/kunstmuseumwolfsburg\/\",\"https:\/\/www.linkedin.com\/company\/kunstmuseum-wolfsburg\/\",\"https:\/\/www.youtube.com\/user\/KunstmuseumWolfsburg\",\"https:\/\/de.wikipedia.org\/wiki\/Kunstmuseum_Wolfsburg\",\"https:\/\/www.facebook.com\/KunstmuseumWolfsburg\",\"https:\/\/twitter.com\/kunstmuseumwob\"],\"logo\":{\"@type\":\"ImageObject\",\"inLanguage\":\"en-US\",\"@id\":\"https:\/\/www.kunstmuseum.de\/en\/#\/schema\/logo\/image\/\",\"url\":\"https:\/\/www.kunstmuseum.de\/wp-content\/uploads\/2020\/05\/191125_KMW_Wortmarke_RGB_schwarz.svg\",\"contentUrl\":\"https:\/\/www.kunstmuseum.de\/wp-content\/uploads\/2020\/05\/191125_KMW_Wortmarke_RGB_schwarz.svg\",\"caption\":\"Kunstmuseum Wolfsburg\"},\"image\":{\"@id\":\"https:\/\/www.kunstmuseum.de\/en\/#\/schema\/logo\/image\/\"}},{\"@type\":\"WebSite\",\"@id\":\"https:\/\/www.kunstmuseum.de\/en\/#website\",\"url\":\"https:\/\/www.kunstmuseum.de\/en\/\",\"name\":\"Kunstmuseum Wolfsburg\",\"description\":\"\",\"publisher\":{\"@id\":\"https:\/\/www.kunstmuseum.de\/en\/#organization\"},\"potentialAction\":[{\"@type\":\"SearchAction\",\"target\":{\"@type\":\"EntryPoint\",\"urlTemplate\":\"https:\/\/www.kunstmuseum.de\/en\/?s={search_term_string}\"},\"query-input\":\"required name=search_term_string\"}],\"inLanguage\":\"en-US\"},{\"@type\":\"WebPage\",\"@id\":\"https:\/\/www.kunstmuseum.de\/en\/2023\/04\/matinee-kunst-und-mode-mit-ferhat-kartal\/\",\"url\":\"https:\/\/www.kunstmuseum.de\/en\/2023\/04\/matinee-kunst-und-mode-mit-ferhat-kartal\/\",\"name\":\"Matin\u00e9e. Kunst und Mode mit Ferhat Kartal - Kunstmuseum Wolfsburg\",\"isPartOf\":{\"@id\":\"https:\/\/www.kunstmuseum.de\/en\/#website\"},\"datePublished\":\"2023-04-17T12:27:38+00:00\",\"dateModified\":\"2024-04-26T12:02:51+00:00\",\"breadcrumb\":{\"@id\":\"https:\/\/www.kunstmuseum.de\/en\/2023\/04\/matinee-kunst-und-mode-mit-ferhat-kartal\/#breadcrumb\"},\"inLanguage\":\"en-US\",\"potentialAction\":[{\"@type\":\"ReadAction\",\"target\":[\"https:\/\/www.kunstmuseum.de\/en\/2023\/04\/matinee-kunst-und-mode-mit-ferhat-kartal\/\"]}]},{\"@type\":\"BreadcrumbList\",\"@id\":\"https:\/\/www.kunstmuseum.de\/en\/2023\/04\/matinee-kunst-und-mode-mit-ferhat-kartal\/#breadcrumb\",\"itemListElement\":[{\"@type\":\"ListItem\",\"position\":1,\"name\":\"Startseite\",\"item\":\"https:\/\/www.kunstmuseum.de\/en\/\"},{\"@type\":\"ListItem\",\"position\":2,\"name\":\"Matin\u00e9e. Kunst und Mode mit Ferhat Kartal\"}]},{\"@type\":\"Article\",\"@id\":\"https:\/\/www.kunstmuseum.de\/en\/2023\/04\/matinee-kunst-und-mode-mit-ferhat-kartal\/#article\",\"isPartOf\":{\"@id\":\"https:\/\/www.kunstmuseum.de\/en\/2023\/04\/matinee-kunst-und-mode-mit-ferhat-kartal\/\"},\"author\":{\"name\":\"Kaye Lomas\",\"@id\":\"https:\/\/www.kunstmuseum.de\/en\/#\/schema\/person\/33ce7ce14546b222bfd6a357a22cd681\"},\"headline\":\"Matin\u00e9e. Kunst und Mode mit Ferhat Kartal\",\"datePublished\":\"2023-04-17T12:27:38+00:00\",\"dateModified\":\"2024-04-26T12:02:51+00:00\",\"mainEntityOfPage\":{\"@id\":\"https:\/\/www.kunstmuseum.de\/en\/2023\/04\/matinee-kunst-und-mode-mit-ferhat-kartal\/\"},\"wordCount\":229,\"publisher\":{\"@id\":\"https:\/\/www.kunstmuseum.de\/en\/#organization\"},\"keywords\":[\"Mondrian\",\"Young Generation\"],\"articleSection\":[\"Unkategorisiert\"],\"inLanguage\":\"en-US\"},{\"@type\":\"Person\",\"@id\":\"https:\/\/www.kunstmuseum.de\/en\/#\/schema\/person\/33ce7ce14546b222bfd6a357a22cd681\",\"name\":\"Kaye Lomas\",\"image\":{\"@type\":\"ImageObject\",\"inLanguage\":\"en-US\",\"@id\":\"https:\/\/www.kunstmuseum.de\/en\/#\/schema\/person\/image\/\",\"url\":\"https:\/\/secure.gravatar.com\/avatar\/a04b8c1d583166ba071debc422468dac?s=96&d=mm&r=g\",\"contentUrl\":\"https:\/\/secure.gravatar.com\/avatar\/a04b8c1d583166ba071debc422468dac?s=96&d=mm&r=g\",\"caption\":\"Kaye Lomas\"}}]}<\/script>\n<!-- \/ Yoast SEO plugin. -->","yoast_head_json":{"title":"Matin\u00e9e. Kunst und Mode mit Ferhat Kartal - Kunstmuseum Wolfsburg","robots":{"index":"index","follow":"follow","max-snippet":"max-snippet:-1","max-image-preview":"max-image-preview:large","max-video-preview":"max-video-preview:-1"},"canonical":"https:\/\/www.kunstmuseum.de\/en\/2023\/04\/matinee-kunst-und-mode-mit-ferhat-kartal\/","og_locale":"en_US","og_type":"article","og_title":"Matin\u00e9e. Kunst und Mode mit Ferhat Kartal - Kunstmuseum Wolfsburg","og_description":"Am Samstag, den 13.5.23 von 12\u201314.30 Uhr&nbsp;war der kurdische Modede\u00adsi\u00adgner Ferhat Kartal zu Besuch im Kunst\u00admu\u00adseum Wolfsburg. In der Ausstel\u00adlung&nbsp;Re-Inventing Piet. Mondrian und die Folgen&nbsp;sprachen wir mit ihm \u00fcber die Symbiose von Kunst und Mode, studierten die ber\u00fchmten Mondrian-Kleider von Yves Saint Laurent und lie\u00dfen uns im Anschluss an den Rundgang in einem eigens f\u00fcr [&hellip;]","og_url":"https:\/\/www.kunstmuseum.de\/en\/2023\/04\/matinee-kunst-und-mode-mit-ferhat-kartal\/","og_site_name":"Kunstmuseum Wolfsburg","article_publisher":"https:\/\/www.facebook.com\/KunstmuseumWolfsburg","article_published_time":"2023-04-17T12:27:38+00:00","article_modified_time":"2024-04-26T12:02:51+00:00","og_image":[{"width":900,"height":600,"url":"https:\/\/www.kunstmuseum.de\/wp-content\/uploads\/2023\/04\/Design-ohne-Titel-6.png","type":"image\/png"}],"author":"Kaye Lomas","twitter_card":"summary_large_image","twitter_creator":"@kunstmuseumwob","twitter_site":"@kunstmuseumwob","twitter_misc":{"Written by":"Kaye Lomas","Est. reading time":"3 minutes"},"schema":{"@context":"https:\/\/schema.org","@graph":[{"@type":"Organization","@id":"https:\/\/www.kunstmuseum.de\/en\/#organization","name":"Kunstmuseum Wolfsburg","url":"https:\/\/www.kunstmuseum.de\/en\/","sameAs":["https:\/\/www.instagram.com\/kunstmuseumwolfsburg\/","https:\/\/www.linkedin.com\/company\/kunstmuseum-wolfsburg\/","https:\/\/www.youtube.com\/user\/KunstmuseumWolfsburg","https:\/\/de.wikipedia.org\/wiki\/Kunstmuseum_Wolfsburg","https:\/\/www.facebook.com\/KunstmuseumWolfsburg","https:\/\/twitter.com\/kunstmuseumwob"],"logo":{"@type":"ImageObject","inLanguage":"en-US","@id":"https:\/\/www.kunstmuseum.de\/en\/#\/schema\/logo\/image\/","url":"https:\/\/www.kunstmuseum.de\/wp-content\/uploads\/2020\/05\/191125_KMW_Wortmarke_RGB_schwarz.svg","contentUrl":"https:\/\/www.kunstmuseum.de\/wp-content\/uploads\/2020\/05\/191125_KMW_Wortmarke_RGB_schwarz.svg","caption":"Kunstmuseum Wolfsburg"},"image":{"@id":"https:\/\/www.kunstmuseum.de\/en\/#\/schema\/logo\/image\/"}},{"@type":"WebSite","@id":"https:\/\/www.kunstmuseum.de\/en\/#website","url":"https:\/\/www.kunstmuseum.de\/en\/","name":"Kunstmuseum Wolfsburg","description":"","publisher":{"@id":"https:\/\/www.kunstmuseum.de\/en\/#organization"},"potentialAction":[{"@type":"SearchAction","target":{"@type":"EntryPoint","urlTemplate":"https:\/\/www.kunstmuseum.de\/en\/?s={search_term_string}"},"query-input":"required name=search_term_string"}],"inLanguage":"en-US"},{"@type":"WebPage","@id":"https:\/\/www.kunstmuseum.de\/en\/2023\/04\/matinee-kunst-und-mode-mit-ferhat-kartal\/","url":"https:\/\/www.kunstmuseum.de\/en\/2023\/04\/matinee-kunst-und-mode-mit-ferhat-kartal\/","name":"Matin\u00e9e. Kunst und Mode mit Ferhat Kartal - Kunstmuseum Wolfsburg","isPartOf":{"@id":"https:\/\/www.kunstmuseum.de\/en\/#website"},"datePublished":"2023-04-17T12:27:38+00:00","dateModified":"2024-04-26T12:02:51+00:00","breadcrumb":{"@id":"https:\/\/www.kunstmuseum.de\/en\/2023\/04\/matinee-kunst-und-mode-mit-ferhat-kartal\/#breadcrumb"},"inLanguage":"en-US","potentialAction":[{"@type":"ReadAction","target":["https:\/\/www.kunstmuseum.de\/en\/2023\/04\/matinee-kunst-und-mode-mit-ferhat-kartal\/"]}]},{"@type":"BreadcrumbList","@id":"https:\/\/www.kunstmuseum.de\/en\/2023\/04\/matinee-kunst-und-mode-mit-ferhat-kartal\/#breadcrumb","itemListElement":[{"@type":"ListItem","position":1,"name":"Startseite","item":"https:\/\/www.kunstmuseum.de\/en\/"},{"@type":"ListItem","position":2,"name":"Matin\u00e9e. Kunst und Mode mit Ferhat Kartal"}]},{"@type":"Article","@id":"https:\/\/www.kunstmuseum.de\/en\/2023\/04\/matinee-kunst-und-mode-mit-ferhat-kartal\/#article","isPartOf":{"@id":"https:\/\/www.kunstmuseum.de\/en\/2023\/04\/matinee-kunst-und-mode-mit-ferhat-kartal\/"},"author":{"name":"Kaye Lomas","@id":"https:\/\/www.kunstmuseum.de\/en\/#\/schema\/person\/33ce7ce14546b222bfd6a357a22cd681"},"headline":"Matin\u00e9e. Kunst und Mode mit Ferhat Kartal","datePublished":"2023-04-17T12:27:38+00:00","dateModified":"2024-04-26T12:02:51+00:00","mainEntityOfPage":{"@id":"https:\/\/www.kunstmuseum.de\/en\/2023\/04\/matinee-kunst-und-mode-mit-ferhat-kartal\/"},"wordCount":229,"publisher":{"@id":"https:\/\/www.kunstmuseum.de\/en\/#organization"},"keywords":["Mondrian","Young Generation"],"articleSection":["Unkategorisiert"],"inLanguage":"en-US"},{"@type":"Person","@id":"https:\/\/www.kunstmuseum.de\/en\/#\/schema\/person\/33ce7ce14546b222bfd6a357a22cd681","name":"Kaye Lomas","image":{"@type":"ImageObject","inLanguage":"en-US","@id":"https:\/\/www.kunstmuseum.de\/en\/#\/schema\/person\/image\/","url":"https:\/\/secure.gravatar.com\/avatar\/a04b8c1d583166ba071debc422468dac?s=96&d=mm&r=g","contentUrl":"https:\/\/secure.gravatar.com\/avatar\/a04b8c1d583166ba071debc422468dac?s=96&d=mm&r=g","caption":"Kaye Lomas"}}]}},"_links":{"self":[{"href":"https:\/\/www.kunstmuseum.de\/en\/wp-json\/wp\/v2\/posts\/21645"}],"collection":[{"href":"https:\/\/www.kunstmuseum.de\/en\/wp-json\/wp\/v2\/posts"}],"about":[{"href":"https:\/\/www.kunstmuseum.de\/en\/wp-json\/wp\/v2\/types\/post"}],"author":[{"embeddable":true,"href":"https:\/\/www.kunstmuseum.de\/en\/wp-json\/wp\/v2\/users\/1499"}],"replies":[{"embeddable":true,"href":"https:\/\/www.kunstmuseum.de\/en\/wp-json\/wp\/v2\/comments?post=21645"}],"version-history":[{"count":6,"href":"https:\/\/www.kunstmuseum.de\/en\/wp-json\/wp\/v2\/posts\/21645\/revisions"}],"predecessor-version":[{"id":22487,"href":"https:\/\/www.kunstmuseum.de\/en\/wp-json\/wp\/v2\/posts\/21645\/revisions\/22487"}],"wp:featuredmedia":[{"embeddable":true,"href":"https:\/\/www.kunstmuseum.de\/en\/wp-json\/wp\/v2\/media\/21649"}],"wp:attachment":[{"href":"https:\/\/www.kunstmuseum.de\/en\/wp-json\/wp\/v2\/media?parent=21645"}],"wp:term":[{"taxonomy":"category","embeddable":true,"href":"https:\/\/www.kunstmuseum.de\/en\/wp-json\/wp\/v2\/categories?post=21645"},{"taxonomy":"post_tag","embeddable":true,"href":"https:\/\/www.kunstmuseum.de\/en\/wp-json\/wp\/v2\/tags?post=21645"}],"curies":[{"name":"wp","href":"https:\/\/api.w.org\/{rel}","templated":true}]}}