{"id":21939,"date":"2023-05-04T15:56:31","date_gmt":"2023-05-04T13:56:31","guid":{"rendered":"https:\/\/www.kunstmuseum.de\/?p=21939"},"modified":"2024-04-26T14:02:47","modified_gmt":"2024-04-26T12:02:47","slug":"grosse-freude-studio-digital-nominiert-fuer-grimme-online-award","status":"publish","type":"post","link":"https:\/\/www.kunstmuseum.de\/en\/2023\/05\/grosse-freude-studio-digital-nominiert-fuer-grimme-online-award\/","title":{"rendered":"Gro\u00dfe Freude: Studio Digital nominiert f\u00fcr Grimme Online Award"},"content":{"rendered":"\n<p><strong>Wir sind \u00fcberw\u00e4ltigt!&nbsp;<\/strong><\/p>\n\n\n\n<p>Der Grimme Online Award zeichnet seit 2001 heraus\u00adra\u00adgende Online-Angebote in vier Katego\u00adrien aus. Studio Digital wurde aus insgesamt rund 800 Projekten ausge\u00adw\u00e4hlt und f\u00fcr die Kategorie \u201eKunst und Unter\u00adhal\u00adtung\u201c nominiert.<\/p>\n\n\n\n<p>Aus diesem Anlass reiste die Kunst\u00adver\u00admitt\u00adlung \u2013 Ute Lefarth-Polland und Sarah Groi\u00df zusammen mit Sara Dahme und Antonia Schick vom Max Born-Gymnasium Backnang \u2013 vergan\u00adgenen Freitag zur Bekannt\u00adgabe der Nominie\u00adrung nach K\u00f6ln. Auf dem Podium und im Interview wurden die unter\u00adschied\u00adli\u00adchen Projekte und Perspek\u00adtiven vorge\u00adstellt und vielseitig diskutiert.<\/p>\n\n\n\n<div class=\"wp-block-columns\">\n<div class=\"wp-block-column\">\n<figure class=\"wp-block-image size-large\"><img loading=\"lazy\" width=\"1024\" height=\"683\" src=\"https:\/\/www.kunstmuseum.de\/wp-content\/uploads\/2023\/05\/52863927587_2d4146ff57_o-1024x683.jpg\" alt class=\"wp-image-21954\" srcset=\"https:\/\/www.kunstmuseum.de\/wp-content\/uploads\/2023\/05\/52863927587_2d4146ff57_o-1024x683.jpg 1024w, https:\/\/www.kunstmuseum.de\/wp-content\/uploads\/2023\/05\/52863927587_2d4146ff57_o-300x200.jpg 300w, https:\/\/www.kunstmuseum.de\/wp-content\/uploads\/2023\/05\/52863927587_2d4146ff57_o-768x512.jpg 768w, https:\/\/www.kunstmuseum.de\/wp-content\/uploads\/2023\/05\/52863927587_2d4146ff57_o-1536x1024.jpg 1536w, https:\/\/www.kunstmuseum.de\/wp-content\/uploads\/2023\/05\/52863927587_2d4146ff57_o-2048x1365.jpg 2048w, https:\/\/www.kunstmuseum.de\/wp-content\/uploads\/2023\/05\/52863927587_2d4146ff57_o-900x600.jpg 900w, https:\/\/www.kunstmuseum.de\/wp-content\/uploads\/2023\/05\/52863927587_2d4146ff57_o-100x67.jpg 100w\" sizes=\"(max-width: 1024px) 100vw, 1024px\"><\/figure>\n<\/div>\n\n\n\n<div class=\"wp-block-column\">\n<figure class=\"wp-block-image size-large\"><img loading=\"lazy\" width=\"1024\" height=\"683\" src=\"https:\/\/www.kunstmuseum.de\/wp-content\/uploads\/2023\/05\/52864672204_2d19c2848c_o-1024x683.jpg\" alt class=\"wp-image-21956\" srcset=\"https:\/\/www.kunstmuseum.de\/wp-content\/uploads\/2023\/05\/52864672204_2d19c2848c_o-1024x683.jpg 1024w, https:\/\/www.kunstmuseum.de\/wp-content\/uploads\/2023\/05\/52864672204_2d19c2848c_o-300x200.jpg 300w, https:\/\/www.kunstmuseum.de\/wp-content\/uploads\/2023\/05\/52864672204_2d19c2848c_o-768x512.jpg 768w, https:\/\/www.kunstmuseum.de\/wp-content\/uploads\/2023\/05\/52864672204_2d19c2848c_o-1536x1024.jpg 1536w, https:\/\/www.kunstmuseum.de\/wp-content\/uploads\/2023\/05\/52864672204_2d19c2848c_o-2048x1365.jpg 2048w, https:\/\/www.kunstmuseum.de\/wp-content\/uploads\/2023\/05\/52864672204_2d19c2848c_o-900x600.jpg 900w, https:\/\/www.kunstmuseum.de\/wp-content\/uploads\/2023\/05\/52864672204_2d19c2848c_o-100x67.jpg 100w\" sizes=\"(max-width: 1024px) 100vw, 1024px\"><\/figure>\n<\/div>\n\n\n\n<div class=\"wp-block-column\">\n<figure class=\"wp-block-image size-large\"><img loading=\"lazy\" width=\"1024\" height=\"683\" src=\"https:\/\/www.kunstmuseum.de\/wp-content\/uploads\/2023\/05\/52864895205_70ebf87281_o-1024x683.jpg\" alt class=\"wp-image-21958\" srcset=\"https:\/\/www.kunstmuseum.de\/wp-content\/uploads\/2023\/05\/52864895205_70ebf87281_o-1024x683.jpg 1024w, https:\/\/www.kunstmuseum.de\/wp-content\/uploads\/2023\/05\/52864895205_70ebf87281_o-300x200.jpg 300w, https:\/\/www.kunstmuseum.de\/wp-content\/uploads\/2023\/05\/52864895205_70ebf87281_o-768x512.jpg 768w, https:\/\/www.kunstmuseum.de\/wp-content\/uploads\/2023\/05\/52864895205_70ebf87281_o-1536x1024.jpg 1536w, https:\/\/www.kunstmuseum.de\/wp-content\/uploads\/2023\/05\/52864895205_70ebf87281_o-2048x1365.jpg 2048w, https:\/\/www.kunstmuseum.de\/wp-content\/uploads\/2023\/05\/52864895205_70ebf87281_o-900x600.jpg 900w, https:\/\/www.kunstmuseum.de\/wp-content\/uploads\/2023\/05\/52864895205_70ebf87281_o-100x67.jpg 100w\" sizes=\"(max-width: 1024px) 100vw, 1024px\"><\/figure>\n<\/div>\n<\/div>\n\n\n\n<div class=\"wp-block-columns\">\n<div class=\"wp-block-column\">\n<figure class=\"wp-block-image size-large\"><img loading=\"lazy\" width=\"1024\" height=\"683\" src=\"https:\/\/www.kunstmuseum.de\/wp-content\/uploads\/2023\/05\/52864894515_75a01dac82_o-1024x683.jpg\" alt class=\"wp-image-21966\" srcset=\"https:\/\/www.kunstmuseum.de\/wp-content\/uploads\/2023\/05\/52864894515_75a01dac82_o-1024x683.jpg 1024w, https:\/\/www.kunstmuseum.de\/wp-content\/uploads\/2023\/05\/52864894515_75a01dac82_o-300x200.jpg 300w, https:\/\/www.kunstmuseum.de\/wp-content\/uploads\/2023\/05\/52864894515_75a01dac82_o-768x512.jpg 768w, https:\/\/www.kunstmuseum.de\/wp-content\/uploads\/2023\/05\/52864894515_75a01dac82_o-1536x1024.jpg 1536w, https:\/\/www.kunstmuseum.de\/wp-content\/uploads\/2023\/05\/52864894515_75a01dac82_o-2048x1365.jpg 2048w, https:\/\/www.kunstmuseum.de\/wp-content\/uploads\/2023\/05\/52864894515_75a01dac82_o-900x600.jpg 900w, https:\/\/www.kunstmuseum.de\/wp-content\/uploads\/2023\/05\/52864894515_75a01dac82_o-100x67.jpg 100w\" sizes=\"(max-width: 1024px) 100vw, 1024px\"><\/figure>\n<\/div>\n\n\n\n<div class=\"wp-block-column\">\n<figure class=\"wp-block-image size-large\"><img loading=\"lazy\" width=\"1024\" height=\"683\" src=\"https:\/\/www.kunstmuseum.de\/wp-content\/uploads\/2023\/05\/52864671524_3a6530b370_o1-1024x683.jpg\" alt class=\"wp-image-21968\" srcset=\"https:\/\/www.kunstmuseum.de\/wp-content\/uploads\/2023\/05\/52864671524_3a6530b370_o1-1024x683.jpg 1024w, https:\/\/www.kunstmuseum.de\/wp-content\/uploads\/2023\/05\/52864671524_3a6530b370_o1-300x200.jpg 300w, https:\/\/www.kunstmuseum.de\/wp-content\/uploads\/2023\/05\/52864671524_3a6530b370_o1-768x512.jpg 768w, https:\/\/www.kunstmuseum.de\/wp-content\/uploads\/2023\/05\/52864671524_3a6530b370_o1-1536x1024.jpg 1536w, https:\/\/www.kunstmuseum.de\/wp-content\/uploads\/2023\/05\/52864671524_3a6530b370_o1-2048x1365.jpg 2048w, https:\/\/www.kunstmuseum.de\/wp-content\/uploads\/2023\/05\/52864671524_3a6530b370_o1-900x600.jpg 900w, https:\/\/www.kunstmuseum.de\/wp-content\/uploads\/2023\/05\/52864671524_3a6530b370_o1-100x67.jpg 100w\" sizes=\"(max-width: 1024px) 100vw, 1024px\"><\/figure>\n<\/div>\n\n\n\n<div class=\"wp-block-column\">\n<figure class=\"wp-block-image size-large\"><img loading=\"lazy\" width=\"1024\" height=\"683\" src=\"https:\/\/www.kunstmuseum.de\/wp-content\/uploads\/2023\/05\/52864943223_43d16478b5_o-1024x683.jpg\" alt class=\"wp-image-21970\" srcset=\"https:\/\/www.kunstmuseum.de\/wp-content\/uploads\/2023\/05\/52864943223_43d16478b5_o-1024x683.jpg 1024w, https:\/\/www.kunstmuseum.de\/wp-content\/uploads\/2023\/05\/52864943223_43d16478b5_o-300x200.jpg 300w, https:\/\/www.kunstmuseum.de\/wp-content\/uploads\/2023\/05\/52864943223_43d16478b5_o-768x512.jpg 768w, https:\/\/www.kunstmuseum.de\/wp-content\/uploads\/2023\/05\/52864943223_43d16478b5_o-1536x1024.jpg 1536w, https:\/\/www.kunstmuseum.de\/wp-content\/uploads\/2023\/05\/52864943223_43d16478b5_o-2048x1365.jpg 2048w, https:\/\/www.kunstmuseum.de\/wp-content\/uploads\/2023\/05\/52864943223_43d16478b5_o-900x600.jpg 900w, https:\/\/www.kunstmuseum.de\/wp-content\/uploads\/2023\/05\/52864943223_43d16478b5_o-100x67.jpg 100w\" sizes=\"(max-width: 1024px) 100vw, 1024px\"><\/figure>\n<\/div>\n<\/div>\n\n\n\n<div class=\"wp-block-columns\">\n<div class=\"wp-block-column\">\n<figure class=\"wp-block-image size-large\"><img loading=\"lazy\" width=\"1024\" height=\"683\" src=\"https:\/\/www.kunstmuseum.de\/wp-content\/uploads\/2023\/05\/52863927652_7ab02ee360_o-1-1024x683.jpg\" alt class=\"wp-image-21973\" srcset=\"https:\/\/www.kunstmuseum.de\/wp-content\/uploads\/2023\/05\/52863927652_7ab02ee360_o-1-1024x683.jpg 1024w, https:\/\/www.kunstmuseum.de\/wp-content\/uploads\/2023\/05\/52863927652_7ab02ee360_o-1-300x200.jpg 300w, https:\/\/www.kunstmuseum.de\/wp-content\/uploads\/2023\/05\/52863927652_7ab02ee360_o-1-768x512.jpg 768w, https:\/\/www.kunstmuseum.de\/wp-content\/uploads\/2023\/05\/52863927652_7ab02ee360_o-1-1536x1024.jpg 1536w, https:\/\/www.kunstmuseum.de\/wp-content\/uploads\/2023\/05\/52863927652_7ab02ee360_o-1-2048x1365.jpg 2048w, https:\/\/www.kunstmuseum.de\/wp-content\/uploads\/2023\/05\/52863927652_7ab02ee360_o-1-900x600.jpg 900w, https:\/\/www.kunstmuseum.de\/wp-content\/uploads\/2023\/05\/52863927652_7ab02ee360_o-1-100x67.jpg 100w\" sizes=\"(max-width: 1024px) 100vw, 1024px\"><\/figure>\n<\/div>\n\n\n\n<div class=\"wp-block-column\">\n<figure class=\"wp-block-image size-large\"><img loading=\"lazy\" width=\"1024\" height=\"683\" src=\"https:\/\/www.kunstmuseum.de\/wp-content\/uploads\/2023\/05\/52864508806_0d00281bda_o-1024x683.jpg\" alt class=\"wp-image-21975\" srcset=\"https:\/\/www.kunstmuseum.de\/wp-content\/uploads\/2023\/05\/52864508806_0d00281bda_o-1024x683.jpg 1024w, https:\/\/www.kunstmuseum.de\/wp-content\/uploads\/2023\/05\/52864508806_0d00281bda_o-300x200.jpg 300w, https:\/\/www.kunstmuseum.de\/wp-content\/uploads\/2023\/05\/52864508806_0d00281bda_o-768x512.jpg 768w, https:\/\/www.kunstmuseum.de\/wp-content\/uploads\/2023\/05\/52864508806_0d00281bda_o-1536x1024.jpg 1536w, https:\/\/www.kunstmuseum.de\/wp-content\/uploads\/2023\/05\/52864508806_0d00281bda_o-2048x1365.jpg 2048w, https:\/\/www.kunstmuseum.de\/wp-content\/uploads\/2023\/05\/52864508806_0d00281bda_o-900x600.jpg 900w, https:\/\/www.kunstmuseum.de\/wp-content\/uploads\/2023\/05\/52864508806_0d00281bda_o-100x67.jpg 100w\" sizes=\"(max-width: 1024px) 100vw, 1024px\"><\/figure>\n<\/div>\n<\/div>\n\n\n\n<p>\u201eWir sind \u00fcbergl\u00fcck\u00adlich, denn die Nominie\u00adrung stellt eine besondere W\u00fcrdigung dar und ist zugleich Motiva\u00adtion, unsere digitalen Angebote weiter voran\u00adzu\u00adtreiben\u201c, so Ute Lefarth-Polland, Leiterin der Kunstvermittlung.<\/p>\n\n\n\n<p>\u201e<a href=\"https:\/\/studiodigital.kunstmuseum.de\/startseite\">Studio Digital<\/a> ist ein Gemein\u00adschafts\u00adpro\u00adjekt, das mit Sch\u00fcler*innen entwi\u00adckelt wurde. Die Nominie\u00adrung zeigt, wie fruchtbar und wichtig es ist, insbe\u00adson\u00addere junge Menschen an digitalen Projekten zu betei\u00adligen\u201c, hebt Sarah Groi\u00df, Projekt\u00adlei\u00adterin Studio Digital, hervor.<\/p>\n\n\n\n<p>Am 15. Juni 2023 werden die Gewinner*innen in der Flora in K\u00f6ln bekannt\u00adge\u00adgeben. Bis dahin kann auf der Website des Grimme Online Award f\u00fcr den Publi\u00adkums\u00adpreis abgestimmt werden:<\/p>\n\n\n\n<p><a href=\"https:\/\/w1.grimme-online-award.de\/goa\/voting\/ext_voting.pl\">Hier<\/a> k\u00f6nnen Sie aus den Nominie\u00adrungen zum Grimme Online Award 2023 \u00fcber den Publi\u00adkums\u00adpreis abstimmen. <strong>Sie k\u00f6nnen f\u00fcr Studio Digital abstimmen, indem Sie auf die zugeh\u00f6\u00adrige Auswahlbox beim Angebot klicken und anschlie\u00ad\u00dfend unten auf \u201cAbsenden\u201d gehen.<\/strong> Die Abstim\u00admung ist bis zum 08. Juni 2023, 23:59 Uhr m\u00f6glich.<\/p>\n\n\n\n<p style=\"font-size:9px\">Bilder: Grimme Institut<\/p>\n\n\n\n<div class=\"wp-block-columns\">\n<div class=\"wp-block-column\">\n<figure class=\"wp-block-image size-full is-resized\"><img loading=\"lazy\" src=\"https:\/\/www.kunstmuseum.de\/wp-content\/uploads\/2023\/05\/Grimme-Online-Award_2023_NOMINIERT_screen-002.png\" alt class=\"wp-image-21964\" width=\"206\" height=\"103\" srcset=\"https:\/\/www.kunstmuseum.de\/wp-content\/uploads\/2023\/05\/Grimme-Online-Award_2023_NOMINIERT_screen-002.png 600w, https:\/\/www.kunstmuseum.de\/wp-content\/uploads\/2023\/05\/Grimme-Online-Award_2023_NOMINIERT_screen-002-300x150.png 300w, https:\/\/www.kunstmuseum.de\/wp-content\/uploads\/2023\/05\/Grimme-Online-Award_2023_NOMINIERT_screen-002-100x50.png 100w\" sizes=\"(max-width: 206px) 100vw, 206px\"><\/figure>\n<\/div>\n<\/div>\n\n\n\n<p><\/p>\n","protected":false},"excerpt":{"rendered":"<p>Wir sind \u00fcberw\u00e4l\u00adtigt!&nbsp; Der Grimme Online Award zeichnet seit 2001 heraus\u00adra\u00adgende Online-Angebote in vier Katego\u00adrien aus. Studio Digital wurde aus insgesamt rund 800 Projekten ausge\u00adw\u00e4hlt und f\u00fcr die Kategorie \u201eKunst und Unter\u00adhal\u00adtung\u201c nominiert. Aus diesem Anlass reiste die Kunst\u00adver\u00admitt\u00adlung \u2013 Ute Lefarth-Polland und Sarah Groi\u00df zusammen mit Sara Dahme und Antonia Schick vom Max Born-Gymnasium&nbsp;[\u2026]<\/p>\n","protected":false},"author":1499,"featured_media":21980,"comment_status":"closed","ping_status":"closed","sticky":false,"template":"","format":"standard","meta":{"wp_typography_post_enhancements_disabled":false,"kunstmuseum_formatted_page_title":""},"categories":[1],"tags":[605,499],"yoast_head":"<!-- This site is optimized with the Yoast SEO plugin v19.4 - https:\/\/yoast.com\/wordpress\/plugins\/seo\/ -->\n<title>Gro\u00dfe Freude: Studio Digital nominiert f\u00fcr Grimme Online Award - Kunstmuseum Wolfsburg<\/title>\n<meta name=\"robots\" content=\"index, follow, max-snippet:-1, max-image-preview:large, max-video-preview:-1\" \/>\n<link rel=\"canonical\" href=\"https:\/\/www.kunstmuseum.de\/en\/2023\/05\/grosse-freude-studio-digital-nominiert-fuer-grimme-online-award\/\" \/>\n<meta property=\"og:locale\" content=\"en_US\" \/>\n<meta property=\"og:type\" content=\"article\" \/>\n<meta property=\"og:title\" content=\"Gro\u00dfe Freude: Studio Digital nominiert f\u00fcr Grimme Online Award - Kunstmuseum Wolfsburg\" \/>\n<meta property=\"og:description\" content=\"Wir sind \u00fcberw\u00e4ltigt!&nbsp; Der Grimme Online Award zeichnet seit 2001 heraus\u00adra\u00adgende Online-Angebote in vier Katego\u00adrien aus. Studio Digital wurde aus insgesamt rund 800 Projekten ausge\u00adw\u00e4hlt und f\u00fcr die Kategorie \u201eKunst und Unter\u00adhal\u00adtung\u201c nominiert. Aus diesem Anlass reiste die Kunst\u00adver\u00admitt\u00adlung \u2013 Ute Lefarth-Polland und Sarah Groi\u00df zusammen mit Sara Dahme und Antonia Schick vom Max Born-Gymnasium [&hellip;]\" \/>\n<meta property=\"og:url\" content=\"https:\/\/www.kunstmuseum.de\/en\/2023\/05\/grosse-freude-studio-digital-nominiert-fuer-grimme-online-award\/\" \/>\n<meta property=\"og:site_name\" content=\"Kunstmuseum Wolfsburg\" \/>\n<meta property=\"article:publisher\" content=\"https:\/\/www.facebook.com\/KunstmuseumWolfsburg\" \/>\n<meta property=\"article:published_time\" content=\"2023-05-04T13:56:31+00:00\" \/>\n<meta property=\"article:modified_time\" content=\"2024-04-26T12:02:47+00:00\" \/>\n<meta property=\"og:image\" content=\"https:\/\/www.kunstmuseum.de\/wp-content\/uploads\/2023\/05\/Grimme-Website.png\" \/>\n\t<meta property=\"og:image:width\" content=\"900\" \/>\n\t<meta property=\"og:image:height\" content=\"600\" \/>\n\t<meta property=\"og:image:type\" content=\"image\/png\" \/>\n<meta name=\"author\" content=\"Kaye Lomas\" \/>\n<meta name=\"twitter:card\" content=\"summary_large_image\" \/>\n<meta name=\"twitter:creator\" content=\"@kunstmuseumwob\" \/>\n<meta name=\"twitter:site\" content=\"@kunstmuseumwob\" \/>\n<meta name=\"twitter:label1\" content=\"Written by\" \/>\n\t<meta name=\"twitter:data1\" content=\"Kaye Lomas\" \/>\n\t<meta name=\"twitter:label2\" content=\"Est. reading time\" \/>\n\t<meta name=\"twitter:data2\" content=\"4 minutes\" \/>\n<script type=\"application\/ld+json\" class=\"yoast-schema-graph\">{\"@context\":\"https:\/\/schema.org\",\"@graph\":[{\"@type\":\"Organization\",\"@id\":\"https:\/\/www.kunstmuseum.de\/en\/#organization\",\"name\":\"Kunstmuseum Wolfsburg\",\"url\":\"https:\/\/www.kunstmuseum.de\/en\/\",\"sameAs\":[\"https:\/\/www.instagram.com\/kunstmuseumwolfsburg\/\",\"https:\/\/www.linkedin.com\/company\/kunstmuseum-wolfsburg\/\",\"https:\/\/www.youtube.com\/user\/KunstmuseumWolfsburg\",\"https:\/\/de.wikipedia.org\/wiki\/Kunstmuseum_Wolfsburg\",\"https:\/\/www.facebook.com\/KunstmuseumWolfsburg\",\"https:\/\/twitter.com\/kunstmuseumwob\"],\"logo\":{\"@type\":\"ImageObject\",\"inLanguage\":\"en-US\",\"@id\":\"https:\/\/www.kunstmuseum.de\/en\/#\/schema\/logo\/image\/\",\"url\":\"https:\/\/www.kunstmuseum.de\/wp-content\/uploads\/2020\/05\/191125_KMW_Wortmarke_RGB_schwarz.svg\",\"contentUrl\":\"https:\/\/www.kunstmuseum.de\/wp-content\/uploads\/2020\/05\/191125_KMW_Wortmarke_RGB_schwarz.svg\",\"caption\":\"Kunstmuseum Wolfsburg\"},\"image\":{\"@id\":\"https:\/\/www.kunstmuseum.de\/en\/#\/schema\/logo\/image\/\"}},{\"@type\":\"WebSite\",\"@id\":\"https:\/\/www.kunstmuseum.de\/en\/#website\",\"url\":\"https:\/\/www.kunstmuseum.de\/en\/\",\"name\":\"Kunstmuseum Wolfsburg\",\"description\":\"\",\"publisher\":{\"@id\":\"https:\/\/www.kunstmuseum.de\/en\/#organization\"},\"potentialAction\":[{\"@type\":\"SearchAction\",\"target\":{\"@type\":\"EntryPoint\",\"urlTemplate\":\"https:\/\/www.kunstmuseum.de\/en\/?s={search_term_string}\"},\"query-input\":\"required name=search_term_string\"}],\"inLanguage\":\"en-US\"},{\"@type\":\"WebPage\",\"@id\":\"https:\/\/www.kunstmuseum.de\/en\/2023\/05\/grosse-freude-studio-digital-nominiert-fuer-grimme-online-award\/\",\"url\":\"https:\/\/www.kunstmuseum.de\/en\/2023\/05\/grosse-freude-studio-digital-nominiert-fuer-grimme-online-award\/\",\"name\":\"Gro\u00dfe Freude: Studio Digital nominiert f\u00fcr Grimme Online Award - Kunstmuseum Wolfsburg\",\"isPartOf\":{\"@id\":\"https:\/\/www.kunstmuseum.de\/en\/#website\"},\"datePublished\":\"2023-05-04T13:56:31+00:00\",\"dateModified\":\"2024-04-26T12:02:47+00:00\",\"breadcrumb\":{\"@id\":\"https:\/\/www.kunstmuseum.de\/en\/2023\/05\/grosse-freude-studio-digital-nominiert-fuer-grimme-online-award\/#breadcrumb\"},\"inLanguage\":\"en-US\",\"potentialAction\":[{\"@type\":\"ReadAction\",\"target\":[\"https:\/\/www.kunstmuseum.de\/en\/2023\/05\/grosse-freude-studio-digital-nominiert-fuer-grimme-online-award\/\"]}]},{\"@type\":\"BreadcrumbList\",\"@id\":\"https:\/\/www.kunstmuseum.de\/en\/2023\/05\/grosse-freude-studio-digital-nominiert-fuer-grimme-online-award\/#breadcrumb\",\"itemListElement\":[{\"@type\":\"ListItem\",\"position\":1,\"name\":\"Startseite\",\"item\":\"https:\/\/www.kunstmuseum.de\/en\/\"},{\"@type\":\"ListItem\",\"position\":2,\"name\":\"Gro\u00dfe Freude: Studio Digital nominiert f\u00fcr Grimme Online Award\"}]},{\"@type\":\"Article\",\"@id\":\"https:\/\/www.kunstmuseum.de\/en\/2023\/05\/grosse-freude-studio-digital-nominiert-fuer-grimme-online-award\/#article\",\"isPartOf\":{\"@id\":\"https:\/\/www.kunstmuseum.de\/en\/2023\/05\/grosse-freude-studio-digital-nominiert-fuer-grimme-online-award\/\"},\"author\":{\"name\":\"Kaye Lomas\",\"@id\":\"https:\/\/www.kunstmuseum.de\/en\/#\/schema\/person\/33ce7ce14546b222bfd6a357a22cd681\"},\"headline\":\"Gro\u00dfe Freude: Studio Digital nominiert f\u00fcr Grimme Online Award\",\"datePublished\":\"2023-05-04T13:56:31+00:00\",\"dateModified\":\"2024-04-26T12:02:47+00:00\",\"mainEntityOfPage\":{\"@id\":\"https:\/\/www.kunstmuseum.de\/en\/2023\/05\/grosse-freude-studio-digital-nominiert-fuer-grimme-online-award\/\"},\"wordCount\":239,\"publisher\":{\"@id\":\"https:\/\/www.kunstmuseum.de\/en\/#organization\"},\"keywords\":[\"Grimme\",\"Studio Digital\"],\"articleSection\":[\"Unkategorisiert\"],\"inLanguage\":\"en-US\"},{\"@type\":\"Person\",\"@id\":\"https:\/\/www.kunstmuseum.de\/en\/#\/schema\/person\/33ce7ce14546b222bfd6a357a22cd681\",\"name\":\"Kaye Lomas\",\"image\":{\"@type\":\"ImageObject\",\"inLanguage\":\"en-US\",\"@id\":\"https:\/\/www.kunstmuseum.de\/en\/#\/schema\/person\/image\/\",\"url\":\"https:\/\/secure.gravatar.com\/avatar\/a04b8c1d583166ba071debc422468dac?s=96&d=mm&r=g\",\"contentUrl\":\"https:\/\/secure.gravatar.com\/avatar\/a04b8c1d583166ba071debc422468dac?s=96&d=mm&r=g\",\"caption\":\"Kaye Lomas\"}}]}<\/script>\n<!-- \/ Yoast SEO plugin. -->","yoast_head_json":{"title":"Gro\u00dfe Freude: Studio Digital nominiert f\u00fcr Grimme Online Award - Kunstmuseum Wolfsburg","robots":{"index":"index","follow":"follow","max-snippet":"max-snippet:-1","max-image-preview":"max-image-preview:large","max-video-preview":"max-video-preview:-1"},"canonical":"https:\/\/www.kunstmuseum.de\/en\/2023\/05\/grosse-freude-studio-digital-nominiert-fuer-grimme-online-award\/","og_locale":"en_US","og_type":"article","og_title":"Gro\u00dfe Freude: Studio Digital nominiert f\u00fcr Grimme Online Award - Kunstmuseum Wolfsburg","og_description":"Wir sind \u00fcberw\u00e4ltigt!&nbsp; Der Grimme Online Award zeichnet seit 2001 heraus\u00adra\u00adgende Online-Angebote in vier Katego\u00adrien aus. Studio Digital wurde aus insgesamt rund 800 Projekten ausge\u00adw\u00e4hlt und f\u00fcr die Kategorie \u201eKunst und Unter\u00adhal\u00adtung\u201c nominiert. Aus diesem Anlass reiste die Kunst\u00adver\u00admitt\u00adlung \u2013 Ute Lefarth-Polland und Sarah Groi\u00df zusammen mit Sara Dahme und Antonia Schick vom Max Born-Gymnasium [&hellip;]","og_url":"https:\/\/www.kunstmuseum.de\/en\/2023\/05\/grosse-freude-studio-digital-nominiert-fuer-grimme-online-award\/","og_site_name":"Kunstmuseum Wolfsburg","article_publisher":"https:\/\/www.facebook.com\/KunstmuseumWolfsburg","article_published_time":"2023-05-04T13:56:31+00:00","article_modified_time":"2024-04-26T12:02:47+00:00","og_image":[{"width":900,"height":600,"url":"https:\/\/www.kunstmuseum.de\/wp-content\/uploads\/2023\/05\/Grimme-Website.png","type":"image\/png"}],"author":"Kaye Lomas","twitter_card":"summary_large_image","twitter_creator":"@kunstmuseumwob","twitter_site":"@kunstmuseumwob","twitter_misc":{"Written by":"Kaye Lomas","Est. reading time":"4 minutes"},"schema":{"@context":"https:\/\/schema.org","@graph":[{"@type":"Organization","@id":"https:\/\/www.kunstmuseum.de\/en\/#organization","name":"Kunstmuseum Wolfsburg","url":"https:\/\/www.kunstmuseum.de\/en\/","sameAs":["https:\/\/www.instagram.com\/kunstmuseumwolfsburg\/","https:\/\/www.linkedin.com\/company\/kunstmuseum-wolfsburg\/","https:\/\/www.youtube.com\/user\/KunstmuseumWolfsburg","https:\/\/de.wikipedia.org\/wiki\/Kunstmuseum_Wolfsburg","https:\/\/www.facebook.com\/KunstmuseumWolfsburg","https:\/\/twitter.com\/kunstmuseumwob"],"logo":{"@type":"ImageObject","inLanguage":"en-US","@id":"https:\/\/www.kunstmuseum.de\/en\/#\/schema\/logo\/image\/","url":"https:\/\/www.kunstmuseum.de\/wp-content\/uploads\/2020\/05\/191125_KMW_Wortmarke_RGB_schwarz.svg","contentUrl":"https:\/\/www.kunstmuseum.de\/wp-content\/uploads\/2020\/05\/191125_KMW_Wortmarke_RGB_schwarz.svg","caption":"Kunstmuseum Wolfsburg"},"image":{"@id":"https:\/\/www.kunstmuseum.de\/en\/#\/schema\/logo\/image\/"}},{"@type":"WebSite","@id":"https:\/\/www.kunstmuseum.de\/en\/#website","url":"https:\/\/www.kunstmuseum.de\/en\/","name":"Kunstmuseum Wolfsburg","description":"","publisher":{"@id":"https:\/\/www.kunstmuseum.de\/en\/#organization"},"potentialAction":[{"@type":"SearchAction","target":{"@type":"EntryPoint","urlTemplate":"https:\/\/www.kunstmuseum.de\/en\/?s={search_term_string}"},"query-input":"required name=search_term_string"}],"inLanguage":"en-US"},{"@type":"WebPage","@id":"https:\/\/www.kunstmuseum.de\/en\/2023\/05\/grosse-freude-studio-digital-nominiert-fuer-grimme-online-award\/","url":"https:\/\/www.kunstmuseum.de\/en\/2023\/05\/grosse-freude-studio-digital-nominiert-fuer-grimme-online-award\/","name":"Gro\u00dfe Freude: Studio Digital nominiert f\u00fcr Grimme Online Award - Kunstmuseum Wolfsburg","isPartOf":{"@id":"https:\/\/www.kunstmuseum.de\/en\/#website"},"datePublished":"2023-05-04T13:56:31+00:00","dateModified":"2024-04-26T12:02:47+00:00","breadcrumb":{"@id":"https:\/\/www.kunstmuseum.de\/en\/2023\/05\/grosse-freude-studio-digital-nominiert-fuer-grimme-online-award\/#breadcrumb"},"inLanguage":"en-US","potentialAction":[{"@type":"ReadAction","target":["https:\/\/www.kunstmuseum.de\/en\/2023\/05\/grosse-freude-studio-digital-nominiert-fuer-grimme-online-award\/"]}]},{"@type":"BreadcrumbList","@id":"https:\/\/www.kunstmuseum.de\/en\/2023\/05\/grosse-freude-studio-digital-nominiert-fuer-grimme-online-award\/#breadcrumb","itemListElement":[{"@type":"ListItem","position":1,"name":"Startseite","item":"https:\/\/www.kunstmuseum.de\/en\/"},{"@type":"ListItem","position":2,"name":"Gro\u00dfe Freude: Studio Digital nominiert f\u00fcr Grimme Online Award"}]},{"@type":"Article","@id":"https:\/\/www.kunstmuseum.de\/en\/2023\/05\/grosse-freude-studio-digital-nominiert-fuer-grimme-online-award\/#article","isPartOf":{"@id":"https:\/\/www.kunstmuseum.de\/en\/2023\/05\/grosse-freude-studio-digital-nominiert-fuer-grimme-online-award\/"},"author":{"name":"Kaye Lomas","@id":"https:\/\/www.kunstmuseum.de\/en\/#\/schema\/person\/33ce7ce14546b222bfd6a357a22cd681"},"headline":"Gro\u00dfe Freude: Studio Digital nominiert f\u00fcr Grimme Online Award","datePublished":"2023-05-04T13:56:31+00:00","dateModified":"2024-04-26T12:02:47+00:00","mainEntityOfPage":{"@id":"https:\/\/www.kunstmuseum.de\/en\/2023\/05\/grosse-freude-studio-digital-nominiert-fuer-grimme-online-award\/"},"wordCount":239,"publisher":{"@id":"https:\/\/www.kunstmuseum.de\/en\/#organization"},"keywords":["Grimme","Studio Digital"],"articleSection":["Unkategorisiert"],"inLanguage":"en-US"},{"@type":"Person","@id":"https:\/\/www.kunstmuseum.de\/en\/#\/schema\/person\/33ce7ce14546b222bfd6a357a22cd681","name":"Kaye Lomas","image":{"@type":"ImageObject","inLanguage":"en-US","@id":"https:\/\/www.kunstmuseum.de\/en\/#\/schema\/person\/image\/","url":"https:\/\/secure.gravatar.com\/avatar\/a04b8c1d583166ba071debc422468dac?s=96&d=mm&r=g","contentUrl":"https:\/\/secure.gravatar.com\/avatar\/a04b8c1d583166ba071debc422468dac?s=96&d=mm&r=g","caption":"Kaye Lomas"}}]}},"_links":{"self":[{"href":"https:\/\/www.kunstmuseum.de\/en\/wp-json\/wp\/v2\/posts\/21939"}],"collection":[{"href":"https:\/\/www.kunstmuseum.de\/en\/wp-json\/wp\/v2\/posts"}],"about":[{"href":"https:\/\/www.kunstmuseum.de\/en\/wp-json\/wp\/v2\/types\/post"}],"author":[{"embeddable":true,"href":"https:\/\/www.kunstmuseum.de\/en\/wp-json\/wp\/v2\/users\/1499"}],"replies":[{"embeddable":true,"href":"https:\/\/www.kunstmuseum.de\/en\/wp-json\/wp\/v2\/comments?post=21939"}],"version-history":[{"count":5,"href":"https:\/\/www.kunstmuseum.de\/en\/wp-json\/wp\/v2\/posts\/21939\/revisions"}],"predecessor-version":[{"id":21984,"href":"https:\/\/www.kunstmuseum.de\/en\/wp-json\/wp\/v2\/posts\/21939\/revisions\/21984"}],"wp:featuredmedia":[{"embeddable":true,"href":"https:\/\/www.kunstmuseum.de\/en\/wp-json\/wp\/v2\/media\/21980"}],"wp:attachment":[{"href":"https:\/\/www.kunstmuseum.de\/en\/wp-json\/wp\/v2\/media?parent=21939"}],"wp:term":[{"taxonomy":"category","embeddable":true,"href":"https:\/\/www.kunstmuseum.de\/en\/wp-json\/wp\/v2\/categories?post=21939"},{"taxonomy":"post_tag","embeddable":true,"href":"https:\/\/www.kunstmuseum.de\/en\/wp-json\/wp\/v2\/tags?post=21939"}],"curies":[{"name":"wp","href":"https:\/\/api.w.org\/{rel}","templated":true}]}}