{"id":22610,"date":"2023-07-03T11:48:59","date_gmt":"2023-07-03T09:48:59","guid":{"rendered":"https:\/\/www.kunstmuseum.de\/?p=22610"},"modified":"2024-04-26T14:02:38","modified_gmt":"2024-04-26T12:02:38","slug":"review-volkswagen-group-art4all-mit-mondrian-look-contest","status":"publish","type":"post","link":"https:\/\/www.kunstmuseum.de\/en\/2023\/07\/review-volkswagen-group-art4all-mit-mondrian-look-contest\/","title":{"rendered":"Review: Volkswagen Group Art4All mit Mondrian Look Contest"},"content":{"rendered":"\n<p>Am vergan\u00adgenen Mittwoch begr\u00fc\u00dften wir im Foyer des Kunst\u00admu\u00adseums alle Besucher*innen mit einer Fotosta\u00adtion. Wir suchten den Mondrian Look des Abends. Zu gewinnen gab es 2 Karten f\u00fcr Art &amp; Cocktail, 2 Karten f\u00fcr unser Atelier f\u00fcr Erwach\u00adsene und 2 Freikarten f\u00fcr das Museum. Daf\u00fcr mussten die Teilnehmer*innen sich ganz im Sinne der gradli\u00adnigen Kompo\u00adsi\u00adtionen von Piet Mondrian kleiden und an unserer Fotosta\u00adtion ablichten lassen. Die 20 ersten Teilnehmer*innen bekamen kleine Mondrian Goodie-Bags und ein Ausstel\u00adlungs\u00adposter. Der Spa\u00df stand klar im Vorder\u00adgrund und so nahmen zahlreiche Besucher*innen mit gro\u00dfer Freude an dem Contest teil. Von selbst\u00adge\u00adschnei\u00adderten Kleidern, \u00fcber im 3D-Drucker erstellten Mustern f\u00fcr ein T\u2011Shirt, waren kreative und kunst\u00advolle Beitr\u00e4ge dabei.<\/p>\n\n\n\n<figure class=\"wp-block-gallery has-nested-images columns-default is-cropped\">\n<figure class=\"wp-block-image size-large\"><img loading=\"lazy\" width=\"683\" height=\"1024\" data-id=\"22681\" src=\"https:\/\/www.kunstmuseum.de\/wp-content\/uploads\/2023\/07\/230628_KMW_by_Kruszewski-0014-Verbessert-RR-2-683x1024.jpg\" alt class=\"wp-image-22681\" srcset=\"https:\/\/www.kunstmuseum.de\/wp-content\/uploads\/2023\/07\/230628_KMW_by_Kruszewski-0014-Verbessert-RR-2-683x1024.jpg 683w, https:\/\/www.kunstmuseum.de\/wp-content\/uploads\/2023\/07\/230628_KMW_by_Kruszewski-0014-Verbessert-RR-2-200x300.jpg 200w, https:\/\/www.kunstmuseum.de\/wp-content\/uploads\/2023\/07\/230628_KMW_by_Kruszewski-0014-Verbessert-RR-2-768x1151.jpg 768w, https:\/\/www.kunstmuseum.de\/wp-content\/uploads\/2023\/07\/230628_KMW_by_Kruszewski-0014-Verbessert-RR-2-1025x1536.jpg 1025w, https:\/\/www.kunstmuseum.de\/wp-content\/uploads\/2023\/07\/230628_KMW_by_Kruszewski-0014-Verbessert-RR-2-1366x2048.jpg 1366w, https:\/\/www.kunstmuseum.de\/wp-content\/uploads\/2023\/07\/230628_KMW_by_Kruszewski-0014-Verbessert-RR-2-400x600.jpg 400w, https:\/\/www.kunstmuseum.de\/wp-content\/uploads\/2023\/07\/230628_KMW_by_Kruszewski-0014-Verbessert-RR-2-100x150.jpg 100w, https:\/\/www.kunstmuseum.de\/wp-content\/uploads\/2023\/07\/230628_KMW_by_Kruszewski-0014-Verbessert-RR-2-300x450.jpg 300w, https:\/\/www.kunstmuseum.de\/wp-content\/uploads\/2023\/07\/230628_KMW_by_Kruszewski-0014-Verbessert-RR-2.jpg 1601w\" sizes=\"(max-width: 683px) 100vw, 683px\"><\/figure>\n\n\n\n<figure class=\"wp-block-image size-large\"><img loading=\"lazy\" width=\"683\" height=\"1024\" data-id=\"22683\" src=\"https:\/\/www.kunstmuseum.de\/wp-content\/uploads\/2023\/07\/230628_KMW_by_Kruszewski-0019-Verbessert-RR-3-683x1024.jpg\" alt class=\"wp-image-22683\" srcset=\"https:\/\/www.kunstmuseum.de\/wp-content\/uploads\/2023\/07\/230628_KMW_by_Kruszewski-0019-Verbessert-RR-3-683x1024.jpg 683w, https:\/\/www.kunstmuseum.de\/wp-content\/uploads\/2023\/07\/230628_KMW_by_Kruszewski-0019-Verbessert-RR-3-200x300.jpg 200w, https:\/\/www.kunstmuseum.de\/wp-content\/uploads\/2023\/07\/230628_KMW_by_Kruszewski-0019-Verbessert-RR-3-768x1151.jpg 768w, https:\/\/www.kunstmuseum.de\/wp-content\/uploads\/2023\/07\/230628_KMW_by_Kruszewski-0019-Verbessert-RR-3-1025x1536.jpg 1025w, https:\/\/www.kunstmuseum.de\/wp-content\/uploads\/2023\/07\/230628_KMW_by_Kruszewski-0019-Verbessert-RR-3-1366x2048.jpg 1366w, https:\/\/www.kunstmuseum.de\/wp-content\/uploads\/2023\/07\/230628_KMW_by_Kruszewski-0019-Verbessert-RR-3-400x600.jpg 400w, https:\/\/www.kunstmuseum.de\/wp-content\/uploads\/2023\/07\/230628_KMW_by_Kruszewski-0019-Verbessert-RR-3-100x150.jpg 100w, https:\/\/www.kunstmuseum.de\/wp-content\/uploads\/2023\/07\/230628_KMW_by_Kruszewski-0019-Verbessert-RR-3-300x450.jpg 300w, https:\/\/www.kunstmuseum.de\/wp-content\/uploads\/2023\/07\/230628_KMW_by_Kruszewski-0019-Verbessert-RR-3.jpg 1601w\" sizes=\"(max-width: 683px) 100vw, 683px\"><\/figure>\n\n\n\n<figure class=\"wp-block-image size-large\"><img loading=\"lazy\" width=\"683\" height=\"1024\" data-id=\"22685\" src=\"https:\/\/www.kunstmuseum.de\/wp-content\/uploads\/2023\/07\/230628_KMW_by_Kruszewski-0023-Verbessert-RR-2-683x1024.jpg\" alt class=\"wp-image-22685\" srcset=\"https:\/\/www.kunstmuseum.de\/wp-content\/uploads\/2023\/07\/230628_KMW_by_Kruszewski-0023-Verbessert-RR-2-683x1024.jpg 683w, https:\/\/www.kunstmuseum.de\/wp-content\/uploads\/2023\/07\/230628_KMW_by_Kruszewski-0023-Verbessert-RR-2-200x300.jpg 200w, https:\/\/www.kunstmuseum.de\/wp-content\/uploads\/2023\/07\/230628_KMW_by_Kruszewski-0023-Verbessert-RR-2-768x1151.jpg 768w, https:\/\/www.kunstmuseum.de\/wp-content\/uploads\/2023\/07\/230628_KMW_by_Kruszewski-0023-Verbessert-RR-2-1025x1536.jpg 1025w, https:\/\/www.kunstmuseum.de\/wp-content\/uploads\/2023\/07\/230628_KMW_by_Kruszewski-0023-Verbessert-RR-2-1366x2048.jpg 1366w, https:\/\/www.kunstmuseum.de\/wp-content\/uploads\/2023\/07\/230628_KMW_by_Kruszewski-0023-Verbessert-RR-2-400x600.jpg 400w, https:\/\/www.kunstmuseum.de\/wp-content\/uploads\/2023\/07\/230628_KMW_by_Kruszewski-0023-Verbessert-RR-2-100x150.jpg 100w, https:\/\/www.kunstmuseum.de\/wp-content\/uploads\/2023\/07\/230628_KMW_by_Kruszewski-0023-Verbessert-RR-2-300x450.jpg 300w, https:\/\/www.kunstmuseum.de\/wp-content\/uploads\/2023\/07\/230628_KMW_by_Kruszewski-0023-Verbessert-RR-2.jpg 1601w\" sizes=\"(max-width: 683px) 100vw, 683px\"><\/figure>\n\n\n\n<figure class=\"wp-block-image size-large\"><img loading=\"lazy\" width=\"683\" height=\"1024\" data-id=\"22687\" src=\"https:\/\/www.kunstmuseum.de\/wp-content\/uploads\/2023\/07\/230628_KMW_by_Kruszewski-0026-Verbessert-RR-1-683x1024.jpg\" alt class=\"wp-image-22687\" srcset=\"https:\/\/www.kunstmuseum.de\/wp-content\/uploads\/2023\/07\/230628_KMW_by_Kruszewski-0026-Verbessert-RR-1-683x1024.jpg 683w, https:\/\/www.kunstmuseum.de\/wp-content\/uploads\/2023\/07\/230628_KMW_by_Kruszewski-0026-Verbessert-RR-1-200x300.jpg 200w, https:\/\/www.kunstmuseum.de\/wp-content\/uploads\/2023\/07\/230628_KMW_by_Kruszewski-0026-Verbessert-RR-1-768x1151.jpg 768w, https:\/\/www.kunstmuseum.de\/wp-content\/uploads\/2023\/07\/230628_KMW_by_Kruszewski-0026-Verbessert-RR-1-1025x1536.jpg 1025w, https:\/\/www.kunstmuseum.de\/wp-content\/uploads\/2023\/07\/230628_KMW_by_Kruszewski-0026-Verbessert-RR-1-1366x2048.jpg 1366w, https:\/\/www.kunstmuseum.de\/wp-content\/uploads\/2023\/07\/230628_KMW_by_Kruszewski-0026-Verbessert-RR-1-400x600.jpg 400w, https:\/\/www.kunstmuseum.de\/wp-content\/uploads\/2023\/07\/230628_KMW_by_Kruszewski-0026-Verbessert-RR-1-100x150.jpg 100w, https:\/\/www.kunstmuseum.de\/wp-content\/uploads\/2023\/07\/230628_KMW_by_Kruszewski-0026-Verbessert-RR-1-300x450.jpg 300w, https:\/\/www.kunstmuseum.de\/wp-content\/uploads\/2023\/07\/230628_KMW_by_Kruszewski-0026-Verbessert-RR-1.jpg 1601w\" sizes=\"(max-width: 683px) 100vw, 683px\"><\/figure>\n\n\n\n<figure class=\"wp-block-image size-large\"><img loading=\"lazy\" width=\"683\" height=\"1024\" data-id=\"22689\" src=\"https:\/\/www.kunstmuseum.de\/wp-content\/uploads\/2023\/07\/230628_KMW_by_Kruszewski-0034-Verbessert-RR-2-683x1024.jpg\" alt class=\"wp-image-22689\" srcset=\"https:\/\/www.kunstmuseum.de\/wp-content\/uploads\/2023\/07\/230628_KMW_by_Kruszewski-0034-Verbessert-RR-2-683x1024.jpg 683w, https:\/\/www.kunstmuseum.de\/wp-content\/uploads\/2023\/07\/230628_KMW_by_Kruszewski-0034-Verbessert-RR-2-200x300.jpg 200w, https:\/\/www.kunstmuseum.de\/wp-content\/uploads\/2023\/07\/230628_KMW_by_Kruszewski-0034-Verbessert-RR-2-768x1151.jpg 768w, https:\/\/www.kunstmuseum.de\/wp-content\/uploads\/2023\/07\/230628_KMW_by_Kruszewski-0034-Verbessert-RR-2-1025x1536.jpg 1025w, https:\/\/www.kunstmuseum.de\/wp-content\/uploads\/2023\/07\/230628_KMW_by_Kruszewski-0034-Verbessert-RR-2-1366x2048.jpg 1366w, https:\/\/www.kunstmuseum.de\/wp-content\/uploads\/2023\/07\/230628_KMW_by_Kruszewski-0034-Verbessert-RR-2-400x600.jpg 400w, https:\/\/www.kunstmuseum.de\/wp-content\/uploads\/2023\/07\/230628_KMW_by_Kruszewski-0034-Verbessert-RR-2-100x150.jpg 100w, https:\/\/www.kunstmuseum.de\/wp-content\/uploads\/2023\/07\/230628_KMW_by_Kruszewski-0034-Verbessert-RR-2-300x450.jpg 300w, https:\/\/www.kunstmuseum.de\/wp-content\/uploads\/2023\/07\/230628_KMW_by_Kruszewski-0034-Verbessert-RR-2.jpg 1601w\" sizes=\"(max-width: 683px) 100vw, 683px\"><\/figure>\n\n\n\n<figure class=\"wp-block-image size-large\"><img loading=\"lazy\" width=\"683\" height=\"1024\" data-id=\"22691\" src=\"https:\/\/www.kunstmuseum.de\/wp-content\/uploads\/2023\/07\/230628_KMW_by_Kruszewski-0040-Verbessert-RR-1-683x1024.jpg\" alt class=\"wp-image-22691\" srcset=\"https:\/\/www.kunstmuseum.de\/wp-content\/uploads\/2023\/07\/230628_KMW_by_Kruszewski-0040-Verbessert-RR-1-683x1024.jpg 683w, https:\/\/www.kunstmuseum.de\/wp-content\/uploads\/2023\/07\/230628_KMW_by_Kruszewski-0040-Verbessert-RR-1-200x300.jpg 200w, https:\/\/www.kunstmuseum.de\/wp-content\/uploads\/2023\/07\/230628_KMW_by_Kruszewski-0040-Verbessert-RR-1-768x1151.jpg 768w, https:\/\/www.kunstmuseum.de\/wp-content\/uploads\/2023\/07\/230628_KMW_by_Kruszewski-0040-Verbessert-RR-1-1025x1536.jpg 1025w, https:\/\/www.kunstmuseum.de\/wp-content\/uploads\/2023\/07\/230628_KMW_by_Kruszewski-0040-Verbessert-RR-1-1366x2048.jpg 1366w, https:\/\/www.kunstmuseum.de\/wp-content\/uploads\/2023\/07\/230628_KMW_by_Kruszewski-0040-Verbessert-RR-1-400x600.jpg 400w, https:\/\/www.kunstmuseum.de\/wp-content\/uploads\/2023\/07\/230628_KMW_by_Kruszewski-0040-Verbessert-RR-1-100x150.jpg 100w, https:\/\/www.kunstmuseum.de\/wp-content\/uploads\/2023\/07\/230628_KMW_by_Kruszewski-0040-Verbessert-RR-1-300x450.jpg 300w, https:\/\/www.kunstmuseum.de\/wp-content\/uploads\/2023\/07\/230628_KMW_by_Kruszewski-0040-Verbessert-RR-1.jpg 1601w\" sizes=\"(max-width: 683px) 100vw, 683px\"><\/figure>\n\n\n\n<figure class=\"wp-block-image size-large\"><img loading=\"lazy\" width=\"683\" height=\"1024\" data-id=\"22693\" src=\"https:\/\/www.kunstmuseum.de\/wp-content\/uploads\/2023\/07\/230628_KMW_by_Kruszewski-0048-Verbessert-RR-1-683x1024.jpg\" alt class=\"wp-image-22693\" srcset=\"https:\/\/www.kunstmuseum.de\/wp-content\/uploads\/2023\/07\/230628_KMW_by_Kruszewski-0048-Verbessert-RR-1-683x1024.jpg 683w, https:\/\/www.kunstmuseum.de\/wp-content\/uploads\/2023\/07\/230628_KMW_by_Kruszewski-0048-Verbessert-RR-1-200x300.jpg 200w, https:\/\/www.kunstmuseum.de\/wp-content\/uploads\/2023\/07\/230628_KMW_by_Kruszewski-0048-Verbessert-RR-1-768x1151.jpg 768w, https:\/\/www.kunstmuseum.de\/wp-content\/uploads\/2023\/07\/230628_KMW_by_Kruszewski-0048-Verbessert-RR-1-1025x1536.jpg 1025w, https:\/\/www.kunstmuseum.de\/wp-content\/uploads\/2023\/07\/230628_KMW_by_Kruszewski-0048-Verbessert-RR-1-1366x2048.jpg 1366w, https:\/\/www.kunstmuseum.de\/wp-content\/uploads\/2023\/07\/230628_KMW_by_Kruszewski-0048-Verbessert-RR-1-400x600.jpg 400w, https:\/\/www.kunstmuseum.de\/wp-content\/uploads\/2023\/07\/230628_KMW_by_Kruszewski-0048-Verbessert-RR-1-100x150.jpg 100w, https:\/\/www.kunstmuseum.de\/wp-content\/uploads\/2023\/07\/230628_KMW_by_Kruszewski-0048-Verbessert-RR-1-300x450.jpg 300w, https:\/\/www.kunstmuseum.de\/wp-content\/uploads\/2023\/07\/230628_KMW_by_Kruszewski-0048-Verbessert-RR-1.jpg 1601w\" sizes=\"(max-width: 683px) 100vw, 683px\"><\/figure>\n\n\n\n<figure class=\"wp-block-image size-large\"><img loading=\"lazy\" width=\"683\" height=\"1024\" data-id=\"22695\" src=\"https:\/\/www.kunstmuseum.de\/wp-content\/uploads\/2023\/07\/230628_KMW_by_Kruszewski-0061-Verbessert-RR-2-683x1024.jpg\" alt class=\"wp-image-22695\" srcset=\"https:\/\/www.kunstmuseum.de\/wp-content\/uploads\/2023\/07\/230628_KMW_by_Kruszewski-0061-Verbessert-RR-2-683x1024.jpg 683w, https:\/\/www.kunstmuseum.de\/wp-content\/uploads\/2023\/07\/230628_KMW_by_Kruszewski-0061-Verbessert-RR-2-200x300.jpg 200w, https:\/\/www.kunstmuseum.de\/wp-content\/uploads\/2023\/07\/230628_KMW_by_Kruszewski-0061-Verbessert-RR-2-768x1151.jpg 768w, https:\/\/www.kunstmuseum.de\/wp-content\/uploads\/2023\/07\/230628_KMW_by_Kruszewski-0061-Verbessert-RR-2-1025x1536.jpg 1025w, https:\/\/www.kunstmuseum.de\/wp-content\/uploads\/2023\/07\/230628_KMW_by_Kruszewski-0061-Verbessert-RR-2-1366x2048.jpg 1366w, https:\/\/www.kunstmuseum.de\/wp-content\/uploads\/2023\/07\/230628_KMW_by_Kruszewski-0061-Verbessert-RR-2-400x600.jpg 400w, https:\/\/www.kunstmuseum.de\/wp-content\/uploads\/2023\/07\/230628_KMW_by_Kruszewski-0061-Verbessert-RR-2-100x150.jpg 100w, https:\/\/www.kunstmuseum.de\/wp-content\/uploads\/2023\/07\/230628_KMW_by_Kruszewski-0061-Verbessert-RR-2-300x450.jpg 300w, https:\/\/www.kunstmuseum.de\/wp-content\/uploads\/2023\/07\/230628_KMW_by_Kruszewski-0061-Verbessert-RR-2.jpg 1601w\" sizes=\"(max-width: 683px) 100vw, 683px\"><\/figure>\n\n\n\n<figure class=\"wp-block-image size-large\"><img loading=\"lazy\" width=\"683\" height=\"1024\" data-id=\"22697\" src=\"https:\/\/www.kunstmuseum.de\/wp-content\/uploads\/2023\/07\/230628_KMW_by_Kruszewski-0064-Verbessert-RR-1-683x1024.jpg\" alt class=\"wp-image-22697\" srcset=\"https:\/\/www.kunstmuseum.de\/wp-content\/uploads\/2023\/07\/230628_KMW_by_Kruszewski-0064-Verbessert-RR-1-683x1024.jpg 683w, https:\/\/www.kunstmuseum.de\/wp-content\/uploads\/2023\/07\/230628_KMW_by_Kruszewski-0064-Verbessert-RR-1-200x300.jpg 200w, https:\/\/www.kunstmuseum.de\/wp-content\/uploads\/2023\/07\/230628_KMW_by_Kruszewski-0064-Verbessert-RR-1-768x1151.jpg 768w, https:\/\/www.kunstmuseum.de\/wp-content\/uploads\/2023\/07\/230628_KMW_by_Kruszewski-0064-Verbessert-RR-1-1025x1536.jpg 1025w, https:\/\/www.kunstmuseum.de\/wp-content\/uploads\/2023\/07\/230628_KMW_by_Kruszewski-0064-Verbessert-RR-1-1366x2048.jpg 1366w, https:\/\/www.kunstmuseum.de\/wp-content\/uploads\/2023\/07\/230628_KMW_by_Kruszewski-0064-Verbessert-RR-1-400x600.jpg 400w, https:\/\/www.kunstmuseum.de\/wp-content\/uploads\/2023\/07\/230628_KMW_by_Kruszewski-0064-Verbessert-RR-1-100x150.jpg 100w, https:\/\/www.kunstmuseum.de\/wp-content\/uploads\/2023\/07\/230628_KMW_by_Kruszewski-0064-Verbessert-RR-1-300x450.jpg 300w, https:\/\/www.kunstmuseum.de\/wp-content\/uploads\/2023\/07\/230628_KMW_by_Kruszewski-0064-Verbessert-RR-1.jpg 1601w\" sizes=\"(max-width: 683px) 100vw, 683px\"><\/figure>\n\n\n\n<figure class=\"wp-block-image size-large\"><img loading=\"lazy\" width=\"683\" height=\"1024\" data-id=\"22699\" src=\"https:\/\/www.kunstmuseum.de\/wp-content\/uploads\/2023\/07\/230628_KMW_by_Kruszewski-0089-Verbessert-RR-2-683x1024.jpg\" alt class=\"wp-image-22699\" srcset=\"https:\/\/www.kunstmuseum.de\/wp-content\/uploads\/2023\/07\/230628_KMW_by_Kruszewski-0089-Verbessert-RR-2-683x1024.jpg 683w, https:\/\/www.kunstmuseum.de\/wp-content\/uploads\/2023\/07\/230628_KMW_by_Kruszewski-0089-Verbessert-RR-2-200x300.jpg 200w, https:\/\/www.kunstmuseum.de\/wp-content\/uploads\/2023\/07\/230628_KMW_by_Kruszewski-0089-Verbessert-RR-2-768x1151.jpg 768w, https:\/\/www.kunstmuseum.de\/wp-content\/uploads\/2023\/07\/230628_KMW_by_Kruszewski-0089-Verbessert-RR-2-1025x1536.jpg 1025w, https:\/\/www.kunstmuseum.de\/wp-content\/uploads\/2023\/07\/230628_KMW_by_Kruszewski-0089-Verbessert-RR-2-1366x2048.jpg 1366w, https:\/\/www.kunstmuseum.de\/wp-content\/uploads\/2023\/07\/230628_KMW_by_Kruszewski-0089-Verbessert-RR-2-400x600.jpg 400w, https:\/\/www.kunstmuseum.de\/wp-content\/uploads\/2023\/07\/230628_KMW_by_Kruszewski-0089-Verbessert-RR-2-100x150.jpg 100w, https:\/\/www.kunstmuseum.de\/wp-content\/uploads\/2023\/07\/230628_KMW_by_Kruszewski-0089-Verbessert-RR-2-300x450.jpg 300w, https:\/\/www.kunstmuseum.de\/wp-content\/uploads\/2023\/07\/230628_KMW_by_Kruszewski-0089-Verbessert-RR-2.jpg 1601w\" sizes=\"(max-width: 683px) 100vw, 683px\"><\/figure>\n\n\n\n<figure class=\"wp-block-image size-large\"><img loading=\"lazy\" width=\"683\" height=\"1024\" data-id=\"22701\" src=\"https:\/\/www.kunstmuseum.de\/wp-content\/uploads\/2023\/07\/230628_KMW_by_Kruszewski-0093-Verbessert-RR-2-683x1024.jpg\" alt class=\"wp-image-22701\" srcset=\"https:\/\/www.kunstmuseum.de\/wp-content\/uploads\/2023\/07\/230628_KMW_by_Kruszewski-0093-Verbessert-RR-2-683x1024.jpg 683w, https:\/\/www.kunstmuseum.de\/wp-content\/uploads\/2023\/07\/230628_KMW_by_Kruszewski-0093-Verbessert-RR-2-200x300.jpg 200w, https:\/\/www.kunstmuseum.de\/wp-content\/uploads\/2023\/07\/230628_KMW_by_Kruszewski-0093-Verbessert-RR-2-768x1151.jpg 768w, https:\/\/www.kunstmuseum.de\/wp-content\/uploads\/2023\/07\/230628_KMW_by_Kruszewski-0093-Verbessert-RR-2-1025x1536.jpg 1025w, https:\/\/www.kunstmuseum.de\/wp-content\/uploads\/2023\/07\/230628_KMW_by_Kruszewski-0093-Verbessert-RR-2-1366x2048.jpg 1366w, https:\/\/www.kunstmuseum.de\/wp-content\/uploads\/2023\/07\/230628_KMW_by_Kruszewski-0093-Verbessert-RR-2-400x600.jpg 400w, https:\/\/www.kunstmuseum.de\/wp-content\/uploads\/2023\/07\/230628_KMW_by_Kruszewski-0093-Verbessert-RR-2-100x150.jpg 100w, https:\/\/www.kunstmuseum.de\/wp-content\/uploads\/2023\/07\/230628_KMW_by_Kruszewski-0093-Verbessert-RR-2-300x450.jpg 300w, https:\/\/www.kunstmuseum.de\/wp-content\/uploads\/2023\/07\/230628_KMW_by_Kruszewski-0093-Verbessert-RR-2.jpg 1601w\" sizes=\"(max-width: 683px) 100vw, 683px\"><\/figure>\n\n\n\n<figure class=\"wp-block-image size-large\"><img loading=\"lazy\" width=\"683\" height=\"1024\" data-id=\"22703\" src=\"https:\/\/www.kunstmuseum.de\/wp-content\/uploads\/2023\/07\/230628_KMW_by_Kruszewski-0119-Verbessert-RR-2-683x1024.jpg\" alt class=\"wp-image-22703\" srcset=\"https:\/\/www.kunstmuseum.de\/wp-content\/uploads\/2023\/07\/230628_KMW_by_Kruszewski-0119-Verbessert-RR-2-683x1024.jpg 683w, https:\/\/www.kunstmuseum.de\/wp-content\/uploads\/2023\/07\/230628_KMW_by_Kruszewski-0119-Verbessert-RR-2-200x300.jpg 200w, https:\/\/www.kunstmuseum.de\/wp-content\/uploads\/2023\/07\/230628_KMW_by_Kruszewski-0119-Verbessert-RR-2-768x1151.jpg 768w, https:\/\/www.kunstmuseum.de\/wp-content\/uploads\/2023\/07\/230628_KMW_by_Kruszewski-0119-Verbessert-RR-2-1025x1536.jpg 1025w, https:\/\/www.kunstmuseum.de\/wp-content\/uploads\/2023\/07\/230628_KMW_by_Kruszewski-0119-Verbessert-RR-2-1366x2048.jpg 1366w, https:\/\/www.kunstmuseum.de\/wp-content\/uploads\/2023\/07\/230628_KMW_by_Kruszewski-0119-Verbessert-RR-2-400x600.jpg 400w, https:\/\/www.kunstmuseum.de\/wp-content\/uploads\/2023\/07\/230628_KMW_by_Kruszewski-0119-Verbessert-RR-2-100x150.jpg 100w, https:\/\/www.kunstmuseum.de\/wp-content\/uploads\/2023\/07\/230628_KMW_by_Kruszewski-0119-Verbessert-RR-2-300x450.jpg 300w, https:\/\/www.kunstmuseum.de\/wp-content\/uploads\/2023\/07\/230628_KMW_by_Kruszewski-0119-Verbessert-RR-2.jpg 1601w\" sizes=\"(max-width: 683px) 100vw, 683px\"><\/figure>\n\n\n\n<figure class=\"wp-block-image size-large\"><img loading=\"lazy\" width=\"683\" height=\"1024\" data-id=\"22705\" src=\"https:\/\/www.kunstmuseum.de\/wp-content\/uploads\/2023\/07\/230628_KMW_by_Kruszewski-0130-Verbessert-RR-2-683x1024.jpg\" alt class=\"wp-image-22705\" srcset=\"https:\/\/www.kunstmuseum.de\/wp-content\/uploads\/2023\/07\/230628_KMW_by_Kruszewski-0130-Verbessert-RR-2-683x1024.jpg 683w, https:\/\/www.kunstmuseum.de\/wp-content\/uploads\/2023\/07\/230628_KMW_by_Kruszewski-0130-Verbessert-RR-2-200x300.jpg 200w, https:\/\/www.kunstmuseum.de\/wp-content\/uploads\/2023\/07\/230628_KMW_by_Kruszewski-0130-Verbessert-RR-2-768x1151.jpg 768w, https:\/\/www.kunstmuseum.de\/wp-content\/uploads\/2023\/07\/230628_KMW_by_Kruszewski-0130-Verbessert-RR-2-1025x1536.jpg 1025w, https:\/\/www.kunstmuseum.de\/wp-content\/uploads\/2023\/07\/230628_KMW_by_Kruszewski-0130-Verbessert-RR-2-1366x2048.jpg 1366w, https:\/\/www.kunstmuseum.de\/wp-content\/uploads\/2023\/07\/230628_KMW_by_Kruszewski-0130-Verbessert-RR-2-400x600.jpg 400w, https:\/\/www.kunstmuseum.de\/wp-content\/uploads\/2023\/07\/230628_KMW_by_Kruszewski-0130-Verbessert-RR-2-100x150.jpg 100w, https:\/\/www.kunstmuseum.de\/wp-content\/uploads\/2023\/07\/230628_KMW_by_Kruszewski-0130-Verbessert-RR-2-300x450.jpg 300w, https:\/\/www.kunstmuseum.de\/wp-content\/uploads\/2023\/07\/230628_KMW_by_Kruszewski-0130-Verbessert-RR-2.jpg 1601w\" sizes=\"(max-width: 683px) 100vw, 683px\"><\/figure>\n\n\n\n<figure class=\"wp-block-image size-large\"><img loading=\"lazy\" width=\"683\" height=\"1024\" data-id=\"22707\" src=\"https:\/\/www.kunstmuseum.de\/wp-content\/uploads\/2023\/07\/230628_KMW_by_Kruszewski-0137-Verbessert-RR-2-683x1024.jpg\" alt class=\"wp-image-22707\" srcset=\"https:\/\/www.kunstmuseum.de\/wp-content\/uploads\/2023\/07\/230628_KMW_by_Kruszewski-0137-Verbessert-RR-2-683x1024.jpg 683w, https:\/\/www.kunstmuseum.de\/wp-content\/uploads\/2023\/07\/230628_KMW_by_Kruszewski-0137-Verbessert-RR-2-200x300.jpg 200w, https:\/\/www.kunstmuseum.de\/wp-content\/uploads\/2023\/07\/230628_KMW_by_Kruszewski-0137-Verbessert-RR-2-768x1151.jpg 768w, https:\/\/www.kunstmuseum.de\/wp-content\/uploads\/2023\/07\/230628_KMW_by_Kruszewski-0137-Verbessert-RR-2-1025x1536.jpg 1025w, https:\/\/www.kunstmuseum.de\/wp-content\/uploads\/2023\/07\/230628_KMW_by_Kruszewski-0137-Verbessert-RR-2-1366x2048.jpg 1366w, https:\/\/www.kunstmuseum.de\/wp-content\/uploads\/2023\/07\/230628_KMW_by_Kruszewski-0137-Verbessert-RR-2-400x600.jpg 400w, https:\/\/www.kunstmuseum.de\/wp-content\/uploads\/2023\/07\/230628_KMW_by_Kruszewski-0137-Verbessert-RR-2-100x150.jpg 100w, https:\/\/www.kunstmuseum.de\/wp-content\/uploads\/2023\/07\/230628_KMW_by_Kruszewski-0137-Verbessert-RR-2-300x450.jpg 300w, https:\/\/www.kunstmuseum.de\/wp-content\/uploads\/2023\/07\/230628_KMW_by_Kruszewski-0137-Verbessert-RR-2.jpg 1601w\" sizes=\"(max-width: 683px) 100vw, 683px\"><\/figure>\n\n\n\n<figure class=\"wp-block-image size-large\"><img loading=\"lazy\" width=\"683\" height=\"1024\" data-id=\"22709\" src=\"https:\/\/www.kunstmuseum.de\/wp-content\/uploads\/2023\/07\/230628_KMW_by_Kruszewski-0156-Verbessert-RR-2-683x1024.jpg\" alt class=\"wp-image-22709\" srcset=\"https:\/\/www.kunstmuseum.de\/wp-content\/uploads\/2023\/07\/230628_KMW_by_Kruszewski-0156-Verbessert-RR-2-683x1024.jpg 683w, https:\/\/www.kunstmuseum.de\/wp-content\/uploads\/2023\/07\/230628_KMW_by_Kruszewski-0156-Verbessert-RR-2-200x300.jpg 200w, https:\/\/www.kunstmuseum.de\/wp-content\/uploads\/2023\/07\/230628_KMW_by_Kruszewski-0156-Verbessert-RR-2-768x1151.jpg 768w, https:\/\/www.kunstmuseum.de\/wp-content\/uploads\/2023\/07\/230628_KMW_by_Kruszewski-0156-Verbessert-RR-2-1025x1536.jpg 1025w, https:\/\/www.kunstmuseum.de\/wp-content\/uploads\/2023\/07\/230628_KMW_by_Kruszewski-0156-Verbessert-RR-2-1366x2048.jpg 1366w, https:\/\/www.kunstmuseum.de\/wp-content\/uploads\/2023\/07\/230628_KMW_by_Kruszewski-0156-Verbessert-RR-2-400x600.jpg 400w, https:\/\/www.kunstmuseum.de\/wp-content\/uploads\/2023\/07\/230628_KMW_by_Kruszewski-0156-Verbessert-RR-2-100x150.jpg 100w, https:\/\/www.kunstmuseum.de\/wp-content\/uploads\/2023\/07\/230628_KMW_by_Kruszewski-0156-Verbessert-RR-2-300x450.jpg 300w, https:\/\/www.kunstmuseum.de\/wp-content\/uploads\/2023\/07\/230628_KMW_by_Kruszewski-0156-Verbessert-RR-2.jpg 1601w\" sizes=\"(max-width: 683px) 100vw, 683px\"><\/figure>\n<\/figure>\n\n\n\n<p>Der Jury fiel die Wahl der 3 besten Beitr\u00e4ge unter so vielen kreativen Looks nicht leicht und so wurden kurzer\u00adhand alle Teilnehmer*innen zu Gewinnern. Einen Sonder\u00adpreis gab es f\u00fcr ein Geschwis\u00adter\u00adpaar im Partner\u00adlook. Die beiden durften sich \u00fcber Pl\u00e4tze bei unseren beliebten Sommer\u00adfe\u00adri\u00aden\u00adspielen freuen. Alles in allem war es ein sehr sch\u00f6ner und kurzwei\u00adliger Contest bei dem die Wolfsburger*innen ihre gro\u00dfe Kreati\u00advit\u00e4t und Leiden\u00adschaft wieder einmal unter Beweis stellten. Neben kosten\u00adfreien F\u00fchrungen gab es auch wieder ein Kreativ Atelier f\u00fcr Gro\u00df und Klein. Ein letztes Mal inspi\u00adriert von Piet Mondrian wurden hier auf Leinwand eigene durch Mondrian inspi\u00adrierte Kunst\u00adwerke erstellt und mit nach Hause genommen.<\/p>\n\n\n\n<p>Bis zum 16.7.2023 k\u00f6nnen Sie unsere Ausstel\u00adlung <em>Re-Inventing Piet. Mondrian und die Folgen<\/em> noch besuchen.<\/p>\n\n\n\n<p>Jeden letzten Mittwoch im Monat gibt es dank der Volks\u00adwagen Group einen kunst\u00adrei\u00adchen und vor allem f\u00fcr Sie komplett kosten\u00adfreien Abend im Kunst\u00admu\u00adseum Wolfsburg. Am 16 Uhr ist freier Eintritt, mit F\u00fchrungen um 16, 17 und 19:30 Uhr, f\u00fcr die Sie sich nicht anmelden m\u00fcssen. Das Rahmen\u00adpro\u00adgramm ist immer ein anderes.<\/p>\n\n\n\n<p>Wir freuen uns auf Ihren Besuch.<\/p>\n\n\n\n<p style=\"font-size:9px\">Fotos: Marek Kruszewski<\/p>\n","protected":false},"excerpt":{"rendered":"<p>Am vergan\u00adgenen Mittwoch begr\u00fc\u00dften wir im Foyer des Kunst\u00admu\u00adseums alle Besucher*innen mit einer Fotosta\u00adtion. Wir suchten den Mondrian Look des Abends. Zu gewinnen gab es 2 Karten f\u00fcr Art &amp; Cocktail, 2 Karten f\u00fcr unser Atelier f\u00fcr Erwach\u00adsene und 2 Freikarten f\u00fcr das Museum. Daf\u00fcr mussten die Teilnehmer*innen sich ganz im Sinne der gradli\u00adnigen Kompositionen&nbsp;[\u2026]<\/p>\n","protected":false},"author":1499,"featured_media":22712,"comment_status":"closed","ping_status":"closed","sticky":false,"template":"","format":"standard","meta":{"wp_typography_post_enhancements_disabled":false,"kunstmuseum_formatted_page_title":""},"categories":[1],"tags":[569,527,581],"yoast_head":"<!-- This site is optimized with the Yoast SEO plugin v19.4 - https:\/\/yoast.com\/wordpress\/plugins\/seo\/ -->\n<title>Review: Volkswagen Group Art4All mit Mondrian Look Contest - Kunstmuseum Wolfsburg<\/title>\n<meta name=\"robots\" content=\"index, follow, max-snippet:-1, max-image-preview:large, max-video-preview:-1\" \/>\n<link rel=\"canonical\" href=\"https:\/\/www.kunstmuseum.de\/en\/2023\/07\/review-volkswagen-group-art4all-mit-mondrian-look-contest\/\" \/>\n<meta property=\"og:locale\" content=\"en_US\" \/>\n<meta property=\"og:type\" content=\"article\" \/>\n<meta property=\"og:title\" content=\"Review: Volkswagen Group Art4All mit Mondrian Look Contest - Kunstmuseum Wolfsburg\" \/>\n<meta property=\"og:description\" content=\"Am vergan\u00adgenen Mittwoch begr\u00fc\u00dften wir im Foyer des Kunst\u00admu\u00adseums alle Besucher*innen mit einer Fotosta\u00adtion. Wir suchten den Mondrian Look des Abends. Zu gewinnen gab es 2 Karten f\u00fcr Art &amp; Cocktail, 2 Karten f\u00fcr unser Atelier f\u00fcr Erwach\u00adsene und 2 Freikarten f\u00fcr das Museum. Daf\u00fcr mussten die Teilnehmer*innen sich ganz im Sinne der gradli\u00adnigen Kompo\u00adsi\u00adtionen [&hellip;]\" \/>\n<meta property=\"og:url\" content=\"https:\/\/www.kunstmuseum.de\/en\/2023\/07\/review-volkswagen-group-art4all-mit-mondrian-look-contest\/\" \/>\n<meta property=\"og:site_name\" content=\"Kunstmuseum Wolfsburg\" \/>\n<meta property=\"article:publisher\" content=\"https:\/\/www.facebook.com\/KunstmuseumWolfsburg\" \/>\n<meta property=\"article:published_time\" content=\"2023-07-03T09:48:59+00:00\" \/>\n<meta property=\"article:modified_time\" content=\"2024-04-26T12:02:38+00:00\" \/>\n<meta property=\"og:image\" content=\"https:\/\/www.kunstmuseum.de\/wp-content\/uploads\/2023\/07\/Magazin-Art4All-.png\" \/>\n\t<meta property=\"og:image:width\" content=\"900\" \/>\n\t<meta property=\"og:image:height\" content=\"600\" \/>\n\t<meta property=\"og:image:type\" content=\"image\/png\" \/>\n<meta name=\"author\" content=\"Kaye Lomas\" \/>\n<meta name=\"twitter:card\" content=\"summary_large_image\" \/>\n<meta name=\"twitter:creator\" content=\"@kunstmuseumwob\" \/>\n<meta name=\"twitter:site\" content=\"@kunstmuseumwob\" \/>\n<meta name=\"twitter:label1\" content=\"Written by\" \/>\n\t<meta name=\"twitter:data1\" content=\"Kaye Lomas\" \/>\n\t<meta name=\"twitter:label2\" content=\"Est. reading time\" \/>\n\t<meta name=\"twitter:data2\" content=\"5 minutes\" \/>\n<script type=\"application\/ld+json\" class=\"yoast-schema-graph\">{\"@context\":\"https:\/\/schema.org\",\"@graph\":[{\"@type\":\"Organization\",\"@id\":\"https:\/\/www.kunstmuseum.de\/en\/#organization\",\"name\":\"Kunstmuseum Wolfsburg\",\"url\":\"https:\/\/www.kunstmuseum.de\/en\/\",\"sameAs\":[\"https:\/\/www.instagram.com\/kunstmuseumwolfsburg\/\",\"https:\/\/www.linkedin.com\/company\/kunstmuseum-wolfsburg\/\",\"https:\/\/www.youtube.com\/user\/KunstmuseumWolfsburg\",\"https:\/\/de.wikipedia.org\/wiki\/Kunstmuseum_Wolfsburg\",\"https:\/\/www.facebook.com\/KunstmuseumWolfsburg\",\"https:\/\/twitter.com\/kunstmuseumwob\"],\"logo\":{\"@type\":\"ImageObject\",\"inLanguage\":\"en-US\",\"@id\":\"https:\/\/www.kunstmuseum.de\/en\/#\/schema\/logo\/image\/\",\"url\":\"https:\/\/www.kunstmuseum.de\/wp-content\/uploads\/2020\/05\/191125_KMW_Wortmarke_RGB_schwarz.svg\",\"contentUrl\":\"https:\/\/www.kunstmuseum.de\/wp-content\/uploads\/2020\/05\/191125_KMW_Wortmarke_RGB_schwarz.svg\",\"caption\":\"Kunstmuseum Wolfsburg\"},\"image\":{\"@id\":\"https:\/\/www.kunstmuseum.de\/en\/#\/schema\/logo\/image\/\"}},{\"@type\":\"WebSite\",\"@id\":\"https:\/\/www.kunstmuseum.de\/en\/#website\",\"url\":\"https:\/\/www.kunstmuseum.de\/en\/\",\"name\":\"Kunstmuseum Wolfsburg\",\"description\":\"\",\"publisher\":{\"@id\":\"https:\/\/www.kunstmuseum.de\/en\/#organization\"},\"potentialAction\":[{\"@type\":\"SearchAction\",\"target\":{\"@type\":\"EntryPoint\",\"urlTemplate\":\"https:\/\/www.kunstmuseum.de\/en\/?s={search_term_string}\"},\"query-input\":\"required name=search_term_string\"}],\"inLanguage\":\"en-US\"},{\"@type\":\"WebPage\",\"@id\":\"https:\/\/www.kunstmuseum.de\/en\/2023\/07\/review-volkswagen-group-art4all-mit-mondrian-look-contest\/\",\"url\":\"https:\/\/www.kunstmuseum.de\/en\/2023\/07\/review-volkswagen-group-art4all-mit-mondrian-look-contest\/\",\"name\":\"Review: Volkswagen Group Art4All mit Mondrian Look Contest - Kunstmuseum Wolfsburg\",\"isPartOf\":{\"@id\":\"https:\/\/www.kunstmuseum.de\/en\/#website\"},\"datePublished\":\"2023-07-03T09:48:59+00:00\",\"dateModified\":\"2024-04-26T12:02:38+00:00\",\"breadcrumb\":{\"@id\":\"https:\/\/www.kunstmuseum.de\/en\/2023\/07\/review-volkswagen-group-art4all-mit-mondrian-look-contest\/#breadcrumb\"},\"inLanguage\":\"en-US\",\"potentialAction\":[{\"@type\":\"ReadAction\",\"target\":[\"https:\/\/www.kunstmuseum.de\/en\/2023\/07\/review-volkswagen-group-art4all-mit-mondrian-look-contest\/\"]}]},{\"@type\":\"BreadcrumbList\",\"@id\":\"https:\/\/www.kunstmuseum.de\/en\/2023\/07\/review-volkswagen-group-art4all-mit-mondrian-look-contest\/#breadcrumb\",\"itemListElement\":[{\"@type\":\"ListItem\",\"position\":1,\"name\":\"Startseite\",\"item\":\"https:\/\/www.kunstmuseum.de\/en\/\"},{\"@type\":\"ListItem\",\"position\":2,\"name\":\"Review: Volkswagen Group Art4All mit Mondrian Look Contest\"}]},{\"@type\":\"Article\",\"@id\":\"https:\/\/www.kunstmuseum.de\/en\/2023\/07\/review-volkswagen-group-art4all-mit-mondrian-look-contest\/#article\",\"isPartOf\":{\"@id\":\"https:\/\/www.kunstmuseum.de\/en\/2023\/07\/review-volkswagen-group-art4all-mit-mondrian-look-contest\/\"},\"author\":{\"name\":\"Kaye Lomas\",\"@id\":\"https:\/\/www.kunstmuseum.de\/en\/#\/schema\/person\/33ce7ce14546b222bfd6a357a22cd681\"},\"headline\":\"Review: Volkswagen Group Art4All mit Mondrian Look Contest\",\"datePublished\":\"2023-07-03T09:48:59+00:00\",\"dateModified\":\"2024-04-26T12:02:38+00:00\",\"mainEntityOfPage\":{\"@id\":\"https:\/\/www.kunstmuseum.de\/en\/2023\/07\/review-volkswagen-group-art4all-mit-mondrian-look-contest\/\"},\"wordCount\":318,\"publisher\":{\"@id\":\"https:\/\/www.kunstmuseum.de\/en\/#organization\"},\"keywords\":[\"Freundschaften\",\"Mondrian\",\"Volkswagen Group Art4All\"],\"articleSection\":[\"Unkategorisiert\"],\"inLanguage\":\"en-US\"},{\"@type\":\"Person\",\"@id\":\"https:\/\/www.kunstmuseum.de\/en\/#\/schema\/person\/33ce7ce14546b222bfd6a357a22cd681\",\"name\":\"Kaye Lomas\",\"image\":{\"@type\":\"ImageObject\",\"inLanguage\":\"en-US\",\"@id\":\"https:\/\/www.kunstmuseum.de\/en\/#\/schema\/person\/image\/\",\"url\":\"https:\/\/secure.gravatar.com\/avatar\/a04b8c1d583166ba071debc422468dac?s=96&d=mm&r=g\",\"contentUrl\":\"https:\/\/secure.gravatar.com\/avatar\/a04b8c1d583166ba071debc422468dac?s=96&d=mm&r=g\",\"caption\":\"Kaye Lomas\"}}]}<\/script>\n<!-- \/ Yoast SEO plugin. -->","yoast_head_json":{"title":"Review: Volkswagen Group Art4All mit Mondrian Look Contest - Kunstmuseum Wolfsburg","robots":{"index":"index","follow":"follow","max-snippet":"max-snippet:-1","max-image-preview":"max-image-preview:large","max-video-preview":"max-video-preview:-1"},"canonical":"https:\/\/www.kunstmuseum.de\/en\/2023\/07\/review-volkswagen-group-art4all-mit-mondrian-look-contest\/","og_locale":"en_US","og_type":"article","og_title":"Review: Volkswagen Group Art4All mit Mondrian Look Contest - Kunstmuseum Wolfsburg","og_description":"Am vergan\u00adgenen Mittwoch begr\u00fc\u00dften wir im Foyer des Kunst\u00admu\u00adseums alle Besucher*innen mit einer Fotosta\u00adtion. Wir suchten den Mondrian Look des Abends. Zu gewinnen gab es 2 Karten f\u00fcr Art &amp; Cocktail, 2 Karten f\u00fcr unser Atelier f\u00fcr Erwach\u00adsene und 2 Freikarten f\u00fcr das Museum. Daf\u00fcr mussten die Teilnehmer*innen sich ganz im Sinne der gradli\u00adnigen Kompo\u00adsi\u00adtionen [&hellip;]","og_url":"https:\/\/www.kunstmuseum.de\/en\/2023\/07\/review-volkswagen-group-art4all-mit-mondrian-look-contest\/","og_site_name":"Kunstmuseum Wolfsburg","article_publisher":"https:\/\/www.facebook.com\/KunstmuseumWolfsburg","article_published_time":"2023-07-03T09:48:59+00:00","article_modified_time":"2024-04-26T12:02:38+00:00","og_image":[{"width":900,"height":600,"url":"https:\/\/www.kunstmuseum.de\/wp-content\/uploads\/2023\/07\/Magazin-Art4All-.png","type":"image\/png"}],"author":"Kaye Lomas","twitter_card":"summary_large_image","twitter_creator":"@kunstmuseumwob","twitter_site":"@kunstmuseumwob","twitter_misc":{"Written by":"Kaye Lomas","Est. reading time":"5 minutes"},"schema":{"@context":"https:\/\/schema.org","@graph":[{"@type":"Organization","@id":"https:\/\/www.kunstmuseum.de\/en\/#organization","name":"Kunstmuseum Wolfsburg","url":"https:\/\/www.kunstmuseum.de\/en\/","sameAs":["https:\/\/www.instagram.com\/kunstmuseumwolfsburg\/","https:\/\/www.linkedin.com\/company\/kunstmuseum-wolfsburg\/","https:\/\/www.youtube.com\/user\/KunstmuseumWolfsburg","https:\/\/de.wikipedia.org\/wiki\/Kunstmuseum_Wolfsburg","https:\/\/www.facebook.com\/KunstmuseumWolfsburg","https:\/\/twitter.com\/kunstmuseumwob"],"logo":{"@type":"ImageObject","inLanguage":"en-US","@id":"https:\/\/www.kunstmuseum.de\/en\/#\/schema\/logo\/image\/","url":"https:\/\/www.kunstmuseum.de\/wp-content\/uploads\/2020\/05\/191125_KMW_Wortmarke_RGB_schwarz.svg","contentUrl":"https:\/\/www.kunstmuseum.de\/wp-content\/uploads\/2020\/05\/191125_KMW_Wortmarke_RGB_schwarz.svg","caption":"Kunstmuseum Wolfsburg"},"image":{"@id":"https:\/\/www.kunstmuseum.de\/en\/#\/schema\/logo\/image\/"}},{"@type":"WebSite","@id":"https:\/\/www.kunstmuseum.de\/en\/#website","url":"https:\/\/www.kunstmuseum.de\/en\/","name":"Kunstmuseum Wolfsburg","description":"","publisher":{"@id":"https:\/\/www.kunstmuseum.de\/en\/#organization"},"potentialAction":[{"@type":"SearchAction","target":{"@type":"EntryPoint","urlTemplate":"https:\/\/www.kunstmuseum.de\/en\/?s={search_term_string}"},"query-input":"required name=search_term_string"}],"inLanguage":"en-US"},{"@type":"WebPage","@id":"https:\/\/www.kunstmuseum.de\/en\/2023\/07\/review-volkswagen-group-art4all-mit-mondrian-look-contest\/","url":"https:\/\/www.kunstmuseum.de\/en\/2023\/07\/review-volkswagen-group-art4all-mit-mondrian-look-contest\/","name":"Review: Volkswagen Group Art4All mit Mondrian Look Contest - Kunstmuseum Wolfsburg","isPartOf":{"@id":"https:\/\/www.kunstmuseum.de\/en\/#website"},"datePublished":"2023-07-03T09:48:59+00:00","dateModified":"2024-04-26T12:02:38+00:00","breadcrumb":{"@id":"https:\/\/www.kunstmuseum.de\/en\/2023\/07\/review-volkswagen-group-art4all-mit-mondrian-look-contest\/#breadcrumb"},"inLanguage":"en-US","potentialAction":[{"@type":"ReadAction","target":["https:\/\/www.kunstmuseum.de\/en\/2023\/07\/review-volkswagen-group-art4all-mit-mondrian-look-contest\/"]}]},{"@type":"BreadcrumbList","@id":"https:\/\/www.kunstmuseum.de\/en\/2023\/07\/review-volkswagen-group-art4all-mit-mondrian-look-contest\/#breadcrumb","itemListElement":[{"@type":"ListItem","position":1,"name":"Startseite","item":"https:\/\/www.kunstmuseum.de\/en\/"},{"@type":"ListItem","position":2,"name":"Review: Volkswagen Group Art4All mit Mondrian Look Contest"}]},{"@type":"Article","@id":"https:\/\/www.kunstmuseum.de\/en\/2023\/07\/review-volkswagen-group-art4all-mit-mondrian-look-contest\/#article","isPartOf":{"@id":"https:\/\/www.kunstmuseum.de\/en\/2023\/07\/review-volkswagen-group-art4all-mit-mondrian-look-contest\/"},"author":{"name":"Kaye Lomas","@id":"https:\/\/www.kunstmuseum.de\/en\/#\/schema\/person\/33ce7ce14546b222bfd6a357a22cd681"},"headline":"Review: Volkswagen Group Art4All mit Mondrian Look Contest","datePublished":"2023-07-03T09:48:59+00:00","dateModified":"2024-04-26T12:02:38+00:00","mainEntityOfPage":{"@id":"https:\/\/www.kunstmuseum.de\/en\/2023\/07\/review-volkswagen-group-art4all-mit-mondrian-look-contest\/"},"wordCount":318,"publisher":{"@id":"https:\/\/www.kunstmuseum.de\/en\/#organization"},"keywords":["Freundschaften","Mondrian","Volkswagen Group Art4All"],"articleSection":["Unkategorisiert"],"inLanguage":"en-US"},{"@type":"Person","@id":"https:\/\/www.kunstmuseum.de\/en\/#\/schema\/person\/33ce7ce14546b222bfd6a357a22cd681","name":"Kaye Lomas","image":{"@type":"ImageObject","inLanguage":"en-US","@id":"https:\/\/www.kunstmuseum.de\/en\/#\/schema\/person\/image\/","url":"https:\/\/secure.gravatar.com\/avatar\/a04b8c1d583166ba071debc422468dac?s=96&d=mm&r=g","contentUrl":"https:\/\/secure.gravatar.com\/avatar\/a04b8c1d583166ba071debc422468dac?s=96&d=mm&r=g","caption":"Kaye Lomas"}}]}},"_links":{"self":[{"href":"https:\/\/www.kunstmuseum.de\/en\/wp-json\/wp\/v2\/posts\/22610"}],"collection":[{"href":"https:\/\/www.kunstmuseum.de\/en\/wp-json\/wp\/v2\/posts"}],"about":[{"href":"https:\/\/www.kunstmuseum.de\/en\/wp-json\/wp\/v2\/types\/post"}],"author":[{"embeddable":true,"href":"https:\/\/www.kunstmuseum.de\/en\/wp-json\/wp\/v2\/users\/1499"}],"replies":[{"embeddable":true,"href":"https:\/\/www.kunstmuseum.de\/en\/wp-json\/wp\/v2\/comments?post=22610"}],"version-history":[{"count":3,"href":"https:\/\/www.kunstmuseum.de\/en\/wp-json\/wp\/v2\/posts\/22610\/revisions"}],"predecessor-version":[{"id":22711,"href":"https:\/\/www.kunstmuseum.de\/en\/wp-json\/wp\/v2\/posts\/22610\/revisions\/22711"}],"wp:featuredmedia":[{"embeddable":true,"href":"https:\/\/www.kunstmuseum.de\/en\/wp-json\/wp\/v2\/media\/22712"}],"wp:attachment":[{"href":"https:\/\/www.kunstmuseum.de\/en\/wp-json\/wp\/v2\/media?parent=22610"}],"wp:term":[{"taxonomy":"category","embeddable":true,"href":"https:\/\/www.kunstmuseum.de\/en\/wp-json\/wp\/v2\/categories?post=22610"},{"taxonomy":"post_tag","embeddable":true,"href":"https:\/\/www.kunstmuseum.de\/en\/wp-json\/wp\/v2\/tags?post=22610"}],"curies":[{"name":"wp","href":"https:\/\/api.w.org\/{rel}","templated":true}]}}