{"id":25293,"date":"2024-04-09T16:32:28","date_gmt":"2024-04-09T14:32:28","guid":{"rendered":"https:\/\/www.kunstmuseum.de\/?p=25293"},"modified":"2024-04-26T14:02:07","modified_gmt":"2024-04-26T12:02:07","slug":"wir-sind-nominiert-fuer-den-art-kuratoren-preis","status":"publish","type":"post","link":"https:\/\/www.kunstmuseum.de\/en\/2024\/04\/wir-sind-nominiert-fuer-den-art-kuratoren-preis\/","title":{"rendered":"Gro\u00dfe Freude \u00fcber ART-Kuratorenpreis \u2013 Ausstellung des Jahres 2023"},"content":{"rendered":"\n<p><strong>Andreas Beitin und Elena Engelbrechter bekommen f\u00fcr <\/strong><em>Re-Inventing Piet. Mondrian und die Folgen<\/em><strong><em> <\/em>den Preis f\u00fcr die Ausstel\u00adlung des Jahres 2023<\/strong><\/p>\n\n\n\n<p>Am Mittwoch\u00adabend wurde in K\u00f6ln im Aukti\u00adons\u00adhaus VAN HAM der ART-Kurato\u00adren\u00adpreis f\u00fcr die beste Ausstel\u00adlung 2023 an Andreas Beitin (Ideen\u00adgeber und Kurator der Ausstel\u00adlung sowie Direktor Kunst\u00admu\u00adseum Wolfsburg) und Elena Engelbrechter (Co-Kuratorin der Ausstel\u00adlung) f\u00fcr <em>Re-Inventing Piet. Mondrian und die Folgen <\/em>verliehen. Die renom\u00admiert besetzte Jury (bestehend aus Kathleen Rahn (Marta Herford), Christoph Grunen\u00adberg (Kunst\u00adhalle Bremen), Brigitte K\u00f6lle (Hamburger Kunst\u00adhalle), Stefan Koldehoff (Deutsch\u00adland\u00adfunk) und Tim Sommer (Kunst\u00adma\u00adgazin ART)) hat die Schau aus allen Ausstel\u00adlungen des vergan\u00adgenen Jahres in Deutsch\u00adland, \u00d6ster\u00adreich und der Schweiz ausge\u00adw\u00e4hlt, zun\u00e4chst auf eine Shortlist mit zw\u00f6lf Nominie\u00adrungen gesetzt und schlie\u00df\u00adlich als die beste Ausstel\u00adlung ausge\u00adzeichnet. \u00dcberreicht wurde den beiden Ausge\u00adzeich\u00adneten die neue Preis\u00adskulptur des D\u00fcssel\u00addorfer K\u00fcnstlers Jan Albers. Die Laudatio auf die Preistr\u00e4ger*innen hielt der Kunst\u00adwis\u00adsen\u00adschaftler Wolfgang Ullrich. Das gr\u00f6\u00dfte europ\u00e4i\u00adsche Kunst\u00adma\u00adgazin art hat diesen Preis zum sechsten Mal vergeben.<\/p>\n\n\n\n<div class=\"wp-block-columns\">\n<div class=\"wp-block-column\">\n<figure class=\"wp-block-image size-large\"><img loading=\"lazy\" width=\"1024\" height=\"683\" src=\"https:\/\/www.kunstmuseum.de\/wp-content\/uploads\/2024\/04\/DSC07597-1024x683.jpg\" alt class=\"wp-image-25354\" srcset=\"https:\/\/www.kunstmuseum.de\/wp-content\/uploads\/2024\/04\/DSC07597-1024x683.jpg 1024w, https:\/\/www.kunstmuseum.de\/wp-content\/uploads\/2024\/04\/DSC07597-300x200.jpg 300w, https:\/\/www.kunstmuseum.de\/wp-content\/uploads\/2024\/04\/DSC07597-768x512.jpg 768w, https:\/\/www.kunstmuseum.de\/wp-content\/uploads\/2024\/04\/DSC07597-1536x1024.jpg 1536w, https:\/\/www.kunstmuseum.de\/wp-content\/uploads\/2024\/04\/DSC07597-2048x1365.jpg 2048w, https:\/\/www.kunstmuseum.de\/wp-content\/uploads\/2024\/04\/DSC07597-900x600.jpg 900w, https:\/\/www.kunstmuseum.de\/wp-content\/uploads\/2024\/04\/DSC07597-100x67.jpg 100w\" sizes=\"(max-width: 1024px) 100vw, 1024px\"><\/figure>\n<\/div>\n\n\n\n<div class=\"wp-block-column\">\n<figure class=\"wp-block-image size-large\"><img loading=\"lazy\" width=\"1024\" height=\"683\" src=\"https:\/\/www.kunstmuseum.de\/wp-content\/uploads\/2024\/04\/DSC07324-min-1024x683.jpg\" alt class=\"wp-image-25352\" srcset=\"https:\/\/www.kunstmuseum.de\/wp-content\/uploads\/2024\/04\/DSC07324-min-1024x683.jpg 1024w, https:\/\/www.kunstmuseum.de\/wp-content\/uploads\/2024\/04\/DSC07324-min-300x200.jpg 300w, https:\/\/www.kunstmuseum.de\/wp-content\/uploads\/2024\/04\/DSC07324-min-768x512.jpg 768w, https:\/\/www.kunstmuseum.de\/wp-content\/uploads\/2024\/04\/DSC07324-min-1536x1024.jpg 1536w, https:\/\/www.kunstmuseum.de\/wp-content\/uploads\/2024\/04\/DSC07324-min-2048x1365.jpg 2048w, https:\/\/www.kunstmuseum.de\/wp-content\/uploads\/2024\/04\/DSC07324-min-900x600.jpg 900w, https:\/\/www.kunstmuseum.de\/wp-content\/uploads\/2024\/04\/DSC07324-min-100x67.jpg 100w\" sizes=\"(max-width: 1024px) 100vw, 1024px\"><\/figure>\n<\/div>\n\n\n\n<div class=\"wp-block-column\">\n<figure class=\"wp-block-image size-large\"><img loading=\"lazy\" width=\"1024\" height=\"683\" src=\"https:\/\/www.kunstmuseum.de\/wp-content\/uploads\/2024\/04\/DSC07734-min-1024x683.jpg\" alt class=\"wp-image-25356\" srcset=\"https:\/\/www.kunstmuseum.de\/wp-content\/uploads\/2024\/04\/DSC07734-min-1024x683.jpg 1024w, https:\/\/www.kunstmuseum.de\/wp-content\/uploads\/2024\/04\/DSC07734-min-300x200.jpg 300w, https:\/\/www.kunstmuseum.de\/wp-content\/uploads\/2024\/04\/DSC07734-min-768x512.jpg 768w, https:\/\/www.kunstmuseum.de\/wp-content\/uploads\/2024\/04\/DSC07734-min-1536x1024.jpg 1536w, https:\/\/www.kunstmuseum.de\/wp-content\/uploads\/2024\/04\/DSC07734-min-2048x1365.jpg 2048w, https:\/\/www.kunstmuseum.de\/wp-content\/uploads\/2024\/04\/DSC07734-min-900x600.jpg 900w, https:\/\/www.kunstmuseum.de\/wp-content\/uploads\/2024\/04\/DSC07734-min-100x67.jpg 100w\" sizes=\"(max-width: 1024px) 100vw, 1024px\"><\/figure>\n<\/div>\n<\/div>\n\n\n\n<p>Wolfgang Ullrich, der die Laudatio hielt, \u00fcber die Ausstellung:<\/p>\n\n\n\n<div class=\"wp-block-columns\">\n<div class=\"wp-block-column\">\n<figure class=\"wp-block-image size-large\"><img loading=\"lazy\" width=\"1024\" height=\"683\" src=\"https:\/\/www.kunstmuseum.de\/wp-content\/uploads\/2024\/04\/DSC07959-min-1024x683.jpg\" alt class=\"wp-image-25346\" srcset=\"https:\/\/www.kunstmuseum.de\/wp-content\/uploads\/2024\/04\/DSC07959-min-1024x683.jpg 1024w, https:\/\/www.kunstmuseum.de\/wp-content\/uploads\/2024\/04\/DSC07959-min-300x200.jpg 300w, https:\/\/www.kunstmuseum.de\/wp-content\/uploads\/2024\/04\/DSC07959-min-768x512.jpg 768w, https:\/\/www.kunstmuseum.de\/wp-content\/uploads\/2024\/04\/DSC07959-min-1536x1024.jpg 1536w, https:\/\/www.kunstmuseum.de\/wp-content\/uploads\/2024\/04\/DSC07959-min-2048x1365.jpg 2048w, https:\/\/www.kunstmuseum.de\/wp-content\/uploads\/2024\/04\/DSC07959-min-900x600.jpg 900w, https:\/\/www.kunstmuseum.de\/wp-content\/uploads\/2024\/04\/DSC07959-min-100x67.jpg 100w\" sizes=\"(max-width: 1024px) 100vw, 1024px\"><\/figure>\n<\/div>\n\n\n\n<div class=\"wp-block-column\">\n<p>\u201eDass mit der Ausstel\u00adlung beides gelungen ist, sich Mondrian indirekt zu n\u00e4hern und nicht einmal die heftigsten konsu\u00admis\u00adti\u00adschen Profa\u00adni\u00adsie\u00adrungen seines Werks auszu\u00adsparen, dann aber doch ganz neu staunende Bewun\u00adde\u00adrung f\u00fcr ihn entstehen zu lassen \u2013 das finde ich gro\u00dfartig und absolut preisw\u00fcrdig.\u201c<\/p>\n<\/div>\n<\/div>\n\n\n\n<p>Art-Chefre\u00addak\u00adteur Tim Sommer zur diesj\u00e4h\u00adrigen Auszeich\u00adnung: \u201eAuch dieses Mal hat die Jury intensiv gerungen. Alle nominierten Ausstel\u00adlungen setzten bemer\u00adkens\u00adwerte Akzente und waren auf ihre Weise einzig\u00adar\u00adtige kurato\u00adri\u00adsche Leistungen. Andreas Beitin und Elena Engelbrechter haben sich am Ende der Diskus\u00adsion durch\u00adge\u00adsetzt, weil ihre perfekt insze\u00adnierte und mit einem gro\u00dfar\u00adtigen Katalog beglei\u00adtete Schau der Wirkung einer  so bekannten und durch\u00adge\u00adsetzten Figur der Moderne wie Piet Mondrian so vielf\u00e4l\u00adtige und wirklich \u00fcberra\u00adschende Facetten entlockt hat. Re-Inventing Piet. Mondrian und die Folgen im Kunst\u00admu\u00adseum Wolfsburg war ein \u00e4sthe\u00adti\u00adsches und intel\u00adlek\u00adtu\u00adelles Vergn\u00fcgen ersten Ranges.&nbsp;\u201c<\/p>\n\n\n\n<div class=\"wp-block-columns\">\n<div class=\"wp-block-column\">\n<figure class=\"wp-block-image size-large\"><img loading=\"lazy\" width=\"1024\" height=\"683\" src=\"https:\/\/www.kunstmuseum.de\/wp-content\/uploads\/2024\/04\/DSC07890-min-1024x683.jpg\" alt class=\"wp-image-25362\" srcset=\"https:\/\/www.kunstmuseum.de\/wp-content\/uploads\/2024\/04\/DSC07890-min-1024x683.jpg 1024w, https:\/\/www.kunstmuseum.de\/wp-content\/uploads\/2024\/04\/DSC07890-min-300x200.jpg 300w, https:\/\/www.kunstmuseum.de\/wp-content\/uploads\/2024\/04\/DSC07890-min-768x512.jpg 768w, https:\/\/www.kunstmuseum.de\/wp-content\/uploads\/2024\/04\/DSC07890-min-1536x1024.jpg 1536w, https:\/\/www.kunstmuseum.de\/wp-content\/uploads\/2024\/04\/DSC07890-min-2048x1365.jpg 2048w, https:\/\/www.kunstmuseum.de\/wp-content\/uploads\/2024\/04\/DSC07890-min-900x600.jpg 900w, https:\/\/www.kunstmuseum.de\/wp-content\/uploads\/2024\/04\/DSC07890-min-100x67.jpg 100w\" sizes=\"(max-width: 1024px) 100vw, 1024px\"><\/figure>\n<\/div>\n\n\n\n<div class=\"wp-block-column\">\n<figure class=\"wp-block-image size-large\"><img loading=\"lazy\" width=\"1024\" height=\"683\" src=\"https:\/\/www.kunstmuseum.de\/wp-content\/uploads\/2024\/04\/DSC08048-min-1024x683.jpg\" alt class=\"wp-image-25366\" srcset=\"https:\/\/www.kunstmuseum.de\/wp-content\/uploads\/2024\/04\/DSC08048-min-1024x683.jpg 1024w, https:\/\/www.kunstmuseum.de\/wp-content\/uploads\/2024\/04\/DSC08048-min-300x200.jpg 300w, https:\/\/www.kunstmuseum.de\/wp-content\/uploads\/2024\/04\/DSC08048-min-768x512.jpg 768w, https:\/\/www.kunstmuseum.de\/wp-content\/uploads\/2024\/04\/DSC08048-min-1536x1024.jpg 1536w, https:\/\/www.kunstmuseum.de\/wp-content\/uploads\/2024\/04\/DSC08048-min-2048x1365.jpg 2048w, https:\/\/www.kunstmuseum.de\/wp-content\/uploads\/2024\/04\/DSC08048-min-900x600.jpg 900w, https:\/\/www.kunstmuseum.de\/wp-content\/uploads\/2024\/04\/DSC08048-min-100x67.jpg 100w\" sizes=\"(max-width: 1024px) 100vw, 1024px\"><\/figure>\n<\/div>\n\n\n\n<div class=\"wp-block-column\">\n<figure class=\"wp-block-image size-large\"><img loading=\"lazy\" width=\"1024\" height=\"683\" src=\"https:\/\/www.kunstmuseum.de\/wp-content\/uploads\/2024\/04\/DSC07799-min-1024x683.jpg\" alt class=\"wp-image-25360\" srcset=\"https:\/\/www.kunstmuseum.de\/wp-content\/uploads\/2024\/04\/DSC07799-min-1024x683.jpg 1024w, https:\/\/www.kunstmuseum.de\/wp-content\/uploads\/2024\/04\/DSC07799-min-300x200.jpg 300w, https:\/\/www.kunstmuseum.de\/wp-content\/uploads\/2024\/04\/DSC07799-min-768x512.jpg 768w, https:\/\/www.kunstmuseum.de\/wp-content\/uploads\/2024\/04\/DSC07799-min-1536x1024.jpg 1536w, https:\/\/www.kunstmuseum.de\/wp-content\/uploads\/2024\/04\/DSC07799-min-2048x1365.jpg 2048w, https:\/\/www.kunstmuseum.de\/wp-content\/uploads\/2024\/04\/DSC07799-min-900x600.jpg 900w, https:\/\/www.kunstmuseum.de\/wp-content\/uploads\/2024\/04\/DSC07799-min-100x67.jpg 100w\" sizes=\"(max-width: 1024px) 100vw, 1024px\"><\/figure>\n<\/div>\n<\/div>\n\n\n\n<div class=\"wp-block-columns\">\n<div class=\"wp-block-column\" style=\"flex-basis:66.66%\">\n<p>\u201eF\u00fcr die Auszeich\u00adnung bin ich sehr dankbar und sie freut mich nat\u00fcrlich sehr, da ich die Ausstel\u00adlungs\u00adidee schon seit vielen Jahren verfolge und sie bei uns im Kunst\u00admu\u00adseum Wolfsburg nun endlich umsetzen konnte. So einen bedeu\u00adtenden K\u00fcnstler mal ganz anders und neuartig zu zeigen, hat viel Spa\u00df gemacht, aber auch neue kunst\u00adwis\u00adsen\u00adschaft\u00adliche Erkennt\u00adnisse erm\u00f6g\u00adlicht. Ich danke dem ganzen Team sowie unseren F\u00f6rderen und Partnern\u201c, so Andreas Beitin, Direktor des Kunst\u00admu\u00adseum Wolfsburg, der die Ausstel\u00adlung konzi\u00adpiert und kuratiert hat.<\/p>\n<\/div>\n\n\n\n<div class=\"wp-block-column\" style=\"flex-basis:33.33%\">\n<figure class=\"wp-block-image size-large\"><img loading=\"lazy\" width=\"683\" height=\"1024\" src=\"https:\/\/www.kunstmuseum.de\/wp-content\/uploads\/2024\/04\/DSC08020-min-683x1024.jpg\" alt class=\"wp-image-25364\" srcset=\"https:\/\/www.kunstmuseum.de\/wp-content\/uploads\/2024\/04\/DSC08020-min-683x1024.jpg 683w, https:\/\/www.kunstmuseum.de\/wp-content\/uploads\/2024\/04\/DSC08020-min-200x300.jpg 200w, https:\/\/www.kunstmuseum.de\/wp-content\/uploads\/2024\/04\/DSC08020-min-768x1152.jpg 768w, https:\/\/www.kunstmuseum.de\/wp-content\/uploads\/2024\/04\/DSC08020-min-1024x1536.jpg 1024w, https:\/\/www.kunstmuseum.de\/wp-content\/uploads\/2024\/04\/DSC08020-min-1365x2048.jpg 1365w, https:\/\/www.kunstmuseum.de\/wp-content\/uploads\/2024\/04\/DSC08020-min-400x600.jpg 400w, https:\/\/www.kunstmuseum.de\/wp-content\/uploads\/2024\/04\/DSC08020-min-100x150.jpg 100w, https:\/\/www.kunstmuseum.de\/wp-content\/uploads\/2024\/04\/DSC08020-min-300x450.jpg 300w, https:\/\/www.kunstmuseum.de\/wp-content\/uploads\/2024\/04\/DSC08020-min-scaled.jpg 1707w\" sizes=\"(max-width: 683px) 100vw, 683px\"><\/figure>\n<\/div>\n<\/div>\n\n\n\n<div class=\"wp-block-columns\">\n<div class=\"wp-block-column\">\n<figure class=\"wp-block-image size-large\"><img loading=\"lazy\" width=\"1024\" height=\"683\" src=\"https:\/\/www.kunstmuseum.de\/wp-content\/uploads\/2024\/04\/DSC08218-min-1024x683.jpg\" alt class=\"wp-image-25370\" srcset=\"https:\/\/www.kunstmuseum.de\/wp-content\/uploads\/2024\/04\/DSC08218-min-1024x683.jpg 1024w, https:\/\/www.kunstmuseum.de\/wp-content\/uploads\/2024\/04\/DSC08218-min-300x200.jpg 300w, https:\/\/www.kunstmuseum.de\/wp-content\/uploads\/2024\/04\/DSC08218-min-768x512.jpg 768w, https:\/\/www.kunstmuseum.de\/wp-content\/uploads\/2024\/04\/DSC08218-min-1536x1024.jpg 1536w, https:\/\/www.kunstmuseum.de\/wp-content\/uploads\/2024\/04\/DSC08218-min-2048x1365.jpg 2048w, https:\/\/www.kunstmuseum.de\/wp-content\/uploads\/2024\/04\/DSC08218-min-900x600.jpg 900w, https:\/\/www.kunstmuseum.de\/wp-content\/uploads\/2024\/04\/DSC08218-min-100x67.jpg 100w\" sizes=\"(max-width: 1024px) 100vw, 1024px\"><\/figure>\n<\/div>\n\n\n\n<div class=\"wp-block-column\">\n<figure class=\"wp-block-image size-large\"><img loading=\"lazy\" width=\"1024\" height=\"683\" src=\"https:\/\/www.kunstmuseum.de\/wp-content\/uploads\/2024\/04\/DSC08076-1024x683.jpg\" alt class=\"wp-image-25368\" srcset=\"https:\/\/www.kunstmuseum.de\/wp-content\/uploads\/2024\/04\/DSC08076-1024x683.jpg 1024w, https:\/\/www.kunstmuseum.de\/wp-content\/uploads\/2024\/04\/DSC08076-300x200.jpg 300w, https:\/\/www.kunstmuseum.de\/wp-content\/uploads\/2024\/04\/DSC08076-768x512.jpg 768w, https:\/\/www.kunstmuseum.de\/wp-content\/uploads\/2024\/04\/DSC08076-1536x1024.jpg 1536w, https:\/\/www.kunstmuseum.de\/wp-content\/uploads\/2024\/04\/DSC08076-2048x1365.jpg 2048w, https:\/\/www.kunstmuseum.de\/wp-content\/uploads\/2024\/04\/DSC08076-900x600.jpg 900w, https:\/\/www.kunstmuseum.de\/wp-content\/uploads\/2024\/04\/DSC08076-100x67.jpg 100w\" sizes=\"(max-width: 1024px) 100vw, 1024px\"><\/figure>\n<\/div>\n<\/div>\n\n\n\n<p>\u201eNachdem die Nominie\u00adrung an sich schon eine tolle W\u00fcrdigung darstellt, haben wir uns ganz besonders gefreut, nun auch mit dem ART-Kurato\u00adren\u00adpreis ausge\u00adzeichnet zu werden. Unser beson\u00adderer Dank gilt der Jury des Preises, der Redaktion der art, dem Aukti\u00adons\u00adhaus VAN HAM und nat\u00fcrlich dem K\u00fcnstler Jan Albers, dessen Skulptur wir nun als Preis mit nach Wolfsburg nehmen d\u00fcrfen. Die Rezeption eines so bekannten K\u00fcnstlers wie Piet Mondrian neu aufzu\u00adrollen, erm\u00f6g\u00adlichte auch f\u00fcr uns stets erfri\u00adschend neue, unvor\u00adher\u00adseh\u00adbare wie auch unkon\u00adven\u00adtio\u00adnelle Perspek\u00adtiven auf sein gut erforschtes Werk. Zum Erfolg der Ausstel\u00adlung haben insbe\u00adson\u00addere die parti\u00adzi\u00adpa\u00adtiven Formate unserer Kunst\u00adver\u00admitt\u00adlung beigetragen, die eine Verkn\u00fcp\u00adfung zum Alltag der Menschen herstellten\u201c, freut sich Elena Engelbrechter, Co-Kuratorin der Ausstellung.<\/p>\n\n\n\n<div class=\"wp-block-columns\">\n<div class=\"wp-block-column\">\n<figure class=\"wp-block-image size-large\"><img loading=\"lazy\" width=\"1024\" height=\"683\" src=\"https:\/\/www.kunstmuseum.de\/wp-content\/uploads\/2024\/04\/46349D44-1024x683.jpg\" alt class=\"wp-image-25348\" srcset=\"https:\/\/www.kunstmuseum.de\/wp-content\/uploads\/2024\/04\/46349D44-1024x683.jpg 1024w, https:\/\/www.kunstmuseum.de\/wp-content\/uploads\/2024\/04\/46349D44-300x200.jpg 300w, https:\/\/www.kunstmuseum.de\/wp-content\/uploads\/2024\/04\/46349D44-768x512.jpg 768w, https:\/\/www.kunstmuseum.de\/wp-content\/uploads\/2024\/04\/46349D44-1536x1025.jpg 1536w, https:\/\/www.kunstmuseum.de\/wp-content\/uploads\/2024\/04\/46349D44-900x600.jpg 900w, https:\/\/www.kunstmuseum.de\/wp-content\/uploads\/2024\/04\/46349D44-100x67.jpg 100w, https:\/\/www.kunstmuseum.de\/wp-content\/uploads\/2024\/04\/46349D44.jpg 2048w\" sizes=\"(max-width: 1024px) 100vw, 1024px\"><figcaption>v.l.n.r. Markus Eisenbeis (Van&nbsp;Ham), Krist&nbsp;Grijt\u00adhu\u00adijsen&nbsp;(KW Berlin), Kolja Reichert (Bundes\u00adkunst\u00adhalle Bonn), Ina Jessen (Deich\u00adtor\u00adhallen Hamburg), Anja Heitzer (Kunst\u00adhalle Mannheim),&nbsp;Westrey&nbsp;Page (Kunst\u00adpa\u00adlast D\u00fcssel\u00addorf), Tim Sommer (art-Das Kunst\u00adma\u00adgazin), Susanne Meyer-B\u00fcser (K20, D\u00fcssel\u00addorf), Elena Engelbrechter &amp; Andreas&nbsp;Beitin&nbsp;(Kunst\u00admu\u00adseum Wolfsburg) und Lisa Ortner-Kreil (Bank Austria Kunst\u00adforum&nbsp;Wien)<\/figcaption><\/figure>\n<\/div>\n<\/div>\n\n\n\n<p><em>Re-Inventing Piet. Mondrian und die Folgen<\/em> zeigte vom 11. M\u00e4rz bis 16. Juli 2023 im Kunst\u00admu\u00adseum Wolfsburg den globalen Einfluss des neoplas\u00adti\u00adschen Werkes des nieder\u00adl\u00e4n\u00addi\u00adschen K\u00fcnstlers Piet Mondrian. Keine andere k\u00fcnst\u00adle\u00adri\u00adsche Position im 20. und 21. Jahrhun\u00addert wurde so oft und so vielf\u00e4ltig zitiert, kopiert, variiert, appro\u00adpri\u00adiert, adaptiert oder persi\u00adfliert wie die Piet Mondrians \u2013 von der Mode, der Werbung, der Archi\u00adtektur, dem Design und vor allem von der Kunst selbst. Anhand von rund 150 Kunst\u00adwerken und Objekten bot die Ausstel\u00adlung einen Einblick in die facet\u00adten\u00adreiche Ausein\u00adan\u00adder\u00adset\u00adzung mit dem Hauptwerk des Avant\u00adgar\u00addisten. Die beglei\u00adtende Publi\u00adka\u00adtion (mit einer ausf\u00fchr\u00adli\u00adchen Einlei\u00adtung von Andreas Beitin sowie Texten von Friedrich von Borries, Nancy J. Troy, Wolfgang Ullrich und Marek Wieczorek, dt.\/engl., 320 Seiten, 300 Abbil\u00addungen) wurde von der Stiftung Buchkunst als eines der sch\u00f6nsten deutschen B\u00fccher des Jahres 2023 nominiert.<br>Die Ausstel\u00adlung war nach Wolfsburg im Wilhelm-Hack-Museum in Ludwigs\u00adhafen am Rhein zu&nbsp;sehen.<\/p>\n\n\n\n<p>Das Ausstel\u00adlungs- und <a href=\"https:\/\/shop.kunstmuseum.de\/produkt\/re-inventing-piet-mondrian-und-die-folgen-publikation-dt-engl\/\">Publi\u00adka\u00adti\u00adons\u00adpro\u00adjekt<\/a> ist entstanden in Koope\u00adra\u00adtion mit&nbsp;dem&nbsp;<\/p>\n\n\n\n<figure class=\"wp-block-image size-full\"><img loading=\"lazy\" width=\"992\" height=\"287\" src=\"https:\/\/www.kunstmuseum.de\/wp-content\/uploads\/2024\/04\/Dank-Mondrian.png\" alt class=\"wp-image-25380\" srcset=\"https:\/\/www.kunstmuseum.de\/wp-content\/uploads\/2024\/04\/Dank-Mondrian.png 992w, https:\/\/www.kunstmuseum.de\/wp-content\/uploads\/2024\/04\/Dank-Mondrian-300x87.png 300w, https:\/\/www.kunstmuseum.de\/wp-content\/uploads\/2024\/04\/Dank-Mondrian-768x222.png 768w, https:\/\/www.kunstmuseum.de\/wp-content\/uploads\/2024\/04\/Dank-Mondrian-100x29.png 100w\" sizes=\"(max-width: 992px) 100vw, 992px\"><\/figure>\n\n\n\n<p style=\"font-size:8px\">Fotos: Marina Rosa&nbsp;Weigl<\/p>\n","protected":false},"excerpt":{"rendered":"<p>Andreas Beitin und Elena Engelbrechter bekommen f\u00fcr Re-Inventing Piet. Mondrian und die Folgen den Preis f\u00fcr die Ausstel\u00adlung des Jahres 2023 Am Mittwoch\u00adabend wurde in K\u00f6ln im Aukti\u00adons\u00adhaus VAN HAM der ART-Kurato\u00ad\u00adren\u00ad\u00adpreis f\u00fcr die beste Ausstel\u00adlung 2023 an Andreas Beitin (Ideen\u00adgeber und Kurator der Ausstel\u00adlung sowie Direktor Kunst\u00admu\u00adseum Wolfsburg) und Elena Engelbrechter (Co-Kuratorin der Ausstellung)&nbsp;[\u2026]<\/p>\n","protected":false},"author":1499,"featured_media":25350,"comment_status":"closed","ping_status":"closed","sticky":false,"template":"","format":"standard","meta":{"wp_typography_post_enhancements_disabled":false,"kunstmuseum_formatted_page_title":""},"categories":[1],"tags":[637],"yoast_head":"<!-- This site is optimized with the Yoast SEO plugin v19.4 - https:\/\/yoast.com\/wordpress\/plugins\/seo\/ -->\n<title>Gro\u00dfe Freude \u00fcber ART-Kuratorenpreis \u2013 Ausstellung des Jahres 2023 - Kunstmuseum Wolfsburg<\/title>\n<meta name=\"robots\" content=\"index, follow, max-snippet:-1, max-image-preview:large, max-video-preview:-1\" \/>\n<link rel=\"canonical\" href=\"https:\/\/www.kunstmuseum.de\/en\/2024\/04\/wir-sind-nominiert-fuer-den-art-kuratoren-preis\/\" \/>\n<meta property=\"og:locale\" content=\"en_US\" \/>\n<meta property=\"og:type\" content=\"article\" \/>\n<meta property=\"og:title\" content=\"Gro\u00dfe Freude \u00fcber ART-Kuratorenpreis \u2013 Ausstellung des Jahres 2023 - Kunstmuseum Wolfsburg\" \/>\n<meta property=\"og:description\" content=\"Andreas Beitin und Elena Engelbrechter bekommen f\u00fcr Re-Inventing Piet. Mondrian und die Folgen den Preis f\u00fcr die Ausstel\u00adlung des Jahres 2023 Am Mittwoch\u00adabend wurde in K\u00f6ln im Aukti\u00adons\u00adhaus VAN HAM der ART-Kurato\u00adren\u00adpreis f\u00fcr die beste Ausstel\u00adlung 2023 an Andreas Beitin (Ideen\u00adgeber und Kurator der Ausstel\u00adlung sowie Direktor Kunst\u00admu\u00adseum Wolfsburg) und Elena Engelbrechter (Co-Kuratorin der Ausstel\u00adlung) [&hellip;]\" \/>\n<meta property=\"og:url\" content=\"https:\/\/www.kunstmuseum.de\/en\/2024\/04\/wir-sind-nominiert-fuer-den-art-kuratoren-preis\/\" \/>\n<meta property=\"og:site_name\" content=\"Kunstmuseum Wolfsburg\" \/>\n<meta property=\"article:publisher\" content=\"https:\/\/www.facebook.com\/KunstmuseumWolfsburg\" \/>\n<meta property=\"article:published_time\" content=\"2024-04-09T14:32:28+00:00\" \/>\n<meta property=\"article:modified_time\" content=\"2024-04-26T12:02:07+00:00\" \/>\n<meta property=\"og:image\" content=\"https:\/\/www.kunstmuseum.de\/wp-content\/uploads\/2024\/04\/C439A7F2.jpg\" \/>\n\t<meta property=\"og:image:width\" content=\"2048\" \/>\n\t<meta property=\"og:image:height\" content=\"1366\" \/>\n\t<meta property=\"og:image:type\" content=\"image\/jpeg\" \/>\n<meta name=\"author\" content=\"Kaye Lomas\" \/>\n<meta name=\"twitter:card\" content=\"summary_large_image\" \/>\n<meta name=\"twitter:creator\" content=\"@kunstmuseumwob\" \/>\n<meta name=\"twitter:site\" content=\"@kunstmuseumwob\" \/>\n<meta name=\"twitter:label1\" content=\"Written by\" \/>\n\t<meta name=\"twitter:data1\" content=\"Kaye Lomas\" \/>\n\t<meta name=\"twitter:label2\" content=\"Est. reading time\" \/>\n\t<meta name=\"twitter:data2\" content=\"7 minutes\" \/>\n<script type=\"application\/ld+json\" class=\"yoast-schema-graph\">{\"@context\":\"https:\/\/schema.org\",\"@graph\":[{\"@type\":\"Organization\",\"@id\":\"https:\/\/www.kunstmuseum.de\/en\/#organization\",\"name\":\"Kunstmuseum Wolfsburg\",\"url\":\"https:\/\/www.kunstmuseum.de\/en\/\",\"sameAs\":[\"https:\/\/www.instagram.com\/kunstmuseumwolfsburg\/\",\"https:\/\/www.linkedin.com\/company\/kunstmuseum-wolfsburg\/\",\"https:\/\/www.youtube.com\/user\/KunstmuseumWolfsburg\",\"https:\/\/de.wikipedia.org\/wiki\/Kunstmuseum_Wolfsburg\",\"https:\/\/www.facebook.com\/KunstmuseumWolfsburg\",\"https:\/\/twitter.com\/kunstmuseumwob\"],\"logo\":{\"@type\":\"ImageObject\",\"inLanguage\":\"en-US\",\"@id\":\"https:\/\/www.kunstmuseum.de\/en\/#\/schema\/logo\/image\/\",\"url\":\"https:\/\/www.kunstmuseum.de\/wp-content\/uploads\/2020\/05\/191125_KMW_Wortmarke_RGB_schwarz.svg\",\"contentUrl\":\"https:\/\/www.kunstmuseum.de\/wp-content\/uploads\/2020\/05\/191125_KMW_Wortmarke_RGB_schwarz.svg\",\"caption\":\"Kunstmuseum Wolfsburg\"},\"image\":{\"@id\":\"https:\/\/www.kunstmuseum.de\/en\/#\/schema\/logo\/image\/\"}},{\"@type\":\"WebSite\",\"@id\":\"https:\/\/www.kunstmuseum.de\/en\/#website\",\"url\":\"https:\/\/www.kunstmuseum.de\/en\/\",\"name\":\"Kunstmuseum Wolfsburg\",\"description\":\"\",\"publisher\":{\"@id\":\"https:\/\/www.kunstmuseum.de\/en\/#organization\"},\"potentialAction\":[{\"@type\":\"SearchAction\",\"target\":{\"@type\":\"EntryPoint\",\"urlTemplate\":\"https:\/\/www.kunstmuseum.de\/en\/?s={search_term_string}\"},\"query-input\":\"required name=search_term_string\"}],\"inLanguage\":\"en-US\"},{\"@type\":\"WebPage\",\"@id\":\"https:\/\/www.kunstmuseum.de\/en\/2024\/04\/wir-sind-nominiert-fuer-den-art-kuratoren-preis\/\",\"url\":\"https:\/\/www.kunstmuseum.de\/en\/2024\/04\/wir-sind-nominiert-fuer-den-art-kuratoren-preis\/\",\"name\":\"Gro\u00dfe Freude \u00fcber ART-Kuratorenpreis \u2013 Ausstellung des Jahres 2023 - Kunstmuseum Wolfsburg\",\"isPartOf\":{\"@id\":\"https:\/\/www.kunstmuseum.de\/en\/#website\"},\"datePublished\":\"2024-04-09T14:32:28+00:00\",\"dateModified\":\"2024-04-26T12:02:07+00:00\",\"breadcrumb\":{\"@id\":\"https:\/\/www.kunstmuseum.de\/en\/2024\/04\/wir-sind-nominiert-fuer-den-art-kuratoren-preis\/#breadcrumb\"},\"inLanguage\":\"en-US\",\"potentialAction\":[{\"@type\":\"ReadAction\",\"target\":[\"https:\/\/www.kunstmuseum.de\/en\/2024\/04\/wir-sind-nominiert-fuer-den-art-kuratoren-preis\/\"]}]},{\"@type\":\"BreadcrumbList\",\"@id\":\"https:\/\/www.kunstmuseum.de\/en\/2024\/04\/wir-sind-nominiert-fuer-den-art-kuratoren-preis\/#breadcrumb\",\"itemListElement\":[{\"@type\":\"ListItem\",\"position\":1,\"name\":\"Startseite\",\"item\":\"https:\/\/www.kunstmuseum.de\/en\/\"},{\"@type\":\"ListItem\",\"position\":2,\"name\":\"Gro\u00dfe Freude \u00fcber ART-Kuratorenpreis \u2013 Ausstellung des Jahres 2023\"}]},{\"@type\":\"Article\",\"@id\":\"https:\/\/www.kunstmuseum.de\/en\/2024\/04\/wir-sind-nominiert-fuer-den-art-kuratoren-preis\/#article\",\"isPartOf\":{\"@id\":\"https:\/\/www.kunstmuseum.de\/en\/2024\/04\/wir-sind-nominiert-fuer-den-art-kuratoren-preis\/\"},\"author\":{\"name\":\"Kaye Lomas\",\"@id\":\"https:\/\/www.kunstmuseum.de\/en\/#\/schema\/person\/33ce7ce14546b222bfd6a357a22cd681\"},\"headline\":\"Gro\u00dfe Freude \u00fcber ART-Kuratorenpreis \u2013 Ausstellung des Jahres 2023\",\"datePublished\":\"2024-04-09T14:32:28+00:00\",\"dateModified\":\"2024-04-26T12:02:07+00:00\",\"mainEntityOfPage\":{\"@id\":\"https:\/\/www.kunstmuseum.de\/en\/2024\/04\/wir-sind-nominiert-fuer-den-art-kuratoren-preis\/\"},\"wordCount\":742,\"publisher\":{\"@id\":\"https:\/\/www.kunstmuseum.de\/en\/#organization\"},\"keywords\":[\"ART-Kuratorenpreis\"],\"articleSection\":[\"Unkategorisiert\"],\"inLanguage\":\"en-US\"},{\"@type\":\"Person\",\"@id\":\"https:\/\/www.kunstmuseum.de\/en\/#\/schema\/person\/33ce7ce14546b222bfd6a357a22cd681\",\"name\":\"Kaye Lomas\",\"image\":{\"@type\":\"ImageObject\",\"inLanguage\":\"en-US\",\"@id\":\"https:\/\/www.kunstmuseum.de\/en\/#\/schema\/person\/image\/\",\"url\":\"https:\/\/secure.gravatar.com\/avatar\/a04b8c1d583166ba071debc422468dac?s=96&d=mm&r=g\",\"contentUrl\":\"https:\/\/secure.gravatar.com\/avatar\/a04b8c1d583166ba071debc422468dac?s=96&d=mm&r=g\",\"caption\":\"Kaye Lomas\"}}]}<\/script>\n<!-- \/ Yoast SEO plugin. -->","yoast_head_json":{"title":"Gro\u00dfe Freude \u00fcber ART-Kuratorenpreis \u2013 Ausstellung des Jahres 2023 - Kunstmuseum Wolfsburg","robots":{"index":"index","follow":"follow","max-snippet":"max-snippet:-1","max-image-preview":"max-image-preview:large","max-video-preview":"max-video-preview:-1"},"canonical":"https:\/\/www.kunstmuseum.de\/en\/2024\/04\/wir-sind-nominiert-fuer-den-art-kuratoren-preis\/","og_locale":"en_US","og_type":"article","og_title":"Gro\u00dfe Freude \u00fcber ART-Kuratorenpreis \u2013 Ausstellung des Jahres 2023 - Kunstmuseum Wolfsburg","og_description":"Andreas Beitin und Elena Engelbrechter bekommen f\u00fcr Re-Inventing Piet. Mondrian und die Folgen den Preis f\u00fcr die Ausstel\u00adlung des Jahres 2023 Am Mittwoch\u00adabend wurde in K\u00f6ln im Aukti\u00adons\u00adhaus VAN HAM der ART-Kurato\u00adren\u00adpreis f\u00fcr die beste Ausstel\u00adlung 2023 an Andreas Beitin (Ideen\u00adgeber und Kurator der Ausstel\u00adlung sowie Direktor Kunst\u00admu\u00adseum Wolfsburg) und Elena Engelbrechter (Co-Kuratorin der Ausstel\u00adlung) [&hellip;]","og_url":"https:\/\/www.kunstmuseum.de\/en\/2024\/04\/wir-sind-nominiert-fuer-den-art-kuratoren-preis\/","og_site_name":"Kunstmuseum Wolfsburg","article_publisher":"https:\/\/www.facebook.com\/KunstmuseumWolfsburg","article_published_time":"2024-04-09T14:32:28+00:00","article_modified_time":"2024-04-26T12:02:07+00:00","og_image":[{"width":2048,"height":1366,"url":"https:\/\/www.kunstmuseum.de\/wp-content\/uploads\/2024\/04\/C439A7F2.jpg","type":"image\/jpeg"}],"author":"Kaye Lomas","twitter_card":"summary_large_image","twitter_creator":"@kunstmuseumwob","twitter_site":"@kunstmuseumwob","twitter_misc":{"Written by":"Kaye Lomas","Est. reading time":"7 minutes"},"schema":{"@context":"https:\/\/schema.org","@graph":[{"@type":"Organization","@id":"https:\/\/www.kunstmuseum.de\/en\/#organization","name":"Kunstmuseum Wolfsburg","url":"https:\/\/www.kunstmuseum.de\/en\/","sameAs":["https:\/\/www.instagram.com\/kunstmuseumwolfsburg\/","https:\/\/www.linkedin.com\/company\/kunstmuseum-wolfsburg\/","https:\/\/www.youtube.com\/user\/KunstmuseumWolfsburg","https:\/\/de.wikipedia.org\/wiki\/Kunstmuseum_Wolfsburg","https:\/\/www.facebook.com\/KunstmuseumWolfsburg","https:\/\/twitter.com\/kunstmuseumwob"],"logo":{"@type":"ImageObject","inLanguage":"en-US","@id":"https:\/\/www.kunstmuseum.de\/en\/#\/schema\/logo\/image\/","url":"https:\/\/www.kunstmuseum.de\/wp-content\/uploads\/2020\/05\/191125_KMW_Wortmarke_RGB_schwarz.svg","contentUrl":"https:\/\/www.kunstmuseum.de\/wp-content\/uploads\/2020\/05\/191125_KMW_Wortmarke_RGB_schwarz.svg","caption":"Kunstmuseum Wolfsburg"},"image":{"@id":"https:\/\/www.kunstmuseum.de\/en\/#\/schema\/logo\/image\/"}},{"@type":"WebSite","@id":"https:\/\/www.kunstmuseum.de\/en\/#website","url":"https:\/\/www.kunstmuseum.de\/en\/","name":"Kunstmuseum Wolfsburg","description":"","publisher":{"@id":"https:\/\/www.kunstmuseum.de\/en\/#organization"},"potentialAction":[{"@type":"SearchAction","target":{"@type":"EntryPoint","urlTemplate":"https:\/\/www.kunstmuseum.de\/en\/?s={search_term_string}"},"query-input":"required name=search_term_string"}],"inLanguage":"en-US"},{"@type":"WebPage","@id":"https:\/\/www.kunstmuseum.de\/en\/2024\/04\/wir-sind-nominiert-fuer-den-art-kuratoren-preis\/","url":"https:\/\/www.kunstmuseum.de\/en\/2024\/04\/wir-sind-nominiert-fuer-den-art-kuratoren-preis\/","name":"Gro\u00dfe Freude \u00fcber ART-Kuratorenpreis \u2013 Ausstellung des Jahres 2023 - Kunstmuseum Wolfsburg","isPartOf":{"@id":"https:\/\/www.kunstmuseum.de\/en\/#website"},"datePublished":"2024-04-09T14:32:28+00:00","dateModified":"2024-04-26T12:02:07+00:00","breadcrumb":{"@id":"https:\/\/www.kunstmuseum.de\/en\/2024\/04\/wir-sind-nominiert-fuer-den-art-kuratoren-preis\/#breadcrumb"},"inLanguage":"en-US","potentialAction":[{"@type":"ReadAction","target":["https:\/\/www.kunstmuseum.de\/en\/2024\/04\/wir-sind-nominiert-fuer-den-art-kuratoren-preis\/"]}]},{"@type":"BreadcrumbList","@id":"https:\/\/www.kunstmuseum.de\/en\/2024\/04\/wir-sind-nominiert-fuer-den-art-kuratoren-preis\/#breadcrumb","itemListElement":[{"@type":"ListItem","position":1,"name":"Startseite","item":"https:\/\/www.kunstmuseum.de\/en\/"},{"@type":"ListItem","position":2,"name":"Gro\u00dfe Freude \u00fcber ART-Kuratorenpreis \u2013 Ausstellung des Jahres 2023"}]},{"@type":"Article","@id":"https:\/\/www.kunstmuseum.de\/en\/2024\/04\/wir-sind-nominiert-fuer-den-art-kuratoren-preis\/#article","isPartOf":{"@id":"https:\/\/www.kunstmuseum.de\/en\/2024\/04\/wir-sind-nominiert-fuer-den-art-kuratoren-preis\/"},"author":{"name":"Kaye Lomas","@id":"https:\/\/www.kunstmuseum.de\/en\/#\/schema\/person\/33ce7ce14546b222bfd6a357a22cd681"},"headline":"Gro\u00dfe Freude \u00fcber ART-Kuratorenpreis \u2013 Ausstellung des Jahres 2023","datePublished":"2024-04-09T14:32:28+00:00","dateModified":"2024-04-26T12:02:07+00:00","mainEntityOfPage":{"@id":"https:\/\/www.kunstmuseum.de\/en\/2024\/04\/wir-sind-nominiert-fuer-den-art-kuratoren-preis\/"},"wordCount":742,"publisher":{"@id":"https:\/\/www.kunstmuseum.de\/en\/#organization"},"keywords":["ART-Kuratorenpreis"],"articleSection":["Unkategorisiert"],"inLanguage":"en-US"},{"@type":"Person","@id":"https:\/\/www.kunstmuseum.de\/en\/#\/schema\/person\/33ce7ce14546b222bfd6a357a22cd681","name":"Kaye Lomas","image":{"@type":"ImageObject","inLanguage":"en-US","@id":"https:\/\/www.kunstmuseum.de\/en\/#\/schema\/person\/image\/","url":"https:\/\/secure.gravatar.com\/avatar\/a04b8c1d583166ba071debc422468dac?s=96&d=mm&r=g","contentUrl":"https:\/\/secure.gravatar.com\/avatar\/a04b8c1d583166ba071debc422468dac?s=96&d=mm&r=g","caption":"Kaye Lomas"}}]}},"_links":{"self":[{"href":"https:\/\/www.kunstmuseum.de\/en\/wp-json\/wp\/v2\/posts\/25293"}],"collection":[{"href":"https:\/\/www.kunstmuseum.de\/en\/wp-json\/wp\/v2\/posts"}],"about":[{"href":"https:\/\/www.kunstmuseum.de\/en\/wp-json\/wp\/v2\/types\/post"}],"author":[{"embeddable":true,"href":"https:\/\/www.kunstmuseum.de\/en\/wp-json\/wp\/v2\/users\/1499"}],"replies":[{"embeddable":true,"href":"https:\/\/www.kunstmuseum.de\/en\/wp-json\/wp\/v2\/comments?post=25293"}],"version-history":[{"count":13,"href":"https:\/\/www.kunstmuseum.de\/en\/wp-json\/wp\/v2\/posts\/25293\/revisions"}],"predecessor-version":[{"id":25449,"href":"https:\/\/www.kunstmuseum.de\/en\/wp-json\/wp\/v2\/posts\/25293\/revisions\/25449"}],"wp:featuredmedia":[{"embeddable":true,"href":"https:\/\/www.kunstmuseum.de\/en\/wp-json\/wp\/v2\/media\/25350"}],"wp:attachment":[{"href":"https:\/\/www.kunstmuseum.de\/en\/wp-json\/wp\/v2\/media?parent=25293"}],"wp:term":[{"taxonomy":"category","embeddable":true,"href":"https:\/\/www.kunstmuseum.de\/en\/wp-json\/wp\/v2\/categories?post=25293"},{"taxonomy":"post_tag","embeddable":true,"href":"https:\/\/www.kunstmuseum.de\/en\/wp-json\/wp\/v2\/tags?post=25293"}],"curies":[{"name":"wp","href":"https:\/\/api.w.org\/{rel}","templated":true}]}}