{"id":25790,"date":"2024-05-16T09:35:32","date_gmt":"2024-05-16T07:35:32","guid":{"rendered":"https:\/\/www.kunstmuseum.de\/?p=25790"},"modified":"2024-06-05T10:40:51","modified_gmt":"2024-06-05T08:40:51","slug":"volkswagen-group-art4all-im-mai-wie-kommen-kunstwerke-in-die-sammlung","status":"publish","type":"post","link":"https:\/\/www.kunstmuseum.de\/en\/2024\/05\/volkswagen-group-art4all-im-mai-wie-kommen-kunstwerke-in-die-sammlung\/","title":{"rendered":"Volkswagen Group Art4All im Mai: Wie kommen Kunstwerke in die Sammlung?"},"content":{"rendered":"\n<p>Am letzten Mittwoch im Mai ging das Kunst\u00admu\u00adseum Wolfsburg bei Volks\u00adwagen Group Art4All der Frage nach, wie Kunst\u00adwerke eigent\u00adlich in eine Sammlung gelangen. Sammlungs\u00adleiter Holger Broeker sprach in einem Talk um 18 Uhr auf der Asta-Galerie mit Marta Gnyp und Giovanni Spring\u00admeier sowie Christof Beutgen \u00fcber ihre Motive des Sammelns und des Schenkens.&nbsp;<\/p>\n\n\n\n<div class=\"wp-block-columns\">\n<div class=\"wp-block-column\">\n<figure class=\"wp-block-image size-large is-resized\"><img loading=\"lazy\" src=\"https:\/\/www.kunstmuseum.de\/wp-content\/uploads\/2024\/05\/240529KMW_by_Kruszewski_0445-1024x683.jpg\" alt class=\"wp-image-26522\" width=\"385\" height=\"256\" srcset=\"https:\/\/www.kunstmuseum.de\/wp-content\/uploads\/2024\/05\/240529KMW_by_Kruszewski_0445-1024x683.jpg 1024w, https:\/\/www.kunstmuseum.de\/wp-content\/uploads\/2024\/05\/240529KMW_by_Kruszewski_0445-300x200.jpg 300w, https:\/\/www.kunstmuseum.de\/wp-content\/uploads\/2024\/05\/240529KMW_by_Kruszewski_0445-768x512.jpg 768w, https:\/\/www.kunstmuseum.de\/wp-content\/uploads\/2024\/05\/240529KMW_by_Kruszewski_0445-1536x1025.jpg 1536w, https:\/\/www.kunstmuseum.de\/wp-content\/uploads\/2024\/05\/240529KMW_by_Kruszewski_0445-2048x1366.jpg 2048w, https:\/\/www.kunstmuseum.de\/wp-content\/uploads\/2024\/05\/240529KMW_by_Kruszewski_0445-900x600.jpg 900w, https:\/\/www.kunstmuseum.de\/wp-content\/uploads\/2024\/05\/240529KMW_by_Kruszewski_0445-100x67.jpg 100w\" sizes=\"(max-width: 385px) 100vw, 385px\"><figcaption>Christof Beutgen: \u201cDie Kunst, die wir kaufen, bzw. die Menschen dahinter, die wollen wir auch kennenlernen.\u201d<\/figcaption><\/figure>\n<\/div>\n\n\n\n<div class=\"wp-block-column\">\n<figure class=\"wp-block-image size-large\"><img loading=\"lazy\" width=\"1024\" height=\"683\" src=\"https:\/\/www.kunstmuseum.de\/wp-content\/uploads\/2024\/05\/240529KMW_by_Kruszewski_0373-1024x683.jpg\" alt class=\"wp-image-26514\" srcset=\"https:\/\/www.kunstmuseum.de\/wp-content\/uploads\/2024\/05\/240529KMW_by_Kruszewski_0373-1024x683.jpg 1024w, https:\/\/www.kunstmuseum.de\/wp-content\/uploads\/2024\/05\/240529KMW_by_Kruszewski_0373-300x200.jpg 300w, https:\/\/www.kunstmuseum.de\/wp-content\/uploads\/2024\/05\/240529KMW_by_Kruszewski_0373-768x512.jpg 768w, https:\/\/www.kunstmuseum.de\/wp-content\/uploads\/2024\/05\/240529KMW_by_Kruszewski_0373-1536x1025.jpg 1536w, https:\/\/www.kunstmuseum.de\/wp-content\/uploads\/2024\/05\/240529KMW_by_Kruszewski_0373-2048x1366.jpg 2048w, https:\/\/www.kunstmuseum.de\/wp-content\/uploads\/2024\/05\/240529KMW_by_Kruszewski_0373-900x600.jpg 900w, https:\/\/www.kunstmuseum.de\/wp-content\/uploads\/2024\/05\/240529KMW_by_Kruszewski_0373-100x67.jpg 100w\" sizes=\"(max-width: 1024px) 100vw, 1024px\"><figcaption>Giovanni Spring\u00admeier: \u201cMuseen sind f\u00fcr K\u00fcnstler*innen unheim\u00adlich wichtig. Wenn etwas in einem Museum zu sehen ist, dann hat es auch eine Bedeutung.\u201d<\/figcaption><\/figure>\n<\/div>\n\n\n\n<div class=\"wp-block-column\">\n<figure class=\"wp-block-image size-large\"><img loading=\"lazy\" width=\"1024\" height=\"683\" src=\"https:\/\/www.kunstmuseum.de\/wp-content\/uploads\/2024\/05\/240529KMW_by_Kruszewski_0351-1024x683.jpg\" alt class=\"wp-image-26512\" srcset=\"https:\/\/www.kunstmuseum.de\/wp-content\/uploads\/2024\/05\/240529KMW_by_Kruszewski_0351-1024x683.jpg 1024w, https:\/\/www.kunstmuseum.de\/wp-content\/uploads\/2024\/05\/240529KMW_by_Kruszewski_0351-300x200.jpg 300w, https:\/\/www.kunstmuseum.de\/wp-content\/uploads\/2024\/05\/240529KMW_by_Kruszewski_0351-768x512.jpg 768w, https:\/\/www.kunstmuseum.de\/wp-content\/uploads\/2024\/05\/240529KMW_by_Kruszewski_0351-1536x1025.jpg 1536w, https:\/\/www.kunstmuseum.de\/wp-content\/uploads\/2024\/05\/240529KMW_by_Kruszewski_0351-2048x1366.jpg 2048w, https:\/\/www.kunstmuseum.de\/wp-content\/uploads\/2024\/05\/240529KMW_by_Kruszewski_0351-900x600.jpg 900w, https:\/\/www.kunstmuseum.de\/wp-content\/uploads\/2024\/05\/240529KMW_by_Kruszewski_0351-100x67.jpg 100w\" sizes=\"(max-width: 1024px) 100vw, 1024px\"><\/figure>\n<\/div>\n<\/div>\n\n\n\n<div class=\"wp-block-columns\">\n<div class=\"wp-block-column\">\n<figure class=\"wp-block-image size-large\"><img loading=\"lazy\" width=\"683\" height=\"1024\" src=\"https:\/\/www.kunstmuseum.de\/wp-content\/uploads\/2024\/05\/240529KMW_by_Kruszewski_0518-683x1024.jpg\" alt class=\"wp-image-26528\" srcset=\"https:\/\/www.kunstmuseum.de\/wp-content\/uploads\/2024\/05\/240529KMW_by_Kruszewski_0518-683x1024.jpg 683w, https:\/\/www.kunstmuseum.de\/wp-content\/uploads\/2024\/05\/240529KMW_by_Kruszewski_0518-200x300.jpg 200w, https:\/\/www.kunstmuseum.de\/wp-content\/uploads\/2024\/05\/240529KMW_by_Kruszewski_0518-768x1151.jpg 768w, https:\/\/www.kunstmuseum.de\/wp-content\/uploads\/2024\/05\/240529KMW_by_Kruszewski_0518-1025x1536.jpg 1025w, https:\/\/www.kunstmuseum.de\/wp-content\/uploads\/2024\/05\/240529KMW_by_Kruszewski_0518-1366x2048.jpg 1366w, https:\/\/www.kunstmuseum.de\/wp-content\/uploads\/2024\/05\/240529KMW_by_Kruszewski_0518-400x600.jpg 400w, https:\/\/www.kunstmuseum.de\/wp-content\/uploads\/2024\/05\/240529KMW_by_Kruszewski_0518-100x150.jpg 100w, https:\/\/www.kunstmuseum.de\/wp-content\/uploads\/2024\/05\/240529KMW_by_Kruszewski_0518-300x450.jpg 300w, https:\/\/www.kunstmuseum.de\/wp-content\/uploads\/2024\/05\/240529KMW_by_Kruszewski_0518-scaled.jpg 1708w\" sizes=\"(max-width: 683px) 100vw, 683px\"><figcaption>Christof Beutgen: \u201cWir haben dem Kunst\u00admu\u00adseum Wolfsburg auch Werke geschenkt, weil wir die K\u00fcnstler unter\u00adst\u00fctzen wollen. Wir wollten, dass die K\u00fcnstler gesehen werden.\u201d<\/figcaption><\/figure>\n<\/div>\n\n\n\n<div class=\"wp-block-column\">\n<figure class=\"wp-block-image size-large\"><img loading=\"lazy\" width=\"683\" height=\"1024\" src=\"https:\/\/www.kunstmuseum.de\/wp-content\/uploads\/2024\/05\/240529KMW_by_Kruszewski_0436-683x1024.jpg\" alt class=\"wp-image-26518\" srcset=\"https:\/\/www.kunstmuseum.de\/wp-content\/uploads\/2024\/05\/240529KMW_by_Kruszewski_0436-683x1024.jpg 683w, https:\/\/www.kunstmuseum.de\/wp-content\/uploads\/2024\/05\/240529KMW_by_Kruszewski_0436-200x300.jpg 200w, https:\/\/www.kunstmuseum.de\/wp-content\/uploads\/2024\/05\/240529KMW_by_Kruszewski_0436-768x1151.jpg 768w, https:\/\/www.kunstmuseum.de\/wp-content\/uploads\/2024\/05\/240529KMW_by_Kruszewski_0436-1025x1536.jpg 1025w, https:\/\/www.kunstmuseum.de\/wp-content\/uploads\/2024\/05\/240529KMW_by_Kruszewski_0436-1366x2048.jpg 1366w, https:\/\/www.kunstmuseum.de\/wp-content\/uploads\/2024\/05\/240529KMW_by_Kruszewski_0436-400x600.jpg 400w, https:\/\/www.kunstmuseum.de\/wp-content\/uploads\/2024\/05\/240529KMW_by_Kruszewski_0436-100x150.jpg 100w, https:\/\/www.kunstmuseum.de\/wp-content\/uploads\/2024\/05\/240529KMW_by_Kruszewski_0436-300x450.jpg 300w, https:\/\/www.kunstmuseum.de\/wp-content\/uploads\/2024\/05\/240529KMW_by_Kruszewski_0436-scaled.jpg 1708w\" sizes=\"(max-width: 683px) 100vw, 683px\"><figcaption>Marta Gnyp: \u201cMit Kunst zu leben ist auch eine Entde\u00adckungs\u00adreise zu sich selbst. Sammeln ist etwas sehr Pers\u00f6nliches.\u201d<\/figcaption><\/figure>\n<\/div>\n<\/div>\n\n\n\n<div class=\"wp-block-columns\">\n<div class=\"wp-block-column\">\n<figure class=\"wp-block-image size-large\"><img loading=\"lazy\" width=\"683\" height=\"1024\" src=\"https:\/\/www.kunstmuseum.de\/wp-content\/uploads\/2024\/05\/240529KMW_by_Kruszewski_0289-683x1024.jpg\" alt class=\"wp-image-26504\" srcset=\"https:\/\/www.kunstmuseum.de\/wp-content\/uploads\/2024\/05\/240529KMW_by_Kruszewski_0289-683x1024.jpg 683w, https:\/\/www.kunstmuseum.de\/wp-content\/uploads\/2024\/05\/240529KMW_by_Kruszewski_0289-200x300.jpg 200w, https:\/\/www.kunstmuseum.de\/wp-content\/uploads\/2024\/05\/240529KMW_by_Kruszewski_0289-768x1151.jpg 768w, https:\/\/www.kunstmuseum.de\/wp-content\/uploads\/2024\/05\/240529KMW_by_Kruszewski_0289-1025x1536.jpg 1025w, https:\/\/www.kunstmuseum.de\/wp-content\/uploads\/2024\/05\/240529KMW_by_Kruszewski_0289-1366x2048.jpg 1366w, https:\/\/www.kunstmuseum.de\/wp-content\/uploads\/2024\/05\/240529KMW_by_Kruszewski_0289-400x600.jpg 400w, https:\/\/www.kunstmuseum.de\/wp-content\/uploads\/2024\/05\/240529KMW_by_Kruszewski_0289-100x150.jpg 100w, https:\/\/www.kunstmuseum.de\/wp-content\/uploads\/2024\/05\/240529KMW_by_Kruszewski_0289-300x450.jpg 300w, https:\/\/www.kunstmuseum.de\/wp-content\/uploads\/2024\/05\/240529KMW_by_Kruszewski_0289-scaled.jpg 1708w\" sizes=\"(max-width: 683px) 100vw, 683px\"><\/figure>\n<\/div>\n\n\n\n<div class=\"wp-block-column\">\n<figure class=\"wp-block-image size-large\"><img loading=\"lazy\" width=\"683\" height=\"1024\" src=\"https:\/\/www.kunstmuseum.de\/wp-content\/uploads\/2024\/05\/240529KMW_by_Kruszewski_0191-683x1024.jpg\" alt class=\"wp-image-26486\" srcset=\"https:\/\/www.kunstmuseum.de\/wp-content\/uploads\/2024\/05\/240529KMW_by_Kruszewski_0191-683x1024.jpg 683w, https:\/\/www.kunstmuseum.de\/wp-content\/uploads\/2024\/05\/240529KMW_by_Kruszewski_0191-200x300.jpg 200w, https:\/\/www.kunstmuseum.de\/wp-content\/uploads\/2024\/05\/240529KMW_by_Kruszewski_0191-768x1151.jpg 768w, https:\/\/www.kunstmuseum.de\/wp-content\/uploads\/2024\/05\/240529KMW_by_Kruszewski_0191-1025x1536.jpg 1025w, https:\/\/www.kunstmuseum.de\/wp-content\/uploads\/2024\/05\/240529KMW_by_Kruszewski_0191-1366x2048.jpg 1366w, https:\/\/www.kunstmuseum.de\/wp-content\/uploads\/2024\/05\/240529KMW_by_Kruszewski_0191-400x600.jpg 400w, https:\/\/www.kunstmuseum.de\/wp-content\/uploads\/2024\/05\/240529KMW_by_Kruszewski_0191-100x150.jpg 100w, https:\/\/www.kunstmuseum.de\/wp-content\/uploads\/2024\/05\/240529KMW_by_Kruszewski_0191-300x450.jpg 300w, https:\/\/www.kunstmuseum.de\/wp-content\/uploads\/2024\/05\/240529KMW_by_Kruszewski_0191-scaled.jpg 1708w\" sizes=\"(max-width: 683px) 100vw, 683px\"><\/figure>\n<\/div>\n\n\n\n<div class=\"wp-block-column\">\n<figure class=\"wp-block-image size-large\"><img loading=\"lazy\" width=\"683\" height=\"1024\" src=\"https:\/\/www.kunstmuseum.de\/wp-content\/uploads\/2024\/05\/240529KMW_by_Kruszewski_0284-683x1024.jpg\" alt class=\"wp-image-26502\" srcset=\"https:\/\/www.kunstmuseum.de\/wp-content\/uploads\/2024\/05\/240529KMW_by_Kruszewski_0284-683x1024.jpg 683w, https:\/\/www.kunstmuseum.de\/wp-content\/uploads\/2024\/05\/240529KMW_by_Kruszewski_0284-200x300.jpg 200w, https:\/\/www.kunstmuseum.de\/wp-content\/uploads\/2024\/05\/240529KMW_by_Kruszewski_0284-768x1151.jpg 768w, https:\/\/www.kunstmuseum.de\/wp-content\/uploads\/2024\/05\/240529KMW_by_Kruszewski_0284-1025x1536.jpg 1025w, https:\/\/www.kunstmuseum.de\/wp-content\/uploads\/2024\/05\/240529KMW_by_Kruszewski_0284-1366x2048.jpg 1366w, https:\/\/www.kunstmuseum.de\/wp-content\/uploads\/2024\/05\/240529KMW_by_Kruszewski_0284-400x600.jpg 400w, https:\/\/www.kunstmuseum.de\/wp-content\/uploads\/2024\/05\/240529KMW_by_Kruszewski_0284-100x150.jpg 100w, https:\/\/www.kunstmuseum.de\/wp-content\/uploads\/2024\/05\/240529KMW_by_Kruszewski_0284-300x450.jpg 300w, https:\/\/www.kunstmuseum.de\/wp-content\/uploads\/2024\/05\/240529KMW_by_Kruszewski_0284-scaled.jpg 1708w\" sizes=\"(max-width: 683px) 100vw, 683px\"><\/figure>\n<\/div>\n<\/div>\n\n\n\n<div class=\"wp-block-columns\">\n<div class=\"wp-block-column\">\n<figure class=\"wp-block-image size-large\"><img loading=\"lazy\" width=\"683\" height=\"1024\" src=\"https:\/\/www.kunstmuseum.de\/wp-content\/uploads\/2024\/05\/240529KMW_by_Kruszewski_0005-683x1024.jpg\" alt class=\"wp-image-26470\" srcset=\"https:\/\/www.kunstmuseum.de\/wp-content\/uploads\/2024\/05\/240529KMW_by_Kruszewski_0005-683x1024.jpg 683w, https:\/\/www.kunstmuseum.de\/wp-content\/uploads\/2024\/05\/240529KMW_by_Kruszewski_0005-200x300.jpg 200w, https:\/\/www.kunstmuseum.de\/wp-content\/uploads\/2024\/05\/240529KMW_by_Kruszewski_0005-768x1151.jpg 768w, https:\/\/www.kunstmuseum.de\/wp-content\/uploads\/2024\/05\/240529KMW_by_Kruszewski_0005-1025x1536.jpg 1025w, https:\/\/www.kunstmuseum.de\/wp-content\/uploads\/2024\/05\/240529KMW_by_Kruszewski_0005-1366x2048.jpg 1366w, https:\/\/www.kunstmuseum.de\/wp-content\/uploads\/2024\/05\/240529KMW_by_Kruszewski_0005-400x600.jpg 400w, https:\/\/www.kunstmuseum.de\/wp-content\/uploads\/2024\/05\/240529KMW_by_Kruszewski_0005-100x150.jpg 100w, https:\/\/www.kunstmuseum.de\/wp-content\/uploads\/2024\/05\/240529KMW_by_Kruszewski_0005-300x450.jpg 300w, https:\/\/www.kunstmuseum.de\/wp-content\/uploads\/2024\/05\/240529KMW_by_Kruszewski_0005-scaled.jpg 1708w\" sizes=\"(max-width: 683px) 100vw, 683px\"><\/figure>\n<\/div>\n\n\n\n<div class=\"wp-block-column\">\n<figure class=\"wp-block-image size-large\"><img loading=\"lazy\" width=\"683\" height=\"1024\" src=\"https:\/\/www.kunstmuseum.de\/wp-content\/uploads\/2024\/05\/240529KMW_by_Kruszewski_0111-683x1024.jpg\" alt class=\"wp-image-26478\" srcset=\"https:\/\/www.kunstmuseum.de\/wp-content\/uploads\/2024\/05\/240529KMW_by_Kruszewski_0111-683x1024.jpg 683w, https:\/\/www.kunstmuseum.de\/wp-content\/uploads\/2024\/05\/240529KMW_by_Kruszewski_0111-200x300.jpg 200w, https:\/\/www.kunstmuseum.de\/wp-content\/uploads\/2024\/05\/240529KMW_by_Kruszewski_0111-768x1151.jpg 768w, https:\/\/www.kunstmuseum.de\/wp-content\/uploads\/2024\/05\/240529KMW_by_Kruszewski_0111-1025x1536.jpg 1025w, https:\/\/www.kunstmuseum.de\/wp-content\/uploads\/2024\/05\/240529KMW_by_Kruszewski_0111-1366x2048.jpg 1366w, https:\/\/www.kunstmuseum.de\/wp-content\/uploads\/2024\/05\/240529KMW_by_Kruszewski_0111-400x600.jpg 400w, https:\/\/www.kunstmuseum.de\/wp-content\/uploads\/2024\/05\/240529KMW_by_Kruszewski_0111-100x150.jpg 100w, https:\/\/www.kunstmuseum.de\/wp-content\/uploads\/2024\/05\/240529KMW_by_Kruszewski_0111-300x450.jpg 300w, https:\/\/www.kunstmuseum.de\/wp-content\/uploads\/2024\/05\/240529KMW_by_Kruszewski_0111-scaled.jpg 1708w\" sizes=\"(max-width: 683px) 100vw, 683px\"><\/figure>\n<\/div>\n\n\n\n<div class=\"wp-block-column\">\n<figure class=\"wp-block-image size-large\"><img loading=\"lazy\" width=\"683\" height=\"1024\" src=\"https:\/\/www.kunstmuseum.de\/wp-content\/uploads\/2024\/05\/240529KMW_by_Kruszewski_0146-683x1024.jpg\" alt class=\"wp-image-26482\" srcset=\"https:\/\/www.kunstmuseum.de\/wp-content\/uploads\/2024\/05\/240529KMW_by_Kruszewski_0146-683x1024.jpg 683w, https:\/\/www.kunstmuseum.de\/wp-content\/uploads\/2024\/05\/240529KMW_by_Kruszewski_0146-200x300.jpg 200w, https:\/\/www.kunstmuseum.de\/wp-content\/uploads\/2024\/05\/240529KMW_by_Kruszewski_0146-768x1151.jpg 768w, https:\/\/www.kunstmuseum.de\/wp-content\/uploads\/2024\/05\/240529KMW_by_Kruszewski_0146-1025x1536.jpg 1025w, https:\/\/www.kunstmuseum.de\/wp-content\/uploads\/2024\/05\/240529KMW_by_Kruszewski_0146-1366x2048.jpg 1366w, https:\/\/www.kunstmuseum.de\/wp-content\/uploads\/2024\/05\/240529KMW_by_Kruszewski_0146-400x600.jpg 400w, https:\/\/www.kunstmuseum.de\/wp-content\/uploads\/2024\/05\/240529KMW_by_Kruszewski_0146-100x150.jpg 100w, https:\/\/www.kunstmuseum.de\/wp-content\/uploads\/2024\/05\/240529KMW_by_Kruszewski_0146-300x450.jpg 300w, https:\/\/www.kunstmuseum.de\/wp-content\/uploads\/2024\/05\/240529KMW_by_Kruszewski_0146-scaled.jpg 1708w\" sizes=\"(max-width: 683px) 100vw, 683px\"><\/figure>\n<\/div>\n<\/div>\n\n\n\n<div class=\"wp-block-columns\">\n<div class=\"wp-block-column\">\n<figure class=\"wp-block-image size-large\"><img loading=\"lazy\" width=\"683\" height=\"1024\" src=\"https:\/\/www.kunstmuseum.de\/wp-content\/uploads\/2024\/05\/240529KMW_by_Kruszewski_0268-683x1024.jpg\" alt class=\"wp-image-26500\" srcset=\"https:\/\/www.kunstmuseum.de\/wp-content\/uploads\/2024\/05\/240529KMW_by_Kruszewski_0268-683x1024.jpg 683w, https:\/\/www.kunstmuseum.de\/wp-content\/uploads\/2024\/05\/240529KMW_by_Kruszewski_0268-200x300.jpg 200w, https:\/\/www.kunstmuseum.de\/wp-content\/uploads\/2024\/05\/240529KMW_by_Kruszewski_0268-768x1151.jpg 768w, https:\/\/www.kunstmuseum.de\/wp-content\/uploads\/2024\/05\/240529KMW_by_Kruszewski_0268-1025x1536.jpg 1025w, https:\/\/www.kunstmuseum.de\/wp-content\/uploads\/2024\/05\/240529KMW_by_Kruszewski_0268-1366x2048.jpg 1366w, https:\/\/www.kunstmuseum.de\/wp-content\/uploads\/2024\/05\/240529KMW_by_Kruszewski_0268-400x600.jpg 400w, https:\/\/www.kunstmuseum.de\/wp-content\/uploads\/2024\/05\/240529KMW_by_Kruszewski_0268-100x150.jpg 100w, https:\/\/www.kunstmuseum.de\/wp-content\/uploads\/2024\/05\/240529KMW_by_Kruszewski_0268-300x450.jpg 300w, https:\/\/www.kunstmuseum.de\/wp-content\/uploads\/2024\/05\/240529KMW_by_Kruszewski_0268-scaled.jpg 1708w\" sizes=\"(max-width: 683px) 100vw, 683px\"><\/figure>\n<\/div>\n\n\n\n<div class=\"wp-block-column\">\n<figure class=\"wp-block-image size-large\"><img loading=\"lazy\" width=\"683\" height=\"1024\" src=\"https:\/\/www.kunstmuseum.de\/wp-content\/uploads\/2024\/05\/240529KMW_by_Kruszewski_0258-683x1024.jpg\" alt class=\"wp-image-26498\" srcset=\"https:\/\/www.kunstmuseum.de\/wp-content\/uploads\/2024\/05\/240529KMW_by_Kruszewski_0258-683x1024.jpg 683w, https:\/\/www.kunstmuseum.de\/wp-content\/uploads\/2024\/05\/240529KMW_by_Kruszewski_0258-200x300.jpg 200w, https:\/\/www.kunstmuseum.de\/wp-content\/uploads\/2024\/05\/240529KMW_by_Kruszewski_0258-768x1151.jpg 768w, https:\/\/www.kunstmuseum.de\/wp-content\/uploads\/2024\/05\/240529KMW_by_Kruszewski_0258-1025x1536.jpg 1025w, https:\/\/www.kunstmuseum.de\/wp-content\/uploads\/2024\/05\/240529KMW_by_Kruszewski_0258-1366x2048.jpg 1366w, https:\/\/www.kunstmuseum.de\/wp-content\/uploads\/2024\/05\/240529KMW_by_Kruszewski_0258-400x600.jpg 400w, https:\/\/www.kunstmuseum.de\/wp-content\/uploads\/2024\/05\/240529KMW_by_Kruszewski_0258-100x150.jpg 100w, https:\/\/www.kunstmuseum.de\/wp-content\/uploads\/2024\/05\/240529KMW_by_Kruszewski_0258-300x450.jpg 300w, https:\/\/www.kunstmuseum.de\/wp-content\/uploads\/2024\/05\/240529KMW_by_Kruszewski_0258-scaled.jpg 1708w\" sizes=\"(max-width: 683px) 100vw, 683px\"><\/figure>\n<\/div>\n\n\n\n<div class=\"wp-block-column\">\n<figure class=\"wp-block-image size-large\"><img loading=\"lazy\" width=\"683\" height=\"1024\" src=\"https:\/\/www.kunstmuseum.de\/wp-content\/uploads\/2024\/05\/240529KMW_by_Kruszewski_0252-683x1024.jpg\" alt class=\"wp-image-26496\" srcset=\"https:\/\/www.kunstmuseum.de\/wp-content\/uploads\/2024\/05\/240529KMW_by_Kruszewski_0252-683x1024.jpg 683w, https:\/\/www.kunstmuseum.de\/wp-content\/uploads\/2024\/05\/240529KMW_by_Kruszewski_0252-200x300.jpg 200w, https:\/\/www.kunstmuseum.de\/wp-content\/uploads\/2024\/05\/240529KMW_by_Kruszewski_0252-768x1151.jpg 768w, https:\/\/www.kunstmuseum.de\/wp-content\/uploads\/2024\/05\/240529KMW_by_Kruszewski_0252-1025x1536.jpg 1025w, https:\/\/www.kunstmuseum.de\/wp-content\/uploads\/2024\/05\/240529KMW_by_Kruszewski_0252-1366x2048.jpg 1366w, https:\/\/www.kunstmuseum.de\/wp-content\/uploads\/2024\/05\/240529KMW_by_Kruszewski_0252-400x600.jpg 400w, https:\/\/www.kunstmuseum.de\/wp-content\/uploads\/2024\/05\/240529KMW_by_Kruszewski_0252-100x150.jpg 100w, https:\/\/www.kunstmuseum.de\/wp-content\/uploads\/2024\/05\/240529KMW_by_Kruszewski_0252-300x450.jpg 300w, https:\/\/www.kunstmuseum.de\/wp-content\/uploads\/2024\/05\/240529KMW_by_Kruszewski_0252-scaled.jpg 1708w\" sizes=\"(max-width: 683px) 100vw, 683px\"><\/figure>\n<\/div>\n<\/div>\n\n\n\n<p>Um 16, 17 und 19.30 Uhr gibt es F\u00fchrungen durch die frisch er\u00f6ffnete Jubil\u00e4\u00adums\u00adaus\u00adstel\u00adlung <em>Welten in Bewegung. 30 Jahre Kunst\u00admu\u00adseum Wolfsburg<\/em>. Die Ausstel\u00adlung pr\u00e4sen\u00adtiert Highlights aus der hochka\u00adr\u00e4\u00adtigen Sammlung des Hauses und zeigt zudem auch erstmals zahlreiche neue Schen\u00adkungen. Au\u00dferdem wurden besondere \u201eG\u00e4ste\u201c einge\u00adladen: F\u00fcnfzehn histo\u00adri\u00adsche Werke aus dem Braun\u00adschweiger Herzog Anton Ulrich-Museum stellen wir zeitge\u00adn\u00f6s\u00adsi\u00adschen Gem\u00e4lden, Skulp\u00adturen sowie Instal\u00adla\u00adtionen inter\u00adna\u00adtional bekannter Positionen gegen\u00fcber, darunter Elizabeth Peyton, Jonathan Meese, Michel Majerus, Andreas Gursky, Gauri Gill, Bruce Nauman, Phyllida Barlow, Panama\u00adrenko u.v.m. \u2013 ein \u201eWho is Who\u201c der Gegenwartskunst!<\/p>\n\n\n\n<figure class=\"wp-block-image size-large\"><img loading=\"lazy\" width=\"1024\" height=\"683\" src=\"https:\/\/www.kunstmuseum.de\/wp-content\/uploads\/2024\/05\/240529KMW_by_Kruszewski_0193-1024x683.jpg\" alt class=\"wp-image-26488\" srcset=\"https:\/\/www.kunstmuseum.de\/wp-content\/uploads\/2024\/05\/240529KMW_by_Kruszewski_0193-1024x683.jpg 1024w, https:\/\/www.kunstmuseum.de\/wp-content\/uploads\/2024\/05\/240529KMW_by_Kruszewski_0193-300x200.jpg 300w, https:\/\/www.kunstmuseum.de\/wp-content\/uploads\/2024\/05\/240529KMW_by_Kruszewski_0193-768x512.jpg 768w, https:\/\/www.kunstmuseum.de\/wp-content\/uploads\/2024\/05\/240529KMW_by_Kruszewski_0193-1536x1025.jpg 1536w, https:\/\/www.kunstmuseum.de\/wp-content\/uploads\/2024\/05\/240529KMW_by_Kruszewski_0193-2048x1366.jpg 2048w, https:\/\/www.kunstmuseum.de\/wp-content\/uploads\/2024\/05\/240529KMW_by_Kruszewski_0193-900x600.jpg 900w, https:\/\/www.kunstmuseum.de\/wp-content\/uploads\/2024\/05\/240529KMW_by_Kruszewski_0193-100x67.jpg 100w\" sizes=\"(max-width: 1024px) 100vw, 1024px\"><\/figure>\n\n\n\n<p>F\u00fcr die kleinen Besucher*innen gibt es um 16.30 Uhr eine Kinder\u00adf\u00fch\u00adrung. Im Kreativ-Atelier zwischen 16 und 18 Uhr ist das Flugzeug des K\u00fcnstlers Panama\u00adrenko Anlass f\u00fcr das Erschaffen fanta\u00adsie\u00advoller Flugob\u00adjekte, ob gezeichnet oder gebaut.<\/p>\n\n\n\n<p><strong>Der Eintritt ist frei.<\/strong><br>Eine Voranmel\u00addung ist nicht notwendig.<br>Wir freuen uns auf Ihren Besuch!<\/p>\n\n\n\n<p>Das Kunst\u00admu\u00adseum Wolfsburg ist ein offener, vitaler und dynami\u00adscher Ort, der Kunst und Kultur f\u00fcr alle vereint. Mit dem monat\u00adli\u00adchen Format Volks\u00adwagen Group Art4All m\u00f6chten wir mehr Menschen den Zugang zur Kunst er\u00f6ffnen.<\/p>\n\n\n\n<p class=\"has-small-font-size\">Fotos: Marek Kruszewski<\/p>\n","protected":false},"excerpt":{"rendered":"<p>Am letzten Mittwoch im Mai ging das Kunst\u00admu\u00adseum Wolfsburg bei Volks\u00adwagen Group Art4All der Frage nach, wie Kunst\u00adwerke eigent\u00adlich in eine Sammlung gelangen. Sammlungs\u00adleiter Holger Broeker sprach in einem Talk um 18 Uhr auf der Asta-Galerie mit Marta Gnyp und Giovanni Spring\u00admeier sowie Christof Beutgen \u00fcber ihre Motive des Sammelns und des Schenkens.&nbsp; Um 16,&nbsp;[\u2026]<\/p>\n","protected":false},"author":1499,"featured_media":26510,"comment_status":"closed","ping_status":"closed","sticky":false,"template":"","format":"standard","meta":{"wp_typography_post_enhancements_disabled":false,"kunstmuseum_formatted_page_title":""},"categories":[1],"tags":[581],"yoast_head":"<!-- This site is optimized with the Yoast SEO plugin v19.4 - https:\/\/yoast.com\/wordpress\/plugins\/seo\/ -->\n<title>Volkswagen Group Art4All im Mai: Wie kommen Kunstwerke in die Sammlung? - Kunstmuseum Wolfsburg<\/title>\n<meta name=\"robots\" content=\"index, follow, max-snippet:-1, max-image-preview:large, max-video-preview:-1\" \/>\n<link rel=\"canonical\" href=\"https:\/\/www.kunstmuseum.de\/en\/2024\/05\/volkswagen-group-art4all-im-mai-wie-kommen-kunstwerke-in-die-sammlung\/\" \/>\n<meta property=\"og:locale\" content=\"en_US\" \/>\n<meta property=\"og:type\" content=\"article\" \/>\n<meta property=\"og:title\" content=\"Volkswagen Group Art4All im Mai: Wie kommen Kunstwerke in die Sammlung? - Kunstmuseum Wolfsburg\" \/>\n<meta property=\"og:description\" content=\"Am letzten Mittwoch im Mai ging das Kunst\u00admu\u00adseum Wolfsburg bei Volks\u00adwagen Group Art4All der Frage nach, wie Kunst\u00adwerke eigent\u00adlich in eine Sammlung gelangen. Sammlungs\u00adleiter Holger Broeker sprach in einem Talk um 18 Uhr auf der Asta-Galerie mit Marta Gnyp und Giovanni Spring\u00admeier sowie Christof Beutgen \u00fcber ihre Motive des Sammelns und des Schenkens.&nbsp; Um 16, [&hellip;]\" \/>\n<meta property=\"og:url\" content=\"https:\/\/www.kunstmuseum.de\/en\/2024\/05\/volkswagen-group-art4all-im-mai-wie-kommen-kunstwerke-in-die-sammlung\/\" \/>\n<meta property=\"og:site_name\" content=\"Kunstmuseum Wolfsburg\" \/>\n<meta property=\"article:publisher\" content=\"https:\/\/www.facebook.com\/KunstmuseumWolfsburg\" \/>\n<meta property=\"article:published_time\" content=\"2024-05-16T07:35:32+00:00\" \/>\n<meta property=\"article:modified_time\" content=\"2024-06-05T08:40:51+00:00\" \/>\n<meta property=\"og:image\" content=\"https:\/\/www.kunstmuseum.de\/wp-content\/uploads\/2024\/05\/240529KMW_by_Kruszewski_0348-scaled.jpg\" \/>\n\t<meta property=\"og:image:width\" content=\"2560\" \/>\n\t<meta property=\"og:image:height\" content=\"1708\" \/>\n\t<meta property=\"og:image:type\" content=\"image\/jpeg\" \/>\n<meta name=\"author\" content=\"Kaye Lomas\" \/>\n<meta name=\"twitter:card\" content=\"summary_large_image\" \/>\n<meta name=\"twitter:creator\" content=\"@kunstmuseumwob\" \/>\n<meta name=\"twitter:site\" content=\"@kunstmuseumwob\" \/>\n<meta name=\"twitter:label1\" content=\"Written by\" \/>\n\t<meta name=\"twitter:data1\" content=\"Kaye Lomas\" \/>\n\t<meta name=\"twitter:label2\" content=\"Est. reading time\" \/>\n\t<meta name=\"twitter:data2\" content=\"5 minutes\" \/>\n<script type=\"application\/ld+json\" class=\"yoast-schema-graph\">{\"@context\":\"https:\/\/schema.org\",\"@graph\":[{\"@type\":\"Organization\",\"@id\":\"https:\/\/www.kunstmuseum.de\/en\/#organization\",\"name\":\"Kunstmuseum Wolfsburg\",\"url\":\"https:\/\/www.kunstmuseum.de\/en\/\",\"sameAs\":[\"https:\/\/www.instagram.com\/kunstmuseumwolfsburg\/\",\"https:\/\/www.linkedin.com\/company\/kunstmuseum-wolfsburg\/\",\"https:\/\/www.youtube.com\/user\/KunstmuseumWolfsburg\",\"https:\/\/de.wikipedia.org\/wiki\/Kunstmuseum_Wolfsburg\",\"https:\/\/www.facebook.com\/KunstmuseumWolfsburg\",\"https:\/\/twitter.com\/kunstmuseumwob\"],\"logo\":{\"@type\":\"ImageObject\",\"inLanguage\":\"en-US\",\"@id\":\"https:\/\/www.kunstmuseum.de\/en\/#\/schema\/logo\/image\/\",\"url\":\"https:\/\/www.kunstmuseum.de\/wp-content\/uploads\/2020\/05\/191125_KMW_Wortmarke_RGB_schwarz.svg\",\"contentUrl\":\"https:\/\/www.kunstmuseum.de\/wp-content\/uploads\/2020\/05\/191125_KMW_Wortmarke_RGB_schwarz.svg\",\"caption\":\"Kunstmuseum Wolfsburg\"},\"image\":{\"@id\":\"https:\/\/www.kunstmuseum.de\/en\/#\/schema\/logo\/image\/\"}},{\"@type\":\"WebSite\",\"@id\":\"https:\/\/www.kunstmuseum.de\/en\/#website\",\"url\":\"https:\/\/www.kunstmuseum.de\/en\/\",\"name\":\"Kunstmuseum Wolfsburg\",\"description\":\"\",\"publisher\":{\"@id\":\"https:\/\/www.kunstmuseum.de\/en\/#organization\"},\"potentialAction\":[{\"@type\":\"SearchAction\",\"target\":{\"@type\":\"EntryPoint\",\"urlTemplate\":\"https:\/\/www.kunstmuseum.de\/en\/?s={search_term_string}\"},\"query-input\":\"required name=search_term_string\"}],\"inLanguage\":\"en-US\"},{\"@type\":\"WebPage\",\"@id\":\"https:\/\/www.kunstmuseum.de\/en\/2024\/05\/volkswagen-group-art4all-im-mai-wie-kommen-kunstwerke-in-die-sammlung\/\",\"url\":\"https:\/\/www.kunstmuseum.de\/en\/2024\/05\/volkswagen-group-art4all-im-mai-wie-kommen-kunstwerke-in-die-sammlung\/\",\"name\":\"Volkswagen Group Art4All im Mai: Wie kommen Kunstwerke in die Sammlung? - Kunstmuseum Wolfsburg\",\"isPartOf\":{\"@id\":\"https:\/\/www.kunstmuseum.de\/en\/#website\"},\"datePublished\":\"2024-05-16T07:35:32+00:00\",\"dateModified\":\"2024-06-05T08:40:51+00:00\",\"breadcrumb\":{\"@id\":\"https:\/\/www.kunstmuseum.de\/en\/2024\/05\/volkswagen-group-art4all-im-mai-wie-kommen-kunstwerke-in-die-sammlung\/#breadcrumb\"},\"inLanguage\":\"en-US\",\"potentialAction\":[{\"@type\":\"ReadAction\",\"target\":[\"https:\/\/www.kunstmuseum.de\/en\/2024\/05\/volkswagen-group-art4all-im-mai-wie-kommen-kunstwerke-in-die-sammlung\/\"]}]},{\"@type\":\"BreadcrumbList\",\"@id\":\"https:\/\/www.kunstmuseum.de\/en\/2024\/05\/volkswagen-group-art4all-im-mai-wie-kommen-kunstwerke-in-die-sammlung\/#breadcrumb\",\"itemListElement\":[{\"@type\":\"ListItem\",\"position\":1,\"name\":\"Startseite\",\"item\":\"https:\/\/www.kunstmuseum.de\/en\/\"},{\"@type\":\"ListItem\",\"position\":2,\"name\":\"Volkswagen Group Art4All im Mai: Wie kommen Kunstwerke in die Sammlung?\"}]},{\"@type\":\"Article\",\"@id\":\"https:\/\/www.kunstmuseum.de\/en\/2024\/05\/volkswagen-group-art4all-im-mai-wie-kommen-kunstwerke-in-die-sammlung\/#article\",\"isPartOf\":{\"@id\":\"https:\/\/www.kunstmuseum.de\/en\/2024\/05\/volkswagen-group-art4all-im-mai-wie-kommen-kunstwerke-in-die-sammlung\/\"},\"author\":{\"name\":\"Kaye Lomas\",\"@id\":\"https:\/\/www.kunstmuseum.de\/en\/#\/schema\/person\/33ce7ce14546b222bfd6a357a22cd681\"},\"headline\":\"Volkswagen Group Art4All im Mai: Wie kommen Kunstwerke in die Sammlung?\",\"datePublished\":\"2024-05-16T07:35:32+00:00\",\"dateModified\":\"2024-06-05T08:40:51+00:00\",\"mainEntityOfPage\":{\"@id\":\"https:\/\/www.kunstmuseum.de\/en\/2024\/05\/volkswagen-group-art4all-im-mai-wie-kommen-kunstwerke-in-die-sammlung\/\"},\"wordCount\":338,\"publisher\":{\"@id\":\"https:\/\/www.kunstmuseum.de\/en\/#organization\"},\"keywords\":[\"Volkswagen Group Art4All\"],\"articleSection\":[\"Unkategorisiert\"],\"inLanguage\":\"en-US\"},{\"@type\":\"Person\",\"@id\":\"https:\/\/www.kunstmuseum.de\/en\/#\/schema\/person\/33ce7ce14546b222bfd6a357a22cd681\",\"name\":\"Kaye Lomas\",\"image\":{\"@type\":\"ImageObject\",\"inLanguage\":\"en-US\",\"@id\":\"https:\/\/www.kunstmuseum.de\/en\/#\/schema\/person\/image\/\",\"url\":\"https:\/\/secure.gravatar.com\/avatar\/a04b8c1d583166ba071debc422468dac?s=96&d=mm&r=g\",\"contentUrl\":\"https:\/\/secure.gravatar.com\/avatar\/a04b8c1d583166ba071debc422468dac?s=96&d=mm&r=g\",\"caption\":\"Kaye Lomas\"}}]}<\/script>\n<!-- \/ Yoast SEO plugin. -->","yoast_head_json":{"title":"Volkswagen Group Art4All im Mai: Wie kommen Kunstwerke in die Sammlung? - Kunstmuseum Wolfsburg","robots":{"index":"index","follow":"follow","max-snippet":"max-snippet:-1","max-image-preview":"max-image-preview:large","max-video-preview":"max-video-preview:-1"},"canonical":"https:\/\/www.kunstmuseum.de\/en\/2024\/05\/volkswagen-group-art4all-im-mai-wie-kommen-kunstwerke-in-die-sammlung\/","og_locale":"en_US","og_type":"article","og_title":"Volkswagen Group Art4All im Mai: Wie kommen Kunstwerke in die Sammlung? - Kunstmuseum Wolfsburg","og_description":"Am letzten Mittwoch im Mai ging das Kunst\u00admu\u00adseum Wolfsburg bei Volks\u00adwagen Group Art4All der Frage nach, wie Kunst\u00adwerke eigent\u00adlich in eine Sammlung gelangen. Sammlungs\u00adleiter Holger Broeker sprach in einem Talk um 18 Uhr auf der Asta-Galerie mit Marta Gnyp und Giovanni Spring\u00admeier sowie Christof Beutgen \u00fcber ihre Motive des Sammelns und des Schenkens.&nbsp; Um 16, [&hellip;]","og_url":"https:\/\/www.kunstmuseum.de\/en\/2024\/05\/volkswagen-group-art4all-im-mai-wie-kommen-kunstwerke-in-die-sammlung\/","og_site_name":"Kunstmuseum Wolfsburg","article_publisher":"https:\/\/www.facebook.com\/KunstmuseumWolfsburg","article_published_time":"2024-05-16T07:35:32+00:00","article_modified_time":"2024-06-05T08:40:51+00:00","og_image":[{"width":2560,"height":1708,"url":"https:\/\/www.kunstmuseum.de\/wp-content\/uploads\/2024\/05\/240529KMW_by_Kruszewski_0348-scaled.jpg","type":"image\/jpeg"}],"author":"Kaye Lomas","twitter_card":"summary_large_image","twitter_creator":"@kunstmuseumwob","twitter_site":"@kunstmuseumwob","twitter_misc":{"Written by":"Kaye Lomas","Est. reading time":"5 minutes"},"schema":{"@context":"https:\/\/schema.org","@graph":[{"@type":"Organization","@id":"https:\/\/www.kunstmuseum.de\/en\/#organization","name":"Kunstmuseum Wolfsburg","url":"https:\/\/www.kunstmuseum.de\/en\/","sameAs":["https:\/\/www.instagram.com\/kunstmuseumwolfsburg\/","https:\/\/www.linkedin.com\/company\/kunstmuseum-wolfsburg\/","https:\/\/www.youtube.com\/user\/KunstmuseumWolfsburg","https:\/\/de.wikipedia.org\/wiki\/Kunstmuseum_Wolfsburg","https:\/\/www.facebook.com\/KunstmuseumWolfsburg","https:\/\/twitter.com\/kunstmuseumwob"],"logo":{"@type":"ImageObject","inLanguage":"en-US","@id":"https:\/\/www.kunstmuseum.de\/en\/#\/schema\/logo\/image\/","url":"https:\/\/www.kunstmuseum.de\/wp-content\/uploads\/2020\/05\/191125_KMW_Wortmarke_RGB_schwarz.svg","contentUrl":"https:\/\/www.kunstmuseum.de\/wp-content\/uploads\/2020\/05\/191125_KMW_Wortmarke_RGB_schwarz.svg","caption":"Kunstmuseum Wolfsburg"},"image":{"@id":"https:\/\/www.kunstmuseum.de\/en\/#\/schema\/logo\/image\/"}},{"@type":"WebSite","@id":"https:\/\/www.kunstmuseum.de\/en\/#website","url":"https:\/\/www.kunstmuseum.de\/en\/","name":"Kunstmuseum Wolfsburg","description":"","publisher":{"@id":"https:\/\/www.kunstmuseum.de\/en\/#organization"},"potentialAction":[{"@type":"SearchAction","target":{"@type":"EntryPoint","urlTemplate":"https:\/\/www.kunstmuseum.de\/en\/?s={search_term_string}"},"query-input":"required name=search_term_string"}],"inLanguage":"en-US"},{"@type":"WebPage","@id":"https:\/\/www.kunstmuseum.de\/en\/2024\/05\/volkswagen-group-art4all-im-mai-wie-kommen-kunstwerke-in-die-sammlung\/","url":"https:\/\/www.kunstmuseum.de\/en\/2024\/05\/volkswagen-group-art4all-im-mai-wie-kommen-kunstwerke-in-die-sammlung\/","name":"Volkswagen Group Art4All im Mai: Wie kommen Kunstwerke in die Sammlung? - Kunstmuseum Wolfsburg","isPartOf":{"@id":"https:\/\/www.kunstmuseum.de\/en\/#website"},"datePublished":"2024-05-16T07:35:32+00:00","dateModified":"2024-06-05T08:40:51+00:00","breadcrumb":{"@id":"https:\/\/www.kunstmuseum.de\/en\/2024\/05\/volkswagen-group-art4all-im-mai-wie-kommen-kunstwerke-in-die-sammlung\/#breadcrumb"},"inLanguage":"en-US","potentialAction":[{"@type":"ReadAction","target":["https:\/\/www.kunstmuseum.de\/en\/2024\/05\/volkswagen-group-art4all-im-mai-wie-kommen-kunstwerke-in-die-sammlung\/"]}]},{"@type":"BreadcrumbList","@id":"https:\/\/www.kunstmuseum.de\/en\/2024\/05\/volkswagen-group-art4all-im-mai-wie-kommen-kunstwerke-in-die-sammlung\/#breadcrumb","itemListElement":[{"@type":"ListItem","position":1,"name":"Startseite","item":"https:\/\/www.kunstmuseum.de\/en\/"},{"@type":"ListItem","position":2,"name":"Volkswagen Group Art4All im Mai: Wie kommen Kunstwerke in die Sammlung?"}]},{"@type":"Article","@id":"https:\/\/www.kunstmuseum.de\/en\/2024\/05\/volkswagen-group-art4all-im-mai-wie-kommen-kunstwerke-in-die-sammlung\/#article","isPartOf":{"@id":"https:\/\/www.kunstmuseum.de\/en\/2024\/05\/volkswagen-group-art4all-im-mai-wie-kommen-kunstwerke-in-die-sammlung\/"},"author":{"name":"Kaye Lomas","@id":"https:\/\/www.kunstmuseum.de\/en\/#\/schema\/person\/33ce7ce14546b222bfd6a357a22cd681"},"headline":"Volkswagen Group Art4All im Mai: Wie kommen Kunstwerke in die Sammlung?","datePublished":"2024-05-16T07:35:32+00:00","dateModified":"2024-06-05T08:40:51+00:00","mainEntityOfPage":{"@id":"https:\/\/www.kunstmuseum.de\/en\/2024\/05\/volkswagen-group-art4all-im-mai-wie-kommen-kunstwerke-in-die-sammlung\/"},"wordCount":338,"publisher":{"@id":"https:\/\/www.kunstmuseum.de\/en\/#organization"},"keywords":["Volkswagen Group Art4All"],"articleSection":["Unkategorisiert"],"inLanguage":"en-US"},{"@type":"Person","@id":"https:\/\/www.kunstmuseum.de\/en\/#\/schema\/person\/33ce7ce14546b222bfd6a357a22cd681","name":"Kaye Lomas","image":{"@type":"ImageObject","inLanguage":"en-US","@id":"https:\/\/www.kunstmuseum.de\/en\/#\/schema\/person\/image\/","url":"https:\/\/secure.gravatar.com\/avatar\/a04b8c1d583166ba071debc422468dac?s=96&d=mm&r=g","contentUrl":"https:\/\/secure.gravatar.com\/avatar\/a04b8c1d583166ba071debc422468dac?s=96&d=mm&r=g","caption":"Kaye Lomas"}}]}},"_links":{"self":[{"href":"https:\/\/www.kunstmuseum.de\/en\/wp-json\/wp\/v2\/posts\/25790"}],"collection":[{"href":"https:\/\/www.kunstmuseum.de\/en\/wp-json\/wp\/v2\/posts"}],"about":[{"href":"https:\/\/www.kunstmuseum.de\/en\/wp-json\/wp\/v2\/types\/post"}],"author":[{"embeddable":true,"href":"https:\/\/www.kunstmuseum.de\/en\/wp-json\/wp\/v2\/users\/1499"}],"replies":[{"embeddable":true,"href":"https:\/\/www.kunstmuseum.de\/en\/wp-json\/wp\/v2\/comments?post=25790"}],"version-history":[{"count":6,"href":"https:\/\/www.kunstmuseum.de\/en\/wp-json\/wp\/v2\/posts\/25790\/revisions"}],"predecessor-version":[{"id":26620,"href":"https:\/\/www.kunstmuseum.de\/en\/wp-json\/wp\/v2\/posts\/25790\/revisions\/26620"}],"wp:featuredmedia":[{"embeddable":true,"href":"https:\/\/www.kunstmuseum.de\/en\/wp-json\/wp\/v2\/media\/26510"}],"wp:attachment":[{"href":"https:\/\/www.kunstmuseum.de\/en\/wp-json\/wp\/v2\/media?parent=25790"}],"wp:term":[{"taxonomy":"category","embeddable":true,"href":"https:\/\/www.kunstmuseum.de\/en\/wp-json\/wp\/v2\/categories?post=25790"},{"taxonomy":"post_tag","embeddable":true,"href":"https:\/\/www.kunstmuseum.de\/en\/wp-json\/wp\/v2\/tags?post=25790"}],"curies":[{"name":"wp","href":"https:\/\/api.w.org\/{rel}","templated":true}]}}