{"id":27315,"date":"2024-08-16T19:12:59","date_gmt":"2024-08-16T17:12:59","guid":{"rendered":"https:\/\/www.kunstmuseum.de\/?p=27315"},"modified":"2024-08-16T20:22:14","modified_gmt":"2024-08-16T18:22:14","slug":"nahe-am-sieg-das-kunstmuseum-wolfsburg-bei-den-15-marketing-loewen","status":"publish","type":"post","link":"https:\/\/www.kunstmuseum.de\/en\/2024\/08\/nahe-am-sieg-das-kunstmuseum-wolfsburg-bei-den-15-marketing-loewen\/","title":{"rendered":"Nahe am Sieg: Das Kunstmuseum Wolfsburg bei den 15. Marketing-L\u00f6wen"},"content":{"rendered":"\n<p>Gestern Abend hatten wir die Ehre, mit unserer Marke\u00adting\u00adkam\u00adpa\u00adgnen f\u00fcr <em><a href=\"https:\/\/www.kunstmuseum.de\/ausstellung\/re-inventing-piet-mondrian-und-die-folgen\/\">Re-Inventing Piet. Mondrian und die Folgen<\/a><\/em> f\u00fcr die Haupt\u00adpreis-Shortlist des 15. Marketing-L\u00f6wen in Braun\u00adschweig nominiert gewesen zu sein! Seit 15 Jahren verleiht der <a href=\"https:\/\/www.marketingclub-bs.de\/\">Marketing-Club Braun\u00adschweig-Wolfsburg<\/a><a> <\/a>diese begehrte Auszeich\u00adnung, um heraus\u00adra\u00adgende Marketing- und Vertriebs\u00adleis\u00adtungen in der Region zu w\u00fcrdigen. Als einzigem Berufs\u00adver\u00adband und regio\u00adnaler Plattform f\u00fcr den Infor\u00adma\u00adtions- und Erfah\u00adrungs\u00adaus\u00adtausch im Marketing ist dem Club mit seinen rund 200 Mitglie\u00addern dieser Preis ein echtes Herzensprojekt.<\/p>\n\n\n\n<p>Unser Team vom Kunst\u00admu\u00adseum Wolfsburg war voller Vorfreude und Stolz, als wir uns auf den Weg zur Veran\u00adstal\u00adtung machten. Allein die Nominie\u00adrung war f\u00fcr uns bereits eine gro\u00dfe Anerken\u00adnung f\u00fcr die harte Arbeit und das kreative Engage\u00adment, das das gesamte Team, in die Ausstel\u00adlung gesteckt hat.<\/p>\n\n\n\n<div class=\"wp-block-columns\">\n<div class=\"wp-block-column\">\n<figure class=\"wp-block-image size-large\"><img loading=\"lazy\" width=\"768\" height=\"1024\" src=\"https:\/\/www.kunstmuseum.de\/wp-content\/uploads\/2024\/08\/IMG-20240816-WA0006-768x1024.jpg\" alt class=\"wp-image-27340\" srcset=\"https:\/\/www.kunstmuseum.de\/wp-content\/uploads\/2024\/08\/IMG-20240816-WA0006-768x1024.jpg 768w, https:\/\/www.kunstmuseum.de\/wp-content\/uploads\/2024\/08\/IMG-20240816-WA0006-225x300.jpg 225w, https:\/\/www.kunstmuseum.de\/wp-content\/uploads\/2024\/08\/IMG-20240816-WA0006-1152x1536.jpg 1152w, https:\/\/www.kunstmuseum.de\/wp-content\/uploads\/2024\/08\/IMG-20240816-WA0006-450x600.jpg 450w, https:\/\/www.kunstmuseum.de\/wp-content\/uploads\/2024\/08\/IMG-20240816-WA0006-100x133.jpg 100w, https:\/\/www.kunstmuseum.de\/wp-content\/uploads\/2024\/08\/IMG-20240816-WA0006-300x400.jpg 300w, https:\/\/www.kunstmuseum.de\/wp-content\/uploads\/2024\/08\/IMG-20240816-WA0006.jpg 1536w\" sizes=\"(max-width: 768px) 100vw, 768px\"><\/figure>\n<\/div>\n\n\n\n<div class=\"wp-block-column\">\n<figure class=\"wp-block-image size-large\"><img loading=\"lazy\" width=\"768\" height=\"1024\" src=\"https:\/\/www.kunstmuseum.de\/wp-content\/uploads\/2024\/08\/image00006-1-768x1024.jpeg\" alt class=\"wp-image-27366\" srcset=\"https:\/\/www.kunstmuseum.de\/wp-content\/uploads\/2024\/08\/image00006-1-768x1024.jpeg 768w, https:\/\/www.kunstmuseum.de\/wp-content\/uploads\/2024\/08\/image00006-1-225x300.jpeg 225w, https:\/\/www.kunstmuseum.de\/wp-content\/uploads\/2024\/08\/image00006-1-1152x1536.jpeg 1152w, https:\/\/www.kunstmuseum.de\/wp-content\/uploads\/2024\/08\/image00006-1-1536x2048.jpeg 1536w, https:\/\/www.kunstmuseum.de\/wp-content\/uploads\/2024\/08\/image00006-1-450x600.jpeg 450w, https:\/\/www.kunstmuseum.de\/wp-content\/uploads\/2024\/08\/image00006-1-100x133.jpeg 100w, https:\/\/www.kunstmuseum.de\/wp-content\/uploads\/2024\/08\/image00006-1-300x400.jpeg 300w, https:\/\/www.kunstmuseum.de\/wp-content\/uploads\/2024\/08\/image00006-1-scaled.jpeg 1920w\" sizes=\"(max-width: 768px) 100vw, 768px\"><\/figure>\n<\/div>\n\n\n\n<div class=\"wp-block-column\">\n<figure class=\"wp-block-image size-large\"><img loading=\"lazy\" width=\"1024\" height=\"768\" src=\"https:\/\/www.kunstmuseum.de\/wp-content\/uploads\/2024\/08\/image00004-1024x768.jpeg\" alt class=\"wp-image-27353\" srcset=\"https:\/\/www.kunstmuseum.de\/wp-content\/uploads\/2024\/08\/image00004-1024x768.jpeg 1024w, https:\/\/www.kunstmuseum.de\/wp-content\/uploads\/2024\/08\/image00004-300x225.jpeg 300w, https:\/\/www.kunstmuseum.de\/wp-content\/uploads\/2024\/08\/image00004-768x576.jpeg 768w, https:\/\/www.kunstmuseum.de\/wp-content\/uploads\/2024\/08\/image00004-1536x1152.jpeg 1536w, https:\/\/www.kunstmuseum.de\/wp-content\/uploads\/2024\/08\/image00004-2048x1536.jpeg 2048w, https:\/\/www.kunstmuseum.de\/wp-content\/uploads\/2024\/08\/image00004-800x600.jpeg 800w, https:\/\/www.kunstmuseum.de\/wp-content\/uploads\/2024\/08\/image00004-100x75.jpeg 100w\" sizes=\"(max-width: 1024px) 100vw, 1024px\"><\/figure>\n<\/div>\n<\/div>\n\n\n\n<div class=\"wp-block-columns\">\n<div class=\"wp-block-column\">\n<figure class=\"wp-block-image size-large\"><img loading=\"lazy\" width=\"768\" height=\"1024\" src=\"https:\/\/www.kunstmuseum.de\/wp-content\/uploads\/2024\/08\/image00003-1-768x1024.jpeg\" alt class=\"wp-image-27370\" srcset=\"https:\/\/www.kunstmuseum.de\/wp-content\/uploads\/2024\/08\/image00003-1-768x1024.jpeg 768w, https:\/\/www.kunstmuseum.de\/wp-content\/uploads\/2024\/08\/image00003-1-225x300.jpeg 225w, https:\/\/www.kunstmuseum.de\/wp-content\/uploads\/2024\/08\/image00003-1-1152x1536.jpeg 1152w, https:\/\/www.kunstmuseum.de\/wp-content\/uploads\/2024\/08\/image00003-1-1536x2048.jpeg 1536w, https:\/\/www.kunstmuseum.de\/wp-content\/uploads\/2024\/08\/image00003-1-450x600.jpeg 450w, https:\/\/www.kunstmuseum.de\/wp-content\/uploads\/2024\/08\/image00003-1-100x133.jpeg 100w, https:\/\/www.kunstmuseum.de\/wp-content\/uploads\/2024\/08\/image00003-1-300x400.jpeg 300w, https:\/\/www.kunstmuseum.de\/wp-content\/uploads\/2024\/08\/image00003-1-scaled.jpeg 1920w\" sizes=\"(max-width: 768px) 100vw, 768px\"><\/figure>\n<\/div>\n\n\n\n<div class=\"wp-block-column\">\n<figure class=\"wp-block-image size-large\"><img loading=\"lazy\" width=\"768\" height=\"1024\" src=\"https:\/\/www.kunstmuseum.de\/wp-content\/uploads\/2024\/08\/image00002-768x1024.jpeg\" alt class=\"wp-image-27362\" srcset=\"https:\/\/www.kunstmuseum.de\/wp-content\/uploads\/2024\/08\/image00002-768x1024.jpeg 768w, https:\/\/www.kunstmuseum.de\/wp-content\/uploads\/2024\/08\/image00002-225x300.jpeg 225w, https:\/\/www.kunstmuseum.de\/wp-content\/uploads\/2024\/08\/image00002-1152x1536.jpeg 1152w, https:\/\/www.kunstmuseum.de\/wp-content\/uploads\/2024\/08\/image00002-1536x2048.jpeg 1536w, https:\/\/www.kunstmuseum.de\/wp-content\/uploads\/2024\/08\/image00002-450x600.jpeg 450w, https:\/\/www.kunstmuseum.de\/wp-content\/uploads\/2024\/08\/image00002-100x133.jpeg 100w, https:\/\/www.kunstmuseum.de\/wp-content\/uploads\/2024\/08\/image00002-300x400.jpeg 300w, https:\/\/www.kunstmuseum.de\/wp-content\/uploads\/2024\/08\/image00002-scaled.jpeg 1920w\" sizes=\"(max-width: 768px) 100vw, 768px\"><\/figure>\n<\/div>\n\n\n\n<div class=\"wp-block-column\">\n<figure class=\"wp-block-image size-large\"><img loading=\"lazy\" width=\"768\" height=\"1024\" src=\"https:\/\/www.kunstmuseum.de\/wp-content\/uploads\/2024\/08\/image00001-768x1024.jpeg\" alt class=\"wp-image-27364\" srcset=\"https:\/\/www.kunstmuseum.de\/wp-content\/uploads\/2024\/08\/image00001-768x1024.jpeg 768w, https:\/\/www.kunstmuseum.de\/wp-content\/uploads\/2024\/08\/image00001-225x300.jpeg 225w, https:\/\/www.kunstmuseum.de\/wp-content\/uploads\/2024\/08\/image00001-1152x1536.jpeg 1152w, https:\/\/www.kunstmuseum.de\/wp-content\/uploads\/2024\/08\/image00001-1536x2048.jpeg 1536w, https:\/\/www.kunstmuseum.de\/wp-content\/uploads\/2024\/08\/image00001-450x600.jpeg 450w, https:\/\/www.kunstmuseum.de\/wp-content\/uploads\/2024\/08\/image00001-100x133.jpeg 100w, https:\/\/www.kunstmuseum.de\/wp-content\/uploads\/2024\/08\/image00001-300x400.jpeg 300w, https:\/\/www.kunstmuseum.de\/wp-content\/uploads\/2024\/08\/image00001-scaled.jpeg 1920w\" sizes=\"(max-width: 768px) 100vw, 768px\"><\/figure>\n<\/div>\n<\/div>\n\n\n\n<p>Die Veran\u00adstal\u00adtung selbst war ein Fest f\u00fcr die Sinne. Vor dem Kleinen Haus des Staats\u00adthea\u00adters Braun\u00adschweig konnten die G\u00e4ste bei Kaltge\u00adtr\u00e4nken und kulina\u00adrisch versorgt durch verschie\u00addene Foodsta\u00adtionen mit Kolleg*innen und alten Bekannten ins Gespr\u00e4ch kommen. Ein idealer Auftakt, bevor es mit der Preis\u00adver\u00adlei\u00adhung auf der B\u00fchne losging. Die Spannung war zunehmend sp\u00fcrbar.<\/p>\n\n\n\n<p>Leider hat es f\u00fcr uns am Ende nicht ganz gereicht. Der Haupt\u00adpreis ging an die <a href=\"https:\/\/www.hyand.com\/\">Hyand Group<\/a><a> <\/a>f\u00fcr ihr beein\u00addru\u00adckendes Projekt \u201cHy World!\u201d. Wir gratu\u00adlieren der Hyand Group sowie den anderen Preistr\u00e4ger*innen: der <a href=\"https:\/\/www.beyourownhero-ev.de\/\">be your own hero e.V.<\/a>, die mit \u201cRoll for a mission\u201d den Engage\u00adment\u00adpreis abger\u00e4umt haben. Auch ein gro\u00dfes Lob an Jens Hofschr\u00f6er (Dezernent f\u00fcr Wirtschaft und Digitales bei der Stadt Wolfsburg &amp; Gesch\u00e4fts\u00adf\u00fchrer der <a href=\"https:\/\/www.wmg-wolfsburg.de\/\">Wolfsburg Wirtschaft und Marketing GmbH) <\/a>der als Marketing-Pers\u00f6n\u00adlich\u00adkeit des Jahres ausge\u00adzeichnet&nbsp;wurde.<\/p>\n\n\n\n<p>Obwohl wir ohne Troph\u00e4e nach Hause gingen, ist es ein gelun\u00adgener Abend voller Inspi\u00adra\u00adtion und wertvoller Begeg\u00adnungen gewesen. Wir werden weiterhin mit Leiden\u00adschaft und Kreati\u00advit\u00e4t f\u00fcr das Kunst\u00admu\u00adseum Wolfsburg Projekte umsetzen.<\/p>\n\n\n\n<hr class=\"wp-block-separator\">\n\n\n\n<p><a id=\"_msocom_1\"><\/a><\/p>\n","protected":false},"excerpt":{"rendered":"<p>Gestern Abend hatten wir die Ehre, mit unserer Marke\u00adting\u00adkam\u00adpa\u00adgnen f\u00fcr Re-Inventing Piet. Mondrian und die Folgen f\u00fcr die Haupt\u00ad\u00adpreis-Shortlist des 15. Marketing-L\u00f6wen in Braun\u00adschweig nominiert gewesen zu sein! Seit 15 Jahren verleiht der Marketing-Club Braun\u00ad\u00ad\u00adschweig-Wolfsburg diese begehrte Auszeich\u00adnung, um heraus\u00adra\u00adgende Marketing- und Vertriebs\u00adleis\u00adtungen in der Region zu w\u00fcrdigen. Als einzigem Berufs\u00adver\u00adband und regio\u00adnaler Plattform f\u00fcr&nbsp;[\u2026]<\/p>\n","protected":false},"author":1499,"featured_media":27373,"comment_status":"closed","ping_status":"closed","sticky":false,"template":"","format":"standard","meta":{"wp_typography_post_enhancements_disabled":false,"kunstmuseum_formatted_page_title":""},"categories":[1],"tags":[647],"yoast_head":"<!-- This site is optimized with the Yoast SEO plugin v19.4 - https:\/\/yoast.com\/wordpress\/plugins\/seo\/ -->\n<title>Nahe am Sieg: Das Kunstmuseum Wolfsburg bei den 15. Marketing-L\u00f6wen - Kunstmuseum Wolfsburg<\/title>\n<meta name=\"robots\" content=\"index, follow, max-snippet:-1, max-image-preview:large, max-video-preview:-1\" \/>\n<link rel=\"canonical\" href=\"https:\/\/www.kunstmuseum.de\/en\/2024\/08\/nahe-am-sieg-das-kunstmuseum-wolfsburg-bei-den-15-marketing-loewen\/\" \/>\n<meta property=\"og:locale\" content=\"en_US\" \/>\n<meta property=\"og:type\" content=\"article\" \/>\n<meta property=\"og:title\" content=\"Nahe am Sieg: Das Kunstmuseum Wolfsburg bei den 15. Marketing-L\u00f6wen - Kunstmuseum Wolfsburg\" \/>\n<meta property=\"og:description\" content=\"Gestern Abend hatten wir die Ehre, mit unserer Marke\u00adting\u00adkam\u00adpa\u00adgnen f\u00fcr Re-Inventing Piet. Mondrian und die Folgen f\u00fcr die Haupt\u00adpreis-Shortlist des 15. Marketing-L\u00f6wen in Braun\u00adschweig nominiert gewesen zu sein! Seit 15 Jahren verleiht der Marketing-Club Braun\u00adschweig-Wolfsburg diese begehrte Auszeich\u00adnung, um heraus\u00adra\u00adgende Marketing- und Vertriebs\u00adleis\u00adtungen in der Region zu w\u00fcrdigen. Als einzigem Berufs\u00adver\u00adband und regio\u00adnaler Plattform f\u00fcr [&hellip;]\" \/>\n<meta property=\"og:url\" content=\"https:\/\/www.kunstmuseum.de\/en\/2024\/08\/nahe-am-sieg-das-kunstmuseum-wolfsburg-bei-den-15-marketing-loewen\/\" \/>\n<meta property=\"og:site_name\" content=\"Kunstmuseum Wolfsburg\" \/>\n<meta property=\"article:publisher\" content=\"https:\/\/www.facebook.com\/KunstmuseumWolfsburg\" \/>\n<meta property=\"article:published_time\" content=\"2024-08-16T17:12:59+00:00\" \/>\n<meta property=\"article:modified_time\" content=\"2024-08-16T18:22:14+00:00\" \/>\n<meta property=\"og:image\" content=\"https:\/\/www.kunstmuseum.de\/wp-content\/uploads\/2024\/08\/IMG-20240816-WA0028.jpg\" \/>\n\t<meta property=\"og:image:width\" content=\"1024\" \/>\n\t<meta property=\"og:image:height\" content=\"683\" \/>\n\t<meta property=\"og:image:type\" content=\"image\/jpeg\" \/>\n<meta name=\"author\" content=\"Kaye Lomas\" \/>\n<meta name=\"twitter:card\" content=\"summary_large_image\" \/>\n<meta name=\"twitter:creator\" content=\"@kunstmuseumwob\" \/>\n<meta name=\"twitter:site\" content=\"@kunstmuseumwob\" \/>\n<meta name=\"twitter:label1\" content=\"Written by\" \/>\n\t<meta name=\"twitter:data1\" content=\"Kaye Lomas\" \/>\n\t<meta name=\"twitter:label2\" content=\"Est. reading time\" \/>\n\t<meta name=\"twitter:data2\" content=\"3 minutes\" \/>\n<script type=\"application\/ld+json\" class=\"yoast-schema-graph\">{\"@context\":\"https:\/\/schema.org\",\"@graph\":[{\"@type\":\"Organization\",\"@id\":\"https:\/\/www.kunstmuseum.de\/en\/#organization\",\"name\":\"Kunstmuseum Wolfsburg\",\"url\":\"https:\/\/www.kunstmuseum.de\/en\/\",\"sameAs\":[\"https:\/\/www.instagram.com\/kunstmuseumwolfsburg\/\",\"https:\/\/www.linkedin.com\/company\/kunstmuseum-wolfsburg\/\",\"https:\/\/www.youtube.com\/user\/KunstmuseumWolfsburg\",\"https:\/\/de.wikipedia.org\/wiki\/Kunstmuseum_Wolfsburg\",\"https:\/\/www.facebook.com\/KunstmuseumWolfsburg\",\"https:\/\/twitter.com\/kunstmuseumwob\"],\"logo\":{\"@type\":\"ImageObject\",\"inLanguage\":\"en-US\",\"@id\":\"https:\/\/www.kunstmuseum.de\/en\/#\/schema\/logo\/image\/\",\"url\":\"https:\/\/www.kunstmuseum.de\/wp-content\/uploads\/2020\/05\/191125_KMW_Wortmarke_RGB_schwarz.svg\",\"contentUrl\":\"https:\/\/www.kunstmuseum.de\/wp-content\/uploads\/2020\/05\/191125_KMW_Wortmarke_RGB_schwarz.svg\",\"caption\":\"Kunstmuseum Wolfsburg\"},\"image\":{\"@id\":\"https:\/\/www.kunstmuseum.de\/en\/#\/schema\/logo\/image\/\"}},{\"@type\":\"WebSite\",\"@id\":\"https:\/\/www.kunstmuseum.de\/en\/#website\",\"url\":\"https:\/\/www.kunstmuseum.de\/en\/\",\"name\":\"Kunstmuseum Wolfsburg\",\"description\":\"\",\"publisher\":{\"@id\":\"https:\/\/www.kunstmuseum.de\/en\/#organization\"},\"potentialAction\":[{\"@type\":\"SearchAction\",\"target\":{\"@type\":\"EntryPoint\",\"urlTemplate\":\"https:\/\/www.kunstmuseum.de\/en\/?s={search_term_string}\"},\"query-input\":\"required name=search_term_string\"}],\"inLanguage\":\"en-US\"},{\"@type\":\"WebPage\",\"@id\":\"https:\/\/www.kunstmuseum.de\/en\/2024\/08\/nahe-am-sieg-das-kunstmuseum-wolfsburg-bei-den-15-marketing-loewen\/\",\"url\":\"https:\/\/www.kunstmuseum.de\/en\/2024\/08\/nahe-am-sieg-das-kunstmuseum-wolfsburg-bei-den-15-marketing-loewen\/\",\"name\":\"Nahe am Sieg: Das Kunstmuseum Wolfsburg bei den 15. Marketing-L\u00f6wen - Kunstmuseum Wolfsburg\",\"isPartOf\":{\"@id\":\"https:\/\/www.kunstmuseum.de\/en\/#website\"},\"datePublished\":\"2024-08-16T17:12:59+00:00\",\"dateModified\":\"2024-08-16T18:22:14+00:00\",\"breadcrumb\":{\"@id\":\"https:\/\/www.kunstmuseum.de\/en\/2024\/08\/nahe-am-sieg-das-kunstmuseum-wolfsburg-bei-den-15-marketing-loewen\/#breadcrumb\"},\"inLanguage\":\"en-US\",\"potentialAction\":[{\"@type\":\"ReadAction\",\"target\":[\"https:\/\/www.kunstmuseum.de\/en\/2024\/08\/nahe-am-sieg-das-kunstmuseum-wolfsburg-bei-den-15-marketing-loewen\/\"]}]},{\"@type\":\"BreadcrumbList\",\"@id\":\"https:\/\/www.kunstmuseum.de\/en\/2024\/08\/nahe-am-sieg-das-kunstmuseum-wolfsburg-bei-den-15-marketing-loewen\/#breadcrumb\",\"itemListElement\":[{\"@type\":\"ListItem\",\"position\":1,\"name\":\"Startseite\",\"item\":\"https:\/\/www.kunstmuseum.de\/en\/\"},{\"@type\":\"ListItem\",\"position\":2,\"name\":\"Nahe am Sieg: Das Kunstmuseum Wolfsburg bei den 15. Marketing-L\u00f6wen\"}]},{\"@type\":\"Article\",\"@id\":\"https:\/\/www.kunstmuseum.de\/en\/2024\/08\/nahe-am-sieg-das-kunstmuseum-wolfsburg-bei-den-15-marketing-loewen\/#article\",\"isPartOf\":{\"@id\":\"https:\/\/www.kunstmuseum.de\/en\/2024\/08\/nahe-am-sieg-das-kunstmuseum-wolfsburg-bei-den-15-marketing-loewen\/\"},\"author\":{\"name\":\"Kaye Lomas\",\"@id\":\"https:\/\/www.kunstmuseum.de\/en\/#\/schema\/person\/33ce7ce14546b222bfd6a357a22cd681\"},\"headline\":\"Nahe am Sieg: Das Kunstmuseum Wolfsburg bei den 15. Marketing-L\u00f6wen\",\"datePublished\":\"2024-08-16T17:12:59+00:00\",\"dateModified\":\"2024-08-16T18:22:14+00:00\",\"mainEntityOfPage\":{\"@id\":\"https:\/\/www.kunstmuseum.de\/en\/2024\/08\/nahe-am-sieg-das-kunstmuseum-wolfsburg-bei-den-15-marketing-loewen\/\"},\"wordCount\":320,\"publisher\":{\"@id\":\"https:\/\/www.kunstmuseum.de\/en\/#organization\"},\"keywords\":[\"Marketing L\u00f6wen\"],\"articleSection\":[\"Unkategorisiert\"],\"inLanguage\":\"en-US\"},{\"@type\":\"Person\",\"@id\":\"https:\/\/www.kunstmuseum.de\/en\/#\/schema\/person\/33ce7ce14546b222bfd6a357a22cd681\",\"name\":\"Kaye Lomas\",\"image\":{\"@type\":\"ImageObject\",\"inLanguage\":\"en-US\",\"@id\":\"https:\/\/www.kunstmuseum.de\/en\/#\/schema\/person\/image\/\",\"url\":\"https:\/\/secure.gravatar.com\/avatar\/a04b8c1d583166ba071debc422468dac?s=96&d=mm&r=g\",\"contentUrl\":\"https:\/\/secure.gravatar.com\/avatar\/a04b8c1d583166ba071debc422468dac?s=96&d=mm&r=g\",\"caption\":\"Kaye Lomas\"}}]}<\/script>\n<!-- \/ Yoast SEO plugin. -->","yoast_head_json":{"title":"Nahe am Sieg: Das Kunstmuseum Wolfsburg bei den 15. Marketing-L\u00f6wen - Kunstmuseum Wolfsburg","robots":{"index":"index","follow":"follow","max-snippet":"max-snippet:-1","max-image-preview":"max-image-preview:large","max-video-preview":"max-video-preview:-1"},"canonical":"https:\/\/www.kunstmuseum.de\/en\/2024\/08\/nahe-am-sieg-das-kunstmuseum-wolfsburg-bei-den-15-marketing-loewen\/","og_locale":"en_US","og_type":"article","og_title":"Nahe am Sieg: Das Kunstmuseum Wolfsburg bei den 15. Marketing-L\u00f6wen - Kunstmuseum Wolfsburg","og_description":"Gestern Abend hatten wir die Ehre, mit unserer Marke\u00adting\u00adkam\u00adpa\u00adgnen f\u00fcr Re-Inventing Piet. Mondrian und die Folgen f\u00fcr die Haupt\u00adpreis-Shortlist des 15. Marketing-L\u00f6wen in Braun\u00adschweig nominiert gewesen zu sein! Seit 15 Jahren verleiht der Marketing-Club Braun\u00adschweig-Wolfsburg diese begehrte Auszeich\u00adnung, um heraus\u00adra\u00adgende Marketing- und Vertriebs\u00adleis\u00adtungen in der Region zu w\u00fcrdigen. Als einzigem Berufs\u00adver\u00adband und regio\u00adnaler Plattform f\u00fcr [&hellip;]","og_url":"https:\/\/www.kunstmuseum.de\/en\/2024\/08\/nahe-am-sieg-das-kunstmuseum-wolfsburg-bei-den-15-marketing-loewen\/","og_site_name":"Kunstmuseum Wolfsburg","article_publisher":"https:\/\/www.facebook.com\/KunstmuseumWolfsburg","article_published_time":"2024-08-16T17:12:59+00:00","article_modified_time":"2024-08-16T18:22:14+00:00","og_image":[{"width":1024,"height":683,"url":"https:\/\/www.kunstmuseum.de\/wp-content\/uploads\/2024\/08\/IMG-20240816-WA0028.jpg","type":"image\/jpeg"}],"author":"Kaye Lomas","twitter_card":"summary_large_image","twitter_creator":"@kunstmuseumwob","twitter_site":"@kunstmuseumwob","twitter_misc":{"Written by":"Kaye Lomas","Est. reading time":"3 minutes"},"schema":{"@context":"https:\/\/schema.org","@graph":[{"@type":"Organization","@id":"https:\/\/www.kunstmuseum.de\/en\/#organization","name":"Kunstmuseum Wolfsburg","url":"https:\/\/www.kunstmuseum.de\/en\/","sameAs":["https:\/\/www.instagram.com\/kunstmuseumwolfsburg\/","https:\/\/www.linkedin.com\/company\/kunstmuseum-wolfsburg\/","https:\/\/www.youtube.com\/user\/KunstmuseumWolfsburg","https:\/\/de.wikipedia.org\/wiki\/Kunstmuseum_Wolfsburg","https:\/\/www.facebook.com\/KunstmuseumWolfsburg","https:\/\/twitter.com\/kunstmuseumwob"],"logo":{"@type":"ImageObject","inLanguage":"en-US","@id":"https:\/\/www.kunstmuseum.de\/en\/#\/schema\/logo\/image\/","url":"https:\/\/www.kunstmuseum.de\/wp-content\/uploads\/2020\/05\/191125_KMW_Wortmarke_RGB_schwarz.svg","contentUrl":"https:\/\/www.kunstmuseum.de\/wp-content\/uploads\/2020\/05\/191125_KMW_Wortmarke_RGB_schwarz.svg","caption":"Kunstmuseum Wolfsburg"},"image":{"@id":"https:\/\/www.kunstmuseum.de\/en\/#\/schema\/logo\/image\/"}},{"@type":"WebSite","@id":"https:\/\/www.kunstmuseum.de\/en\/#website","url":"https:\/\/www.kunstmuseum.de\/en\/","name":"Kunstmuseum Wolfsburg","description":"","publisher":{"@id":"https:\/\/www.kunstmuseum.de\/en\/#organization"},"potentialAction":[{"@type":"SearchAction","target":{"@type":"EntryPoint","urlTemplate":"https:\/\/www.kunstmuseum.de\/en\/?s={search_term_string}"},"query-input":"required name=search_term_string"}],"inLanguage":"en-US"},{"@type":"WebPage","@id":"https:\/\/www.kunstmuseum.de\/en\/2024\/08\/nahe-am-sieg-das-kunstmuseum-wolfsburg-bei-den-15-marketing-loewen\/","url":"https:\/\/www.kunstmuseum.de\/en\/2024\/08\/nahe-am-sieg-das-kunstmuseum-wolfsburg-bei-den-15-marketing-loewen\/","name":"Nahe am Sieg: Das Kunstmuseum Wolfsburg bei den 15. Marketing-L\u00f6wen - Kunstmuseum Wolfsburg","isPartOf":{"@id":"https:\/\/www.kunstmuseum.de\/en\/#website"},"datePublished":"2024-08-16T17:12:59+00:00","dateModified":"2024-08-16T18:22:14+00:00","breadcrumb":{"@id":"https:\/\/www.kunstmuseum.de\/en\/2024\/08\/nahe-am-sieg-das-kunstmuseum-wolfsburg-bei-den-15-marketing-loewen\/#breadcrumb"},"inLanguage":"en-US","potentialAction":[{"@type":"ReadAction","target":["https:\/\/www.kunstmuseum.de\/en\/2024\/08\/nahe-am-sieg-das-kunstmuseum-wolfsburg-bei-den-15-marketing-loewen\/"]}]},{"@type":"BreadcrumbList","@id":"https:\/\/www.kunstmuseum.de\/en\/2024\/08\/nahe-am-sieg-das-kunstmuseum-wolfsburg-bei-den-15-marketing-loewen\/#breadcrumb","itemListElement":[{"@type":"ListItem","position":1,"name":"Startseite","item":"https:\/\/www.kunstmuseum.de\/en\/"},{"@type":"ListItem","position":2,"name":"Nahe am Sieg: Das Kunstmuseum Wolfsburg bei den 15. Marketing-L\u00f6wen"}]},{"@type":"Article","@id":"https:\/\/www.kunstmuseum.de\/en\/2024\/08\/nahe-am-sieg-das-kunstmuseum-wolfsburg-bei-den-15-marketing-loewen\/#article","isPartOf":{"@id":"https:\/\/www.kunstmuseum.de\/en\/2024\/08\/nahe-am-sieg-das-kunstmuseum-wolfsburg-bei-den-15-marketing-loewen\/"},"author":{"name":"Kaye Lomas","@id":"https:\/\/www.kunstmuseum.de\/en\/#\/schema\/person\/33ce7ce14546b222bfd6a357a22cd681"},"headline":"Nahe am Sieg: Das Kunstmuseum Wolfsburg bei den 15. Marketing-L\u00f6wen","datePublished":"2024-08-16T17:12:59+00:00","dateModified":"2024-08-16T18:22:14+00:00","mainEntityOfPage":{"@id":"https:\/\/www.kunstmuseum.de\/en\/2024\/08\/nahe-am-sieg-das-kunstmuseum-wolfsburg-bei-den-15-marketing-loewen\/"},"wordCount":320,"publisher":{"@id":"https:\/\/www.kunstmuseum.de\/en\/#organization"},"keywords":["Marketing L\u00f6wen"],"articleSection":["Unkategorisiert"],"inLanguage":"en-US"},{"@type":"Person","@id":"https:\/\/www.kunstmuseum.de\/en\/#\/schema\/person\/33ce7ce14546b222bfd6a357a22cd681","name":"Kaye Lomas","image":{"@type":"ImageObject","inLanguage":"en-US","@id":"https:\/\/www.kunstmuseum.de\/en\/#\/schema\/person\/image\/","url":"https:\/\/secure.gravatar.com\/avatar\/a04b8c1d583166ba071debc422468dac?s=96&d=mm&r=g","contentUrl":"https:\/\/secure.gravatar.com\/avatar\/a04b8c1d583166ba071debc422468dac?s=96&d=mm&r=g","caption":"Kaye Lomas"}}]}},"_links":{"self":[{"href":"https:\/\/www.kunstmuseum.de\/en\/wp-json\/wp\/v2\/posts\/27315"}],"collection":[{"href":"https:\/\/www.kunstmuseum.de\/en\/wp-json\/wp\/v2\/posts"}],"about":[{"href":"https:\/\/www.kunstmuseum.de\/en\/wp-json\/wp\/v2\/types\/post"}],"author":[{"embeddable":true,"href":"https:\/\/www.kunstmuseum.de\/en\/wp-json\/wp\/v2\/users\/1499"}],"replies":[{"embeddable":true,"href":"https:\/\/www.kunstmuseum.de\/en\/wp-json\/wp\/v2\/comments?post=27315"}],"version-history":[{"count":8,"href":"https:\/\/www.kunstmuseum.de\/en\/wp-json\/wp\/v2\/posts\/27315\/revisions"}],"predecessor-version":[{"id":27372,"href":"https:\/\/www.kunstmuseum.de\/en\/wp-json\/wp\/v2\/posts\/27315\/revisions\/27372"}],"wp:featuredmedia":[{"embeddable":true,"href":"https:\/\/www.kunstmuseum.de\/en\/wp-json\/wp\/v2\/media\/27373"}],"wp:attachment":[{"href":"https:\/\/www.kunstmuseum.de\/en\/wp-json\/wp\/v2\/media?parent=27315"}],"wp:term":[{"taxonomy":"category","embeddable":true,"href":"https:\/\/www.kunstmuseum.de\/en\/wp-json\/wp\/v2\/categories?post=27315"},{"taxonomy":"post_tag","embeddable":true,"href":"https:\/\/www.kunstmuseum.de\/en\/wp-json\/wp\/v2\/tags?post=27315"}],"curies":[{"name":"wp","href":"https:\/\/api.w.org\/{rel}","templated":true}]}}