{"id":29230,"date":"2025-03-04T14:35:59","date_gmt":"2025-03-04T13:35:59","guid":{"rendered":"https:\/\/www.kunstmuseum.de\/?p=29230"},"modified":"2025-03-13T08:54:38","modified_gmt":"2025-03-13T07:54:38","slug":"artist-talk-gary-hill","status":"publish","type":"post","link":"https:\/\/www.kunstmuseum.de\/en\/2025\/03\/artist-talk-gary-hill\/","title":{"rendered":"Artist Talk \u2013 Gary Hill am 12. M\u00e4rz 2025, um 18 Uhr. Eintritt frei!"},"content":{"rendered":"\n<p>Gary Hill wird <strong>am 12. M\u00e4rz 2025 um 18 Uhr<\/strong> zu seinen neuesten Arbeiten sprechen und mit den Kurator*innen der Ausstel\u00adlung <em>Gary Hill. Eine Frage der Wahrneh\u00admung<\/em>, Holger Broeker und Elena Engelbrechter, zentrale Frage\u00adstel\u00adlungen seiner k\u00fcnst\u00adle\u00adri\u00adschen Praxis diskutieren.<\/p>\n\n\n\n<p>Gary Hills Werke haben die Video\u00adkunst seit den 1970er-Jahren ma\u00dfgeb\u00adlich gepr\u00e4gt, indem sie Bild, Sprache und Klang in neue Kontexte setzen. In seinem Vortrag gew\u00e4hrt Gary Hill Einblicke in aktuelle Projekte, insbe\u00adson\u00addere in seinen experi\u00admen\u00adtellen Einsatz von Kamera-Drohnen zur Reflexion des eigenen Schaf\u00adfens\u00adpro\u00adzesses. Im anschlie\u00ad\u00dfenden Gespr\u00e4ch besteht die Gelegen\u00adheit, mit dem K\u00fcnstler in einen direkten Dialog zu treten.<br><br>Gary Hill noch einmal pers\u00f6n\u00adlich im Kunst\u00admu\u00adseum Wolfsburg zu begr\u00fc\u00dfen, bildet den abschlie\u00ad\u00dfenden H\u00f6hepunkt der Ausstel\u00adlung <em>Gary Hill. Eine Frage der Wahrneh\u00admung<\/em> <strong>(nur noch bis 16.3.2025)<\/strong>, die das k\u00fcnst\u00adle\u00adri\u00adsche Werk des Video\u00adpio\u00adniers mit Arbeiten aus f\u00fcnf Jahrzehnten umfassend w\u00fcrdigt. Hills Werke an den Schnitt\u00adstellen von Techno\u00adlogie, Sprache und Bild entfalten sich als dynami\u00adsche Refle\u00adxi\u00adons\u00adr\u00e4ume, denn das Video ist f\u00fcr Gary Hill ein Medium, das als Spiegel des Bewusst\u00adseins fungieren kann.<br><br>Seine Arbeiten veran\u00adlassen uns dazu, gewohnte Wahrneh\u00admungs\u00admuster sowie unser Urteils\u00adver\u00adm\u00f6gen weit \u00fcber eine reine Bild- und Medien\u00adkritik hinaus infrage zu stellen. Mit unnach\u00adahm\u00adli\u00adchem Gesp\u00fcr f\u00fcr die konzep\u00adtu\u00adellen M\u00f6glich\u00adkeiten des Mediums Video schafft er ein Bewusst\u00adsein f\u00fcr die wechsel\u00adsei\u00adtige Beziehung von Bild und Ton und macht Zeitlich\u00adkeit auf besondere Weise erlebbar. Er insze\u00adniert Erfah\u00adrungen und ph\u00e4no\u00adme\u00adno\u00adlo\u00adgi\u00adsche Erschei\u00adnungen, die sowohl ein erwei\u00adtertes Bewusst\u00adsein schaffen als auch eine tiefe Skepsis gegen\u00fcber der Konstruk\u00adtion von Wahrneh\u00admung, Bedeutung und Wirklich\u00adkeit bewirken. Dabei nimmt Gary Hills Kunst Bezug auf allt\u00e4g\u00adliche, pers\u00f6n\u00adliche, litera\u00adri\u00adsche, wissen\u00adschaft\u00adliche sowie philo\u00adso\u00adphi\u00adsche Erfah\u00adrungen und Themen. Das Medium ist aber niemals nur Mittel zur Darstel\u00adlung, sondern immer auch Anlass zur Reflexion.<br><br><strong>Die Veran\u00adstal\u00adtung findet in engli\u00adscher Sprache statt, der Eintritt ist kosten\u00adfrei und eine Anmeldung ist nicht erfor\u00adder\u00adlich.<\/strong><br><br>Wir freuen uns, Sie zu diesem beson\u00adderen Abend begr\u00fc\u00dfen zu d\u00fcrfen!<br><br><\/p>\n\n\n\n<div class=\"wp-container-1 wp-block-buttons\">\n<div class=\"wp-block-button is-style-outline\"><a class=\"wp-block-button__link\" href=\"https:\/\/www.kunstmuseum.de\/ausstellung\/gary-hill-eine-frage-der-wahrnehmung\/\">Zur Ausstel\u00adlung<\/a><\/div>\n<\/div>\n","protected":false},"excerpt":{"rendered":"<p>Gary Hill wird am 12. M\u00e4rz 2025 um 18 Uhr zu seinen neuesten Arbeiten sprechen und mit den Kurator*innen der Ausstel\u00adlung Gary Hill. Eine Frage der Wahrneh\u00admung, Holger Broeker und Elena Engelbrechter, zentrale Frage\u00adstel\u00adlungen seiner k\u00fcnst\u00adle\u00adri\u00adschen Praxis disku\u00adtieren. Gary Hills Werke haben die Video\u00adkunst seit den 1970er-Jahren ma\u00dfgeb\u00adlich gepr\u00e4gt, indem sie Bild, Sprache und&nbsp;Klang&nbsp;[\u2026]<\/p>\n","protected":false},"author":4,"featured_media":29326,"comment_status":"closed","ping_status":"closed","sticky":false,"template":"","format":"standard","meta":{"wp_typography_post_enhancements_disabled":false,"kunstmuseum_formatted_page_title":"Gary Hill. Eine Frage der Wahrnehmung"},"categories":[1],"tags":[629],"yoast_head":"<!-- This site is optimized with the Yoast SEO plugin v19.4 - https:\/\/yoast.com\/wordpress\/plugins\/seo\/ -->\n<title>Artist Talk - Gary Hill am 12. M\u00e4rz 2025, um 18 Uhr. Eintritt frei! - Kunstmuseum Wolfsburg<\/title>\n<meta name=\"robots\" content=\"index, follow, max-snippet:-1, max-image-preview:large, max-video-preview:-1\" \/>\n<link rel=\"canonical\" href=\"https:\/\/www.kunstmuseum.de\/en\/2025\/03\/artist-talk-gary-hill\/\" \/>\n<meta property=\"og:locale\" content=\"en_US\" \/>\n<meta property=\"og:type\" content=\"article\" \/>\n<meta property=\"og:title\" content=\"Artist Talk - Gary Hill am 12. M\u00e4rz 2025, um 18 Uhr. Eintritt frei! - Kunstmuseum Wolfsburg\" \/>\n<meta property=\"og:description\" content=\"Gary Hill wird am 12. M\u00e4rz 2025 um 18 Uhr zu seinen neuesten Arbeiten sprechen und mit den Kurator*innen der Ausstel\u00adlung Gary Hill. Eine Frage der Wahrneh\u00admung, Holger Broeker und Elena Engelbrechter, zentrale Frage\u00adstel\u00adlungen seiner k\u00fcnst\u00adle\u00adri\u00adschen Praxis diskutieren. Gary Hills Werke haben die Video\u00adkunst seit den 1970er-Jahren ma\u00dfgeb\u00adlich gepr\u00e4gt, indem sie Bild, Sprache und Klang [&hellip;]\" \/>\n<meta property=\"og:url\" content=\"https:\/\/www.kunstmuseum.de\/en\/2025\/03\/artist-talk-gary-hill\/\" \/>\n<meta property=\"og:site_name\" content=\"Kunstmuseum Wolfsburg\" \/>\n<meta property=\"article:publisher\" content=\"https:\/\/www.facebook.com\/KunstmuseumWolfsburg\" \/>\n<meta property=\"article:published_time\" content=\"2025-03-04T13:35:59+00:00\" \/>\n<meta property=\"article:modified_time\" content=\"2025-03-13T07:54:38+00:00\" \/>\n<meta property=\"og:image\" content=\"https:\/\/www.kunstmuseum.de\/wp-content\/uploads\/2025\/02\/241129_KMW_by_Kruszewski_0291-3.jpg\" \/>\n\t<meta property=\"og:image:width\" content=\"1601\" \/>\n\t<meta property=\"og:image:height\" content=\"901\" \/>\n\t<meta property=\"og:image:type\" content=\"image\/jpeg\" \/>\n<meta name=\"author\" content=\"Nicole Sch\u00fctze\" \/>\n<meta name=\"twitter:card\" content=\"summary_large_image\" \/>\n<meta name=\"twitter:creator\" content=\"@kunstmuseumwob\" \/>\n<meta name=\"twitter:site\" content=\"@kunstmuseumwob\" \/>\n<meta name=\"twitter:label1\" content=\"Written by\" \/>\n\t<meta name=\"twitter:data1\" content=\"Nicole Sch\u00fctze\" \/>\n\t<meta name=\"twitter:label2\" content=\"Est. reading time\" \/>\n\t<meta name=\"twitter:data2\" content=\"2 minutes\" \/>\n<script type=\"application\/ld+json\" class=\"yoast-schema-graph\">{\"@context\":\"https:\/\/schema.org\",\"@graph\":[{\"@type\":\"Organization\",\"@id\":\"https:\/\/www.kunstmuseum.de\/en\/#organization\",\"name\":\"Kunstmuseum Wolfsburg\",\"url\":\"https:\/\/www.kunstmuseum.de\/en\/\",\"sameAs\":[\"https:\/\/www.instagram.com\/kunstmuseumwolfsburg\/\",\"https:\/\/www.linkedin.com\/company\/kunstmuseum-wolfsburg\/\",\"https:\/\/www.youtube.com\/user\/KunstmuseumWolfsburg\",\"https:\/\/de.wikipedia.org\/wiki\/Kunstmuseum_Wolfsburg\",\"https:\/\/www.facebook.com\/KunstmuseumWolfsburg\",\"https:\/\/twitter.com\/kunstmuseumwob\"],\"logo\":{\"@type\":\"ImageObject\",\"inLanguage\":\"en-US\",\"@id\":\"https:\/\/www.kunstmuseum.de\/en\/#\/schema\/logo\/image\/\",\"url\":\"https:\/\/www.kunstmuseum.de\/wp-content\/uploads\/2020\/05\/191125_KMW_Wortmarke_RGB_schwarz.svg\",\"contentUrl\":\"https:\/\/www.kunstmuseum.de\/wp-content\/uploads\/2020\/05\/191125_KMW_Wortmarke_RGB_schwarz.svg\",\"caption\":\"Kunstmuseum Wolfsburg\"},\"image\":{\"@id\":\"https:\/\/www.kunstmuseum.de\/en\/#\/schema\/logo\/image\/\"}},{\"@type\":\"WebSite\",\"@id\":\"https:\/\/www.kunstmuseum.de\/en\/#website\",\"url\":\"https:\/\/www.kunstmuseum.de\/en\/\",\"name\":\"Kunstmuseum Wolfsburg\",\"description\":\"\",\"publisher\":{\"@id\":\"https:\/\/www.kunstmuseum.de\/en\/#organization\"},\"potentialAction\":[{\"@type\":\"SearchAction\",\"target\":{\"@type\":\"EntryPoint\",\"urlTemplate\":\"https:\/\/www.kunstmuseum.de\/en\/?s={search_term_string}\"},\"query-input\":\"required name=search_term_string\"}],\"inLanguage\":\"en-US\"},{\"@type\":\"WebPage\",\"@id\":\"https:\/\/www.kunstmuseum.de\/en\/2025\/03\/artist-talk-gary-hill\/\",\"url\":\"https:\/\/www.kunstmuseum.de\/en\/2025\/03\/artist-talk-gary-hill\/\",\"name\":\"Artist Talk - Gary Hill am 12. M\u00e4rz 2025, um 18 Uhr. Eintritt frei! - Kunstmuseum Wolfsburg\",\"isPartOf\":{\"@id\":\"https:\/\/www.kunstmuseum.de\/en\/#website\"},\"datePublished\":\"2025-03-04T13:35:59+00:00\",\"dateModified\":\"2025-03-13T07:54:38+00:00\",\"breadcrumb\":{\"@id\":\"https:\/\/www.kunstmuseum.de\/en\/2025\/03\/artist-talk-gary-hill\/#breadcrumb\"},\"inLanguage\":\"en-US\",\"potentialAction\":[{\"@type\":\"ReadAction\",\"target\":[\"https:\/\/www.kunstmuseum.de\/en\/2025\/03\/artist-talk-gary-hill\/\"]}]},{\"@type\":\"BreadcrumbList\",\"@id\":\"https:\/\/www.kunstmuseum.de\/en\/2025\/03\/artist-talk-gary-hill\/#breadcrumb\",\"itemListElement\":[{\"@type\":\"ListItem\",\"position\":1,\"name\":\"Startseite\",\"item\":\"https:\/\/www.kunstmuseum.de\/en\/\"},{\"@type\":\"ListItem\",\"position\":2,\"name\":\"Artist Talk &#8211; Gary Hill am 12. M\u00e4rz 2025, um 18 Uhr. Eintritt frei!\"}]},{\"@type\":\"Article\",\"@id\":\"https:\/\/www.kunstmuseum.de\/en\/2025\/03\/artist-talk-gary-hill\/#article\",\"isPartOf\":{\"@id\":\"https:\/\/www.kunstmuseum.de\/en\/2025\/03\/artist-talk-gary-hill\/\"},\"author\":{\"name\":\"Nicole Sch\u00fctze\",\"@id\":\"https:\/\/www.kunstmuseum.de\/en\/#\/schema\/person\/7ee33977dae5327ec305b473fe1bf8fe\"},\"headline\":\"Artist Talk \u2013 Gary Hill am 12. M\u00e4rz 2025, um 18 Uhr. Eintritt frei!\",\"datePublished\":\"2025-03-04T13:35:59+00:00\",\"dateModified\":\"2025-03-13T07:54:38+00:00\",\"mainEntityOfPage\":{\"@id\":\"https:\/\/www.kunstmuseum.de\/en\/2025\/03\/artist-talk-gary-hill\/\"},\"wordCount\":340,\"publisher\":{\"@id\":\"https:\/\/www.kunstmuseum.de\/en\/#organization\"},\"keywords\":[\"Gary Hill\"],\"articleSection\":[\"Unkategorisiert\"],\"inLanguage\":\"en-US\"},{\"@type\":\"Person\",\"@id\":\"https:\/\/www.kunstmuseum.de\/en\/#\/schema\/person\/7ee33977dae5327ec305b473fe1bf8fe\",\"name\":\"Nicole Sch\u00fctze\",\"image\":{\"@type\":\"ImageObject\",\"inLanguage\":\"en-US\",\"@id\":\"https:\/\/www.kunstmuseum.de\/en\/#\/schema\/person\/image\/\",\"url\":\"https:\/\/secure.gravatar.com\/avatar\/488cd67cf79ca3aea84d68828c3eca55?s=96&d=mm&r=g\",\"contentUrl\":\"https:\/\/secure.gravatar.com\/avatar\/488cd67cf79ca3aea84d68828c3eca55?s=96&d=mm&r=g\",\"caption\":\"Nicole Sch\u00fctze\"}}]}<\/script>\n<!-- \/ Yoast SEO plugin. -->","yoast_head_json":{"title":"Artist Talk - Gary Hill am 12. M\u00e4rz 2025, um 18 Uhr. Eintritt frei! - Kunstmuseum Wolfsburg","robots":{"index":"index","follow":"follow","max-snippet":"max-snippet:-1","max-image-preview":"max-image-preview:large","max-video-preview":"max-video-preview:-1"},"canonical":"https:\/\/www.kunstmuseum.de\/en\/2025\/03\/artist-talk-gary-hill\/","og_locale":"en_US","og_type":"article","og_title":"Artist Talk - Gary Hill am 12. M\u00e4rz 2025, um 18 Uhr. Eintritt frei! - Kunstmuseum Wolfsburg","og_description":"Gary Hill wird am 12. M\u00e4rz 2025 um 18 Uhr zu seinen neuesten Arbeiten sprechen und mit den Kurator*innen der Ausstel\u00adlung Gary Hill. Eine Frage der Wahrneh\u00admung, Holger Broeker und Elena Engelbrechter, zentrale Frage\u00adstel\u00adlungen seiner k\u00fcnst\u00adle\u00adri\u00adschen Praxis diskutieren. Gary Hills Werke haben die Video\u00adkunst seit den 1970er-Jahren ma\u00dfgeb\u00adlich gepr\u00e4gt, indem sie Bild, Sprache und Klang [&hellip;]","og_url":"https:\/\/www.kunstmuseum.de\/en\/2025\/03\/artist-talk-gary-hill\/","og_site_name":"Kunstmuseum Wolfsburg","article_publisher":"https:\/\/www.facebook.com\/KunstmuseumWolfsburg","article_published_time":"2025-03-04T13:35:59+00:00","article_modified_time":"2025-03-13T07:54:38+00:00","og_image":[{"width":1601,"height":901,"url":"https:\/\/www.kunstmuseum.de\/wp-content\/uploads\/2025\/02\/241129_KMW_by_Kruszewski_0291-3.jpg","type":"image\/jpeg"}],"author":"Nicole Sch\u00fctze","twitter_card":"summary_large_image","twitter_creator":"@kunstmuseumwob","twitter_site":"@kunstmuseumwob","twitter_misc":{"Written by":"Nicole Sch\u00fctze","Est. reading time":"2 minutes"},"schema":{"@context":"https:\/\/schema.org","@graph":[{"@type":"Organization","@id":"https:\/\/www.kunstmuseum.de\/en\/#organization","name":"Kunstmuseum Wolfsburg","url":"https:\/\/www.kunstmuseum.de\/en\/","sameAs":["https:\/\/www.instagram.com\/kunstmuseumwolfsburg\/","https:\/\/www.linkedin.com\/company\/kunstmuseum-wolfsburg\/","https:\/\/www.youtube.com\/user\/KunstmuseumWolfsburg","https:\/\/de.wikipedia.org\/wiki\/Kunstmuseum_Wolfsburg","https:\/\/www.facebook.com\/KunstmuseumWolfsburg","https:\/\/twitter.com\/kunstmuseumwob"],"logo":{"@type":"ImageObject","inLanguage":"en-US","@id":"https:\/\/www.kunstmuseum.de\/en\/#\/schema\/logo\/image\/","url":"https:\/\/www.kunstmuseum.de\/wp-content\/uploads\/2020\/05\/191125_KMW_Wortmarke_RGB_schwarz.svg","contentUrl":"https:\/\/www.kunstmuseum.de\/wp-content\/uploads\/2020\/05\/191125_KMW_Wortmarke_RGB_schwarz.svg","caption":"Kunstmuseum Wolfsburg"},"image":{"@id":"https:\/\/www.kunstmuseum.de\/en\/#\/schema\/logo\/image\/"}},{"@type":"WebSite","@id":"https:\/\/www.kunstmuseum.de\/en\/#website","url":"https:\/\/www.kunstmuseum.de\/en\/","name":"Kunstmuseum Wolfsburg","description":"","publisher":{"@id":"https:\/\/www.kunstmuseum.de\/en\/#organization"},"potentialAction":[{"@type":"SearchAction","target":{"@type":"EntryPoint","urlTemplate":"https:\/\/www.kunstmuseum.de\/en\/?s={search_term_string}"},"query-input":"required name=search_term_string"}],"inLanguage":"en-US"},{"@type":"WebPage","@id":"https:\/\/www.kunstmuseum.de\/en\/2025\/03\/artist-talk-gary-hill\/","url":"https:\/\/www.kunstmuseum.de\/en\/2025\/03\/artist-talk-gary-hill\/","name":"Artist Talk - Gary Hill am 12. M\u00e4rz 2025, um 18 Uhr. Eintritt frei! - Kunstmuseum Wolfsburg","isPartOf":{"@id":"https:\/\/www.kunstmuseum.de\/en\/#website"},"datePublished":"2025-03-04T13:35:59+00:00","dateModified":"2025-03-13T07:54:38+00:00","breadcrumb":{"@id":"https:\/\/www.kunstmuseum.de\/en\/2025\/03\/artist-talk-gary-hill\/#breadcrumb"},"inLanguage":"en-US","potentialAction":[{"@type":"ReadAction","target":["https:\/\/www.kunstmuseum.de\/en\/2025\/03\/artist-talk-gary-hill\/"]}]},{"@type":"BreadcrumbList","@id":"https:\/\/www.kunstmuseum.de\/en\/2025\/03\/artist-talk-gary-hill\/#breadcrumb","itemListElement":[{"@type":"ListItem","position":1,"name":"Startseite","item":"https:\/\/www.kunstmuseum.de\/en\/"},{"@type":"ListItem","position":2,"name":"Artist Talk &#8211; Gary Hill am 12. M\u00e4rz 2025, um 18 Uhr. Eintritt frei!"}]},{"@type":"Article","@id":"https:\/\/www.kunstmuseum.de\/en\/2025\/03\/artist-talk-gary-hill\/#article","isPartOf":{"@id":"https:\/\/www.kunstmuseum.de\/en\/2025\/03\/artist-talk-gary-hill\/"},"author":{"name":"Nicole Sch\u00fctze","@id":"https:\/\/www.kunstmuseum.de\/en\/#\/schema\/person\/7ee33977dae5327ec305b473fe1bf8fe"},"headline":"Artist Talk \u2013 Gary Hill am 12. M\u00e4rz 2025, um 18 Uhr. Eintritt frei!","datePublished":"2025-03-04T13:35:59+00:00","dateModified":"2025-03-13T07:54:38+00:00","mainEntityOfPage":{"@id":"https:\/\/www.kunstmuseum.de\/en\/2025\/03\/artist-talk-gary-hill\/"},"wordCount":340,"publisher":{"@id":"https:\/\/www.kunstmuseum.de\/en\/#organization"},"keywords":["Gary Hill"],"articleSection":["Unkategorisiert"],"inLanguage":"en-US"},{"@type":"Person","@id":"https:\/\/www.kunstmuseum.de\/en\/#\/schema\/person\/7ee33977dae5327ec305b473fe1bf8fe","name":"Nicole Sch\u00fctze","image":{"@type":"ImageObject","inLanguage":"en-US","@id":"https:\/\/www.kunstmuseum.de\/en\/#\/schema\/person\/image\/","url":"https:\/\/secure.gravatar.com\/avatar\/488cd67cf79ca3aea84d68828c3eca55?s=96&d=mm&r=g","contentUrl":"https:\/\/secure.gravatar.com\/avatar\/488cd67cf79ca3aea84d68828c3eca55?s=96&d=mm&r=g","caption":"Nicole Sch\u00fctze"}}]}},"_links":{"self":[{"href":"https:\/\/www.kunstmuseum.de\/en\/wp-json\/wp\/v2\/posts\/29230"}],"collection":[{"href":"https:\/\/www.kunstmuseum.de\/en\/wp-json\/wp\/v2\/posts"}],"about":[{"href":"https:\/\/www.kunstmuseum.de\/en\/wp-json\/wp\/v2\/types\/post"}],"author":[{"embeddable":true,"href":"https:\/\/www.kunstmuseum.de\/en\/wp-json\/wp\/v2\/users\/4"}],"replies":[{"embeddable":true,"href":"https:\/\/www.kunstmuseum.de\/en\/wp-json\/wp\/v2\/comments?post=29230"}],"version-history":[{"count":7,"href":"https:\/\/www.kunstmuseum.de\/en\/wp-json\/wp\/v2\/posts\/29230\/revisions"}],"predecessor-version":[{"id":29463,"href":"https:\/\/www.kunstmuseum.de\/en\/wp-json\/wp\/v2\/posts\/29230\/revisions\/29463"}],"wp:featuredmedia":[{"embeddable":true,"href":"https:\/\/www.kunstmuseum.de\/en\/wp-json\/wp\/v2\/media\/29326"}],"wp:attachment":[{"href":"https:\/\/www.kunstmuseum.de\/en\/wp-json\/wp\/v2\/media?parent=29230"}],"wp:term":[{"taxonomy":"category","embeddable":true,"href":"https:\/\/www.kunstmuseum.de\/en\/wp-json\/wp\/v2\/categories?post=29230"},{"taxonomy":"post_tag","embeddable":true,"href":"https:\/\/www.kunstmuseum.de\/en\/wp-json\/wp\/v2\/tags?post=29230"}],"curies":[{"name":"wp","href":"https:\/\/api.w.org\/{rel}","templated":true}]}}