{"id":29396,"date":"2025-03-26T07:49:00","date_gmt":"2025-03-26T06:49:00","guid":{"rendered":"https:\/\/www.kunstmuseum.de\/?p=29396"},"modified":"2025-03-28T08:52:18","modified_gmt":"2025-03-28T07:52:18","slug":"volkswagen-group-art4all-im-maerz-mit-besonderen-highlights","status":"publish","type":"post","link":"https:\/\/www.kunstmuseum.de\/en\/2025\/03\/volkswagen-group-art4all-im-maerz-mit-besonderen-highlights\/","title":{"rendered":"R\u00fcckblick: Ein faszinierender Abend mit Dr. Insa Thiele-Eich im Kunstmuseum Wolfsburg"},"content":{"rendered":"\n<p>Am 26. M\u00e4rz 2025 erlebte das Kunst\u00admu\u00adseum Wolfsburg im Rahmen des Volks\u00adwagen Group Art4All einen au\u00dfer\u00adge\u00adw\u00f6hn\u00adli\u00adchen Abend, der Wissen\u00adschaft, Kunst und Raumfahrt auf einzig\u00adar\u00adtige Weise mitein\u00adander verband.<\/p>\n\n\n\n<p>Bereits ab 16 Uhr begeis\u00adterte die Ausstel\u00adlung Schwe\u00adrelos von Leandro Erlich die zahlrei\u00adchen Besuche\u00adrinnen und Besucher. Die beein\u00addru\u00adckenden Instal\u00adla\u00adtionen des argen\u00adti\u00adni\u00adschen K\u00fcnstlers luden dazu ein, physi\u00adka\u00adli\u00adsche Gesetze spiele\u00adrisch zu hinter\u00adfragen und neue Perspek\u00adtiven auf Raum und Illusion zu entdecken.<\/p>\n\n\n\n<div class=\"wp-block-columns\">\n<div class=\"wp-block-column\">\n<figure class=\"wp-block-image size-large\"><img loading=\"lazy\" width=\"683\" height=\"1024\" src=\"https:\/\/www.kunstmuseum.de\/wp-content\/uploads\/2025\/03\/Kunstmuseum-Wolfsburg-Art4All-03_2025-cMarek-Kruszewski-10-683x1024.jpg\" alt class=\"wp-image-29597\" srcset=\"https:\/\/www.kunstmuseum.de\/wp-content\/uploads\/2025\/03\/Kunstmuseum-Wolfsburg-Art4All-03_2025-cMarek-Kruszewski-10-683x1024.jpg 683w, https:\/\/www.kunstmuseum.de\/wp-content\/uploads\/2025\/03\/Kunstmuseum-Wolfsburg-Art4All-03_2025-cMarek-Kruszewski-10-200x300.jpg 200w, https:\/\/www.kunstmuseum.de\/wp-content\/uploads\/2025\/03\/Kunstmuseum-Wolfsburg-Art4All-03_2025-cMarek-Kruszewski-10-768x1151.jpg 768w, https:\/\/www.kunstmuseum.de\/wp-content\/uploads\/2025\/03\/Kunstmuseum-Wolfsburg-Art4All-03_2025-cMarek-Kruszewski-10-1025x1536.jpg 1025w, https:\/\/www.kunstmuseum.de\/wp-content\/uploads\/2025\/03\/Kunstmuseum-Wolfsburg-Art4All-03_2025-cMarek-Kruszewski-10-1366x2048.jpg 1366w, https:\/\/www.kunstmuseum.de\/wp-content\/uploads\/2025\/03\/Kunstmuseum-Wolfsburg-Art4All-03_2025-cMarek-Kruszewski-10-400x600.jpg 400w, https:\/\/www.kunstmuseum.de\/wp-content\/uploads\/2025\/03\/Kunstmuseum-Wolfsburg-Art4All-03_2025-cMarek-Kruszewski-10-100x150.jpg 100w, https:\/\/www.kunstmuseum.de\/wp-content\/uploads\/2025\/03\/Kunstmuseum-Wolfsburg-Art4All-03_2025-cMarek-Kruszewski-10-300x450.jpg 300w, https:\/\/www.kunstmuseum.de\/wp-content\/uploads\/2025\/03\/Kunstmuseum-Wolfsburg-Art4All-03_2025-cMarek-Kruszewski-10.jpg 1601w\" sizes=\"(max-width: 683px) 100vw, 683px\"><figcaption>Foto: Marek Kruszewski<\/figcaption><\/figure>\n<\/div>\n\n\n\n<div class=\"wp-block-column\">\n<figure class=\"wp-block-image size-large is-resized\"><img loading=\"lazy\" src=\"https:\/\/www.kunstmuseum.de\/wp-content\/uploads\/2025\/03\/Kunstmuseum-Wolfsburg-Art4All-03_2025-cMarek-Kruszewski-13-683x1024.jpg\" alt class=\"wp-image-29599\" width=\"567\" height=\"850\" srcset=\"https:\/\/www.kunstmuseum.de\/wp-content\/uploads\/2025\/03\/Kunstmuseum-Wolfsburg-Art4All-03_2025-cMarek-Kruszewski-13-683x1024.jpg 683w, https:\/\/www.kunstmuseum.de\/wp-content\/uploads\/2025\/03\/Kunstmuseum-Wolfsburg-Art4All-03_2025-cMarek-Kruszewski-13-200x300.jpg 200w, https:\/\/www.kunstmuseum.de\/wp-content\/uploads\/2025\/03\/Kunstmuseum-Wolfsburg-Art4All-03_2025-cMarek-Kruszewski-13-768x1151.jpg 768w, https:\/\/www.kunstmuseum.de\/wp-content\/uploads\/2025\/03\/Kunstmuseum-Wolfsburg-Art4All-03_2025-cMarek-Kruszewski-13-1025x1536.jpg 1025w, https:\/\/www.kunstmuseum.de\/wp-content\/uploads\/2025\/03\/Kunstmuseum-Wolfsburg-Art4All-03_2025-cMarek-Kruszewski-13-1366x2048.jpg 1366w, https:\/\/www.kunstmuseum.de\/wp-content\/uploads\/2025\/03\/Kunstmuseum-Wolfsburg-Art4All-03_2025-cMarek-Kruszewski-13-400x600.jpg 400w, https:\/\/www.kunstmuseum.de\/wp-content\/uploads\/2025\/03\/Kunstmuseum-Wolfsburg-Art4All-03_2025-cMarek-Kruszewski-13-100x150.jpg 100w, https:\/\/www.kunstmuseum.de\/wp-content\/uploads\/2025\/03\/Kunstmuseum-Wolfsburg-Art4All-03_2025-cMarek-Kruszewski-13-300x450.jpg 300w, https:\/\/www.kunstmuseum.de\/wp-content\/uploads\/2025\/03\/Kunstmuseum-Wolfsburg-Art4All-03_2025-cMarek-Kruszewski-13.jpg 1601w\" sizes=\"(max-width: 567px) 100vw, 567px\"><figcaption>Foto: Marek Kruszewski<\/figcaption><\/figure>\n<\/div>\n\n\n\n<div class=\"wp-block-column\">\n<figure class=\"wp-block-image size-large\"><img loading=\"lazy\" width=\"683\" height=\"1024\" src=\"https:\/\/www.kunstmuseum.de\/wp-content\/uploads\/2025\/03\/Kunstmuseum-Wolfsburg-Art4All-03_2025-cMarek-Kruszewski-21-683x1024.jpg\" alt class=\"wp-image-29601\" srcset=\"https:\/\/www.kunstmuseum.de\/wp-content\/uploads\/2025\/03\/Kunstmuseum-Wolfsburg-Art4All-03_2025-cMarek-Kruszewski-21-683x1024.jpg 683w, https:\/\/www.kunstmuseum.de\/wp-content\/uploads\/2025\/03\/Kunstmuseum-Wolfsburg-Art4All-03_2025-cMarek-Kruszewski-21-200x300.jpg 200w, https:\/\/www.kunstmuseum.de\/wp-content\/uploads\/2025\/03\/Kunstmuseum-Wolfsburg-Art4All-03_2025-cMarek-Kruszewski-21-768x1151.jpg 768w, https:\/\/www.kunstmuseum.de\/wp-content\/uploads\/2025\/03\/Kunstmuseum-Wolfsburg-Art4All-03_2025-cMarek-Kruszewski-21-1025x1536.jpg 1025w, https:\/\/www.kunstmuseum.de\/wp-content\/uploads\/2025\/03\/Kunstmuseum-Wolfsburg-Art4All-03_2025-cMarek-Kruszewski-21-1366x2048.jpg 1366w, https:\/\/www.kunstmuseum.de\/wp-content\/uploads\/2025\/03\/Kunstmuseum-Wolfsburg-Art4All-03_2025-cMarek-Kruszewski-21-400x600.jpg 400w, https:\/\/www.kunstmuseum.de\/wp-content\/uploads\/2025\/03\/Kunstmuseum-Wolfsburg-Art4All-03_2025-cMarek-Kruszewski-21-100x150.jpg 100w, https:\/\/www.kunstmuseum.de\/wp-content\/uploads\/2025\/03\/Kunstmuseum-Wolfsburg-Art4All-03_2025-cMarek-Kruszewski-21-300x450.jpg 300w, https:\/\/www.kunstmuseum.de\/wp-content\/uploads\/2025\/03\/Kunstmuseum-Wolfsburg-Art4All-03_2025-cMarek-Kruszewski-21.jpg 1601w\" sizes=\"(max-width: 683px) 100vw, 683px\"><figcaption>Foto: Marek Kruszewski<\/figcaption><\/figure>\n<\/div>\n<\/div>\n\n\n\n<p>Ein beson\u00adderes Highlight folgte um 18 Uhr: Der Vortrag von Dr. Insa Thiele-Eich war bis auf den letzten Platz gef\u00fcllt \u2013 120 G\u00e4ste lauschten gespannt den Ausf\u00fch\u00adrungen der Meteo\u00adro\u00adlogin und angehenden Astro\u00adnautin. Sie berich\u00adtete eindrucks\u00advoll von ihrem Werdegang, ihrer wissen\u00adschaft\u00adli\u00adchen Arbeit und ihrer inten\u00adsiven Ausbil\u00addung f\u00fcr die geplante Raumfahrt\u00admis\u00adsion zur&nbsp;ISS.<\/p>\n\n\n\n<div class=\"wp-block-columns\">\n<div class=\"wp-block-column\">\n<figure class=\"wp-block-image size-large\"><img loading=\"lazy\" width=\"683\" height=\"1024\" src=\"https:\/\/www.kunstmuseum.de\/wp-content\/uploads\/2025\/03\/Kunstmuseum-Wolfsburg-Art4All-03_2025-cMarek-Kruszewski-5-683x1024.jpg\" alt class=\"wp-image-29603\" srcset=\"https:\/\/www.kunstmuseum.de\/wp-content\/uploads\/2025\/03\/Kunstmuseum-Wolfsburg-Art4All-03_2025-cMarek-Kruszewski-5-683x1024.jpg 683w, https:\/\/www.kunstmuseum.de\/wp-content\/uploads\/2025\/03\/Kunstmuseum-Wolfsburg-Art4All-03_2025-cMarek-Kruszewski-5-200x300.jpg 200w, https:\/\/www.kunstmuseum.de\/wp-content\/uploads\/2025\/03\/Kunstmuseum-Wolfsburg-Art4All-03_2025-cMarek-Kruszewski-5-768x1151.jpg 768w, https:\/\/www.kunstmuseum.de\/wp-content\/uploads\/2025\/03\/Kunstmuseum-Wolfsburg-Art4All-03_2025-cMarek-Kruszewski-5-1025x1536.jpg 1025w, https:\/\/www.kunstmuseum.de\/wp-content\/uploads\/2025\/03\/Kunstmuseum-Wolfsburg-Art4All-03_2025-cMarek-Kruszewski-5-1366x2048.jpg 1366w, https:\/\/www.kunstmuseum.de\/wp-content\/uploads\/2025\/03\/Kunstmuseum-Wolfsburg-Art4All-03_2025-cMarek-Kruszewski-5-400x600.jpg 400w, https:\/\/www.kunstmuseum.de\/wp-content\/uploads\/2025\/03\/Kunstmuseum-Wolfsburg-Art4All-03_2025-cMarek-Kruszewski-5-100x150.jpg 100w, https:\/\/www.kunstmuseum.de\/wp-content\/uploads\/2025\/03\/Kunstmuseum-Wolfsburg-Art4All-03_2025-cMarek-Kruszewski-5-300x450.jpg 300w, https:\/\/www.kunstmuseum.de\/wp-content\/uploads\/2025\/03\/Kunstmuseum-Wolfsburg-Art4All-03_2025-cMarek-Kruszewski-5.jpg 1601w\" sizes=\"(max-width: 683px) 100vw, 683px\"><figcaption>Foto: Marek Kruszewski<\/figcaption><\/figure>\n<\/div>\n\n\n\n<div class=\"wp-block-column\">\n<figure class=\"wp-block-image size-large\"><img loading=\"lazy\" width=\"683\" height=\"1024\" src=\"https:\/\/www.kunstmuseum.de\/wp-content\/uploads\/2025\/03\/Kunstmuseum-Wolfsburg-Art4All-03_2025-cMarek-Kruszewski-1-683x1024.jpg\" alt class=\"wp-image-29605\" srcset=\"https:\/\/www.kunstmuseum.de\/wp-content\/uploads\/2025\/03\/Kunstmuseum-Wolfsburg-Art4All-03_2025-cMarek-Kruszewski-1-683x1024.jpg 683w, https:\/\/www.kunstmuseum.de\/wp-content\/uploads\/2025\/03\/Kunstmuseum-Wolfsburg-Art4All-03_2025-cMarek-Kruszewski-1-200x300.jpg 200w, https:\/\/www.kunstmuseum.de\/wp-content\/uploads\/2025\/03\/Kunstmuseum-Wolfsburg-Art4All-03_2025-cMarek-Kruszewski-1-768x1151.jpg 768w, https:\/\/www.kunstmuseum.de\/wp-content\/uploads\/2025\/03\/Kunstmuseum-Wolfsburg-Art4All-03_2025-cMarek-Kruszewski-1-1025x1536.jpg 1025w, https:\/\/www.kunstmuseum.de\/wp-content\/uploads\/2025\/03\/Kunstmuseum-Wolfsburg-Art4All-03_2025-cMarek-Kruszewski-1-1366x2048.jpg 1366w, https:\/\/www.kunstmuseum.de\/wp-content\/uploads\/2025\/03\/Kunstmuseum-Wolfsburg-Art4All-03_2025-cMarek-Kruszewski-1-400x600.jpg 400w, https:\/\/www.kunstmuseum.de\/wp-content\/uploads\/2025\/03\/Kunstmuseum-Wolfsburg-Art4All-03_2025-cMarek-Kruszewski-1-100x150.jpg 100w, https:\/\/www.kunstmuseum.de\/wp-content\/uploads\/2025\/03\/Kunstmuseum-Wolfsburg-Art4All-03_2025-cMarek-Kruszewski-1-300x450.jpg 300w, https:\/\/www.kunstmuseum.de\/wp-content\/uploads\/2025\/03\/Kunstmuseum-Wolfsburg-Art4All-03_2025-cMarek-Kruszewski-1.jpg 1601w\" sizes=\"(max-width: 683px) 100vw, 683px\"><figcaption>Foto: Marek Kruszewski<\/figcaption><\/figure>\n<\/div>\n<\/div>\n\n\n\n<p>Das Publikum \u2013 von Jung bis Alt \u2013 war faszi\u00adniert und nutzte die Gelegen\u00adheit, viele Fragen zu stellen. Die angeregte Diskus\u00adsion zeigte, wie sehr Dr. Thiele-Eichs Einblicke in die Schwe\u00adre\u00adlo\u00adsig\u00adkeit und die Erfor\u00adschung des weibli\u00adchen K\u00f6rpers im All das Interesse weckten.<\/p>\n\n\n\n<p>Der Abend im Kunst\u00admu\u00adseum Wolfsburg verband Kunst und Wissen\u00adschaft auf inspi\u00adrie\u00adrende Weise und hinter\u00adlie\u00df bei den Besuche\u00adrinnen und Besuchern bleibende Eindr\u00fccke. Wir danken allen G\u00e4sten f\u00fcr ihr Interesse und freuen uns auf weitere spannende Veranstaltungen!<\/p>\n\n\n\n<p><\/p>\n\n\n\n<p><\/p>\n\n\n\n<p><\/p>\n\n\n\n<p><\/p>\n\n\n\n<div class=\"wp-block-columns\">\n<div class=\"wp-block-column\"><\/div>\n\n\n\n<div class=\"wp-block-column\"><\/div>\n<\/div>\n","protected":false},"excerpt":{"rendered":"<p>Am 26. M\u00e4rz 2025 erlebte das Kunst\u00admu\u00adseum Wolfsburg im Rahmen des Volks\u00adwagen Group Art4All einen au\u00dfer\u00adge\u00adw\u00f6hn\u00adli\u00adchen Abend, der Wissen\u00adschaft, Kunst und Raumfahrt auf einzig\u00adar\u00adtige Weise mitein\u00adander verband. Bereits ab 16 Uhr begeis\u00adterte die Ausstel\u00adlung Schwe\u00adrelos von Leandro Erlich die zahlrei\u00adchen Besuche\u00adrinnen und Besucher. Die beein\u00addru\u00adckenden Instal\u00adla\u00adtionen des argen\u00adti\u00adni\u00adschen K\u00fcnstlers luden dazu ein, physi\u00adka\u00adli\u00adsche Gesetze spielerisch&nbsp;[\u2026]<\/p>\n","protected":false},"author":5,"featured_media":29607,"comment_status":"closed","ping_status":"closed","sticky":false,"template":"","format":"standard","meta":{"wp_typography_post_enhancements_disabled":false,"kunstmuseum_formatted_page_title":""},"categories":[1],"tags":[621,581],"yoast_head":"<!-- This site is optimized with the Yoast SEO plugin v19.4 - https:\/\/yoast.com\/wordpress\/plugins\/seo\/ -->\n<title>R\u00fcckblick: Ein faszinierender Abend mit Dr. Insa Thiele-Eich im Kunstmuseum Wolfsburg - Kunstmuseum Wolfsburg<\/title>\n<meta name=\"robots\" content=\"index, follow, max-snippet:-1, max-image-preview:large, max-video-preview:-1\" \/>\n<link rel=\"canonical\" href=\"https:\/\/www.kunstmuseum.de\/en\/2025\/03\/volkswagen-group-art4all-im-maerz-mit-besonderen-highlights\/\" \/>\n<meta property=\"og:locale\" content=\"en_US\" \/>\n<meta property=\"og:type\" content=\"article\" \/>\n<meta property=\"og:title\" content=\"R\u00fcckblick: Ein faszinierender Abend mit Dr. Insa Thiele-Eich im Kunstmuseum Wolfsburg - Kunstmuseum Wolfsburg\" \/>\n<meta property=\"og:description\" content=\"Am 26. M\u00e4rz 2025 erlebte das Kunst\u00admu\u00adseum Wolfsburg im Rahmen des Volks\u00adwagen Group Art4All einen au\u00dfer\u00adge\u00adw\u00f6hn\u00adli\u00adchen Abend, der Wissen\u00adschaft, Kunst und Raumfahrt auf einzig\u00adar\u00adtige Weise mitein\u00adander verband. Bereits ab 16 Uhr begeis\u00adterte die Ausstel\u00adlung Schwe\u00adrelos von Leandro Erlich die zahlrei\u00adchen Besuche\u00adrinnen und Besucher. Die beein\u00addru\u00adckenden Instal\u00adla\u00adtionen des argen\u00adti\u00adni\u00adschen K\u00fcnstlers luden dazu ein, physi\u00adka\u00adli\u00adsche Gesetze spiele\u00adrisch [&hellip;]\" \/>\n<meta property=\"og:url\" content=\"https:\/\/www.kunstmuseum.de\/en\/2025\/03\/volkswagen-group-art4all-im-maerz-mit-besonderen-highlights\/\" \/>\n<meta property=\"og:site_name\" content=\"Kunstmuseum Wolfsburg\" \/>\n<meta property=\"article:publisher\" content=\"https:\/\/www.facebook.com\/KunstmuseumWolfsburg\" \/>\n<meta property=\"article:published_time\" content=\"2025-03-26T06:49:00+00:00\" \/>\n<meta property=\"article:modified_time\" content=\"2025-03-28T07:52:18+00:00\" \/>\n<meta property=\"og:image\" content=\"https:\/\/www.kunstmuseum.de\/wp-content\/uploads\/2025\/03\/Kunstmuseum-Wolfsburg-Art4All-03_2025-cMarek-Kruszewski-6_1.jpg\" \/>\n\t<meta property=\"og:image:width\" content=\"1601\" \/>\n\t<meta property=\"og:image:height\" content=\"1309\" \/>\n\t<meta property=\"og:image:type\" content=\"image\/jpeg\" \/>\n<meta name=\"author\" content=\"Susan Rosenbaum\" \/>\n<meta name=\"twitter:card\" content=\"summary_large_image\" \/>\n<meta name=\"twitter:creator\" content=\"@kunstmuseumwob\" \/>\n<meta name=\"twitter:site\" content=\"@kunstmuseumwob\" \/>\n<meta name=\"twitter:label1\" content=\"Written by\" \/>\n\t<meta name=\"twitter:data1\" content=\"Susan Rosenbaum\" \/>\n\t<meta name=\"twitter:label2\" content=\"Est. reading time\" \/>\n\t<meta name=\"twitter:data2\" content=\"3 minutes\" \/>\n<script type=\"application\/ld+json\" class=\"yoast-schema-graph\">{\"@context\":\"https:\/\/schema.org\",\"@graph\":[{\"@type\":\"Organization\",\"@id\":\"https:\/\/www.kunstmuseum.de\/en\/#organization\",\"name\":\"Kunstmuseum Wolfsburg\",\"url\":\"https:\/\/www.kunstmuseum.de\/en\/\",\"sameAs\":[\"https:\/\/www.instagram.com\/kunstmuseumwolfsburg\/\",\"https:\/\/www.linkedin.com\/company\/kunstmuseum-wolfsburg\/\",\"https:\/\/www.youtube.com\/user\/KunstmuseumWolfsburg\",\"https:\/\/de.wikipedia.org\/wiki\/Kunstmuseum_Wolfsburg\",\"https:\/\/www.facebook.com\/KunstmuseumWolfsburg\",\"https:\/\/twitter.com\/kunstmuseumwob\"],\"logo\":{\"@type\":\"ImageObject\",\"inLanguage\":\"en-US\",\"@id\":\"https:\/\/www.kunstmuseum.de\/en\/#\/schema\/logo\/image\/\",\"url\":\"https:\/\/www.kunstmuseum.de\/wp-content\/uploads\/2020\/05\/191125_KMW_Wortmarke_RGB_schwarz.svg\",\"contentUrl\":\"https:\/\/www.kunstmuseum.de\/wp-content\/uploads\/2020\/05\/191125_KMW_Wortmarke_RGB_schwarz.svg\",\"caption\":\"Kunstmuseum Wolfsburg\"},\"image\":{\"@id\":\"https:\/\/www.kunstmuseum.de\/en\/#\/schema\/logo\/image\/\"}},{\"@type\":\"WebSite\",\"@id\":\"https:\/\/www.kunstmuseum.de\/en\/#website\",\"url\":\"https:\/\/www.kunstmuseum.de\/en\/\",\"name\":\"Kunstmuseum Wolfsburg\",\"description\":\"\",\"publisher\":{\"@id\":\"https:\/\/www.kunstmuseum.de\/en\/#organization\"},\"potentialAction\":[{\"@type\":\"SearchAction\",\"target\":{\"@type\":\"EntryPoint\",\"urlTemplate\":\"https:\/\/www.kunstmuseum.de\/en\/?s={search_term_string}\"},\"query-input\":\"required name=search_term_string\"}],\"inLanguage\":\"en-US\"},{\"@type\":\"WebPage\",\"@id\":\"https:\/\/www.kunstmuseum.de\/en\/2025\/03\/volkswagen-group-art4all-im-maerz-mit-besonderen-highlights\/\",\"url\":\"https:\/\/www.kunstmuseum.de\/en\/2025\/03\/volkswagen-group-art4all-im-maerz-mit-besonderen-highlights\/\",\"name\":\"R\u00fcckblick: Ein faszinierender Abend mit Dr. Insa Thiele-Eich im Kunstmuseum Wolfsburg - Kunstmuseum Wolfsburg\",\"isPartOf\":{\"@id\":\"https:\/\/www.kunstmuseum.de\/en\/#website\"},\"datePublished\":\"2025-03-26T06:49:00+00:00\",\"dateModified\":\"2025-03-28T07:52:18+00:00\",\"breadcrumb\":{\"@id\":\"https:\/\/www.kunstmuseum.de\/en\/2025\/03\/volkswagen-group-art4all-im-maerz-mit-besonderen-highlights\/#breadcrumb\"},\"inLanguage\":\"en-US\",\"potentialAction\":[{\"@type\":\"ReadAction\",\"target\":[\"https:\/\/www.kunstmuseum.de\/en\/2025\/03\/volkswagen-group-art4all-im-maerz-mit-besonderen-highlights\/\"]}]},{\"@type\":\"BreadcrumbList\",\"@id\":\"https:\/\/www.kunstmuseum.de\/en\/2025\/03\/volkswagen-group-art4all-im-maerz-mit-besonderen-highlights\/#breadcrumb\",\"itemListElement\":[{\"@type\":\"ListItem\",\"position\":1,\"name\":\"Startseite\",\"item\":\"https:\/\/www.kunstmuseum.de\/en\/\"},{\"@type\":\"ListItem\",\"position\":2,\"name\":\"R\u00fcckblick: Ein faszinierender Abend mit Dr. Insa Thiele-Eich im Kunstmuseum Wolfsburg\"}]},{\"@type\":\"Article\",\"@id\":\"https:\/\/www.kunstmuseum.de\/en\/2025\/03\/volkswagen-group-art4all-im-maerz-mit-besonderen-highlights\/#article\",\"isPartOf\":{\"@id\":\"https:\/\/www.kunstmuseum.de\/en\/2025\/03\/volkswagen-group-art4all-im-maerz-mit-besonderen-highlights\/\"},\"author\":{\"name\":\"Susan Rosenbaum\",\"@id\":\"https:\/\/www.kunstmuseum.de\/en\/#\/schema\/person\/775642862ab086db83c7be0ba9463566\"},\"headline\":\"R\u00fcckblick: Ein faszinierender Abend mit Dr. Insa Thiele-Eich im Kunstmuseum Wolfsburg\",\"datePublished\":\"2025-03-26T06:49:00+00:00\",\"dateModified\":\"2025-03-28T07:52:18+00:00\",\"mainEntityOfPage\":{\"@id\":\"https:\/\/www.kunstmuseum.de\/en\/2025\/03\/volkswagen-group-art4all-im-maerz-mit-besonderen-highlights\/\"},\"wordCount\":225,\"publisher\":{\"@id\":\"https:\/\/www.kunstmuseum.de\/en\/#organization\"},\"keywords\":[\"Leandro Erlich\",\"Volkswagen Group Art4All\"],\"articleSection\":[\"Unkategorisiert\"],\"inLanguage\":\"en-US\"},{\"@type\":\"Person\",\"@id\":\"https:\/\/www.kunstmuseum.de\/en\/#\/schema\/person\/775642862ab086db83c7be0ba9463566\",\"name\":\"Susan Rosenbaum\",\"image\":{\"@type\":\"ImageObject\",\"inLanguage\":\"en-US\",\"@id\":\"https:\/\/www.kunstmuseum.de\/en\/#\/schema\/person\/image\/\",\"url\":\"https:\/\/secure.gravatar.com\/avatar\/b659811d8cda6e9cbb18ef6babebaef9?s=96&d=mm&r=g\",\"contentUrl\":\"https:\/\/secure.gravatar.com\/avatar\/b659811d8cda6e9cbb18ef6babebaef9?s=96&d=mm&r=g\",\"caption\":\"Susan Rosenbaum\"}}]}<\/script>\n<!-- \/ Yoast SEO plugin. -->","yoast_head_json":{"title":"R\u00fcckblick: Ein faszinierender Abend mit Dr. Insa Thiele-Eich im Kunstmuseum Wolfsburg - Kunstmuseum Wolfsburg","robots":{"index":"index","follow":"follow","max-snippet":"max-snippet:-1","max-image-preview":"max-image-preview:large","max-video-preview":"max-video-preview:-1"},"canonical":"https:\/\/www.kunstmuseum.de\/en\/2025\/03\/volkswagen-group-art4all-im-maerz-mit-besonderen-highlights\/","og_locale":"en_US","og_type":"article","og_title":"R\u00fcckblick: Ein faszinierender Abend mit Dr. Insa Thiele-Eich im Kunstmuseum Wolfsburg - Kunstmuseum Wolfsburg","og_description":"Am 26. M\u00e4rz 2025 erlebte das Kunst\u00admu\u00adseum Wolfsburg im Rahmen des Volks\u00adwagen Group Art4All einen au\u00dfer\u00adge\u00adw\u00f6hn\u00adli\u00adchen Abend, der Wissen\u00adschaft, Kunst und Raumfahrt auf einzig\u00adar\u00adtige Weise mitein\u00adander verband. Bereits ab 16 Uhr begeis\u00adterte die Ausstel\u00adlung Schwe\u00adrelos von Leandro Erlich die zahlrei\u00adchen Besuche\u00adrinnen und Besucher. Die beein\u00addru\u00adckenden Instal\u00adla\u00adtionen des argen\u00adti\u00adni\u00adschen K\u00fcnstlers luden dazu ein, physi\u00adka\u00adli\u00adsche Gesetze spiele\u00adrisch [&hellip;]","og_url":"https:\/\/www.kunstmuseum.de\/en\/2025\/03\/volkswagen-group-art4all-im-maerz-mit-besonderen-highlights\/","og_site_name":"Kunstmuseum Wolfsburg","article_publisher":"https:\/\/www.facebook.com\/KunstmuseumWolfsburg","article_published_time":"2025-03-26T06:49:00+00:00","article_modified_time":"2025-03-28T07:52:18+00:00","og_image":[{"width":1601,"height":1309,"url":"https:\/\/www.kunstmuseum.de\/wp-content\/uploads\/2025\/03\/Kunstmuseum-Wolfsburg-Art4All-03_2025-cMarek-Kruszewski-6_1.jpg","type":"image\/jpeg"}],"author":"Susan Rosenbaum","twitter_card":"summary_large_image","twitter_creator":"@kunstmuseumwob","twitter_site":"@kunstmuseumwob","twitter_misc":{"Written by":"Susan Rosenbaum","Est. reading time":"3 minutes"},"schema":{"@context":"https:\/\/schema.org","@graph":[{"@type":"Organization","@id":"https:\/\/www.kunstmuseum.de\/en\/#organization","name":"Kunstmuseum Wolfsburg","url":"https:\/\/www.kunstmuseum.de\/en\/","sameAs":["https:\/\/www.instagram.com\/kunstmuseumwolfsburg\/","https:\/\/www.linkedin.com\/company\/kunstmuseum-wolfsburg\/","https:\/\/www.youtube.com\/user\/KunstmuseumWolfsburg","https:\/\/de.wikipedia.org\/wiki\/Kunstmuseum_Wolfsburg","https:\/\/www.facebook.com\/KunstmuseumWolfsburg","https:\/\/twitter.com\/kunstmuseumwob"],"logo":{"@type":"ImageObject","inLanguage":"en-US","@id":"https:\/\/www.kunstmuseum.de\/en\/#\/schema\/logo\/image\/","url":"https:\/\/www.kunstmuseum.de\/wp-content\/uploads\/2020\/05\/191125_KMW_Wortmarke_RGB_schwarz.svg","contentUrl":"https:\/\/www.kunstmuseum.de\/wp-content\/uploads\/2020\/05\/191125_KMW_Wortmarke_RGB_schwarz.svg","caption":"Kunstmuseum Wolfsburg"},"image":{"@id":"https:\/\/www.kunstmuseum.de\/en\/#\/schema\/logo\/image\/"}},{"@type":"WebSite","@id":"https:\/\/www.kunstmuseum.de\/en\/#website","url":"https:\/\/www.kunstmuseum.de\/en\/","name":"Kunstmuseum Wolfsburg","description":"","publisher":{"@id":"https:\/\/www.kunstmuseum.de\/en\/#organization"},"potentialAction":[{"@type":"SearchAction","target":{"@type":"EntryPoint","urlTemplate":"https:\/\/www.kunstmuseum.de\/en\/?s={search_term_string}"},"query-input":"required name=search_term_string"}],"inLanguage":"en-US"},{"@type":"WebPage","@id":"https:\/\/www.kunstmuseum.de\/en\/2025\/03\/volkswagen-group-art4all-im-maerz-mit-besonderen-highlights\/","url":"https:\/\/www.kunstmuseum.de\/en\/2025\/03\/volkswagen-group-art4all-im-maerz-mit-besonderen-highlights\/","name":"R\u00fcckblick: Ein faszinierender Abend mit Dr. Insa Thiele-Eich im Kunstmuseum Wolfsburg - Kunstmuseum Wolfsburg","isPartOf":{"@id":"https:\/\/www.kunstmuseum.de\/en\/#website"},"datePublished":"2025-03-26T06:49:00+00:00","dateModified":"2025-03-28T07:52:18+00:00","breadcrumb":{"@id":"https:\/\/www.kunstmuseum.de\/en\/2025\/03\/volkswagen-group-art4all-im-maerz-mit-besonderen-highlights\/#breadcrumb"},"inLanguage":"en-US","potentialAction":[{"@type":"ReadAction","target":["https:\/\/www.kunstmuseum.de\/en\/2025\/03\/volkswagen-group-art4all-im-maerz-mit-besonderen-highlights\/"]}]},{"@type":"BreadcrumbList","@id":"https:\/\/www.kunstmuseum.de\/en\/2025\/03\/volkswagen-group-art4all-im-maerz-mit-besonderen-highlights\/#breadcrumb","itemListElement":[{"@type":"ListItem","position":1,"name":"Startseite","item":"https:\/\/www.kunstmuseum.de\/en\/"},{"@type":"ListItem","position":2,"name":"R\u00fcckblick: Ein faszinierender Abend mit Dr. Insa Thiele-Eich im Kunstmuseum Wolfsburg"}]},{"@type":"Article","@id":"https:\/\/www.kunstmuseum.de\/en\/2025\/03\/volkswagen-group-art4all-im-maerz-mit-besonderen-highlights\/#article","isPartOf":{"@id":"https:\/\/www.kunstmuseum.de\/en\/2025\/03\/volkswagen-group-art4all-im-maerz-mit-besonderen-highlights\/"},"author":{"name":"Susan Rosenbaum","@id":"https:\/\/www.kunstmuseum.de\/en\/#\/schema\/person\/775642862ab086db83c7be0ba9463566"},"headline":"R\u00fcckblick: Ein faszinierender Abend mit Dr. Insa Thiele-Eich im Kunstmuseum Wolfsburg","datePublished":"2025-03-26T06:49:00+00:00","dateModified":"2025-03-28T07:52:18+00:00","mainEntityOfPage":{"@id":"https:\/\/www.kunstmuseum.de\/en\/2025\/03\/volkswagen-group-art4all-im-maerz-mit-besonderen-highlights\/"},"wordCount":225,"publisher":{"@id":"https:\/\/www.kunstmuseum.de\/en\/#organization"},"keywords":["Leandro Erlich","Volkswagen Group Art4All"],"articleSection":["Unkategorisiert"],"inLanguage":"en-US"},{"@type":"Person","@id":"https:\/\/www.kunstmuseum.de\/en\/#\/schema\/person\/775642862ab086db83c7be0ba9463566","name":"Susan Rosenbaum","image":{"@type":"ImageObject","inLanguage":"en-US","@id":"https:\/\/www.kunstmuseum.de\/en\/#\/schema\/person\/image\/","url":"https:\/\/secure.gravatar.com\/avatar\/b659811d8cda6e9cbb18ef6babebaef9?s=96&d=mm&r=g","contentUrl":"https:\/\/secure.gravatar.com\/avatar\/b659811d8cda6e9cbb18ef6babebaef9?s=96&d=mm&r=g","caption":"Susan Rosenbaum"}}]}},"_links":{"self":[{"href":"https:\/\/www.kunstmuseum.de\/en\/wp-json\/wp\/v2\/posts\/29396"}],"collection":[{"href":"https:\/\/www.kunstmuseum.de\/en\/wp-json\/wp\/v2\/posts"}],"about":[{"href":"https:\/\/www.kunstmuseum.de\/en\/wp-json\/wp\/v2\/types\/post"}],"author":[{"embeddable":true,"href":"https:\/\/www.kunstmuseum.de\/en\/wp-json\/wp\/v2\/users\/5"}],"replies":[{"embeddable":true,"href":"https:\/\/www.kunstmuseum.de\/en\/wp-json\/wp\/v2\/comments?post=29396"}],"version-history":[{"count":17,"href":"https:\/\/www.kunstmuseum.de\/en\/wp-json\/wp\/v2\/posts\/29396\/revisions"}],"predecessor-version":[{"id":29609,"href":"https:\/\/www.kunstmuseum.de\/en\/wp-json\/wp\/v2\/posts\/29396\/revisions\/29609"}],"wp:featuredmedia":[{"embeddable":true,"href":"https:\/\/www.kunstmuseum.de\/en\/wp-json\/wp\/v2\/media\/29607"}],"wp:attachment":[{"href":"https:\/\/www.kunstmuseum.de\/en\/wp-json\/wp\/v2\/media?parent=29396"}],"wp:term":[{"taxonomy":"category","embeddable":true,"href":"https:\/\/www.kunstmuseum.de\/en\/wp-json\/wp\/v2\/categories?post=29396"},{"taxonomy":"post_tag","embeddable":true,"href":"https:\/\/www.kunstmuseum.de\/en\/wp-json\/wp\/v2\/tags?post=29396"}],"curies":[{"name":"wp","href":"https:\/\/api.w.org\/{rel}","templated":true}]}}