{"id":29933,"date":"2025-05-09T20:05:00","date_gmt":"2025-05-09T18:05:00","guid":{"rendered":"https:\/\/www.kunstmuseum.de\/?p=29933"},"modified":"2025-05-09T20:51:22","modified_gmt":"2025-05-09T18:51:22","slug":"family-friends-day-im-kunstmuseum-wolfsburg","status":"publish","type":"post","link":"https:\/\/www.kunstmuseum.de\/en\/2025\/05\/family-friends-day-im-kunstmuseum-wolfsburg\/","title":{"rendered":"Friends &amp; Family Day am 11. Mai im Kunstmuseum Wolfsburg"},"content":{"rendered":"\n<p><strong>Ein Tag des Mitein\u00adan\u00adders im Museum<\/strong><\/p>\n\n\n\n<p>Am Family &amp; Friends Day l\u00e4dt das Kunst\u00admu\u00adseum Wolfsburg alle Inter\u00ades\u00adsierten herzlich ein, gemeinsam einen Tag voller Wertsch\u00e4t\u00adzung, Kreati\u00advit\u00e4t und Gemein\u00adschaft zu erleben. Ob mit Familie, Freund*innen oder solo \u2013 es erwarten die Besucher*innen zahlreiche lebendige Angebote zum Entdecken, Mitmachen und Austauschen.<\/p>\n\n\n\n<p>Von Bilder\u00adbuch\u00adle\u00adsungen f\u00fcr Gro\u00df und Klein \u00fcber kreative Workshops bis hin zu F\u00fchrungen durch aktuelle Ausstel\u00adlungen \u2013 das abwechs\u00adlungs\u00adreiche Programm bietet f\u00fcr alle Alters\u00adgruppen etwas. Gemeinsam mit K\u00fcnstler*innen und Vermittler*innen \u00f6ffnet das Museum seine R\u00e4ume f\u00fcr inspi\u00adrie\u00adrende Begeg\u00adnungen und gemein\u00adsames Gestalten.<\/p>\n\n\n\n<h3><strong>Das Programm im \u00dcberblick:<\/strong><\/h3>\n\n\n\n<p>\ud83d\udd5a <strong>11\u201312 Uhr<\/strong><br>F\u00fchrung durch die neue Ausstel\u00adlung <em>Freischwimmen. K\u00f6pper in die&nbsp;Kunst!<\/em><\/p>\n\n\n\n<p>\ud83c\udfa8 <strong>11\u201316 Uhr<\/strong><br>Freund\u00adschafts\u00adarm\u00adb\u00e4nder kn\u00fcpfen<br>Studio Digital: Schl\u00fcs\u00adsel\u00adan\u00adh\u00e4nger gestalten (in der Ausstellung)<\/p>\n\n\n\n<p>\ud83d\udcda <strong>12\u201312.30 Uhr<\/strong><br>Bilder\u00adbuch\u00adle\u00adsung f\u00fcr Gro\u00df und&nbsp;Klein<\/p>\n\n\n\n<p>\ud83d\uddbc\ufe0f <strong>13\u201313.30 Uhr<\/strong><br>F\u00fchrung durch die Ausstel\u00adlung <em>Leandro Erlich. Schwerelos<\/em><\/p>\n\n\n\n<p>\ud83e\uddf6 <strong>13\u201315 Uhr<\/strong><br>Workshop <strong>\u201eFeel Free\u201c<\/strong> mit der K\u00fcnst\u00adlerin Iryna Vorona<\/p>\n\n\n\n<p>\ud83d\udd8c\ufe0f <strong>14\u201315 Uhr<\/strong><br>F\u00fchrung durch die Ausstel\u00adlung <em>Freischwimmen. K\u00f6pper in die&nbsp;Kunst!<\/em><\/p>\n\n\n\n<p>\ud83d\udcd6 <strong>14\u201314.30 Uhr<\/strong><br>Bilder\u00adbuch\u00adle\u00adsung f\u00fcr Gro\u00df und&nbsp;Klein<\/p>\n\n\n\n<p>\ud83d\udcd6 <strong>15.30\u201316 Uhr<\/strong><br>Bilder\u00adbuch\u00adle\u00adsung f\u00fcr Gro\u00df und&nbsp;Klein<\/p>\n\n\n\n<p>*\u00c4nderungen im Ablauf vorbehalten.<\/p>\n\n\n\n<h3><strong>Eintritt &amp; Teilnahme am Programm:<\/strong><\/h3>\n\n\n\n<p>\u2013 Erwach\u00adsene: 15 \u20ac<br>\u2013 Senior*innen ab 66 Jahren: 9 \u20ac<br>\u2013 Jugend\u00adliche ab 19 Jahren: 5 \u20ac<br>\u2013 Kinder und Jugend\u00adliche bis einschlie\u00df\u00adlich 18 Jahre: <strong>frei<\/strong><\/p>\n\n\n\n<hr class=\"wp-block-separator\">\n\n\n\n<p>Der Family &amp; Friends Day bietet Gelegen\u00adheit, das Museum nicht nur als Ort der Kunst, sondern auch als Raum der Begegnung zu erleben. F\u00fcr alle, die Kunst, Austausch und gemein\u00adsames Erleben mitein\u00adander verbinden m\u00f6chten, ist dieser Tag eine herzliche Einladung \u2013 ganz im Zeichen der Offenheit und des Miteinanders.<\/p>\n","protected":false},"excerpt":{"rendered":"<p>Ein Tag des Mitein\u00adan\u00adders im Museum Am Family &amp; Friends Day l\u00e4dt das Kunst\u00admu\u00adseum Wolfsburg alle Inter\u00ades\u00adsierten herzlich ein, gemeinsam einen Tag voller Wertsch\u00e4t\u00adzung, Kreati\u00advit\u00e4t und Gemein\u00adschaft zu erleben. Ob mit Familie, Freund*innen oder solo \u2013 es erwarten die Besucher*innen zahlreiche lebendige Angebote zum Entdecken, Mitmachen und Austau\u00adschen. Von Bilder\u00adbuch\u00adle\u00adsungen f\u00fcr Gro\u00df und Klein&nbsp;\u00fcber&nbsp;[\u2026]<\/p>\n","protected":false},"author":1499,"featured_media":29934,"comment_status":"closed","ping_status":"closed","sticky":false,"template":"","format":"standard","meta":{"wp_typography_post_enhancements_disabled":false,"kunstmuseum_formatted_page_title":""},"categories":[1],"tags":[651,446,621],"yoast_head":"<!-- This site is optimized with the Yoast SEO plugin v19.4 - https:\/\/yoast.com\/wordpress\/plugins\/seo\/ -->\n<title>Friends &amp; Family Day am 11. Mai im Kunstmuseum Wolfsburg - Kunstmuseum Wolfsburg<\/title>\n<meta name=\"robots\" content=\"index, follow, max-snippet:-1, max-image-preview:large, max-video-preview:-1\" \/>\n<link rel=\"canonical\" href=\"https:\/\/www.kunstmuseum.de\/en\/2025\/05\/family-friends-day-im-kunstmuseum-wolfsburg\/\" \/>\n<meta property=\"og:locale\" content=\"en_US\" \/>\n<meta property=\"og:type\" content=\"article\" \/>\n<meta property=\"og:title\" content=\"Friends &amp; Family Day am 11. Mai im Kunstmuseum Wolfsburg - Kunstmuseum Wolfsburg\" \/>\n<meta property=\"og:description\" content=\"Ein Tag des Mitein\u00adan\u00adders im Museum Am Family &amp; Friends Day l\u00e4dt das Kunst\u00admu\u00adseum Wolfsburg alle Inter\u00ades\u00adsierten herzlich ein, gemeinsam einen Tag voller Wertsch\u00e4t\u00adzung, Kreati\u00advit\u00e4t und Gemein\u00adschaft zu erleben. Ob mit Familie, Freund*innen oder solo \u2013 es erwarten die Besucher*innen zahlreiche lebendige Angebote zum Entdecken, Mitmachen und Austauschen. Von Bilder\u00adbuch\u00adle\u00adsungen f\u00fcr Gro\u00df und Klein \u00fcber [&hellip;]\" \/>\n<meta property=\"og:url\" content=\"https:\/\/www.kunstmuseum.de\/en\/2025\/05\/family-friends-day-im-kunstmuseum-wolfsburg\/\" \/>\n<meta property=\"og:site_name\" content=\"Kunstmuseum Wolfsburg\" \/>\n<meta property=\"article:publisher\" content=\"https:\/\/www.facebook.com\/KunstmuseumWolfsburg\" \/>\n<meta property=\"article:published_time\" content=\"2025-05-09T18:05:00+00:00\" \/>\n<meta property=\"article:modified_time\" content=\"2025-05-09T18:51:22+00:00\" \/>\n<meta property=\"og:image\" content=\"https:\/\/www.kunstmuseum.de\/wp-content\/uploads\/2025\/05\/Orange.png\" \/>\n\t<meta property=\"og:image:width\" content=\"900\" \/>\n\t<meta property=\"og:image:height\" content=\"600\" \/>\n\t<meta property=\"og:image:type\" content=\"image\/png\" \/>\n<meta name=\"author\" content=\"Kaye Lomas\" \/>\n<meta name=\"twitter:card\" content=\"summary_large_image\" \/>\n<meta name=\"twitter:creator\" content=\"@kunstmuseumwob\" \/>\n<meta name=\"twitter:site\" content=\"@kunstmuseumwob\" \/>\n<meta name=\"twitter:label1\" content=\"Written by\" \/>\n\t<meta name=\"twitter:data1\" content=\"Kaye Lomas\" \/>\n\t<meta name=\"twitter:label2\" content=\"Est. reading time\" \/>\n\t<meta name=\"twitter:data2\" content=\"2 minutes\" \/>\n<script type=\"application\/ld+json\" class=\"yoast-schema-graph\">{\"@context\":\"https:\/\/schema.org\",\"@graph\":[{\"@type\":\"Organization\",\"@id\":\"https:\/\/www.kunstmuseum.de\/en\/#organization\",\"name\":\"Kunstmuseum Wolfsburg\",\"url\":\"https:\/\/www.kunstmuseum.de\/en\/\",\"sameAs\":[\"https:\/\/www.instagram.com\/kunstmuseumwolfsburg\/\",\"https:\/\/www.linkedin.com\/company\/kunstmuseum-wolfsburg\/\",\"https:\/\/www.youtube.com\/user\/KunstmuseumWolfsburg\",\"https:\/\/de.wikipedia.org\/wiki\/Kunstmuseum_Wolfsburg\",\"https:\/\/www.facebook.com\/KunstmuseumWolfsburg\",\"https:\/\/twitter.com\/kunstmuseumwob\"],\"logo\":{\"@type\":\"ImageObject\",\"inLanguage\":\"en-US\",\"@id\":\"https:\/\/www.kunstmuseum.de\/en\/#\/schema\/logo\/image\/\",\"url\":\"https:\/\/www.kunstmuseum.de\/wp-content\/uploads\/2020\/05\/191125_KMW_Wortmarke_RGB_schwarz.svg\",\"contentUrl\":\"https:\/\/www.kunstmuseum.de\/wp-content\/uploads\/2020\/05\/191125_KMW_Wortmarke_RGB_schwarz.svg\",\"caption\":\"Kunstmuseum Wolfsburg\"},\"image\":{\"@id\":\"https:\/\/www.kunstmuseum.de\/en\/#\/schema\/logo\/image\/\"}},{\"@type\":\"WebSite\",\"@id\":\"https:\/\/www.kunstmuseum.de\/en\/#website\",\"url\":\"https:\/\/www.kunstmuseum.de\/en\/\",\"name\":\"Kunstmuseum Wolfsburg\",\"description\":\"\",\"publisher\":{\"@id\":\"https:\/\/www.kunstmuseum.de\/en\/#organization\"},\"potentialAction\":[{\"@type\":\"SearchAction\",\"target\":{\"@type\":\"EntryPoint\",\"urlTemplate\":\"https:\/\/www.kunstmuseum.de\/en\/?s={search_term_string}\"},\"query-input\":\"required name=search_term_string\"}],\"inLanguage\":\"en-US\"},{\"@type\":\"WebPage\",\"@id\":\"https:\/\/www.kunstmuseum.de\/en\/2025\/05\/family-friends-day-im-kunstmuseum-wolfsburg\/\",\"url\":\"https:\/\/www.kunstmuseum.de\/en\/2025\/05\/family-friends-day-im-kunstmuseum-wolfsburg\/\",\"name\":\"Friends & Family Day am 11. Mai im Kunstmuseum Wolfsburg - Kunstmuseum Wolfsburg\",\"isPartOf\":{\"@id\":\"https:\/\/www.kunstmuseum.de\/en\/#website\"},\"datePublished\":\"2025-05-09T18:05:00+00:00\",\"dateModified\":\"2025-05-09T18:51:22+00:00\",\"breadcrumb\":{\"@id\":\"https:\/\/www.kunstmuseum.de\/en\/2025\/05\/family-friends-day-im-kunstmuseum-wolfsburg\/#breadcrumb\"},\"inLanguage\":\"en-US\",\"potentialAction\":[{\"@type\":\"ReadAction\",\"target\":[\"https:\/\/www.kunstmuseum.de\/en\/2025\/05\/family-friends-day-im-kunstmuseum-wolfsburg\/\"]}]},{\"@type\":\"BreadcrumbList\",\"@id\":\"https:\/\/www.kunstmuseum.de\/en\/2025\/05\/family-friends-day-im-kunstmuseum-wolfsburg\/#breadcrumb\",\"itemListElement\":[{\"@type\":\"ListItem\",\"position\":1,\"name\":\"Startseite\",\"item\":\"https:\/\/www.kunstmuseum.de\/en\/\"},{\"@type\":\"ListItem\",\"position\":2,\"name\":\"Friends &#038; Family Day am 11. Mai im Kunstmuseum Wolfsburg\"}]},{\"@type\":\"Article\",\"@id\":\"https:\/\/www.kunstmuseum.de\/en\/2025\/05\/family-friends-day-im-kunstmuseum-wolfsburg\/#article\",\"isPartOf\":{\"@id\":\"https:\/\/www.kunstmuseum.de\/en\/2025\/05\/family-friends-day-im-kunstmuseum-wolfsburg\/\"},\"author\":{\"name\":\"Kaye Lomas\",\"@id\":\"https:\/\/www.kunstmuseum.de\/en\/#\/schema\/person\/33ce7ce14546b222bfd6a357a22cd681\"},\"headline\":\"Friends &amp; Family Day am 11. Mai im Kunstmuseum Wolfsburg\",\"datePublished\":\"2025-05-09T18:05:00+00:00\",\"dateModified\":\"2025-05-09T18:51:22+00:00\",\"mainEntityOfPage\":{\"@id\":\"https:\/\/www.kunstmuseum.de\/en\/2025\/05\/family-friends-day-im-kunstmuseum-wolfsburg\/\"},\"wordCount\":257,\"publisher\":{\"@id\":\"https:\/\/www.kunstmuseum.de\/en\/#organization\"},\"keywords\":[\"Freischwimmen\",\"Kunstvermittlung\",\"Leandro Erlich\"],\"articleSection\":[\"Unkategorisiert\"],\"inLanguage\":\"en-US\"},{\"@type\":\"Person\",\"@id\":\"https:\/\/www.kunstmuseum.de\/en\/#\/schema\/person\/33ce7ce14546b222bfd6a357a22cd681\",\"name\":\"Kaye Lomas\",\"image\":{\"@type\":\"ImageObject\",\"inLanguage\":\"en-US\",\"@id\":\"https:\/\/www.kunstmuseum.de\/en\/#\/schema\/person\/image\/\",\"url\":\"https:\/\/secure.gravatar.com\/avatar\/a04b8c1d583166ba071debc422468dac?s=96&d=mm&r=g\",\"contentUrl\":\"https:\/\/secure.gravatar.com\/avatar\/a04b8c1d583166ba071debc422468dac?s=96&d=mm&r=g\",\"caption\":\"Kaye Lomas\"}}]}<\/script>\n<!-- \/ Yoast SEO plugin. -->","yoast_head_json":{"title":"Friends & Family Day am 11. Mai im Kunstmuseum Wolfsburg - Kunstmuseum Wolfsburg","robots":{"index":"index","follow":"follow","max-snippet":"max-snippet:-1","max-image-preview":"max-image-preview:large","max-video-preview":"max-video-preview:-1"},"canonical":"https:\/\/www.kunstmuseum.de\/en\/2025\/05\/family-friends-day-im-kunstmuseum-wolfsburg\/","og_locale":"en_US","og_type":"article","og_title":"Friends & Family Day am 11. Mai im Kunstmuseum Wolfsburg - Kunstmuseum Wolfsburg","og_description":"Ein Tag des Mitein\u00adan\u00adders im Museum Am Family &amp; Friends Day l\u00e4dt das Kunst\u00admu\u00adseum Wolfsburg alle Inter\u00ades\u00adsierten herzlich ein, gemeinsam einen Tag voller Wertsch\u00e4t\u00adzung, Kreati\u00advit\u00e4t und Gemein\u00adschaft zu erleben. Ob mit Familie, Freund*innen oder solo \u2013 es erwarten die Besucher*innen zahlreiche lebendige Angebote zum Entdecken, Mitmachen und Austauschen. Von Bilder\u00adbuch\u00adle\u00adsungen f\u00fcr Gro\u00df und Klein \u00fcber [&hellip;]","og_url":"https:\/\/www.kunstmuseum.de\/en\/2025\/05\/family-friends-day-im-kunstmuseum-wolfsburg\/","og_site_name":"Kunstmuseum Wolfsburg","article_publisher":"https:\/\/www.facebook.com\/KunstmuseumWolfsburg","article_published_time":"2025-05-09T18:05:00+00:00","article_modified_time":"2025-05-09T18:51:22+00:00","og_image":[{"width":900,"height":600,"url":"https:\/\/www.kunstmuseum.de\/wp-content\/uploads\/2025\/05\/Orange.png","type":"image\/png"}],"author":"Kaye Lomas","twitter_card":"summary_large_image","twitter_creator":"@kunstmuseumwob","twitter_site":"@kunstmuseumwob","twitter_misc":{"Written by":"Kaye Lomas","Est. reading time":"2 minutes"},"schema":{"@context":"https:\/\/schema.org","@graph":[{"@type":"Organization","@id":"https:\/\/www.kunstmuseum.de\/en\/#organization","name":"Kunstmuseum Wolfsburg","url":"https:\/\/www.kunstmuseum.de\/en\/","sameAs":["https:\/\/www.instagram.com\/kunstmuseumwolfsburg\/","https:\/\/www.linkedin.com\/company\/kunstmuseum-wolfsburg\/","https:\/\/www.youtube.com\/user\/KunstmuseumWolfsburg","https:\/\/de.wikipedia.org\/wiki\/Kunstmuseum_Wolfsburg","https:\/\/www.facebook.com\/KunstmuseumWolfsburg","https:\/\/twitter.com\/kunstmuseumwob"],"logo":{"@type":"ImageObject","inLanguage":"en-US","@id":"https:\/\/www.kunstmuseum.de\/en\/#\/schema\/logo\/image\/","url":"https:\/\/www.kunstmuseum.de\/wp-content\/uploads\/2020\/05\/191125_KMW_Wortmarke_RGB_schwarz.svg","contentUrl":"https:\/\/www.kunstmuseum.de\/wp-content\/uploads\/2020\/05\/191125_KMW_Wortmarke_RGB_schwarz.svg","caption":"Kunstmuseum Wolfsburg"},"image":{"@id":"https:\/\/www.kunstmuseum.de\/en\/#\/schema\/logo\/image\/"}},{"@type":"WebSite","@id":"https:\/\/www.kunstmuseum.de\/en\/#website","url":"https:\/\/www.kunstmuseum.de\/en\/","name":"Kunstmuseum Wolfsburg","description":"","publisher":{"@id":"https:\/\/www.kunstmuseum.de\/en\/#organization"},"potentialAction":[{"@type":"SearchAction","target":{"@type":"EntryPoint","urlTemplate":"https:\/\/www.kunstmuseum.de\/en\/?s={search_term_string}"},"query-input":"required name=search_term_string"}],"inLanguage":"en-US"},{"@type":"WebPage","@id":"https:\/\/www.kunstmuseum.de\/en\/2025\/05\/family-friends-day-im-kunstmuseum-wolfsburg\/","url":"https:\/\/www.kunstmuseum.de\/en\/2025\/05\/family-friends-day-im-kunstmuseum-wolfsburg\/","name":"Friends & Family Day am 11. Mai im Kunstmuseum Wolfsburg - Kunstmuseum Wolfsburg","isPartOf":{"@id":"https:\/\/www.kunstmuseum.de\/en\/#website"},"datePublished":"2025-05-09T18:05:00+00:00","dateModified":"2025-05-09T18:51:22+00:00","breadcrumb":{"@id":"https:\/\/www.kunstmuseum.de\/en\/2025\/05\/family-friends-day-im-kunstmuseum-wolfsburg\/#breadcrumb"},"inLanguage":"en-US","potentialAction":[{"@type":"ReadAction","target":["https:\/\/www.kunstmuseum.de\/en\/2025\/05\/family-friends-day-im-kunstmuseum-wolfsburg\/"]}]},{"@type":"BreadcrumbList","@id":"https:\/\/www.kunstmuseum.de\/en\/2025\/05\/family-friends-day-im-kunstmuseum-wolfsburg\/#breadcrumb","itemListElement":[{"@type":"ListItem","position":1,"name":"Startseite","item":"https:\/\/www.kunstmuseum.de\/en\/"},{"@type":"ListItem","position":2,"name":"Friends &#038; Family Day am 11. Mai im Kunstmuseum Wolfsburg"}]},{"@type":"Article","@id":"https:\/\/www.kunstmuseum.de\/en\/2025\/05\/family-friends-day-im-kunstmuseum-wolfsburg\/#article","isPartOf":{"@id":"https:\/\/www.kunstmuseum.de\/en\/2025\/05\/family-friends-day-im-kunstmuseum-wolfsburg\/"},"author":{"name":"Kaye Lomas","@id":"https:\/\/www.kunstmuseum.de\/en\/#\/schema\/person\/33ce7ce14546b222bfd6a357a22cd681"},"headline":"Friends &amp; Family Day am 11. Mai im Kunstmuseum Wolfsburg","datePublished":"2025-05-09T18:05:00+00:00","dateModified":"2025-05-09T18:51:22+00:00","mainEntityOfPage":{"@id":"https:\/\/www.kunstmuseum.de\/en\/2025\/05\/family-friends-day-im-kunstmuseum-wolfsburg\/"},"wordCount":257,"publisher":{"@id":"https:\/\/www.kunstmuseum.de\/en\/#organization"},"keywords":["Freischwimmen","Kunstvermittlung","Leandro Erlich"],"articleSection":["Unkategorisiert"],"inLanguage":"en-US"},{"@type":"Person","@id":"https:\/\/www.kunstmuseum.de\/en\/#\/schema\/person\/33ce7ce14546b222bfd6a357a22cd681","name":"Kaye Lomas","image":{"@type":"ImageObject","inLanguage":"en-US","@id":"https:\/\/www.kunstmuseum.de\/en\/#\/schema\/person\/image\/","url":"https:\/\/secure.gravatar.com\/avatar\/a04b8c1d583166ba071debc422468dac?s=96&d=mm&r=g","contentUrl":"https:\/\/secure.gravatar.com\/avatar\/a04b8c1d583166ba071debc422468dac?s=96&d=mm&r=g","caption":"Kaye Lomas"}}]}},"_links":{"self":[{"href":"https:\/\/www.kunstmuseum.de\/en\/wp-json\/wp\/v2\/posts\/29933"}],"collection":[{"href":"https:\/\/www.kunstmuseum.de\/en\/wp-json\/wp\/v2\/posts"}],"about":[{"href":"https:\/\/www.kunstmuseum.de\/en\/wp-json\/wp\/v2\/types\/post"}],"author":[{"embeddable":true,"href":"https:\/\/www.kunstmuseum.de\/en\/wp-json\/wp\/v2\/users\/1499"}],"replies":[{"embeddable":true,"href":"https:\/\/www.kunstmuseum.de\/en\/wp-json\/wp\/v2\/comments?post=29933"}],"version-history":[{"count":2,"href":"https:\/\/www.kunstmuseum.de\/en\/wp-json\/wp\/v2\/posts\/29933\/revisions"}],"predecessor-version":[{"id":29937,"href":"https:\/\/www.kunstmuseum.de\/en\/wp-json\/wp\/v2\/posts\/29933\/revisions\/29937"}],"wp:featuredmedia":[{"embeddable":true,"href":"https:\/\/www.kunstmuseum.de\/en\/wp-json\/wp\/v2\/media\/29934"}],"wp:attachment":[{"href":"https:\/\/www.kunstmuseum.de\/en\/wp-json\/wp\/v2\/media?parent=29933"}],"wp:term":[{"taxonomy":"category","embeddable":true,"href":"https:\/\/www.kunstmuseum.de\/en\/wp-json\/wp\/v2\/categories?post=29933"},{"taxonomy":"post_tag","embeddable":true,"href":"https:\/\/www.kunstmuseum.de\/en\/wp-json\/wp\/v2\/tags?post=29933"}],"curies":[{"name":"wp","href":"https:\/\/api.w.org\/{rel}","templated":true}]}}