{"id":30190,"date":"2025-05-30T15:33:00","date_gmt":"2025-05-30T13:33:00","guid":{"rendered":"https:\/\/www.kunstmuseum.de\/?p=30190"},"modified":"2026-03-25T14:37:01","modified_gmt":"2026-03-25T13:37:01","slug":"leandro-erlich-live-im-gespraech-bei-volkswagen-group-art4all-im-mai","status":"publish","type":"post","link":"https:\/\/www.kunstmuseum.de\/en\/2025\/05\/leandro-erlich-live-im-gespraech-bei-volkswagen-group-art4all-im-mai\/","title":{"rendered":"Leandro Erlich live im Gespr\u00e4ch bei Volkswagen Group Art4All im&nbsp;Mai"},"content":{"rendered":"\n<p>Am 28. Mai 2025 lud das Kunst\u00admu\u00adseum Wolfsburg im Rahmen von Volks\u00adwagen Group Art4All zu einem beson\u00adderen Abend ein \u2013 mit freiem Eintritt, inspi\u00adrie\u00adrendem Programm und einem au\u00dfer\u00adge\u00adw\u00f6hn\u00adli\u00adchen Gast: Leandro Erlich, einer der bedeu\u00adtendsten K\u00fcnstler der inter\u00adna\u00adtio\u00adnalen Gegen\u00adwarts\u00adkunst, war pers\u00f6n\u00adlich zu Gast im Museum.<\/p>\n\n\n\n<div class=\"wp-block-columns\">\n<div class=\"wp-block-column\">\n<figure class=\"wp-block-image size-large\"><img loading=\"lazy\" width=\"1024\" height=\"683\" src=\"https:\/\/www.kunstmuseum.de\/wp-content\/uploads\/2025\/05\/Kunstmuseum-Wolfsburg-Art4All-05_2025-cMarek-Kruszewski-5-1024x683.jpg\" alt class=\"wp-image-30245\" srcset=\"https:\/\/www.kunstmuseum.de\/wp-content\/uploads\/2025\/05\/Kunstmuseum-Wolfsburg-Art4All-05_2025-cMarek-Kruszewski-5-1024x683.jpg 1024w, https:\/\/www.kunstmuseum.de\/wp-content\/uploads\/2025\/05\/Kunstmuseum-Wolfsburg-Art4All-05_2025-cMarek-Kruszewski-5-300x200.jpg 300w, https:\/\/www.kunstmuseum.de\/wp-content\/uploads\/2025\/05\/Kunstmuseum-Wolfsburg-Art4All-05_2025-cMarek-Kruszewski-5-768x512.jpg 768w, https:\/\/www.kunstmuseum.de\/wp-content\/uploads\/2025\/05\/Kunstmuseum-Wolfsburg-Art4All-05_2025-cMarek-Kruszewski-5-1536x1025.jpg 1536w, https:\/\/www.kunstmuseum.de\/wp-content\/uploads\/2025\/05\/Kunstmuseum-Wolfsburg-Art4All-05_2025-cMarek-Kruszewski-5-2048x1366.jpg 2048w, https:\/\/www.kunstmuseum.de\/wp-content\/uploads\/2025\/05\/Kunstmuseum-Wolfsburg-Art4All-05_2025-cMarek-Kruszewski-5-899x600.jpg 899w, https:\/\/www.kunstmuseum.de\/wp-content\/uploads\/2025\/05\/Kunstmuseum-Wolfsburg-Art4All-05_2025-cMarek-Kruszewski-5-100x67.jpg 100w\" sizes=\"(max-width: 1024px) 100vw, 1024px\"><\/figure>\n<\/div>\n\n\n\n<div class=\"wp-block-column\">\n<figure class=\"wp-block-image size-large\"><img loading=\"lazy\" width=\"1024\" height=\"683\" src=\"https:\/\/www.kunstmuseum.de\/wp-content\/uploads\/2025\/05\/Kunstmuseum-Wolfsburg-Art4All-05_2025-cMarek-Kruszewski-8-1024x683.jpg\" alt class=\"wp-image-30247\" srcset=\"https:\/\/www.kunstmuseum.de\/wp-content\/uploads\/2025\/05\/Kunstmuseum-Wolfsburg-Art4All-05_2025-cMarek-Kruszewski-8-1024x683.jpg 1024w, https:\/\/www.kunstmuseum.de\/wp-content\/uploads\/2025\/05\/Kunstmuseum-Wolfsburg-Art4All-05_2025-cMarek-Kruszewski-8-300x200.jpg 300w, https:\/\/www.kunstmuseum.de\/wp-content\/uploads\/2025\/05\/Kunstmuseum-Wolfsburg-Art4All-05_2025-cMarek-Kruszewski-8-768x512.jpg 768w, https:\/\/www.kunstmuseum.de\/wp-content\/uploads\/2025\/05\/Kunstmuseum-Wolfsburg-Art4All-05_2025-cMarek-Kruszewski-8-1536x1025.jpg 1536w, https:\/\/www.kunstmuseum.de\/wp-content\/uploads\/2025\/05\/Kunstmuseum-Wolfsburg-Art4All-05_2025-cMarek-Kruszewski-8-2048x1366.jpg 2048w, https:\/\/www.kunstmuseum.de\/wp-content\/uploads\/2025\/05\/Kunstmuseum-Wolfsburg-Art4All-05_2025-cMarek-Kruszewski-8-899x600.jpg 899w, https:\/\/www.kunstmuseum.de\/wp-content\/uploads\/2025\/05\/Kunstmuseum-Wolfsburg-Art4All-05_2025-cMarek-Kruszewski-8-100x67.jpg 100w\" sizes=\"(max-width: 1024px) 100vw, 1024px\"><\/figure>\n<\/div>\n\n\n\n<div class=\"wp-block-column\">\n<figure class=\"wp-block-image size-large\"><img loading=\"lazy\" width=\"1024\" height=\"683\" src=\"https:\/\/www.kunstmuseum.de\/wp-content\/uploads\/2025\/05\/Kunstmuseum-Wolfsburg-Art4All-05_2025-cMarek-Kruszewski-10-1024x683.jpg\" alt class=\"wp-image-30249\" srcset=\"https:\/\/www.kunstmuseum.de\/wp-content\/uploads\/2025\/05\/Kunstmuseum-Wolfsburg-Art4All-05_2025-cMarek-Kruszewski-10-1024x683.jpg 1024w, https:\/\/www.kunstmuseum.de\/wp-content\/uploads\/2025\/05\/Kunstmuseum-Wolfsburg-Art4All-05_2025-cMarek-Kruszewski-10-300x200.jpg 300w, https:\/\/www.kunstmuseum.de\/wp-content\/uploads\/2025\/05\/Kunstmuseum-Wolfsburg-Art4All-05_2025-cMarek-Kruszewski-10-768x512.jpg 768w, https:\/\/www.kunstmuseum.de\/wp-content\/uploads\/2025\/05\/Kunstmuseum-Wolfsburg-Art4All-05_2025-cMarek-Kruszewski-10-1536x1025.jpg 1536w, https:\/\/www.kunstmuseum.de\/wp-content\/uploads\/2025\/05\/Kunstmuseum-Wolfsburg-Art4All-05_2025-cMarek-Kruszewski-10-2048x1366.jpg 2048w, https:\/\/www.kunstmuseum.de\/wp-content\/uploads\/2025\/05\/Kunstmuseum-Wolfsburg-Art4All-05_2025-cMarek-Kruszewski-10-899x600.jpg 899w, https:\/\/www.kunstmuseum.de\/wp-content\/uploads\/2025\/05\/Kunstmuseum-Wolfsburg-Art4All-05_2025-cMarek-Kruszewski-10-100x67.jpg 100w\" sizes=\"(max-width: 1024px) 100vw, 1024px\"><\/figure>\n<\/div>\n<\/div>\n\n\n\n<div class=\"wp-block-columns\">\n<div class=\"wp-block-column\">\n<figure class=\"wp-block-image size-large\"><img loading=\"lazy\" width=\"1024\" height=\"683\" src=\"https:\/\/www.kunstmuseum.de\/wp-content\/uploads\/2025\/05\/Kunstmuseum-Wolfsburg-Art4All-05_2025-cMarek-Kruszewski-20-1024x683.jpg\" alt class=\"wp-image-30251\" srcset=\"https:\/\/www.kunstmuseum.de\/wp-content\/uploads\/2025\/05\/Kunstmuseum-Wolfsburg-Art4All-05_2025-cMarek-Kruszewski-20-1024x683.jpg 1024w, https:\/\/www.kunstmuseum.de\/wp-content\/uploads\/2025\/05\/Kunstmuseum-Wolfsburg-Art4All-05_2025-cMarek-Kruszewski-20-300x200.jpg 300w, https:\/\/www.kunstmuseum.de\/wp-content\/uploads\/2025\/05\/Kunstmuseum-Wolfsburg-Art4All-05_2025-cMarek-Kruszewski-20-768x512.jpg 768w, https:\/\/www.kunstmuseum.de\/wp-content\/uploads\/2025\/05\/Kunstmuseum-Wolfsburg-Art4All-05_2025-cMarek-Kruszewski-20-1536x1025.jpg 1536w, https:\/\/www.kunstmuseum.de\/wp-content\/uploads\/2025\/05\/Kunstmuseum-Wolfsburg-Art4All-05_2025-cMarek-Kruszewski-20-2048x1366.jpg 2048w, https:\/\/www.kunstmuseum.de\/wp-content\/uploads\/2025\/05\/Kunstmuseum-Wolfsburg-Art4All-05_2025-cMarek-Kruszewski-20-899x600.jpg 899w, https:\/\/www.kunstmuseum.de\/wp-content\/uploads\/2025\/05\/Kunstmuseum-Wolfsburg-Art4All-05_2025-cMarek-Kruszewski-20-100x67.jpg 100w\" sizes=\"(max-width: 1024px) 100vw, 1024px\"><\/figure>\n<\/div>\n\n\n\n<div class=\"wp-block-column\">\n<figure class=\"wp-block-image size-large\"><img loading=\"lazy\" width=\"1024\" height=\"683\" src=\"https:\/\/www.kunstmuseum.de\/wp-content\/uploads\/2025\/05\/Kunstmuseum-Wolfsburg-Art4All-05_2025-cMarek-Kruszewski-17-1024x683.jpg\" alt class=\"wp-image-30256\" srcset=\"https:\/\/www.kunstmuseum.de\/wp-content\/uploads\/2025\/05\/Kunstmuseum-Wolfsburg-Art4All-05_2025-cMarek-Kruszewski-17-1024x683.jpg 1024w, https:\/\/www.kunstmuseum.de\/wp-content\/uploads\/2025\/05\/Kunstmuseum-Wolfsburg-Art4All-05_2025-cMarek-Kruszewski-17-300x200.jpg 300w, https:\/\/www.kunstmuseum.de\/wp-content\/uploads\/2025\/05\/Kunstmuseum-Wolfsburg-Art4All-05_2025-cMarek-Kruszewski-17-768x512.jpg 768w, https:\/\/www.kunstmuseum.de\/wp-content\/uploads\/2025\/05\/Kunstmuseum-Wolfsburg-Art4All-05_2025-cMarek-Kruszewski-17-1536x1025.jpg 1536w, https:\/\/www.kunstmuseum.de\/wp-content\/uploads\/2025\/05\/Kunstmuseum-Wolfsburg-Art4All-05_2025-cMarek-Kruszewski-17-2048x1366.jpg 2048w, https:\/\/www.kunstmuseum.de\/wp-content\/uploads\/2025\/05\/Kunstmuseum-Wolfsburg-Art4All-05_2025-cMarek-Kruszewski-17-899x600.jpg 899w, https:\/\/www.kunstmuseum.de\/wp-content\/uploads\/2025\/05\/Kunstmuseum-Wolfsburg-Art4All-05_2025-cMarek-Kruszewski-17-100x67.jpg 100w\" sizes=\"(max-width: 1024px) 100vw, 1024px\"><\/figure>\n<\/div>\n\n\n\n<div class=\"wp-block-column\">\n<figure class=\"wp-block-image size-large\"><img loading=\"lazy\" width=\"1024\" height=\"683\" src=\"https:\/\/www.kunstmuseum.de\/wp-content\/uploads\/2025\/05\/Kunstmuseum-Wolfsburg-Art4All-05_2025-cMarek-Kruszewski-58-1024x683.jpg\" alt class=\"wp-image-30254\" srcset=\"https:\/\/www.kunstmuseum.de\/wp-content\/uploads\/2025\/05\/Kunstmuseum-Wolfsburg-Art4All-05_2025-cMarek-Kruszewski-58-1024x683.jpg 1024w, https:\/\/www.kunstmuseum.de\/wp-content\/uploads\/2025\/05\/Kunstmuseum-Wolfsburg-Art4All-05_2025-cMarek-Kruszewski-58-300x200.jpg 300w, https:\/\/www.kunstmuseum.de\/wp-content\/uploads\/2025\/05\/Kunstmuseum-Wolfsburg-Art4All-05_2025-cMarek-Kruszewski-58-768x512.jpg 768w, https:\/\/www.kunstmuseum.de\/wp-content\/uploads\/2025\/05\/Kunstmuseum-Wolfsburg-Art4All-05_2025-cMarek-Kruszewski-58-1536x1025.jpg 1536w, https:\/\/www.kunstmuseum.de\/wp-content\/uploads\/2025\/05\/Kunstmuseum-Wolfsburg-Art4All-05_2025-cMarek-Kruszewski-58-2048x1366.jpg 2048w, https:\/\/www.kunstmuseum.de\/wp-content\/uploads\/2025\/05\/Kunstmuseum-Wolfsburg-Art4All-05_2025-cMarek-Kruszewski-58-899x600.jpg 899w, https:\/\/www.kunstmuseum.de\/wp-content\/uploads\/2025\/05\/Kunstmuseum-Wolfsburg-Art4All-05_2025-cMarek-Kruszewski-58-100x67.jpg 100w\" sizes=\"(max-width: 1024px) 100vw, 1024px\"><\/figure>\n<\/div>\n<\/div>\n\n\n\n<p>Ab 18 Uhr sprach Erlich im Rahmen eines \u00f6ffent\u00adli\u00adchen K\u00fcnst\u00adler\u00adge\u00adspr\u00e4chs mit Museums\u00addi\u00adrektor Andreas Beitin und Co-Kurator Dino Steinhof \u00fcber seine Arbeit, konzep\u00adtu\u00adelle Strate\u00adgien und die Entste\u00adhung der Ausstel\u00adlung <em>Leandro Erlich. Schwe\u00adrelos.<\/em> Dabei gew\u00e4hrte er spannende Einblicke in seine faszi\u00adnie\u00adrenden Illusi\u00adons\u00adr\u00e4ume und seine Perspek\u00adtiven auf die Rolle von Wahrneh\u00admung, Archi\u00adtektur und T\u00e4uschung in der Kunst. Das Gespr\u00e4ch fand in engli\u00adscher Sprache statt \u2013 und war bis auf den letzten Platz belegt.<\/p>\n\n\n\n<div class=\"wp-block-columns\">\n<div class=\"wp-block-column\">\n<figure class=\"wp-block-image size-large\"><img loading=\"lazy\" width=\"1024\" height=\"683\" src=\"https:\/\/www.kunstmuseum.de\/wp-content\/uploads\/2025\/05\/Kunstmuseum-Wolfsburg-Art4All-05_2025-cMarek-Kruszewski-47-1024x683.jpg\" alt class=\"wp-image-30258\" srcset=\"https:\/\/www.kunstmuseum.de\/wp-content\/uploads\/2025\/05\/Kunstmuseum-Wolfsburg-Art4All-05_2025-cMarek-Kruszewski-47-1024x683.jpg 1024w, https:\/\/www.kunstmuseum.de\/wp-content\/uploads\/2025\/05\/Kunstmuseum-Wolfsburg-Art4All-05_2025-cMarek-Kruszewski-47-300x200.jpg 300w, https:\/\/www.kunstmuseum.de\/wp-content\/uploads\/2025\/05\/Kunstmuseum-Wolfsburg-Art4All-05_2025-cMarek-Kruszewski-47-768x512.jpg 768w, https:\/\/www.kunstmuseum.de\/wp-content\/uploads\/2025\/05\/Kunstmuseum-Wolfsburg-Art4All-05_2025-cMarek-Kruszewski-47-1536x1025.jpg 1536w, https:\/\/www.kunstmuseum.de\/wp-content\/uploads\/2025\/05\/Kunstmuseum-Wolfsburg-Art4All-05_2025-cMarek-Kruszewski-47-2048x1366.jpg 2048w, https:\/\/www.kunstmuseum.de\/wp-content\/uploads\/2025\/05\/Kunstmuseum-Wolfsburg-Art4All-05_2025-cMarek-Kruszewski-47-899x600.jpg 899w, https:\/\/www.kunstmuseum.de\/wp-content\/uploads\/2025\/05\/Kunstmuseum-Wolfsburg-Art4All-05_2025-cMarek-Kruszewski-47-100x67.jpg 100w\" sizes=\"(max-width: 1024px) 100vw, 1024px\"><\/figure>\n<\/div>\n\n\n\n<div class=\"wp-block-column\">\n<figure class=\"wp-block-image size-large\"><img loading=\"lazy\" width=\"1024\" height=\"683\" src=\"https:\/\/www.kunstmuseum.de\/wp-content\/uploads\/2025\/05\/Kunstmuseum-Wolfsburg-Art4All-05_2025-cMarek-Kruszewski-77-1024x683.jpg\" alt class=\"wp-image-30260\" srcset=\"https:\/\/www.kunstmuseum.de\/wp-content\/uploads\/2025\/05\/Kunstmuseum-Wolfsburg-Art4All-05_2025-cMarek-Kruszewski-77-1024x683.jpg 1024w, https:\/\/www.kunstmuseum.de\/wp-content\/uploads\/2025\/05\/Kunstmuseum-Wolfsburg-Art4All-05_2025-cMarek-Kruszewski-77-300x200.jpg 300w, https:\/\/www.kunstmuseum.de\/wp-content\/uploads\/2025\/05\/Kunstmuseum-Wolfsburg-Art4All-05_2025-cMarek-Kruszewski-77-768x512.jpg 768w, https:\/\/www.kunstmuseum.de\/wp-content\/uploads\/2025\/05\/Kunstmuseum-Wolfsburg-Art4All-05_2025-cMarek-Kruszewski-77-1536x1025.jpg 1536w, https:\/\/www.kunstmuseum.de\/wp-content\/uploads\/2025\/05\/Kunstmuseum-Wolfsburg-Art4All-05_2025-cMarek-Kruszewski-77-2048x1366.jpg 2048w, https:\/\/www.kunstmuseum.de\/wp-content\/uploads\/2025\/05\/Kunstmuseum-Wolfsburg-Art4All-05_2025-cMarek-Kruszewski-77-899x600.jpg 899w, https:\/\/www.kunstmuseum.de\/wp-content\/uploads\/2025\/05\/Kunstmuseum-Wolfsburg-Art4All-05_2025-cMarek-Kruszewski-77-100x67.jpg 100w\" sizes=\"(max-width: 1024px) 100vw, 1024px\"><\/figure>\n<\/div>\n\n\n\n<div class=\"wp-block-column\">\n<figure class=\"wp-block-image size-large\"><img loading=\"lazy\" width=\"1024\" height=\"683\" src=\"https:\/\/www.kunstmuseum.de\/wp-content\/uploads\/2025\/05\/Kunstmuseum-Wolfsburg-Art4All-05_2025-cMarek-Kruszewski-59-1024x683.jpg\" alt class=\"wp-image-30262\" srcset=\"https:\/\/www.kunstmuseum.de\/wp-content\/uploads\/2025\/05\/Kunstmuseum-Wolfsburg-Art4All-05_2025-cMarek-Kruszewski-59-1024x683.jpg 1024w, https:\/\/www.kunstmuseum.de\/wp-content\/uploads\/2025\/05\/Kunstmuseum-Wolfsburg-Art4All-05_2025-cMarek-Kruszewski-59-300x200.jpg 300w, https:\/\/www.kunstmuseum.de\/wp-content\/uploads\/2025\/05\/Kunstmuseum-Wolfsburg-Art4All-05_2025-cMarek-Kruszewski-59-768x512.jpg 768w, https:\/\/www.kunstmuseum.de\/wp-content\/uploads\/2025\/05\/Kunstmuseum-Wolfsburg-Art4All-05_2025-cMarek-Kruszewski-59-1536x1025.jpg 1536w, https:\/\/www.kunstmuseum.de\/wp-content\/uploads\/2025\/05\/Kunstmuseum-Wolfsburg-Art4All-05_2025-cMarek-Kruszewski-59-2048x1366.jpg 2048w, https:\/\/www.kunstmuseum.de\/wp-content\/uploads\/2025\/05\/Kunstmuseum-Wolfsburg-Art4All-05_2025-cMarek-Kruszewski-59-899x600.jpg 899w, https:\/\/www.kunstmuseum.de\/wp-content\/uploads\/2025\/05\/Kunstmuseum-Wolfsburg-Art4All-05_2025-cMarek-Kruszewski-59-100x67.jpg 100w\" sizes=\"(max-width: 1024px) 100vw, 1024px\"><\/figure>\n<\/div>\n<\/div>\n\n\n\n<p>Neben dem K\u00fcnst\u00adler\u00adge\u00adspr\u00e4ch bot der Abend wie gewohnt ein vielf\u00e4l\u00adtiges Begleit\u00adpro\u00adgramm: In \u00f6ffent\u00adli\u00adchen Kurzf\u00fch\u00adrungen konnten die Besucher*innen nicht nur <em>Leandro Erlich. Schwe\u00adrelos<\/em>, sondern auch die aktuelle Sammlungs\u00adaus\u00adstel\u00adlung <em>Freischwimmen. K\u00f6pper in die Kunst!<\/em> entdecken. Die F\u00fchrungen stie\u00dfen auf gro\u00dfen Zuspruch und waren sehr gut besucht. Kreative Mitma\u00adch\u00adan\u00adge\u00adbote luden Jung und Alt dazu ein, selbst aktiv zu werden \u2013 dieses Mal stand das Kn\u00fcpfen von Freund\u00adschafts\u00adb\u00e4n\u00addern im Mittelpunkt.<\/p>\n\n\n\n<div class=\"wp-block-columns\">\n<div class=\"wp-block-column\">\n<figure class=\"wp-block-image size-large\"><img loading=\"lazy\" width=\"683\" height=\"1024\" src=\"https:\/\/www.kunstmuseum.de\/wp-content\/uploads\/2025\/05\/Kunstmuseum-Wolfsburg-Art4All-05_2025-cMarek-Kruszewski-80-683x1024.jpg\" alt class=\"wp-image-30264\" srcset=\"https:\/\/www.kunstmuseum.de\/wp-content\/uploads\/2025\/05\/Kunstmuseum-Wolfsburg-Art4All-05_2025-cMarek-Kruszewski-80-683x1024.jpg 683w, https:\/\/www.kunstmuseum.de\/wp-content\/uploads\/2025\/05\/Kunstmuseum-Wolfsburg-Art4All-05_2025-cMarek-Kruszewski-80-200x300.jpg 200w, https:\/\/www.kunstmuseum.de\/wp-content\/uploads\/2025\/05\/Kunstmuseum-Wolfsburg-Art4All-05_2025-cMarek-Kruszewski-80-768x1151.jpg 768w, https:\/\/www.kunstmuseum.de\/wp-content\/uploads\/2025\/05\/Kunstmuseum-Wolfsburg-Art4All-05_2025-cMarek-Kruszewski-80-1025x1536.jpg 1025w, https:\/\/www.kunstmuseum.de\/wp-content\/uploads\/2025\/05\/Kunstmuseum-Wolfsburg-Art4All-05_2025-cMarek-Kruszewski-80-1366x2048.jpg 1366w, https:\/\/www.kunstmuseum.de\/wp-content\/uploads\/2025\/05\/Kunstmuseum-Wolfsburg-Art4All-05_2025-cMarek-Kruszewski-80-400x600.jpg 400w, https:\/\/www.kunstmuseum.de\/wp-content\/uploads\/2025\/05\/Kunstmuseum-Wolfsburg-Art4All-05_2025-cMarek-Kruszewski-80-100x150.jpg 100w, https:\/\/www.kunstmuseum.de\/wp-content\/uploads\/2025\/05\/Kunstmuseum-Wolfsburg-Art4All-05_2025-cMarek-Kruszewski-80-300x450.jpg 300w, https:\/\/www.kunstmuseum.de\/wp-content\/uploads\/2025\/05\/Kunstmuseum-Wolfsburg-Art4All-05_2025-cMarek-Kruszewski-80.jpg 1601w\" sizes=\"(max-width: 683px) 100vw, 683px\"><\/figure>\n<\/div>\n\n\n\n<div class=\"wp-block-column\">\n<figure class=\"wp-block-image size-large\"><img loading=\"lazy\" width=\"683\" height=\"1024\" src=\"https:\/\/www.kunstmuseum.de\/wp-content\/uploads\/2025\/05\/Kunstmuseum-Wolfsburg-Art4All-05_2025-cMarek-Kruszewski-81-1-683x1024.jpg\" alt class=\"wp-image-30268\" srcset=\"https:\/\/www.kunstmuseum.de\/wp-content\/uploads\/2025\/05\/Kunstmuseum-Wolfsburg-Art4All-05_2025-cMarek-Kruszewski-81-1-683x1024.jpg 683w, https:\/\/www.kunstmuseum.de\/wp-content\/uploads\/2025\/05\/Kunstmuseum-Wolfsburg-Art4All-05_2025-cMarek-Kruszewski-81-1-200x300.jpg 200w, https:\/\/www.kunstmuseum.de\/wp-content\/uploads\/2025\/05\/Kunstmuseum-Wolfsburg-Art4All-05_2025-cMarek-Kruszewski-81-1-768x1151.jpg 768w, https:\/\/www.kunstmuseum.de\/wp-content\/uploads\/2025\/05\/Kunstmuseum-Wolfsburg-Art4All-05_2025-cMarek-Kruszewski-81-1-1025x1536.jpg 1025w, https:\/\/www.kunstmuseum.de\/wp-content\/uploads\/2025\/05\/Kunstmuseum-Wolfsburg-Art4All-05_2025-cMarek-Kruszewski-81-1-1366x2048.jpg 1366w, https:\/\/www.kunstmuseum.de\/wp-content\/uploads\/2025\/05\/Kunstmuseum-Wolfsburg-Art4All-05_2025-cMarek-Kruszewski-81-1-400x600.jpg 400w, https:\/\/www.kunstmuseum.de\/wp-content\/uploads\/2025\/05\/Kunstmuseum-Wolfsburg-Art4All-05_2025-cMarek-Kruszewski-81-1-100x150.jpg 100w, https:\/\/www.kunstmuseum.de\/wp-content\/uploads\/2025\/05\/Kunstmuseum-Wolfsburg-Art4All-05_2025-cMarek-Kruszewski-81-1-300x450.jpg 300w, https:\/\/www.kunstmuseum.de\/wp-content\/uploads\/2025\/05\/Kunstmuseum-Wolfsburg-Art4All-05_2025-cMarek-Kruszewski-81-1.jpg 1601w\" sizes=\"(max-width: 683px) 100vw, 683px\"><\/figure>\n<\/div>\n<\/div>\n\n\n\n<div class=\"wp-block-columns\">\n<div class=\"wp-block-column\">\n<figure class=\"wp-block-image size-large\"><img loading=\"lazy\" width=\"683\" height=\"1024\" src=\"https:\/\/www.kunstmuseum.de\/wp-content\/uploads\/2025\/05\/Kunstmuseum-Wolfsburg-Art4All-05_2025-cMarek-Kruszewski-82-683x1024.jpg\" alt class=\"wp-image-30270\" srcset=\"https:\/\/www.kunstmuseum.de\/wp-content\/uploads\/2025\/05\/Kunstmuseum-Wolfsburg-Art4All-05_2025-cMarek-Kruszewski-82-683x1024.jpg 683w, https:\/\/www.kunstmuseum.de\/wp-content\/uploads\/2025\/05\/Kunstmuseum-Wolfsburg-Art4All-05_2025-cMarek-Kruszewski-82-200x300.jpg 200w, https:\/\/www.kunstmuseum.de\/wp-content\/uploads\/2025\/05\/Kunstmuseum-Wolfsburg-Art4All-05_2025-cMarek-Kruszewski-82-768x1151.jpg 768w, https:\/\/www.kunstmuseum.de\/wp-content\/uploads\/2025\/05\/Kunstmuseum-Wolfsburg-Art4All-05_2025-cMarek-Kruszewski-82-1025x1536.jpg 1025w, https:\/\/www.kunstmuseum.de\/wp-content\/uploads\/2025\/05\/Kunstmuseum-Wolfsburg-Art4All-05_2025-cMarek-Kruszewski-82-1366x2048.jpg 1366w, https:\/\/www.kunstmuseum.de\/wp-content\/uploads\/2025\/05\/Kunstmuseum-Wolfsburg-Art4All-05_2025-cMarek-Kruszewski-82-400x600.jpg 400w, https:\/\/www.kunstmuseum.de\/wp-content\/uploads\/2025\/05\/Kunstmuseum-Wolfsburg-Art4All-05_2025-cMarek-Kruszewski-82-100x150.jpg 100w, https:\/\/www.kunstmuseum.de\/wp-content\/uploads\/2025\/05\/Kunstmuseum-Wolfsburg-Art4All-05_2025-cMarek-Kruszewski-82-300x450.jpg 300w, https:\/\/www.kunstmuseum.de\/wp-content\/uploads\/2025\/05\/Kunstmuseum-Wolfsburg-Art4All-05_2025-cMarek-Kruszewski-82.jpg 1601w\" sizes=\"(max-width: 683px) 100vw, 683px\"><\/figure>\n<\/div>\n\n\n\n<div class=\"wp-block-column\">\n<figure class=\"wp-block-image size-large\"><img loading=\"lazy\" width=\"683\" height=\"1024\" src=\"https:\/\/www.kunstmuseum.de\/wp-content\/uploads\/2025\/05\/Kunstmuseum-Wolfsburg-Art4All-05_2025-cMarek-Kruszewski-71-683x1024.jpg\" alt class=\"wp-image-30272\" srcset=\"https:\/\/www.kunstmuseum.de\/wp-content\/uploads\/2025\/05\/Kunstmuseum-Wolfsburg-Art4All-05_2025-cMarek-Kruszewski-71-683x1024.jpg 683w, https:\/\/www.kunstmuseum.de\/wp-content\/uploads\/2025\/05\/Kunstmuseum-Wolfsburg-Art4All-05_2025-cMarek-Kruszewski-71-200x300.jpg 200w, https:\/\/www.kunstmuseum.de\/wp-content\/uploads\/2025\/05\/Kunstmuseum-Wolfsburg-Art4All-05_2025-cMarek-Kruszewski-71-768x1151.jpg 768w, https:\/\/www.kunstmuseum.de\/wp-content\/uploads\/2025\/05\/Kunstmuseum-Wolfsburg-Art4All-05_2025-cMarek-Kruszewski-71-1025x1536.jpg 1025w, https:\/\/www.kunstmuseum.de\/wp-content\/uploads\/2025\/05\/Kunstmuseum-Wolfsburg-Art4All-05_2025-cMarek-Kruszewski-71-1366x2048.jpg 1366w, https:\/\/www.kunstmuseum.de\/wp-content\/uploads\/2025\/05\/Kunstmuseum-Wolfsburg-Art4All-05_2025-cMarek-Kruszewski-71-400x600.jpg 400w, https:\/\/www.kunstmuseum.de\/wp-content\/uploads\/2025\/05\/Kunstmuseum-Wolfsburg-Art4All-05_2025-cMarek-Kruszewski-71-100x150.jpg 100w, https:\/\/www.kunstmuseum.de\/wp-content\/uploads\/2025\/05\/Kunstmuseum-Wolfsburg-Art4All-05_2025-cMarek-Kruszewski-71-300x450.jpg 300w, https:\/\/www.kunstmuseum.de\/wp-content\/uploads\/2025\/05\/Kunstmuseum-Wolfsburg-Art4All-05_2025-cMarek-Kruszewski-71.jpg 1601w\" sizes=\"(max-width: 683px) 100vw, 683px\"><\/figure>\n<\/div>\n\n\n\n<div class=\"wp-block-column\">\n<figure class=\"wp-block-image size-large\"><img loading=\"lazy\" width=\"683\" height=\"1024\" src=\"https:\/\/www.kunstmuseum.de\/wp-content\/uploads\/2025\/05\/Kunstmuseum-Wolfsburg-Art4All-05_2025-cMarek-Kruszewski-46-683x1024.jpg\" alt class=\"wp-image-30274\" srcset=\"https:\/\/www.kunstmuseum.de\/wp-content\/uploads\/2025\/05\/Kunstmuseum-Wolfsburg-Art4All-05_2025-cMarek-Kruszewski-46-683x1024.jpg 683w, https:\/\/www.kunstmuseum.de\/wp-content\/uploads\/2025\/05\/Kunstmuseum-Wolfsburg-Art4All-05_2025-cMarek-Kruszewski-46-200x300.jpg 200w, https:\/\/www.kunstmuseum.de\/wp-content\/uploads\/2025\/05\/Kunstmuseum-Wolfsburg-Art4All-05_2025-cMarek-Kruszewski-46-768x1151.jpg 768w, https:\/\/www.kunstmuseum.de\/wp-content\/uploads\/2025\/05\/Kunstmuseum-Wolfsburg-Art4All-05_2025-cMarek-Kruszewski-46-1025x1536.jpg 1025w, https:\/\/www.kunstmuseum.de\/wp-content\/uploads\/2025\/05\/Kunstmuseum-Wolfsburg-Art4All-05_2025-cMarek-Kruszewski-46-1366x2048.jpg 1366w, https:\/\/www.kunstmuseum.de\/wp-content\/uploads\/2025\/05\/Kunstmuseum-Wolfsburg-Art4All-05_2025-cMarek-Kruszewski-46-400x600.jpg 400w, https:\/\/www.kunstmuseum.de\/wp-content\/uploads\/2025\/05\/Kunstmuseum-Wolfsburg-Art4All-05_2025-cMarek-Kruszewski-46-100x150.jpg 100w, https:\/\/www.kunstmuseum.de\/wp-content\/uploads\/2025\/05\/Kunstmuseum-Wolfsburg-Art4All-05_2025-cMarek-Kruszewski-46-300x450.jpg 300w, https:\/\/www.kunstmuseum.de\/wp-content\/uploads\/2025\/05\/Kunstmuseum-Wolfsburg-Art4All-05_2025-cMarek-Kruszewski-46.jpg 1601w\" sizes=\"(max-width: 683px) 100vw, 683px\"><\/figure>\n<\/div>\n<\/div>\n\n\n\n<div class=\"wp-block-columns\">\n<div class=\"wp-block-column\">\n<figure class=\"wp-block-image size-large\"><img loading=\"lazy\" width=\"683\" height=\"1024\" src=\"https:\/\/www.kunstmuseum.de\/wp-content\/uploads\/2025\/05\/Kunstmuseum-Wolfsburg-Art4All-05_2025-cMarek-Kruszewski-41-683x1024.jpg\" alt class=\"wp-image-30276\" srcset=\"https:\/\/www.kunstmuseum.de\/wp-content\/uploads\/2025\/05\/Kunstmuseum-Wolfsburg-Art4All-05_2025-cMarek-Kruszewski-41-683x1024.jpg 683w, https:\/\/www.kunstmuseum.de\/wp-content\/uploads\/2025\/05\/Kunstmuseum-Wolfsburg-Art4All-05_2025-cMarek-Kruszewski-41-200x300.jpg 200w, https:\/\/www.kunstmuseum.de\/wp-content\/uploads\/2025\/05\/Kunstmuseum-Wolfsburg-Art4All-05_2025-cMarek-Kruszewski-41-768x1151.jpg 768w, https:\/\/www.kunstmuseum.de\/wp-content\/uploads\/2025\/05\/Kunstmuseum-Wolfsburg-Art4All-05_2025-cMarek-Kruszewski-41-1025x1536.jpg 1025w, https:\/\/www.kunstmuseum.de\/wp-content\/uploads\/2025\/05\/Kunstmuseum-Wolfsburg-Art4All-05_2025-cMarek-Kruszewski-41-1366x2048.jpg 1366w, https:\/\/www.kunstmuseum.de\/wp-content\/uploads\/2025\/05\/Kunstmuseum-Wolfsburg-Art4All-05_2025-cMarek-Kruszewski-41-400x600.jpg 400w, https:\/\/www.kunstmuseum.de\/wp-content\/uploads\/2025\/05\/Kunstmuseum-Wolfsburg-Art4All-05_2025-cMarek-Kruszewski-41-100x150.jpg 100w, https:\/\/www.kunstmuseum.de\/wp-content\/uploads\/2025\/05\/Kunstmuseum-Wolfsburg-Art4All-05_2025-cMarek-Kruszewski-41-300x450.jpg 300w, https:\/\/www.kunstmuseum.de\/wp-content\/uploads\/2025\/05\/Kunstmuseum-Wolfsburg-Art4All-05_2025-cMarek-Kruszewski-41.jpg 1601w\" sizes=\"(max-width: 683px) 100vw, 683px\"><\/figure>\n<\/div>\n\n\n\n<div class=\"wp-block-column\">\n<figure class=\"wp-block-image size-large\"><img loading=\"lazy\" width=\"683\" height=\"1024\" src=\"https:\/\/www.kunstmuseum.de\/wp-content\/uploads\/2025\/05\/Kunstmuseum-Wolfsburg-Art4All-05_2025-cMarek-Kruszewski-45-683x1024.jpg\" alt class=\"wp-image-30278\" srcset=\"https:\/\/www.kunstmuseum.de\/wp-content\/uploads\/2025\/05\/Kunstmuseum-Wolfsburg-Art4All-05_2025-cMarek-Kruszewski-45-683x1024.jpg 683w, https:\/\/www.kunstmuseum.de\/wp-content\/uploads\/2025\/05\/Kunstmuseum-Wolfsburg-Art4All-05_2025-cMarek-Kruszewski-45-200x300.jpg 200w, https:\/\/www.kunstmuseum.de\/wp-content\/uploads\/2025\/05\/Kunstmuseum-Wolfsburg-Art4All-05_2025-cMarek-Kruszewski-45-768x1151.jpg 768w, https:\/\/www.kunstmuseum.de\/wp-content\/uploads\/2025\/05\/Kunstmuseum-Wolfsburg-Art4All-05_2025-cMarek-Kruszewski-45-1025x1536.jpg 1025w, https:\/\/www.kunstmuseum.de\/wp-content\/uploads\/2025\/05\/Kunstmuseum-Wolfsburg-Art4All-05_2025-cMarek-Kruszewski-45-1366x2048.jpg 1366w, https:\/\/www.kunstmuseum.de\/wp-content\/uploads\/2025\/05\/Kunstmuseum-Wolfsburg-Art4All-05_2025-cMarek-Kruszewski-45-400x600.jpg 400w, https:\/\/www.kunstmuseum.de\/wp-content\/uploads\/2025\/05\/Kunstmuseum-Wolfsburg-Art4All-05_2025-cMarek-Kruszewski-45-100x150.jpg 100w, https:\/\/www.kunstmuseum.de\/wp-content\/uploads\/2025\/05\/Kunstmuseum-Wolfsburg-Art4All-05_2025-cMarek-Kruszewski-45-300x450.jpg 300w, https:\/\/www.kunstmuseum.de\/wp-content\/uploads\/2025\/05\/Kunstmuseum-Wolfsburg-Art4All-05_2025-cMarek-Kruszewski-45.jpg 1601w\" sizes=\"(max-width: 683px) 100vw, 683px\"><\/figure>\n<\/div>\n\n\n\n<div class=\"wp-block-column\">\n<figure class=\"wp-block-image size-large\"><img loading=\"lazy\" width=\"683\" height=\"1024\" src=\"https:\/\/www.kunstmuseum.de\/wp-content\/uploads\/2025\/05\/Kunstmuseum-Wolfsburg-Art4All-05_2025-cMarek-Kruszewski-37-683x1024.jpg\" alt class=\"wp-image-30280\" srcset=\"https:\/\/www.kunstmuseum.de\/wp-content\/uploads\/2025\/05\/Kunstmuseum-Wolfsburg-Art4All-05_2025-cMarek-Kruszewski-37-683x1024.jpg 683w, https:\/\/www.kunstmuseum.de\/wp-content\/uploads\/2025\/05\/Kunstmuseum-Wolfsburg-Art4All-05_2025-cMarek-Kruszewski-37-200x300.jpg 200w, https:\/\/www.kunstmuseum.de\/wp-content\/uploads\/2025\/05\/Kunstmuseum-Wolfsburg-Art4All-05_2025-cMarek-Kruszewski-37-768x1151.jpg 768w, https:\/\/www.kunstmuseum.de\/wp-content\/uploads\/2025\/05\/Kunstmuseum-Wolfsburg-Art4All-05_2025-cMarek-Kruszewski-37-1025x1536.jpg 1025w, https:\/\/www.kunstmuseum.de\/wp-content\/uploads\/2025\/05\/Kunstmuseum-Wolfsburg-Art4All-05_2025-cMarek-Kruszewski-37-1366x2048.jpg 1366w, https:\/\/www.kunstmuseum.de\/wp-content\/uploads\/2025\/05\/Kunstmuseum-Wolfsburg-Art4All-05_2025-cMarek-Kruszewski-37-400x600.jpg 400w, https:\/\/www.kunstmuseum.de\/wp-content\/uploads\/2025\/05\/Kunstmuseum-Wolfsburg-Art4All-05_2025-cMarek-Kruszewski-37-100x150.jpg 100w, https:\/\/www.kunstmuseum.de\/wp-content\/uploads\/2025\/05\/Kunstmuseum-Wolfsburg-Art4All-05_2025-cMarek-Kruszewski-37-300x450.jpg 300w, https:\/\/www.kunstmuseum.de\/wp-content\/uploads\/2025\/05\/Kunstmuseum-Wolfsburg-Art4All-05_2025-cMarek-Kruszewski-37.jpg 1601w\" sizes=\"(max-width: 683px) 100vw, 683px\"><\/figure>\n<\/div>\n<\/div>\n\n\n\n<p>Auch das Restau\u00adrant Oberdeck hatte an diesem Abend ge\u00f6ffnet und verw\u00f6hnte die G\u00e4ste von 18 bis 22 Uhr kulinarisch.&nbsp;<\/p>\n\n\n\n<p>Volks\u00adwagen Group Art4All ist eine Initia\u00adtive der Volks\u00adwagen Group, die Kunst und kultu\u00adrelle Teilhabe f\u00fcr alle zug\u00e4ng\u00adlich macht. Jeden letzten Mittwoch im Monat wird das Kunst\u00admu\u00adseum Wolfsburg zu einem offenen Ort f\u00fcr Begegnung, Austausch und neue Perspek\u00adtiven \u2013 kosten\u00adfrei, kreativ und inspirierend.<\/p>\n\n\n\n<p><strong>Save the Date:<\/strong> Der n\u00e4chste Volks\u00adwagen Group Art4All-Abend findet am <strong>Mittwoch, den 25. Juni 2025<\/strong>, statt \u2013 mit neuen F\u00fchrungen, frischen Impulsen und freiem Eintritt ab 16 Uhr. Wir freuen uns auf ein Wiedersehen!<\/p>\n\n\n\n<p class=\"has-small-font-size\">Fotos: Marek Kruszewski<\/p>\n","protected":false},"excerpt":{"rendered":"<p>Am 28. Mai 2025 lud das Kunst\u00admu\u00adseum Wolfsburg im Rahmen von Volks\u00adwagen Group Art4All zu einem beson\u00adderen Abend ein \u2013 mit freiem Eintritt, inspi\u00adrie\u00adrendem Programm und einem au\u00dfer\u00adge\u00adw\u00f6hn\u00adli\u00adchen Gast: Leandro Erlich, einer der bedeu\u00adtendsten K\u00fcnstler der inter\u00adna\u00adtio\u00adnalen Gegen\u00adwarts\u00adkunst, war pers\u00f6n\u00adlich zu Gast im Museum. Ab 18 Uhr sprach Erlich im Rahmen eines \u00f6ffent\u00adli\u00adchen K\u00fcnst\u00adler\u00adge\u00adspr\u00e4chs mit&nbsp;[\u2026]<\/p>\n","protected":false},"author":1499,"featured_media":30285,"comment_status":"closed","ping_status":"closed","sticky":false,"template":"","format":"standard","meta":{"wp_typography_post_enhancements_disabled":false,"kunstmuseum_formatted_page_title":""},"categories":[1],"tags":[651,446,621,581],"yoast_head":"<!-- This site is optimized with the Yoast SEO plugin v19.4 - https:\/\/yoast.com\/wordpress\/plugins\/seo\/ -->\n<title>Leandro Erlich live im Gespr\u00e4ch bei Volkswagen Group Art4All im Mai - Kunstmuseum Wolfsburg<\/title>\n<meta name=\"robots\" content=\"index, follow, max-snippet:-1, max-image-preview:large, max-video-preview:-1\" \/>\n<link rel=\"canonical\" href=\"https:\/\/www.kunstmuseum.de\/en\/2025\/05\/leandro-erlich-live-im-gespraech-bei-volkswagen-group-art4all-im-mai\/\" \/>\n<meta property=\"og:locale\" content=\"en_US\" \/>\n<meta property=\"og:type\" content=\"article\" \/>\n<meta property=\"og:title\" content=\"Leandro Erlich live im Gespr\u00e4ch bei Volkswagen Group Art4All im Mai - Kunstmuseum Wolfsburg\" \/>\n<meta property=\"og:description\" content=\"Am 28. Mai 2025 lud das Kunst\u00admu\u00adseum Wolfsburg im Rahmen von Volks\u00adwagen Group Art4All zu einem beson\u00adderen Abend ein \u2013 mit freiem Eintritt, inspi\u00adrie\u00adrendem Programm und einem au\u00dfer\u00adge\u00adw\u00f6hn\u00adli\u00adchen Gast: Leandro Erlich, einer der bedeu\u00adtendsten K\u00fcnstler der inter\u00adna\u00adtio\u00adnalen Gegen\u00adwarts\u00adkunst, war pers\u00f6n\u00adlich zu Gast im Museum. Ab 18 Uhr sprach Erlich im Rahmen eines \u00f6ffent\u00adli\u00adchen K\u00fcnst\u00adler\u00adge\u00adspr\u00e4chs mit [&hellip;]\" \/>\n<meta property=\"og:url\" content=\"https:\/\/www.kunstmuseum.de\/en\/2025\/05\/leandro-erlich-live-im-gespraech-bei-volkswagen-group-art4all-im-mai\/\" \/>\n<meta property=\"og:site_name\" content=\"Kunstmuseum Wolfsburg\" \/>\n<meta property=\"article:publisher\" content=\"https:\/\/www.facebook.com\/KunstmuseumWolfsburg\" \/>\n<meta property=\"article:published_time\" content=\"2025-05-30T13:33:00+00:00\" \/>\n<meta property=\"article:modified_time\" content=\"2026-03-25T13:37:01+00:00\" \/>\n<meta property=\"og:image\" content=\"https:\/\/www.kunstmuseum.de\/wp-content\/uploads\/2025\/05\/Kunstmuseum-Wolfsburg-Art4All-05_2025-cMarek-Kruszewski-47-1.jpg\" \/>\n\t<meta property=\"og:image:width\" content=\"2400\" \/>\n\t<meta property=\"og:image:height\" content=\"1601\" \/>\n\t<meta property=\"og:image:type\" content=\"image\/jpeg\" \/>\n<meta name=\"author\" content=\"Kaye Lomas\" \/>\n<meta name=\"twitter:card\" content=\"summary_large_image\" \/>\n<meta name=\"twitter:creator\" content=\"@kunstmuseumwob\" \/>\n<meta name=\"twitter:site\" content=\"@kunstmuseumwob\" \/>\n<meta name=\"twitter:label1\" content=\"Written by\" \/>\n\t<meta name=\"twitter:data1\" content=\"Kaye Lomas\" \/>\n\t<meta name=\"twitter:label2\" content=\"Est. reading time\" \/>\n\t<meta name=\"twitter:data2\" content=\"5 minutes\" \/>\n<script type=\"application\/ld+json\" class=\"yoast-schema-graph\">{\"@context\":\"https:\/\/schema.org\",\"@graph\":[{\"@type\":\"Organization\",\"@id\":\"https:\/\/www.kunstmuseum.de\/en\/#organization\",\"name\":\"Kunstmuseum Wolfsburg\",\"url\":\"https:\/\/www.kunstmuseum.de\/en\/\",\"sameAs\":[\"https:\/\/www.instagram.com\/kunstmuseumwolfsburg\/\",\"https:\/\/www.linkedin.com\/company\/kunstmuseum-wolfsburg\/\",\"https:\/\/www.youtube.com\/user\/KunstmuseumWolfsburg\",\"https:\/\/de.wikipedia.org\/wiki\/Kunstmuseum_Wolfsburg\",\"https:\/\/www.facebook.com\/KunstmuseumWolfsburg\",\"https:\/\/twitter.com\/kunstmuseumwob\"],\"logo\":{\"@type\":\"ImageObject\",\"inLanguage\":\"en-US\",\"@id\":\"https:\/\/www.kunstmuseum.de\/en\/#\/schema\/logo\/image\/\",\"url\":\"https:\/\/www.kunstmuseum.de\/wp-content\/uploads\/2020\/05\/191125_KMW_Wortmarke_RGB_schwarz.svg\",\"contentUrl\":\"https:\/\/www.kunstmuseum.de\/wp-content\/uploads\/2020\/05\/191125_KMW_Wortmarke_RGB_schwarz.svg\",\"caption\":\"Kunstmuseum Wolfsburg\"},\"image\":{\"@id\":\"https:\/\/www.kunstmuseum.de\/en\/#\/schema\/logo\/image\/\"}},{\"@type\":\"WebSite\",\"@id\":\"https:\/\/www.kunstmuseum.de\/en\/#website\",\"url\":\"https:\/\/www.kunstmuseum.de\/en\/\",\"name\":\"Kunstmuseum Wolfsburg\",\"description\":\"\",\"publisher\":{\"@id\":\"https:\/\/www.kunstmuseum.de\/en\/#organization\"},\"potentialAction\":[{\"@type\":\"SearchAction\",\"target\":{\"@type\":\"EntryPoint\",\"urlTemplate\":\"https:\/\/www.kunstmuseum.de\/en\/?s={search_term_string}\"},\"query-input\":\"required name=search_term_string\"}],\"inLanguage\":\"en-US\"},{\"@type\":\"WebPage\",\"@id\":\"https:\/\/www.kunstmuseum.de\/en\/2025\/05\/leandro-erlich-live-im-gespraech-bei-volkswagen-group-art4all-im-mai\/\",\"url\":\"https:\/\/www.kunstmuseum.de\/en\/2025\/05\/leandro-erlich-live-im-gespraech-bei-volkswagen-group-art4all-im-mai\/\",\"name\":\"Leandro Erlich live im Gespr\u00e4ch bei Volkswagen Group Art4All im Mai - Kunstmuseum Wolfsburg\",\"isPartOf\":{\"@id\":\"https:\/\/www.kunstmuseum.de\/en\/#website\"},\"datePublished\":\"2025-05-30T13:33:00+00:00\",\"dateModified\":\"2026-03-25T13:37:01+00:00\",\"breadcrumb\":{\"@id\":\"https:\/\/www.kunstmuseum.de\/en\/2025\/05\/leandro-erlich-live-im-gespraech-bei-volkswagen-group-art4all-im-mai\/#breadcrumb\"},\"inLanguage\":\"en-US\",\"potentialAction\":[{\"@type\":\"ReadAction\",\"target\":[\"https:\/\/www.kunstmuseum.de\/en\/2025\/05\/leandro-erlich-live-im-gespraech-bei-volkswagen-group-art4all-im-mai\/\"]}]},{\"@type\":\"BreadcrumbList\",\"@id\":\"https:\/\/www.kunstmuseum.de\/en\/2025\/05\/leandro-erlich-live-im-gespraech-bei-volkswagen-group-art4all-im-mai\/#breadcrumb\",\"itemListElement\":[{\"@type\":\"ListItem\",\"position\":1,\"name\":\"Startseite\",\"item\":\"https:\/\/www.kunstmuseum.de\/en\/\"},{\"@type\":\"ListItem\",\"position\":2,\"name\":\"Leandro Erlich live im Gespr\u00e4ch bei Volkswagen Group Art4All im Mai\"}]},{\"@type\":\"Article\",\"@id\":\"https:\/\/www.kunstmuseum.de\/en\/2025\/05\/leandro-erlich-live-im-gespraech-bei-volkswagen-group-art4all-im-mai\/#article\",\"isPartOf\":{\"@id\":\"https:\/\/www.kunstmuseum.de\/en\/2025\/05\/leandro-erlich-live-im-gespraech-bei-volkswagen-group-art4all-im-mai\/\"},\"author\":{\"name\":\"Kaye Lomas\",\"@id\":\"https:\/\/www.kunstmuseum.de\/en\/#\/schema\/person\/33ce7ce14546b222bfd6a357a22cd681\"},\"headline\":\"Leandro Erlich live im Gespr\u00e4ch bei Volkswagen Group Art4All im&nbsp;Mai\",\"datePublished\":\"2025-05-30T13:33:00+00:00\",\"dateModified\":\"2026-03-25T13:37:01+00:00\",\"mainEntityOfPage\":{\"@id\":\"https:\/\/www.kunstmuseum.de\/en\/2025\/05\/leandro-erlich-live-im-gespraech-bei-volkswagen-group-art4all-im-mai\/\"},\"wordCount\":310,\"publisher\":{\"@id\":\"https:\/\/www.kunstmuseum.de\/en\/#organization\"},\"keywords\":[\"Freischwimmen\",\"Kunstvermittlung\",\"Leandro Erlich\",\"Volkswagen Group Art4All\"],\"articleSection\":[\"Unkategorisiert\"],\"inLanguage\":\"en-US\"},{\"@type\":\"Person\",\"@id\":\"https:\/\/www.kunstmuseum.de\/en\/#\/schema\/person\/33ce7ce14546b222bfd6a357a22cd681\",\"name\":\"Kaye Lomas\",\"image\":{\"@type\":\"ImageObject\",\"inLanguage\":\"en-US\",\"@id\":\"https:\/\/www.kunstmuseum.de\/en\/#\/schema\/person\/image\/\",\"url\":\"https:\/\/secure.gravatar.com\/avatar\/a04b8c1d583166ba071debc422468dac?s=96&d=mm&r=g\",\"contentUrl\":\"https:\/\/secure.gravatar.com\/avatar\/a04b8c1d583166ba071debc422468dac?s=96&d=mm&r=g\",\"caption\":\"Kaye Lomas\"}}]}<\/script>\n<!-- \/ Yoast SEO plugin. -->","yoast_head_json":{"title":"Leandro Erlich live im Gespr\u00e4ch bei Volkswagen Group Art4All im Mai - Kunstmuseum Wolfsburg","robots":{"index":"index","follow":"follow","max-snippet":"max-snippet:-1","max-image-preview":"max-image-preview:large","max-video-preview":"max-video-preview:-1"},"canonical":"https:\/\/www.kunstmuseum.de\/en\/2025\/05\/leandro-erlich-live-im-gespraech-bei-volkswagen-group-art4all-im-mai\/","og_locale":"en_US","og_type":"article","og_title":"Leandro Erlich live im Gespr\u00e4ch bei Volkswagen Group Art4All im Mai - Kunstmuseum Wolfsburg","og_description":"Am 28. Mai 2025 lud das Kunst\u00admu\u00adseum Wolfsburg im Rahmen von Volks\u00adwagen Group Art4All zu einem beson\u00adderen Abend ein \u2013 mit freiem Eintritt, inspi\u00adrie\u00adrendem Programm und einem au\u00dfer\u00adge\u00adw\u00f6hn\u00adli\u00adchen Gast: Leandro Erlich, einer der bedeu\u00adtendsten K\u00fcnstler der inter\u00adna\u00adtio\u00adnalen Gegen\u00adwarts\u00adkunst, war pers\u00f6n\u00adlich zu Gast im Museum. Ab 18 Uhr sprach Erlich im Rahmen eines \u00f6ffent\u00adli\u00adchen K\u00fcnst\u00adler\u00adge\u00adspr\u00e4chs mit [&hellip;]","og_url":"https:\/\/www.kunstmuseum.de\/en\/2025\/05\/leandro-erlich-live-im-gespraech-bei-volkswagen-group-art4all-im-mai\/","og_site_name":"Kunstmuseum Wolfsburg","article_publisher":"https:\/\/www.facebook.com\/KunstmuseumWolfsburg","article_published_time":"2025-05-30T13:33:00+00:00","article_modified_time":"2026-03-25T13:37:01+00:00","og_image":[{"width":2400,"height":1601,"url":"https:\/\/www.kunstmuseum.de\/wp-content\/uploads\/2025\/05\/Kunstmuseum-Wolfsburg-Art4All-05_2025-cMarek-Kruszewski-47-1.jpg","type":"image\/jpeg"}],"author":"Kaye Lomas","twitter_card":"summary_large_image","twitter_creator":"@kunstmuseumwob","twitter_site":"@kunstmuseumwob","twitter_misc":{"Written by":"Kaye Lomas","Est. reading time":"5 minutes"},"schema":{"@context":"https:\/\/schema.org","@graph":[{"@type":"Organization","@id":"https:\/\/www.kunstmuseum.de\/en\/#organization","name":"Kunstmuseum Wolfsburg","url":"https:\/\/www.kunstmuseum.de\/en\/","sameAs":["https:\/\/www.instagram.com\/kunstmuseumwolfsburg\/","https:\/\/www.linkedin.com\/company\/kunstmuseum-wolfsburg\/","https:\/\/www.youtube.com\/user\/KunstmuseumWolfsburg","https:\/\/de.wikipedia.org\/wiki\/Kunstmuseum_Wolfsburg","https:\/\/www.facebook.com\/KunstmuseumWolfsburg","https:\/\/twitter.com\/kunstmuseumwob"],"logo":{"@type":"ImageObject","inLanguage":"en-US","@id":"https:\/\/www.kunstmuseum.de\/en\/#\/schema\/logo\/image\/","url":"https:\/\/www.kunstmuseum.de\/wp-content\/uploads\/2020\/05\/191125_KMW_Wortmarke_RGB_schwarz.svg","contentUrl":"https:\/\/www.kunstmuseum.de\/wp-content\/uploads\/2020\/05\/191125_KMW_Wortmarke_RGB_schwarz.svg","caption":"Kunstmuseum Wolfsburg"},"image":{"@id":"https:\/\/www.kunstmuseum.de\/en\/#\/schema\/logo\/image\/"}},{"@type":"WebSite","@id":"https:\/\/www.kunstmuseum.de\/en\/#website","url":"https:\/\/www.kunstmuseum.de\/en\/","name":"Kunstmuseum Wolfsburg","description":"","publisher":{"@id":"https:\/\/www.kunstmuseum.de\/en\/#organization"},"potentialAction":[{"@type":"SearchAction","target":{"@type":"EntryPoint","urlTemplate":"https:\/\/www.kunstmuseum.de\/en\/?s={search_term_string}"},"query-input":"required name=search_term_string"}],"inLanguage":"en-US"},{"@type":"WebPage","@id":"https:\/\/www.kunstmuseum.de\/en\/2025\/05\/leandro-erlich-live-im-gespraech-bei-volkswagen-group-art4all-im-mai\/","url":"https:\/\/www.kunstmuseum.de\/en\/2025\/05\/leandro-erlich-live-im-gespraech-bei-volkswagen-group-art4all-im-mai\/","name":"Leandro Erlich live im Gespr\u00e4ch bei Volkswagen Group Art4All im Mai - Kunstmuseum Wolfsburg","isPartOf":{"@id":"https:\/\/www.kunstmuseum.de\/en\/#website"},"datePublished":"2025-05-30T13:33:00+00:00","dateModified":"2026-03-25T13:37:01+00:00","breadcrumb":{"@id":"https:\/\/www.kunstmuseum.de\/en\/2025\/05\/leandro-erlich-live-im-gespraech-bei-volkswagen-group-art4all-im-mai\/#breadcrumb"},"inLanguage":"en-US","potentialAction":[{"@type":"ReadAction","target":["https:\/\/www.kunstmuseum.de\/en\/2025\/05\/leandro-erlich-live-im-gespraech-bei-volkswagen-group-art4all-im-mai\/"]}]},{"@type":"BreadcrumbList","@id":"https:\/\/www.kunstmuseum.de\/en\/2025\/05\/leandro-erlich-live-im-gespraech-bei-volkswagen-group-art4all-im-mai\/#breadcrumb","itemListElement":[{"@type":"ListItem","position":1,"name":"Startseite","item":"https:\/\/www.kunstmuseum.de\/en\/"},{"@type":"ListItem","position":2,"name":"Leandro Erlich live im Gespr\u00e4ch bei Volkswagen Group Art4All im Mai"}]},{"@type":"Article","@id":"https:\/\/www.kunstmuseum.de\/en\/2025\/05\/leandro-erlich-live-im-gespraech-bei-volkswagen-group-art4all-im-mai\/#article","isPartOf":{"@id":"https:\/\/www.kunstmuseum.de\/en\/2025\/05\/leandro-erlich-live-im-gespraech-bei-volkswagen-group-art4all-im-mai\/"},"author":{"name":"Kaye Lomas","@id":"https:\/\/www.kunstmuseum.de\/en\/#\/schema\/person\/33ce7ce14546b222bfd6a357a22cd681"},"headline":"Leandro Erlich live im Gespr\u00e4ch bei Volkswagen Group Art4All im&nbsp;Mai","datePublished":"2025-05-30T13:33:00+00:00","dateModified":"2026-03-25T13:37:01+00:00","mainEntityOfPage":{"@id":"https:\/\/www.kunstmuseum.de\/en\/2025\/05\/leandro-erlich-live-im-gespraech-bei-volkswagen-group-art4all-im-mai\/"},"wordCount":310,"publisher":{"@id":"https:\/\/www.kunstmuseum.de\/en\/#organization"},"keywords":["Freischwimmen","Kunstvermittlung","Leandro Erlich","Volkswagen Group Art4All"],"articleSection":["Unkategorisiert"],"inLanguage":"en-US"},{"@type":"Person","@id":"https:\/\/www.kunstmuseum.de\/en\/#\/schema\/person\/33ce7ce14546b222bfd6a357a22cd681","name":"Kaye Lomas","image":{"@type":"ImageObject","inLanguage":"en-US","@id":"https:\/\/www.kunstmuseum.de\/en\/#\/schema\/person\/image\/","url":"https:\/\/secure.gravatar.com\/avatar\/a04b8c1d583166ba071debc422468dac?s=96&d=mm&r=g","contentUrl":"https:\/\/secure.gravatar.com\/avatar\/a04b8c1d583166ba071debc422468dac?s=96&d=mm&r=g","caption":"Kaye Lomas"}}]}},"_links":{"self":[{"href":"https:\/\/www.kunstmuseum.de\/en\/wp-json\/wp\/v2\/posts\/30190"}],"collection":[{"href":"https:\/\/www.kunstmuseum.de\/en\/wp-json\/wp\/v2\/posts"}],"about":[{"href":"https:\/\/www.kunstmuseum.de\/en\/wp-json\/wp\/v2\/types\/post"}],"author":[{"embeddable":true,"href":"https:\/\/www.kunstmuseum.de\/en\/wp-json\/wp\/v2\/users\/1499"}],"replies":[{"embeddable":true,"href":"https:\/\/www.kunstmuseum.de\/en\/wp-json\/wp\/v2\/comments?post=30190"}],"version-history":[{"count":8,"href":"https:\/\/www.kunstmuseum.de\/en\/wp-json\/wp\/v2\/posts\/30190\/revisions"}],"predecessor-version":[{"id":30282,"href":"https:\/\/www.kunstmuseum.de\/en\/wp-json\/wp\/v2\/posts\/30190\/revisions\/30282"}],"wp:featuredmedia":[{"embeddable":true,"href":"https:\/\/www.kunstmuseum.de\/en\/wp-json\/wp\/v2\/media\/30285"}],"wp:attachment":[{"href":"https:\/\/www.kunstmuseum.de\/en\/wp-json\/wp\/v2\/media?parent=30190"}],"wp:term":[{"taxonomy":"category","embeddable":true,"href":"https:\/\/www.kunstmuseum.de\/en\/wp-json\/wp\/v2\/categories?post=30190"},{"taxonomy":"post_tag","embeddable":true,"href":"https:\/\/www.kunstmuseum.de\/en\/wp-json\/wp\/v2\/tags?post=30190"}],"curies":[{"name":"wp","href":"https:\/\/api.w.org\/{rel}","templated":true}]}}