{"id":32336,"date":"2025-12-01T14:53:51","date_gmt":"2025-12-01T13:53:51","guid":{"rendered":"https:\/\/www.kunstmuseum.de\/?p=32336"},"modified":"2025-12-01T15:02:21","modified_gmt":"2025-12-01T14:02:21","slug":"das-kulturquartier-wolfsburg-laedt-zur-adventssause-ein","status":"publish","type":"post","link":"https:\/\/www.kunstmuseum.de\/en\/2025\/12\/das-kulturquartier-wolfsburg-laedt-zur-adventssause-ein\/","title":{"rendered":"Das kulturquartier Wolfsburg l\u00e4dt zur Adventssause ein"},"content":{"rendered":"\n<p>Am Nikolaustag verwan\u00addelt der kultur\u00adquar\u00adtier e.V. den Bereich rund um Ehme de Riese am S\u00fcdkopf, direkt gegen\u00fcber dem Rathaus, in ein kleines, liebevoll gestal\u00adtetes Weihnachts\u00admarkt\u00adpl\u00e4tz\u00adchen. Kinder und Erwach\u00adsene sind herzlich einge\u00adladen, gemeinsam eine gem\u00fct\u00adliche Auszeit vom vorweih\u00adnacht\u00adli\u00adchen Trubel zu genie\u00dfen. \u201eMit unserer Advents\u00adsause m\u00f6chten wir die Weihnachts\u00adzeit feierlich einl\u00e4uten und vielen Menschen fr\u00f6hliche Momente schenken\u201c, sagt Otmar B\u00f6hmer, Vorsit\u00adzender des Vereins. \u201eWir freuen uns \u00fcber alle Besucher*innen und auf eine lebendige Atmosph\u00e4re.\u201c&nbsp;<\/p>\n\n\n\n<p>Am 6. Dezember 2025, von 11.00 bis 14.00 Uhr, warten duftendes Popcorn, w\u00e4rmender Gl\u00fchwein und s\u00fc\u00dfer Kinder\u00adpunsch, begleitet von stimmungs\u00advoller Weihnachts\u00admusik. Der Nikolaus schaut ebenfalls vorbei und verschenkt Lecke\u00adreien an die Kinder. Und wer sein Gl\u00fcck heraus\u00adfor\u00addern m\u00f6chte, kann am Gl\u00fccksrad drehen und auf einen kleinen Gewinn hoffen. Die Akteur*innen des kultur\u00adquar\u00adtiers freuen sich auf ein herzli\u00adches Mitein\u00adander, gute Gespr\u00e4che und viele strah\u00adlende Gesichter.<\/p>\n\n\n\n<p><strong>Akteure im Kultur\u00adquar\u00adtier:<\/strong> <br><br>Congress Park Wolfsburg <br>Ehme de Riese <br>Filmburg <br>Gold Atelier <br>Hallenbad Kultur Am Schachtweg <br>Kunst\u00admu\u00adseum Wolfsburg <br>MSCG <br>Museums Arkaden <br>Plane\u00adta\u00adrium Wolfsburg <br>Scharoun Theater Wolfsburg <br>Sonnen\u00adapo\u00adtheke <br>Sparkasse CGW <br>Stadt\u00adbi\u00adblio\u00adthek <br>Stiftung Automu\u00adseum Volks\u00adwagen <br>Volksbank BRAWO<\/p>\n","protected":false},"excerpt":{"rendered":"<p>Am Nikolaustag verwan\u00addelt der kultur\u00adquar\u00adtier e.V. den Bereich rund um Ehme de Riese am S\u00fcdkopf, direkt gegen\u00fcber dem Rathaus, in ein kleines, liebevoll gestal\u00adtetes Weihnachts\u00admarkt\u00adpl\u00e4tz\u00adchen. Kinder und Erwach\u00adsene sind herzlich einge\u00adladen, gemeinsam eine gem\u00fct\u00adliche Auszeit vom vorweih\u00adnacht\u00adli\u00adchen Trubel zu genie\u00dfen. \u201eMit unserer Advents\u00adsause m\u00f6chten wir die Weihnachts\u00adzeit feierlich einl\u00e4uten und vielen Menschen fr\u00f6hliche Momente schenken\u201c,&nbsp;[\u2026]<\/p>\n","protected":false},"author":1499,"featured_media":32342,"comment_status":"closed","ping_status":"closed","sticky":false,"template":"","format":"standard","meta":{"wp_typography_post_enhancements_disabled":false,"kunstmuseum_formatted_page_title":""},"categories":[1],"tags":[465],"yoast_head":"<!-- This site is optimized with the Yoast SEO plugin v19.4 - https:\/\/yoast.com\/wordpress\/plugins\/seo\/ -->\n<title>Das kulturquartier Wolfsburg l\u00e4dt zur Adventssause ein - Kunstmuseum Wolfsburg<\/title>\n<meta name=\"robots\" content=\"index, follow, max-snippet:-1, max-image-preview:large, max-video-preview:-1\" \/>\n<link rel=\"canonical\" href=\"https:\/\/www.kunstmuseum.de\/en\/2025\/12\/das-kulturquartier-wolfsburg-laedt-zur-adventssause-ein\/\" \/>\n<meta property=\"og:locale\" content=\"en_US\" \/>\n<meta property=\"og:type\" content=\"article\" \/>\n<meta property=\"og:title\" content=\"Das kulturquartier Wolfsburg l\u00e4dt zur Adventssause ein - Kunstmuseum Wolfsburg\" \/>\n<meta property=\"og:description\" content=\"Am Nikolaustag verwan\u00addelt der kultur\u00adquar\u00adtier e.V. den Bereich rund um Ehme de Riese am S\u00fcdkopf, direkt gegen\u00fcber dem Rathaus, in ein kleines, liebevoll gestal\u00adtetes Weihnachts\u00admarkt\u00adpl\u00e4tz\u00adchen. Kinder und Erwach\u00adsene sind herzlich einge\u00adladen, gemeinsam eine gem\u00fct\u00adliche Auszeit vom vorweih\u00adnacht\u00adli\u00adchen Trubel zu genie\u00dfen. \u201eMit unserer Advents\u00adsause m\u00f6chten wir die Weihnachts\u00adzeit feierlich einl\u00e4uten und vielen Menschen fr\u00f6hliche Momente schenken\u201c, [&hellip;]\" \/>\n<meta property=\"og:url\" content=\"https:\/\/www.kunstmuseum.de\/en\/2025\/12\/das-kulturquartier-wolfsburg-laedt-zur-adventssause-ein\/\" \/>\n<meta property=\"og:site_name\" content=\"Kunstmuseum Wolfsburg\" \/>\n<meta property=\"article:publisher\" content=\"https:\/\/www.facebook.com\/KunstmuseumWolfsburg\" \/>\n<meta property=\"article:published_time\" content=\"2025-12-01T13:53:51+00:00\" \/>\n<meta property=\"article:modified_time\" content=\"2025-12-01T14:02:21+00:00\" \/>\n<meta property=\"og:image\" content=\"https:\/\/www.kunstmuseum.de\/wp-content\/uploads\/2025\/12\/Adventssause.png\" \/>\n\t<meta property=\"og:image:width\" content=\"3402\" \/>\n\t<meta property=\"og:image:height\" content=\"2268\" \/>\n\t<meta property=\"og:image:type\" content=\"image\/png\" \/>\n<meta name=\"author\" content=\"Kaye Lomas\" \/>\n<meta name=\"twitter:card\" content=\"summary_large_image\" \/>\n<meta name=\"twitter:creator\" content=\"@kunstmuseumwob\" \/>\n<meta name=\"twitter:site\" content=\"@kunstmuseumwob\" \/>\n<meta name=\"twitter:label1\" content=\"Written by\" \/>\n\t<meta name=\"twitter:data1\" content=\"Kaye Lomas\" \/>\n\t<meta name=\"twitter:label2\" content=\"Est. reading time\" \/>\n\t<meta name=\"twitter:data2\" content=\"1 minute\" \/>\n<script type=\"application\/ld+json\" class=\"yoast-schema-graph\">{\"@context\":\"https:\/\/schema.org\",\"@graph\":[{\"@type\":\"Organization\",\"@id\":\"https:\/\/www.kunstmuseum.de\/en\/#organization\",\"name\":\"Kunstmuseum Wolfsburg\",\"url\":\"https:\/\/www.kunstmuseum.de\/en\/\",\"sameAs\":[\"https:\/\/www.instagram.com\/kunstmuseumwolfsburg\/\",\"https:\/\/www.linkedin.com\/company\/kunstmuseum-wolfsburg\/\",\"https:\/\/www.youtube.com\/user\/KunstmuseumWolfsburg\",\"https:\/\/de.wikipedia.org\/wiki\/Kunstmuseum_Wolfsburg\",\"https:\/\/www.facebook.com\/KunstmuseumWolfsburg\",\"https:\/\/twitter.com\/kunstmuseumwob\"],\"logo\":{\"@type\":\"ImageObject\",\"inLanguage\":\"en-US\",\"@id\":\"https:\/\/www.kunstmuseum.de\/en\/#\/schema\/logo\/image\/\",\"url\":\"https:\/\/www.kunstmuseum.de\/wp-content\/uploads\/2020\/05\/191125_KMW_Wortmarke_RGB_schwarz.svg\",\"contentUrl\":\"https:\/\/www.kunstmuseum.de\/wp-content\/uploads\/2020\/05\/191125_KMW_Wortmarke_RGB_schwarz.svg\",\"caption\":\"Kunstmuseum Wolfsburg\"},\"image\":{\"@id\":\"https:\/\/www.kunstmuseum.de\/en\/#\/schema\/logo\/image\/\"}},{\"@type\":\"WebSite\",\"@id\":\"https:\/\/www.kunstmuseum.de\/en\/#website\",\"url\":\"https:\/\/www.kunstmuseum.de\/en\/\",\"name\":\"Kunstmuseum Wolfsburg\",\"description\":\"\",\"publisher\":{\"@id\":\"https:\/\/www.kunstmuseum.de\/en\/#organization\"},\"potentialAction\":[{\"@type\":\"SearchAction\",\"target\":{\"@type\":\"EntryPoint\",\"urlTemplate\":\"https:\/\/www.kunstmuseum.de\/en\/?s={search_term_string}\"},\"query-input\":\"required name=search_term_string\"}],\"inLanguage\":\"en-US\"},{\"@type\":\"WebPage\",\"@id\":\"https:\/\/www.kunstmuseum.de\/en\/2025\/12\/das-kulturquartier-wolfsburg-laedt-zur-adventssause-ein\/\",\"url\":\"https:\/\/www.kunstmuseum.de\/en\/2025\/12\/das-kulturquartier-wolfsburg-laedt-zur-adventssause-ein\/\",\"name\":\"Das kulturquartier Wolfsburg l\u00e4dt zur Adventssause ein - Kunstmuseum Wolfsburg\",\"isPartOf\":{\"@id\":\"https:\/\/www.kunstmuseum.de\/en\/#website\"},\"datePublished\":\"2025-12-01T13:53:51+00:00\",\"dateModified\":\"2025-12-01T14:02:21+00:00\",\"breadcrumb\":{\"@id\":\"https:\/\/www.kunstmuseum.de\/en\/2025\/12\/das-kulturquartier-wolfsburg-laedt-zur-adventssause-ein\/#breadcrumb\"},\"inLanguage\":\"en-US\",\"potentialAction\":[{\"@type\":\"ReadAction\",\"target\":[\"https:\/\/www.kunstmuseum.de\/en\/2025\/12\/das-kulturquartier-wolfsburg-laedt-zur-adventssause-ein\/\"]}]},{\"@type\":\"BreadcrumbList\",\"@id\":\"https:\/\/www.kunstmuseum.de\/en\/2025\/12\/das-kulturquartier-wolfsburg-laedt-zur-adventssause-ein\/#breadcrumb\",\"itemListElement\":[{\"@type\":\"ListItem\",\"position\":1,\"name\":\"Startseite\",\"item\":\"https:\/\/www.kunstmuseum.de\/en\/\"},{\"@type\":\"ListItem\",\"position\":2,\"name\":\"Das kulturquartier Wolfsburg l\u00e4dt zur Adventssause ein\"}]},{\"@type\":\"Article\",\"@id\":\"https:\/\/www.kunstmuseum.de\/en\/2025\/12\/das-kulturquartier-wolfsburg-laedt-zur-adventssause-ein\/#article\",\"isPartOf\":{\"@id\":\"https:\/\/www.kunstmuseum.de\/en\/2025\/12\/das-kulturquartier-wolfsburg-laedt-zur-adventssause-ein\/\"},\"author\":{\"name\":\"Kaye Lomas\",\"@id\":\"https:\/\/www.kunstmuseum.de\/en\/#\/schema\/person\/33ce7ce14546b222bfd6a357a22cd681\"},\"headline\":\"Das kulturquartier Wolfsburg l\u00e4dt zur Adventssause ein\",\"datePublished\":\"2025-12-01T13:53:51+00:00\",\"dateModified\":\"2025-12-01T14:02:21+00:00\",\"mainEntityOfPage\":{\"@id\":\"https:\/\/www.kunstmuseum.de\/en\/2025\/12\/das-kulturquartier-wolfsburg-laedt-zur-adventssause-ein\/\"},\"wordCount\":195,\"publisher\":{\"@id\":\"https:\/\/www.kunstmuseum.de\/en\/#organization\"},\"keywords\":[\"kulturquartier\"],\"articleSection\":[\"Unkategorisiert\"],\"inLanguage\":\"en-US\"},{\"@type\":\"Person\",\"@id\":\"https:\/\/www.kunstmuseum.de\/en\/#\/schema\/person\/33ce7ce14546b222bfd6a357a22cd681\",\"name\":\"Kaye Lomas\",\"image\":{\"@type\":\"ImageObject\",\"inLanguage\":\"en-US\",\"@id\":\"https:\/\/www.kunstmuseum.de\/en\/#\/schema\/person\/image\/\",\"url\":\"https:\/\/secure.gravatar.com\/avatar\/a04b8c1d583166ba071debc422468dac?s=96&d=mm&r=g\",\"contentUrl\":\"https:\/\/secure.gravatar.com\/avatar\/a04b8c1d583166ba071debc422468dac?s=96&d=mm&r=g\",\"caption\":\"Kaye Lomas\"}}]}<\/script>\n<!-- \/ Yoast SEO plugin. -->","yoast_head_json":{"title":"Das kulturquartier Wolfsburg l\u00e4dt zur Adventssause ein - Kunstmuseum Wolfsburg","robots":{"index":"index","follow":"follow","max-snippet":"max-snippet:-1","max-image-preview":"max-image-preview:large","max-video-preview":"max-video-preview:-1"},"canonical":"https:\/\/www.kunstmuseum.de\/en\/2025\/12\/das-kulturquartier-wolfsburg-laedt-zur-adventssause-ein\/","og_locale":"en_US","og_type":"article","og_title":"Das kulturquartier Wolfsburg l\u00e4dt zur Adventssause ein - Kunstmuseum Wolfsburg","og_description":"Am Nikolaustag verwan\u00addelt der kultur\u00adquar\u00adtier e.V. den Bereich rund um Ehme de Riese am S\u00fcdkopf, direkt gegen\u00fcber dem Rathaus, in ein kleines, liebevoll gestal\u00adtetes Weihnachts\u00admarkt\u00adpl\u00e4tz\u00adchen. Kinder und Erwach\u00adsene sind herzlich einge\u00adladen, gemeinsam eine gem\u00fct\u00adliche Auszeit vom vorweih\u00adnacht\u00adli\u00adchen Trubel zu genie\u00dfen. \u201eMit unserer Advents\u00adsause m\u00f6chten wir die Weihnachts\u00adzeit feierlich einl\u00e4uten und vielen Menschen fr\u00f6hliche Momente schenken\u201c, [&hellip;]","og_url":"https:\/\/www.kunstmuseum.de\/en\/2025\/12\/das-kulturquartier-wolfsburg-laedt-zur-adventssause-ein\/","og_site_name":"Kunstmuseum Wolfsburg","article_publisher":"https:\/\/www.facebook.com\/KunstmuseumWolfsburg","article_published_time":"2025-12-01T13:53:51+00:00","article_modified_time":"2025-12-01T14:02:21+00:00","og_image":[{"width":3402,"height":2268,"url":"https:\/\/www.kunstmuseum.de\/wp-content\/uploads\/2025\/12\/Adventssause.png","type":"image\/png"}],"author":"Kaye Lomas","twitter_card":"summary_large_image","twitter_creator":"@kunstmuseumwob","twitter_site":"@kunstmuseumwob","twitter_misc":{"Written by":"Kaye Lomas","Est. reading time":"1 minute"},"schema":{"@context":"https:\/\/schema.org","@graph":[{"@type":"Organization","@id":"https:\/\/www.kunstmuseum.de\/en\/#organization","name":"Kunstmuseum Wolfsburg","url":"https:\/\/www.kunstmuseum.de\/en\/","sameAs":["https:\/\/www.instagram.com\/kunstmuseumwolfsburg\/","https:\/\/www.linkedin.com\/company\/kunstmuseum-wolfsburg\/","https:\/\/www.youtube.com\/user\/KunstmuseumWolfsburg","https:\/\/de.wikipedia.org\/wiki\/Kunstmuseum_Wolfsburg","https:\/\/www.facebook.com\/KunstmuseumWolfsburg","https:\/\/twitter.com\/kunstmuseumwob"],"logo":{"@type":"ImageObject","inLanguage":"en-US","@id":"https:\/\/www.kunstmuseum.de\/en\/#\/schema\/logo\/image\/","url":"https:\/\/www.kunstmuseum.de\/wp-content\/uploads\/2020\/05\/191125_KMW_Wortmarke_RGB_schwarz.svg","contentUrl":"https:\/\/www.kunstmuseum.de\/wp-content\/uploads\/2020\/05\/191125_KMW_Wortmarke_RGB_schwarz.svg","caption":"Kunstmuseum Wolfsburg"},"image":{"@id":"https:\/\/www.kunstmuseum.de\/en\/#\/schema\/logo\/image\/"}},{"@type":"WebSite","@id":"https:\/\/www.kunstmuseum.de\/en\/#website","url":"https:\/\/www.kunstmuseum.de\/en\/","name":"Kunstmuseum Wolfsburg","description":"","publisher":{"@id":"https:\/\/www.kunstmuseum.de\/en\/#organization"},"potentialAction":[{"@type":"SearchAction","target":{"@type":"EntryPoint","urlTemplate":"https:\/\/www.kunstmuseum.de\/en\/?s={search_term_string}"},"query-input":"required name=search_term_string"}],"inLanguage":"en-US"},{"@type":"WebPage","@id":"https:\/\/www.kunstmuseum.de\/en\/2025\/12\/das-kulturquartier-wolfsburg-laedt-zur-adventssause-ein\/","url":"https:\/\/www.kunstmuseum.de\/en\/2025\/12\/das-kulturquartier-wolfsburg-laedt-zur-adventssause-ein\/","name":"Das kulturquartier Wolfsburg l\u00e4dt zur Adventssause ein - Kunstmuseum Wolfsburg","isPartOf":{"@id":"https:\/\/www.kunstmuseum.de\/en\/#website"},"datePublished":"2025-12-01T13:53:51+00:00","dateModified":"2025-12-01T14:02:21+00:00","breadcrumb":{"@id":"https:\/\/www.kunstmuseum.de\/en\/2025\/12\/das-kulturquartier-wolfsburg-laedt-zur-adventssause-ein\/#breadcrumb"},"inLanguage":"en-US","potentialAction":[{"@type":"ReadAction","target":["https:\/\/www.kunstmuseum.de\/en\/2025\/12\/das-kulturquartier-wolfsburg-laedt-zur-adventssause-ein\/"]}]},{"@type":"BreadcrumbList","@id":"https:\/\/www.kunstmuseum.de\/en\/2025\/12\/das-kulturquartier-wolfsburg-laedt-zur-adventssause-ein\/#breadcrumb","itemListElement":[{"@type":"ListItem","position":1,"name":"Startseite","item":"https:\/\/www.kunstmuseum.de\/en\/"},{"@type":"ListItem","position":2,"name":"Das kulturquartier Wolfsburg l\u00e4dt zur Adventssause ein"}]},{"@type":"Article","@id":"https:\/\/www.kunstmuseum.de\/en\/2025\/12\/das-kulturquartier-wolfsburg-laedt-zur-adventssause-ein\/#article","isPartOf":{"@id":"https:\/\/www.kunstmuseum.de\/en\/2025\/12\/das-kulturquartier-wolfsburg-laedt-zur-adventssause-ein\/"},"author":{"name":"Kaye Lomas","@id":"https:\/\/www.kunstmuseum.de\/en\/#\/schema\/person\/33ce7ce14546b222bfd6a357a22cd681"},"headline":"Das kulturquartier Wolfsburg l\u00e4dt zur Adventssause ein","datePublished":"2025-12-01T13:53:51+00:00","dateModified":"2025-12-01T14:02:21+00:00","mainEntityOfPage":{"@id":"https:\/\/www.kunstmuseum.de\/en\/2025\/12\/das-kulturquartier-wolfsburg-laedt-zur-adventssause-ein\/"},"wordCount":195,"publisher":{"@id":"https:\/\/www.kunstmuseum.de\/en\/#organization"},"keywords":["kulturquartier"],"articleSection":["Unkategorisiert"],"inLanguage":"en-US"},{"@type":"Person","@id":"https:\/\/www.kunstmuseum.de\/en\/#\/schema\/person\/33ce7ce14546b222bfd6a357a22cd681","name":"Kaye Lomas","image":{"@type":"ImageObject","inLanguage":"en-US","@id":"https:\/\/www.kunstmuseum.de\/en\/#\/schema\/person\/image\/","url":"https:\/\/secure.gravatar.com\/avatar\/a04b8c1d583166ba071debc422468dac?s=96&d=mm&r=g","contentUrl":"https:\/\/secure.gravatar.com\/avatar\/a04b8c1d583166ba071debc422468dac?s=96&d=mm&r=g","caption":"Kaye Lomas"}}]}},"_links":{"self":[{"href":"https:\/\/www.kunstmuseum.de\/en\/wp-json\/wp\/v2\/posts\/32336"}],"collection":[{"href":"https:\/\/www.kunstmuseum.de\/en\/wp-json\/wp\/v2\/posts"}],"about":[{"href":"https:\/\/www.kunstmuseum.de\/en\/wp-json\/wp\/v2\/types\/post"}],"author":[{"embeddable":true,"href":"https:\/\/www.kunstmuseum.de\/en\/wp-json\/wp\/v2\/users\/1499"}],"replies":[{"embeddable":true,"href":"https:\/\/www.kunstmuseum.de\/en\/wp-json\/wp\/v2\/comments?post=32336"}],"version-history":[{"count":1,"href":"https:\/\/www.kunstmuseum.de\/en\/wp-json\/wp\/v2\/posts\/32336\/revisions"}],"predecessor-version":[{"id":32341,"href":"https:\/\/www.kunstmuseum.de\/en\/wp-json\/wp\/v2\/posts\/32336\/revisions\/32341"}],"wp:featuredmedia":[{"embeddable":true,"href":"https:\/\/www.kunstmuseum.de\/en\/wp-json\/wp\/v2\/media\/32342"}],"wp:attachment":[{"href":"https:\/\/www.kunstmuseum.de\/en\/wp-json\/wp\/v2\/media?parent=32336"}],"wp:term":[{"taxonomy":"category","embeddable":true,"href":"https:\/\/www.kunstmuseum.de\/en\/wp-json\/wp\/v2\/categories?post=32336"},{"taxonomy":"post_tag","embeddable":true,"href":"https:\/\/www.kunstmuseum.de\/en\/wp-json\/wp\/v2\/tags?post=32336"}],"curies":[{"name":"wp","href":"https:\/\/api.w.org\/{rel}","templated":true}]}}