{"id":32537,"date":"2025-12-23T11:52:20","date_gmt":"2025-12-23T10:52:20","guid":{"rendered":"https:\/\/www.kunstmuseum.de\/?p=32537"},"modified":"2026-03-25T14:46:26","modified_gmt":"2026-03-25T13:46:26","slug":"so-war-das-jahr-2025-im-kunstmuseum-wolfsburg","status":"publish","type":"post","link":"https:\/\/www.kunstmuseum.de\/en\/2025\/12\/so-war-das-jahr-2025-im-kunstmuseum-wolfsburg\/","title":{"rendered":"So war das Jahr 2025 im Kunstmuseum Wolfsburg"},"content":{"rendered":"\n<p>Das Jahr 2025 neigt sich dem Ende zu. Wie immer ein guter Zeitpunkt, die vergan\u00adgenen Monate kurz Revue passieren zu lassen!&nbsp;<br><br>Es war f\u00fcr uns im Kunst\u00admu\u00adseum Wolfsburg ein Jahr voller berei\u00adchernder Begeg\u00adnungen, kreativer Impulse und wertvoller Erfolge: In guter Erinne\u00adrung ist zun\u00e4chst noch unsere Ausstel\u00adlung <em><a href=\"https:\/\/www.kunstmuseum.de\/ausstellung\/leandro-erlich-schwerelos\/\">Leandro Erlich. Schwe\u00adrelos<\/a><\/em>, die sich mit ihren illusio\u00adn\u00e4ren Instal\u00adla\u00adtionen als wahrer Publi\u00adkums\u00adma\u00adgnet erwiesen hat \u2013 mit mehr als 76.000 Besucher*innen ist sie die bislang erfolg\u00adreichste Ausstel\u00adlung unseres Museums geworden. Besonders erfreu\u00adlich war auch die weitrei\u00adchende mediale Aufmerk\u00adsam\u00adkeit, die wir mit der Schau erfahren durften und die das \u00f6ffent\u00adliche Interesse an unserer Arbeit noch weiter verst\u00e4rkt und zu diesem gro\u00dfar\u00adtigen Erfolg beigetragen hat.&nbsp;<br><br>Mit <em><a href=\"https:\/\/www.kunstmuseum.de\/ausstellung\/freischwimmen-koepper-in-die-kunst\/\">Freischwimmen. K\u00f6pper in die Kunst!<\/a> <\/em>hat zum ersten Mal in der Geschichte unseres Museums ein aus allen Abtei\u00adlungen zusam\u00admen\u00adge\u00adsetztes Kurato\u00adrinnen-Team eine viel beachtete Sammlungs\u00adschau konzi\u00adpiert. Ausge\u00adw\u00e4hlte Werke wurden dort in spannungs\u00advolle Dialoge gesetzt.&nbsp;<br><br>Die im September er\u00f6ffnete Ausstel\u00adlung <em><a href=\"https:\/\/www.kunstmuseum.de\/ausstellung\/utopia-recht-auf-hoffnung\/\">Utopia. Recht auf Hoffnung<\/a><\/em> wurde ebenfalls in allen wichtigen Medien positiv bespro\u00adchen (u. a. FAZ, SZ, ZEIT, ZDF, NDR). Besonders erfreu\u00adlich war es, dass zum zweiten Mal in Folge eine unserer Ausstel\u00adlungen in einer Haupt\u00adnach\u00adrich\u00adten\u00adsen\u00addung (ZDF heute journal) vorge\u00adstellt worden ist. Es ist offen\u00adsicht\u00adlich, wie wichtig in diesen Zeiten Hoffnung und Zuver\u00adsicht sind und wie sehr diese Aspekte die Menschen anspre\u00adchen. Die vielen positiven R\u00fcckmel\u00addungen und das rege Interesse best\u00e4\u00adtigen, dass wir mit <em>Utopia <\/em>und den damit verbun\u00addenen Themen den Nerv der Zeit getroffen haben.&nbsp;<br><br>Und auch die im Rahmen einer inter\u00adna\u00adtio\u00adnalen Koope\u00adra\u00adtion seit dem 22. November laufende Schau <em><a href=\"https:\/\/www.kunstmuseum.de\/ausstellung\/malgorzata-mirga-tas\/\">Ma\u0142gorzata Mirga-Tas. Eine alter\u00adna\u00adtive Geschichte<\/a><\/em> begeis\u00adtert mit ihren gro\u00dffor\u00adma\u00adtigen textilen Arbeiten, in denen die Romni-K\u00fcnst\u00adlerin Themen wie Familie, Gemein\u00adschaft und Solida\u00adrit\u00e4t eindrucks\u00advoll visua\u00adli\u00adsiert.&nbsp;<br><br>Neben unseren Ausstel\u00adlungen m\u00f6chten wir nat\u00fcrlich nicht unerw\u00e4hnt lassen, dass unsere innova\u00adtive Kunst\u00adver\u00admitt\u00adlung u. a. mit der Open Area in 2025 ein zukunfts\u00adwei\u00adsendes Projekt auf den Weg gebracht hat, das gemeinsam mit der Stadt 2026 reali\u00adsiert wird.&nbsp;<br><br>Anfang des Jahres 2025 haben wir mit der Gr\u00fcndung unserer wob\u00b3walls gGmbH unser nachhal\u00adtiges Stell\u00adwand\u00adsystem nun auf eine noch profes\u00adsio\u00adnel\u00adlere Ebene gehoben: Aufgrund der vielen Vorteile unseres mobilen Wandsys\u00adtems steigen die Auftr\u00e4ge konti\u00adnu\u00adier\u00adlich an, da immer mehr Museen und Galerien von der Qualit\u00e4t der<a href=\"https:\/\/newslettertogo.com\/phm23k6b-5lfi21uq-jdnxwsw2-ha\"> <u>wob\u00b3walls<\/u><\/a> \u00fcberzeugt sind \u2013 auch das ein Grund zur Freude!&nbsp;<br><br>Diese sch\u00f6nen Erfolge \u2013 ob mit den Ausstel\u00adlungen, der Vermitt\u00adlung oder den betrieb\u00adli\u00adchen Aktivi\u00adt\u00e4ten \u2013 sind nat\u00fcrlich nicht nur das Ergebnis unserer eigenen Anstren\u00adgungen, sondern auch das Resultat des Engage\u00adments vieler Menschen: Das gesamte Team des Kunst\u00admu\u00adseum Wolfsburg, das sich jeden Tag mit Kompetenz und Leiden\u00adschaft f\u00fcr das Haus und die Kunst einsetzt, hat mit seinem unerm\u00fcd\u00adli\u00adchen Einsatz einen wesent\u00adli\u00adchen Anteil an diesen Erfolgen.&nbsp;<br><br>Unser Dank gilt den zahlrei\u00adchen Partner*innen, die uns in vielf\u00e4l\u00adtiger Weise unter\u00adst\u00fctzen. Aber vor allem auch Ihnen, unseren Besucher*innen, die durch ihr Interesse und Besuche unserer Ausstel\u00adlungen daf\u00fcr sorgen, dass das Kunst\u00admu\u00adseum Wolfsburg ein leben\u00addiger und dynami\u00adscher Ort der Kunst ist. Daf\u00fcr m\u00f6chten wir Ihnen allen unseren herzli\u00adchen Dank ausspre\u00adchen. \u00dcber den unten stehenden Link k\u00f6nnen Sie sehen, was wir f\u00fcr Sie im kommenden Jahr geplant haben \u2013 viel Freude bei der Lekt\u00fcre!&nbsp;<br><br>Ihnen und Ihren Familien w\u00fcnschen wir \u2013 auch im Namen des gesamten Teams des Kunst\u00admu\u00adseum Wolfsburg \u2013 ruhige und besinn\u00adliche Feiertage sowie f\u00fcr 2026 alles Gute, viel Gl\u00fcck, vor allem Gesund\u00adheit und Zuver\u00adsicht.&nbsp;<br><br>Mit den besten W\u00fcnschen&nbsp;<br><br>Dr. Andreas Beitin, Direktor, und Otmar B\u00f6hmer, Gesch\u00e4ftsf\u00fchrer<\/p>\n","protected":false},"excerpt":{"rendered":"<p>Das Jahr 2025 neigt sich dem Ende zu. Wie immer ein guter Zeitpunkt, die vergan\u00adgenen Monate kurz Revue passieren zu lassen!&nbsp; Es war f\u00fcr uns im Kunst\u00admu\u00adseum Wolfsburg ein Jahr voller berei\u00adchernder Begeg\u00adnungen, kreativer Impulse und wertvoller Erfolge: In guter Erinne\u00adrung ist zun\u00e4chst noch unsere Ausstel\u00adlung Leandro Erlich. Schwe\u00adrelos, die sich mit ihren illusio\u00adn\u00e4ren Installationen&nbsp;[\u2026]<\/p>\n","protected":false},"author":1499,"featured_media":32538,"comment_status":"closed","ping_status":"closed","sticky":false,"template":"","format":"standard","meta":{"wp_typography_post_enhancements_disabled":false,"kunstmuseum_formatted_page_title":""},"categories":[1],"tags":[651,446,621,655,661,703],"yoast_head":"<!-- This site is optimized with the Yoast SEO plugin v19.4 - https:\/\/yoast.com\/wordpress\/plugins\/seo\/ -->\n<title>So war das Jahr 2025 im Kunstmuseum Wolfsburg - Kunstmuseum Wolfsburg<\/title>\n<meta name=\"robots\" content=\"index, follow, max-snippet:-1, max-image-preview:large, max-video-preview:-1\" \/>\n<link rel=\"canonical\" href=\"https:\/\/www.kunstmuseum.de\/en\/2025\/12\/so-war-das-jahr-2025-im-kunstmuseum-wolfsburg\/\" \/>\n<meta property=\"og:locale\" content=\"en_US\" \/>\n<meta property=\"og:type\" content=\"article\" \/>\n<meta property=\"og:title\" content=\"So war das Jahr 2025 im Kunstmuseum Wolfsburg - Kunstmuseum Wolfsburg\" \/>\n<meta property=\"og:description\" content=\"Das Jahr 2025 neigt sich dem Ende zu. Wie immer ein guter Zeitpunkt, die vergan\u00adgenen Monate kurz Revue passieren zu lassen!&nbsp; Es war f\u00fcr uns im Kunst\u00admu\u00adseum Wolfsburg ein Jahr voller berei\u00adchernder Begeg\u00adnungen, kreativer Impulse und wertvoller Erfolge: In guter Erinne\u00adrung ist zun\u00e4chst noch unsere Ausstel\u00adlung Leandro Erlich. Schwe\u00adrelos, die sich mit ihren illusio\u00adn\u00e4ren Instal\u00adla\u00adtionen [&hellip;]\" \/>\n<meta property=\"og:url\" content=\"https:\/\/www.kunstmuseum.de\/en\/2025\/12\/so-war-das-jahr-2025-im-kunstmuseum-wolfsburg\/\" \/>\n<meta property=\"og:site_name\" content=\"Kunstmuseum Wolfsburg\" \/>\n<meta property=\"article:publisher\" content=\"https:\/\/www.facebook.com\/KunstmuseumWolfsburg\" \/>\n<meta property=\"article:published_time\" content=\"2025-12-23T10:52:20+00:00\" \/>\n<meta property=\"article:modified_time\" content=\"2026-03-25T13:46:26+00:00\" \/>\n<meta property=\"og:image\" content=\"https:\/\/www.kunstmuseum.de\/wp-content\/uploads\/2025\/12\/Weihnachtsgruss.jpg\" \/>\n\t<meta property=\"og:image:width\" content=\"1376\" \/>\n\t<meta property=\"og:image:height\" content=\"572\" \/>\n\t<meta property=\"og:image:type\" content=\"image\/jpeg\" \/>\n<meta name=\"author\" content=\"Kaye Lomas\" \/>\n<meta name=\"twitter:card\" content=\"summary_large_image\" \/>\n<meta name=\"twitter:creator\" content=\"@kunstmuseumwob\" \/>\n<meta name=\"twitter:site\" content=\"@kunstmuseumwob\" \/>\n<meta name=\"twitter:label1\" content=\"Written by\" \/>\n\t<meta name=\"twitter:data1\" content=\"Kaye Lomas\" \/>\n\t<meta name=\"twitter:label2\" content=\"Est. reading time\" \/>\n\t<meta name=\"twitter:data2\" content=\"3 minutes\" \/>\n<script type=\"application\/ld+json\" class=\"yoast-schema-graph\">{\"@context\":\"https:\/\/schema.org\",\"@graph\":[{\"@type\":\"Organization\",\"@id\":\"https:\/\/www.kunstmuseum.de\/en\/#organization\",\"name\":\"Kunstmuseum Wolfsburg\",\"url\":\"https:\/\/www.kunstmuseum.de\/en\/\",\"sameAs\":[\"https:\/\/www.instagram.com\/kunstmuseumwolfsburg\/\",\"https:\/\/www.linkedin.com\/company\/kunstmuseum-wolfsburg\/\",\"https:\/\/www.youtube.com\/user\/KunstmuseumWolfsburg\",\"https:\/\/de.wikipedia.org\/wiki\/Kunstmuseum_Wolfsburg\",\"https:\/\/www.facebook.com\/KunstmuseumWolfsburg\",\"https:\/\/twitter.com\/kunstmuseumwob\"],\"logo\":{\"@type\":\"ImageObject\",\"inLanguage\":\"en-US\",\"@id\":\"https:\/\/www.kunstmuseum.de\/en\/#\/schema\/logo\/image\/\",\"url\":\"https:\/\/www.kunstmuseum.de\/wp-content\/uploads\/2020\/05\/191125_KMW_Wortmarke_RGB_schwarz.svg\",\"contentUrl\":\"https:\/\/www.kunstmuseum.de\/wp-content\/uploads\/2020\/05\/191125_KMW_Wortmarke_RGB_schwarz.svg\",\"caption\":\"Kunstmuseum Wolfsburg\"},\"image\":{\"@id\":\"https:\/\/www.kunstmuseum.de\/en\/#\/schema\/logo\/image\/\"}},{\"@type\":\"WebSite\",\"@id\":\"https:\/\/www.kunstmuseum.de\/en\/#website\",\"url\":\"https:\/\/www.kunstmuseum.de\/en\/\",\"name\":\"Kunstmuseum Wolfsburg\",\"description\":\"\",\"publisher\":{\"@id\":\"https:\/\/www.kunstmuseum.de\/en\/#organization\"},\"potentialAction\":[{\"@type\":\"SearchAction\",\"target\":{\"@type\":\"EntryPoint\",\"urlTemplate\":\"https:\/\/www.kunstmuseum.de\/en\/?s={search_term_string}\"},\"query-input\":\"required name=search_term_string\"}],\"inLanguage\":\"en-US\"},{\"@type\":\"WebPage\",\"@id\":\"https:\/\/www.kunstmuseum.de\/en\/2025\/12\/so-war-das-jahr-2025-im-kunstmuseum-wolfsburg\/\",\"url\":\"https:\/\/www.kunstmuseum.de\/en\/2025\/12\/so-war-das-jahr-2025-im-kunstmuseum-wolfsburg\/\",\"name\":\"So war das Jahr 2025 im Kunstmuseum Wolfsburg - Kunstmuseum Wolfsburg\",\"isPartOf\":{\"@id\":\"https:\/\/www.kunstmuseum.de\/en\/#website\"},\"datePublished\":\"2025-12-23T10:52:20+00:00\",\"dateModified\":\"2026-03-25T13:46:26+00:00\",\"breadcrumb\":{\"@id\":\"https:\/\/www.kunstmuseum.de\/en\/2025\/12\/so-war-das-jahr-2025-im-kunstmuseum-wolfsburg\/#breadcrumb\"},\"inLanguage\":\"en-US\",\"potentialAction\":[{\"@type\":\"ReadAction\",\"target\":[\"https:\/\/www.kunstmuseum.de\/en\/2025\/12\/so-war-das-jahr-2025-im-kunstmuseum-wolfsburg\/\"]}]},{\"@type\":\"BreadcrumbList\",\"@id\":\"https:\/\/www.kunstmuseum.de\/en\/2025\/12\/so-war-das-jahr-2025-im-kunstmuseum-wolfsburg\/#breadcrumb\",\"itemListElement\":[{\"@type\":\"ListItem\",\"position\":1,\"name\":\"Startseite\",\"item\":\"https:\/\/www.kunstmuseum.de\/en\/\"},{\"@type\":\"ListItem\",\"position\":2,\"name\":\"So war das Jahr 2025 im Kunstmuseum Wolfsburg\"}]},{\"@type\":\"Article\",\"@id\":\"https:\/\/www.kunstmuseum.de\/en\/2025\/12\/so-war-das-jahr-2025-im-kunstmuseum-wolfsburg\/#article\",\"isPartOf\":{\"@id\":\"https:\/\/www.kunstmuseum.de\/en\/2025\/12\/so-war-das-jahr-2025-im-kunstmuseum-wolfsburg\/\"},\"author\":{\"name\":\"Kaye Lomas\",\"@id\":\"https:\/\/www.kunstmuseum.de\/en\/#\/schema\/person\/33ce7ce14546b222bfd6a357a22cd681\"},\"headline\":\"So war das Jahr 2025 im Kunstmuseum Wolfsburg\",\"datePublished\":\"2025-12-23T10:52:20+00:00\",\"dateModified\":\"2026-03-25T13:46:26+00:00\",\"mainEntityOfPage\":{\"@id\":\"https:\/\/www.kunstmuseum.de\/en\/2025\/12\/so-war-das-jahr-2025-im-kunstmuseum-wolfsburg\/\"},\"wordCount\":591,\"publisher\":{\"@id\":\"https:\/\/www.kunstmuseum.de\/en\/#organization\"},\"keywords\":[\"Freischwimmen\",\"Kunstvermittlung\",\"Leandro Erlich\",\"Ma\u0142gorzata Mirga-Tas\",\"Utopia\",\"wob3walls\"],\"articleSection\":[\"Unkategorisiert\"],\"inLanguage\":\"en-US\"},{\"@type\":\"Person\",\"@id\":\"https:\/\/www.kunstmuseum.de\/en\/#\/schema\/person\/33ce7ce14546b222bfd6a357a22cd681\",\"name\":\"Kaye Lomas\",\"image\":{\"@type\":\"ImageObject\",\"inLanguage\":\"en-US\",\"@id\":\"https:\/\/www.kunstmuseum.de\/en\/#\/schema\/person\/image\/\",\"url\":\"https:\/\/secure.gravatar.com\/avatar\/a04b8c1d583166ba071debc422468dac?s=96&d=mm&r=g\",\"contentUrl\":\"https:\/\/secure.gravatar.com\/avatar\/a04b8c1d583166ba071debc422468dac?s=96&d=mm&r=g\",\"caption\":\"Kaye Lomas\"}}]}<\/script>\n<!-- \/ Yoast SEO plugin. -->","yoast_head_json":{"title":"So war das Jahr 2025 im Kunstmuseum Wolfsburg - Kunstmuseum Wolfsburg","robots":{"index":"index","follow":"follow","max-snippet":"max-snippet:-1","max-image-preview":"max-image-preview:large","max-video-preview":"max-video-preview:-1"},"canonical":"https:\/\/www.kunstmuseum.de\/en\/2025\/12\/so-war-das-jahr-2025-im-kunstmuseum-wolfsburg\/","og_locale":"en_US","og_type":"article","og_title":"So war das Jahr 2025 im Kunstmuseum Wolfsburg - Kunstmuseum Wolfsburg","og_description":"Das Jahr 2025 neigt sich dem Ende zu. Wie immer ein guter Zeitpunkt, die vergan\u00adgenen Monate kurz Revue passieren zu lassen!&nbsp; Es war f\u00fcr uns im Kunst\u00admu\u00adseum Wolfsburg ein Jahr voller berei\u00adchernder Begeg\u00adnungen, kreativer Impulse und wertvoller Erfolge: In guter Erinne\u00adrung ist zun\u00e4chst noch unsere Ausstel\u00adlung Leandro Erlich. Schwe\u00adrelos, die sich mit ihren illusio\u00adn\u00e4ren Instal\u00adla\u00adtionen [&hellip;]","og_url":"https:\/\/www.kunstmuseum.de\/en\/2025\/12\/so-war-das-jahr-2025-im-kunstmuseum-wolfsburg\/","og_site_name":"Kunstmuseum Wolfsburg","article_publisher":"https:\/\/www.facebook.com\/KunstmuseumWolfsburg","article_published_time":"2025-12-23T10:52:20+00:00","article_modified_time":"2026-03-25T13:46:26+00:00","og_image":[{"width":1376,"height":572,"url":"https:\/\/www.kunstmuseum.de\/wp-content\/uploads\/2025\/12\/Weihnachtsgruss.jpg","type":"image\/jpeg"}],"author":"Kaye Lomas","twitter_card":"summary_large_image","twitter_creator":"@kunstmuseumwob","twitter_site":"@kunstmuseumwob","twitter_misc":{"Written by":"Kaye Lomas","Est. reading time":"3 minutes"},"schema":{"@context":"https:\/\/schema.org","@graph":[{"@type":"Organization","@id":"https:\/\/www.kunstmuseum.de\/en\/#organization","name":"Kunstmuseum Wolfsburg","url":"https:\/\/www.kunstmuseum.de\/en\/","sameAs":["https:\/\/www.instagram.com\/kunstmuseumwolfsburg\/","https:\/\/www.linkedin.com\/company\/kunstmuseum-wolfsburg\/","https:\/\/www.youtube.com\/user\/KunstmuseumWolfsburg","https:\/\/de.wikipedia.org\/wiki\/Kunstmuseum_Wolfsburg","https:\/\/www.facebook.com\/KunstmuseumWolfsburg","https:\/\/twitter.com\/kunstmuseumwob"],"logo":{"@type":"ImageObject","inLanguage":"en-US","@id":"https:\/\/www.kunstmuseum.de\/en\/#\/schema\/logo\/image\/","url":"https:\/\/www.kunstmuseum.de\/wp-content\/uploads\/2020\/05\/191125_KMW_Wortmarke_RGB_schwarz.svg","contentUrl":"https:\/\/www.kunstmuseum.de\/wp-content\/uploads\/2020\/05\/191125_KMW_Wortmarke_RGB_schwarz.svg","caption":"Kunstmuseum Wolfsburg"},"image":{"@id":"https:\/\/www.kunstmuseum.de\/en\/#\/schema\/logo\/image\/"}},{"@type":"WebSite","@id":"https:\/\/www.kunstmuseum.de\/en\/#website","url":"https:\/\/www.kunstmuseum.de\/en\/","name":"Kunstmuseum Wolfsburg","description":"","publisher":{"@id":"https:\/\/www.kunstmuseum.de\/en\/#organization"},"potentialAction":[{"@type":"SearchAction","target":{"@type":"EntryPoint","urlTemplate":"https:\/\/www.kunstmuseum.de\/en\/?s={search_term_string}"},"query-input":"required name=search_term_string"}],"inLanguage":"en-US"},{"@type":"WebPage","@id":"https:\/\/www.kunstmuseum.de\/en\/2025\/12\/so-war-das-jahr-2025-im-kunstmuseum-wolfsburg\/","url":"https:\/\/www.kunstmuseum.de\/en\/2025\/12\/so-war-das-jahr-2025-im-kunstmuseum-wolfsburg\/","name":"So war das Jahr 2025 im Kunstmuseum Wolfsburg - Kunstmuseum Wolfsburg","isPartOf":{"@id":"https:\/\/www.kunstmuseum.de\/en\/#website"},"datePublished":"2025-12-23T10:52:20+00:00","dateModified":"2026-03-25T13:46:26+00:00","breadcrumb":{"@id":"https:\/\/www.kunstmuseum.de\/en\/2025\/12\/so-war-das-jahr-2025-im-kunstmuseum-wolfsburg\/#breadcrumb"},"inLanguage":"en-US","potentialAction":[{"@type":"ReadAction","target":["https:\/\/www.kunstmuseum.de\/en\/2025\/12\/so-war-das-jahr-2025-im-kunstmuseum-wolfsburg\/"]}]},{"@type":"BreadcrumbList","@id":"https:\/\/www.kunstmuseum.de\/en\/2025\/12\/so-war-das-jahr-2025-im-kunstmuseum-wolfsburg\/#breadcrumb","itemListElement":[{"@type":"ListItem","position":1,"name":"Startseite","item":"https:\/\/www.kunstmuseum.de\/en\/"},{"@type":"ListItem","position":2,"name":"So war das Jahr 2025 im Kunstmuseum Wolfsburg"}]},{"@type":"Article","@id":"https:\/\/www.kunstmuseum.de\/en\/2025\/12\/so-war-das-jahr-2025-im-kunstmuseum-wolfsburg\/#article","isPartOf":{"@id":"https:\/\/www.kunstmuseum.de\/en\/2025\/12\/so-war-das-jahr-2025-im-kunstmuseum-wolfsburg\/"},"author":{"name":"Kaye Lomas","@id":"https:\/\/www.kunstmuseum.de\/en\/#\/schema\/person\/33ce7ce14546b222bfd6a357a22cd681"},"headline":"So war das Jahr 2025 im Kunstmuseum Wolfsburg","datePublished":"2025-12-23T10:52:20+00:00","dateModified":"2026-03-25T13:46:26+00:00","mainEntityOfPage":{"@id":"https:\/\/www.kunstmuseum.de\/en\/2025\/12\/so-war-das-jahr-2025-im-kunstmuseum-wolfsburg\/"},"wordCount":591,"publisher":{"@id":"https:\/\/www.kunstmuseum.de\/en\/#organization"},"keywords":["Freischwimmen","Kunstvermittlung","Leandro Erlich","Ma\u0142gorzata Mirga-Tas","Utopia","wob3walls"],"articleSection":["Unkategorisiert"],"inLanguage":"en-US"},{"@type":"Person","@id":"https:\/\/www.kunstmuseum.de\/en\/#\/schema\/person\/33ce7ce14546b222bfd6a357a22cd681","name":"Kaye Lomas","image":{"@type":"ImageObject","inLanguage":"en-US","@id":"https:\/\/www.kunstmuseum.de\/en\/#\/schema\/person\/image\/","url":"https:\/\/secure.gravatar.com\/avatar\/a04b8c1d583166ba071debc422468dac?s=96&d=mm&r=g","contentUrl":"https:\/\/secure.gravatar.com\/avatar\/a04b8c1d583166ba071debc422468dac?s=96&d=mm&r=g","caption":"Kaye Lomas"}}]}},"_links":{"self":[{"href":"https:\/\/www.kunstmuseum.de\/en\/wp-json\/wp\/v2\/posts\/32537"}],"collection":[{"href":"https:\/\/www.kunstmuseum.de\/en\/wp-json\/wp\/v2\/posts"}],"about":[{"href":"https:\/\/www.kunstmuseum.de\/en\/wp-json\/wp\/v2\/types\/post"}],"author":[{"embeddable":true,"href":"https:\/\/www.kunstmuseum.de\/en\/wp-json\/wp\/v2\/users\/1499"}],"replies":[{"embeddable":true,"href":"https:\/\/www.kunstmuseum.de\/en\/wp-json\/wp\/v2\/comments?post=32537"}],"version-history":[{"count":2,"href":"https:\/\/www.kunstmuseum.de\/en\/wp-json\/wp\/v2\/posts\/32537\/revisions"}],"predecessor-version":[{"id":33769,"href":"https:\/\/www.kunstmuseum.de\/en\/wp-json\/wp\/v2\/posts\/32537\/revisions\/33769"}],"wp:featuredmedia":[{"embeddable":true,"href":"https:\/\/www.kunstmuseum.de\/en\/wp-json\/wp\/v2\/media\/32538"}],"wp:attachment":[{"href":"https:\/\/www.kunstmuseum.de\/en\/wp-json\/wp\/v2\/media?parent=32537"}],"wp:term":[{"taxonomy":"category","embeddable":true,"href":"https:\/\/www.kunstmuseum.de\/en\/wp-json\/wp\/v2\/categories?post=32537"},{"taxonomy":"post_tag","embeddable":true,"href":"https:\/\/www.kunstmuseum.de\/en\/wp-json\/wp\/v2\/tags?post=32537"}],"curies":[{"name":"wp","href":"https:\/\/api.w.org\/{rel}","templated":true}]}}