{"id":33411,"date":"2026-04-10T10:30:00","date_gmt":"2026-04-10T08:30:00","guid":{"rendered":"https:\/\/www.kunstmuseum.de\/?p=33411"},"modified":"2026-04-10T10:51:43","modified_gmt":"2026-04-10T08:51:43","slug":"oster-rallye-2026-im-kulturquartier-wolfsburg-ein-familiennachmittag-voller-entdeckungen","status":"publish","type":"post","link":"https:\/\/www.kunstmuseum.de\/en\/2026\/04\/oster-rallye-2026-im-kulturquartier-wolfsburg-ein-familiennachmittag-voller-entdeckungen\/","title":{"rendered":"Oster-Rallye im kulturquartier Wolfsburg begeistert Familien"},"content":{"rendered":"\n<p>Am Karsamstag, den 4. April 2026, wurde das kultur\u00adquar\u00adtier Wolfsburg erneut zum Treff\u00adpunkt f\u00fcr Familien, Neugie\u00adrige und Kreative. Bereits zum f\u00fcnften Mal lud die kosten\u00adfreie Oster-Rallye dazu ein, die verschie\u00addenen Orte rund um Holler\u00adplatz, Plane\u00adta\u00adrium und Scharoun Theater spiele\u00adrisch zu entdecken.<\/p>\n\n\n\n<div class=\"wp-block-columns\">\n<div class=\"wp-block-column\">\n<figure class=\"wp-block-image size-large\"><img loading=\"lazy\" width=\"1024\" height=\"683\" src=\"https:\/\/www.kunstmuseum.de\/wp-content\/uploads\/2026\/04\/019_oster_rallye_2026_Tim_Dalhoff-1024x683.jpg\" alt class=\"wp-image-34094\" srcset=\"https:\/\/www.kunstmuseum.de\/wp-content\/uploads\/2026\/04\/019_oster_rallye_2026_Tim_Dalhoff-1024x683.jpg 1024w, https:\/\/www.kunstmuseum.de\/wp-content\/uploads\/2026\/04\/019_oster_rallye_2026_Tim_Dalhoff-300x200.jpg 300w, https:\/\/www.kunstmuseum.de\/wp-content\/uploads\/2026\/04\/019_oster_rallye_2026_Tim_Dalhoff-768x512.jpg 768w, https:\/\/www.kunstmuseum.de\/wp-content\/uploads\/2026\/04\/019_oster_rallye_2026_Tim_Dalhoff-1536x1024.jpg 1536w, https:\/\/www.kunstmuseum.de\/wp-content\/uploads\/2026\/04\/019_oster_rallye_2026_Tim_Dalhoff-2048x1365.jpg 2048w, https:\/\/www.kunstmuseum.de\/wp-content\/uploads\/2026\/04\/019_oster_rallye_2026_Tim_Dalhoff-900x600.jpg 900w, https:\/\/www.kunstmuseum.de\/wp-content\/uploads\/2026\/04\/019_oster_rallye_2026_Tim_Dalhoff-100x67.jpg 100w\" sizes=\"(max-width: 1024px) 100vw, 1024px\"><figcaption>Foto: Tim Dalhoff<\/figcaption><\/figure>\n<\/div>\n\n\n\n<div class=\"wp-block-column\">\n<figure class=\"wp-block-image size-large\"><img loading=\"lazy\" width=\"1024\" height=\"683\" src=\"https:\/\/www.kunstmuseum.de\/wp-content\/uploads\/2026\/04\/021_oster_rallye_2026_Tim_Dalhoff-1024x683.jpg\" alt class=\"wp-image-34096\" srcset=\"https:\/\/www.kunstmuseum.de\/wp-content\/uploads\/2026\/04\/021_oster_rallye_2026_Tim_Dalhoff-1024x683.jpg 1024w, https:\/\/www.kunstmuseum.de\/wp-content\/uploads\/2026\/04\/021_oster_rallye_2026_Tim_Dalhoff-300x200.jpg 300w, https:\/\/www.kunstmuseum.de\/wp-content\/uploads\/2026\/04\/021_oster_rallye_2026_Tim_Dalhoff-768x512.jpg 768w, https:\/\/www.kunstmuseum.de\/wp-content\/uploads\/2026\/04\/021_oster_rallye_2026_Tim_Dalhoff-1536x1024.jpg 1536w, https:\/\/www.kunstmuseum.de\/wp-content\/uploads\/2026\/04\/021_oster_rallye_2026_Tim_Dalhoff-2048x1365.jpg 2048w, https:\/\/www.kunstmuseum.de\/wp-content\/uploads\/2026\/04\/021_oster_rallye_2026_Tim_Dalhoff-900x600.jpg 900w, https:\/\/www.kunstmuseum.de\/wp-content\/uploads\/2026\/04\/021_oster_rallye_2026_Tim_Dalhoff-100x67.jpg 100w\" sizes=\"(max-width: 1024px) 100vw, 1024px\"><figcaption>Foto: Tim Dalhoff<\/figcaption><\/figure>\n<\/div>\n\n\n\n<div class=\"wp-block-column\">\n<figure class=\"wp-block-image size-large\"><img loading=\"lazy\" width=\"1024\" height=\"683\" src=\"https:\/\/www.kunstmuseum.de\/wp-content\/uploads\/2026\/04\/023_oster_rallye_2026_Tim_Dalhoff-1024x683.jpg\" alt class=\"wp-image-34098\" srcset=\"https:\/\/www.kunstmuseum.de\/wp-content\/uploads\/2026\/04\/023_oster_rallye_2026_Tim_Dalhoff-1024x683.jpg 1024w, https:\/\/www.kunstmuseum.de\/wp-content\/uploads\/2026\/04\/023_oster_rallye_2026_Tim_Dalhoff-300x200.jpg 300w, https:\/\/www.kunstmuseum.de\/wp-content\/uploads\/2026\/04\/023_oster_rallye_2026_Tim_Dalhoff-768x512.jpg 768w, https:\/\/www.kunstmuseum.de\/wp-content\/uploads\/2026\/04\/023_oster_rallye_2026_Tim_Dalhoff-1536x1024.jpg 1536w, https:\/\/www.kunstmuseum.de\/wp-content\/uploads\/2026\/04\/023_oster_rallye_2026_Tim_Dalhoff-2048x1365.jpg 2048w, https:\/\/www.kunstmuseum.de\/wp-content\/uploads\/2026\/04\/023_oster_rallye_2026_Tim_Dalhoff-900x600.jpg 900w, https:\/\/www.kunstmuseum.de\/wp-content\/uploads\/2026\/04\/023_oster_rallye_2026_Tim_Dalhoff-100x67.jpg 100w\" sizes=\"(max-width: 1024px) 100vw, 1024px\"><figcaption>Foto: Tim Dalhoff<\/figcaption><\/figure>\n<\/div>\n<\/div>\n\n\n\n<p>Zwischen 13 und 17 Uhr erwartete die Besuche\u00adrinnen und Besucher ein abwechs\u00adlungs\u00adrei\u00adches Programm mit insgesamt zw\u00f6lf Stationen. Kinder konnten gestalten, r\u00e4tseln, spielen und sich bewegen, w\u00e4hrend Erwach\u00adsene das fr\u00fchlings\u00adhafte Treiben genossen oder selbst aktiv wurden. Das niedrig\u00adschwel\u00adlige Konzept machte eine spontane Teilnahme jederzeit m\u00f6glich.<\/p>\n\n\n\n<p>Ein beson\u00adderer Fokus lag in diesem Jahr auf dem Kultur\u00adtunnel. Die Unter\u00adf\u00fch\u00adrung, die die Porsche\u00ads\u00adtra\u00dfe mit dem Bereich rund um Plane\u00adta\u00adrium und Theater verbindet, wurde erstmals gemein\u00adschaft\u00adlich gestaltet. Unter Anleitung des K\u00fcnstlers Ali Altschaffel verwan\u00addelten Kinder und Erwach\u00adsene die wei\u00dfen W\u00e4nde in ein farben\u00adfrohes Gesamtbild.<\/p>\n\n\n\n<div class=\"wp-block-columns\">\n<div class=\"wp-block-column\">\n<figure class=\"wp-block-image size-large\"><img loading=\"lazy\" width=\"1024\" height=\"683\" src=\"https:\/\/www.kunstmuseum.de\/wp-content\/uploads\/2026\/04\/002_oster_rallye_2026_Tim_Dalhoff-1024x683.jpg\" alt class=\"wp-image-33936\" srcset=\"https:\/\/www.kunstmuseum.de\/wp-content\/uploads\/2026\/04\/002_oster_rallye_2026_Tim_Dalhoff-1024x683.jpg 1024w, https:\/\/www.kunstmuseum.de\/wp-content\/uploads\/2026\/04\/002_oster_rallye_2026_Tim_Dalhoff-300x200.jpg 300w, https:\/\/www.kunstmuseum.de\/wp-content\/uploads\/2026\/04\/002_oster_rallye_2026_Tim_Dalhoff-768x512.jpg 768w, https:\/\/www.kunstmuseum.de\/wp-content\/uploads\/2026\/04\/002_oster_rallye_2026_Tim_Dalhoff-1536x1024.jpg 1536w, https:\/\/www.kunstmuseum.de\/wp-content\/uploads\/2026\/04\/002_oster_rallye_2026_Tim_Dalhoff-2048x1365.jpg 2048w, https:\/\/www.kunstmuseum.de\/wp-content\/uploads\/2026\/04\/002_oster_rallye_2026_Tim_Dalhoff-900x600.jpg 900w, https:\/\/www.kunstmuseum.de\/wp-content\/uploads\/2026\/04\/002_oster_rallye_2026_Tim_Dalhoff-100x67.jpg 100w\" sizes=\"(max-width: 1024px) 100vw, 1024px\"><figcaption>Foto: Tim Dalhoff<\/figcaption><\/figure>\n<\/div>\n\n\n\n<div class=\"wp-block-column\">\n<figure class=\"wp-block-image size-large\"><img loading=\"lazy\" width=\"1024\" height=\"683\" src=\"https:\/\/www.kunstmuseum.de\/wp-content\/uploads\/2026\/04\/004_oster_rallye_2026_Tim_Dalhoff-1024x683.jpg\" alt class=\"wp-image-33938\" srcset=\"https:\/\/www.kunstmuseum.de\/wp-content\/uploads\/2026\/04\/004_oster_rallye_2026_Tim_Dalhoff-1024x683.jpg 1024w, https:\/\/www.kunstmuseum.de\/wp-content\/uploads\/2026\/04\/004_oster_rallye_2026_Tim_Dalhoff-300x200.jpg 300w, https:\/\/www.kunstmuseum.de\/wp-content\/uploads\/2026\/04\/004_oster_rallye_2026_Tim_Dalhoff-768x512.jpg 768w, https:\/\/www.kunstmuseum.de\/wp-content\/uploads\/2026\/04\/004_oster_rallye_2026_Tim_Dalhoff-1536x1024.jpg 1536w, https:\/\/www.kunstmuseum.de\/wp-content\/uploads\/2026\/04\/004_oster_rallye_2026_Tim_Dalhoff-2048x1365.jpg 2048w, https:\/\/www.kunstmuseum.de\/wp-content\/uploads\/2026\/04\/004_oster_rallye_2026_Tim_Dalhoff-900x600.jpg 900w, https:\/\/www.kunstmuseum.de\/wp-content\/uploads\/2026\/04\/004_oster_rallye_2026_Tim_Dalhoff-100x67.jpg 100w\" sizes=\"(max-width: 1024px) 100vw, 1024px\"><figcaption>Foto: Tim Dalhoff<\/figcaption><\/figure>\n<\/div>\n\n\n\n<div class=\"wp-block-column\">\n<figure class=\"wp-block-image size-large\"><img loading=\"lazy\" width=\"1024\" height=\"683\" src=\"https:\/\/www.kunstmuseum.de\/wp-content\/uploads\/2026\/04\/009_oster_rallye_2026_Tim_Dalhoff-1024x683.jpg\" alt class=\"wp-image-33940\" srcset=\"https:\/\/www.kunstmuseum.de\/wp-content\/uploads\/2026\/04\/009_oster_rallye_2026_Tim_Dalhoff-1024x683.jpg 1024w, https:\/\/www.kunstmuseum.de\/wp-content\/uploads\/2026\/04\/009_oster_rallye_2026_Tim_Dalhoff-300x200.jpg 300w, https:\/\/www.kunstmuseum.de\/wp-content\/uploads\/2026\/04\/009_oster_rallye_2026_Tim_Dalhoff-768x512.jpg 768w, https:\/\/www.kunstmuseum.de\/wp-content\/uploads\/2026\/04\/009_oster_rallye_2026_Tim_Dalhoff-1536x1024.jpg 1536w, https:\/\/www.kunstmuseum.de\/wp-content\/uploads\/2026\/04\/009_oster_rallye_2026_Tim_Dalhoff-2048x1365.jpg 2048w, https:\/\/www.kunstmuseum.de\/wp-content\/uploads\/2026\/04\/009_oster_rallye_2026_Tim_Dalhoff-900x600.jpg 900w, https:\/\/www.kunstmuseum.de\/wp-content\/uploads\/2026\/04\/009_oster_rallye_2026_Tim_Dalhoff-100x67.jpg 100w\" sizes=\"(max-width: 1024px) 100vw, 1024px\"><figcaption>Foto: Tim Dalhoff<\/figcaption><\/figure>\n<\/div>\n<\/div>\n\n\n\n<figure class=\"wp-block-image size-large\"><img loading=\"lazy\" width=\"1024\" height=\"683\" src=\"https:\/\/www.kunstmuseum.de\/wp-content\/uploads\/2026\/04\/013_oster_rallye_2026_Tim_Dalhoff-1024x683.jpg\" alt class=\"wp-image-33942\" srcset=\"https:\/\/www.kunstmuseum.de\/wp-content\/uploads\/2026\/04\/013_oster_rallye_2026_Tim_Dalhoff-1024x683.jpg 1024w, https:\/\/www.kunstmuseum.de\/wp-content\/uploads\/2026\/04\/013_oster_rallye_2026_Tim_Dalhoff-300x200.jpg 300w, https:\/\/www.kunstmuseum.de\/wp-content\/uploads\/2026\/04\/013_oster_rallye_2026_Tim_Dalhoff-768x512.jpg 768w, https:\/\/www.kunstmuseum.de\/wp-content\/uploads\/2026\/04\/013_oster_rallye_2026_Tim_Dalhoff-1536x1024.jpg 1536w, https:\/\/www.kunstmuseum.de\/wp-content\/uploads\/2026\/04\/013_oster_rallye_2026_Tim_Dalhoff-2048x1365.jpg 2048w, https:\/\/www.kunstmuseum.de\/wp-content\/uploads\/2026\/04\/013_oster_rallye_2026_Tim_Dalhoff-900x600.jpg 900w, https:\/\/www.kunstmuseum.de\/wp-content\/uploads\/2026\/04\/013_oster_rallye_2026_Tim_Dalhoff-100x67.jpg 100w\" sizes=\"(max-width: 1024px) 100vw, 1024px\"><figcaption>Foto: Tim Dalhoff<\/figcaption><\/figure>\n\n\n\n<div class=\"wp-block-columns\">\n<div class=\"wp-block-column\">\n<figure class=\"wp-block-image size-large\"><img loading=\"lazy\" width=\"1024\" height=\"683\" src=\"https:\/\/www.kunstmuseum.de\/wp-content\/uploads\/2026\/04\/8958_oster_rallye_2026_Matthias_Leitzke-1024x683.jpg\" alt class=\"wp-image-33944\" srcset=\"https:\/\/www.kunstmuseum.de\/wp-content\/uploads\/2026\/04\/8958_oster_rallye_2026_Matthias_Leitzke-1024x683.jpg 1024w, https:\/\/www.kunstmuseum.de\/wp-content\/uploads\/2026\/04\/8958_oster_rallye_2026_Matthias_Leitzke-300x200.jpg 300w, https:\/\/www.kunstmuseum.de\/wp-content\/uploads\/2026\/04\/8958_oster_rallye_2026_Matthias_Leitzke-768x512.jpg 768w, https:\/\/www.kunstmuseum.de\/wp-content\/uploads\/2026\/04\/8958_oster_rallye_2026_Matthias_Leitzke-1536x1025.jpg 1536w, https:\/\/www.kunstmuseum.de\/wp-content\/uploads\/2026\/04\/8958_oster_rallye_2026_Matthias_Leitzke-2048x1366.jpg 2048w, https:\/\/www.kunstmuseum.de\/wp-content\/uploads\/2026\/04\/8958_oster_rallye_2026_Matthias_Leitzke-900x600.jpg 900w, https:\/\/www.kunstmuseum.de\/wp-content\/uploads\/2026\/04\/8958_oster_rallye_2026_Matthias_Leitzke-100x67.jpg 100w\" sizes=\"(max-width: 1024px) 100vw, 1024px\"><figcaption>Foto: Matthias Leitzke<\/figcaption><\/figure>\n<\/div>\n\n\n\n<div class=\"wp-block-column\">\n<figure class=\"wp-block-image size-large\"><img loading=\"lazy\" width=\"1024\" height=\"683\" src=\"https:\/\/www.kunstmuseum.de\/wp-content\/uploads\/2026\/04\/8950_oster_rallye_2026_Matthias_Leitzke-1024x683.jpg\" alt class=\"wp-image-33946\" srcset=\"https:\/\/www.kunstmuseum.de\/wp-content\/uploads\/2026\/04\/8950_oster_rallye_2026_Matthias_Leitzke-1024x683.jpg 1024w, https:\/\/www.kunstmuseum.de\/wp-content\/uploads\/2026\/04\/8950_oster_rallye_2026_Matthias_Leitzke-300x200.jpg 300w, https:\/\/www.kunstmuseum.de\/wp-content\/uploads\/2026\/04\/8950_oster_rallye_2026_Matthias_Leitzke-768x512.jpg 768w, https:\/\/www.kunstmuseum.de\/wp-content\/uploads\/2026\/04\/8950_oster_rallye_2026_Matthias_Leitzke-1536x1025.jpg 1536w, https:\/\/www.kunstmuseum.de\/wp-content\/uploads\/2026\/04\/8950_oster_rallye_2026_Matthias_Leitzke-2048x1366.jpg 2048w, https:\/\/www.kunstmuseum.de\/wp-content\/uploads\/2026\/04\/8950_oster_rallye_2026_Matthias_Leitzke-900x600.jpg 900w, https:\/\/www.kunstmuseum.de\/wp-content\/uploads\/2026\/04\/8950_oster_rallye_2026_Matthias_Leitzke-100x67.jpg 100w\" sizes=\"(max-width: 1024px) 100vw, 1024px\"><figcaption>Foto: Matthias Leitzke<\/figcaption><\/figure>\n<\/div>\n\n\n\n<div class=\"wp-block-column\">\n<figure class=\"wp-block-image size-large\"><img loading=\"lazy\" width=\"1024\" height=\"683\" src=\"https:\/\/www.kunstmuseum.de\/wp-content\/uploads\/2026\/04\/8408_oster_rallye_2026_Matthias_Leitzke-1024x683.jpg\" alt class=\"wp-image-33948\" srcset=\"https:\/\/www.kunstmuseum.de\/wp-content\/uploads\/2026\/04\/8408_oster_rallye_2026_Matthias_Leitzke-1024x683.jpg 1024w, https:\/\/www.kunstmuseum.de\/wp-content\/uploads\/2026\/04\/8408_oster_rallye_2026_Matthias_Leitzke-300x200.jpg 300w, https:\/\/www.kunstmuseum.de\/wp-content\/uploads\/2026\/04\/8408_oster_rallye_2026_Matthias_Leitzke-768x512.jpg 768w, https:\/\/www.kunstmuseum.de\/wp-content\/uploads\/2026\/04\/8408_oster_rallye_2026_Matthias_Leitzke-1536x1025.jpg 1536w, https:\/\/www.kunstmuseum.de\/wp-content\/uploads\/2026\/04\/8408_oster_rallye_2026_Matthias_Leitzke-2048x1366.jpg 2048w, https:\/\/www.kunstmuseum.de\/wp-content\/uploads\/2026\/04\/8408_oster_rallye_2026_Matthias_Leitzke-900x600.jpg 900w, https:\/\/www.kunstmuseum.de\/wp-content\/uploads\/2026\/04\/8408_oster_rallye_2026_Matthias_Leitzke-100x67.jpg 100w\" sizes=\"(max-width: 1024px) 100vw, 1024px\"><figcaption>Foto: Matthias Leitzke<\/figcaption><\/figure>\n<\/div>\n<\/div>\n\n\n\n<p>Dabei entstanden Motive mit lokalem Bezug ebenso wie freie, fanta\u00adsie\u00advolle Bildwelten. Bekannte Orte der Stadt trafen auf Tiere, Fahrzeuge und imagin\u00e4re Figuren. Die Gestal\u00adtung des Tunnels wurde so zu einem sicht\u00adbaren Ausdruck von gemein\u00adsamer Kreati\u00advit\u00e4t und Teilhabe im \u00f6ffent\u00adli\u00adchen&nbsp;Raum.<\/p>\n\n\n\n<p>Auch die weiteren Stationen spiegelten die Vielfalt des kultur\u00adquar\u00adtiers wider. Im Kunst\u00admu\u00adseum Wolfsburg konnten eigene Drucke mit Oster\u00admo\u00adtiven entstehen. Erg\u00e4nzt wurde das Programm durch Mitmach\u00adak\u00adtionen, Bewegungs\u00adan\u00adge\u00adbote, kreative Workshops sowie kulina\u00adri\u00adsche Angebote.<\/p>\n\n\n<div class=\"wp-block-gallery-slider alignfull \"><div class=\"gallery-slider\">\n\t<div class=\"swiper-container\">\n\t\t<div class=\"swiper-wrapper\">\n\t\t\t\t\t\t<div class=\"swiper-slide\">\n\t\t\t\t<img width=\"900\" height=\"600\" src=\"https:\/\/www.kunstmuseum.de\/wp-content\/uploads\/2026\/03\/9091_oster_rallye_2026_Matthias_Leitzke-900x600.jpg\" class=\"attachment-exhibition-slider size-exhibition-slider\" alt loading=\"lazy\" srcset=\"https:\/\/www.kunstmuseum.de\/wp-content\/uploads\/2026\/03\/9091_oster_rallye_2026_Matthias_Leitzke-900x600.jpg 900w, https:\/\/www.kunstmuseum.de\/wp-content\/uploads\/2026\/03\/9091_oster_rallye_2026_Matthias_Leitzke-300x200.jpg 300w, https:\/\/www.kunstmuseum.de\/wp-content\/uploads\/2026\/03\/9091_oster_rallye_2026_Matthias_Leitzke-1024x683.jpg 1024w, https:\/\/www.kunstmuseum.de\/wp-content\/uploads\/2026\/03\/9091_oster_rallye_2026_Matthias_Leitzke-768x512.jpg 768w, https:\/\/www.kunstmuseum.de\/wp-content\/uploads\/2026\/03\/9091_oster_rallye_2026_Matthias_Leitzke-1536x1025.jpg 1536w, https:\/\/www.kunstmuseum.de\/wp-content\/uploads\/2026\/03\/9091_oster_rallye_2026_Matthias_Leitzke-2048x1366.jpg 2048w, https:\/\/www.kunstmuseum.de\/wp-content\/uploads\/2026\/03\/9091_oster_rallye_2026_Matthias_Leitzke-100x67.jpg 100w\" sizes=\"(max-width: 900px) 100vw, 900px\">\t\t\t<\/div>\n\t\t\t\t\t\t<div class=\"swiper-slide\">\n\t\t\t\t<img width=\"900\" height=\"600\" src=\"https:\/\/www.kunstmuseum.de\/wp-content\/uploads\/2026\/03\/9086_oster_rallye_2026_Matthias_Leitzke-900x600.jpg\" class=\"attachment-exhibition-slider size-exhibition-slider\" alt loading=\"lazy\" srcset=\"https:\/\/www.kunstmuseum.de\/wp-content\/uploads\/2026\/03\/9086_oster_rallye_2026_Matthias_Leitzke-900x600.jpg 900w, https:\/\/www.kunstmuseum.de\/wp-content\/uploads\/2026\/03\/9086_oster_rallye_2026_Matthias_Leitzke-300x200.jpg 300w, https:\/\/www.kunstmuseum.de\/wp-content\/uploads\/2026\/03\/9086_oster_rallye_2026_Matthias_Leitzke-1024x683.jpg 1024w, https:\/\/www.kunstmuseum.de\/wp-content\/uploads\/2026\/03\/9086_oster_rallye_2026_Matthias_Leitzke-768x512.jpg 768w, https:\/\/www.kunstmuseum.de\/wp-content\/uploads\/2026\/03\/9086_oster_rallye_2026_Matthias_Leitzke-1536x1025.jpg 1536w, https:\/\/www.kunstmuseum.de\/wp-content\/uploads\/2026\/03\/9086_oster_rallye_2026_Matthias_Leitzke-2048x1366.jpg 2048w, https:\/\/www.kunstmuseum.de\/wp-content\/uploads\/2026\/03\/9086_oster_rallye_2026_Matthias_Leitzke-100x67.jpg 100w\" sizes=\"(max-width: 900px) 100vw, 900px\">\t\t\t<\/div>\n\t\t\t\t\t\t<div class=\"swiper-slide\">\n\t\t\t\t<img width=\"900\" height=\"600\" src=\"https:\/\/www.kunstmuseum.de\/wp-content\/uploads\/2026\/03\/9072_oster_rallye_2026_Matthias_Leitzke-900x600.jpg\" class=\"attachment-exhibition-slider size-exhibition-slider\" alt loading=\"lazy\" srcset=\"https:\/\/www.kunstmuseum.de\/wp-content\/uploads\/2026\/03\/9072_oster_rallye_2026_Matthias_Leitzke-900x600.jpg 900w, https:\/\/www.kunstmuseum.de\/wp-content\/uploads\/2026\/03\/9072_oster_rallye_2026_Matthias_Leitzke-300x200.jpg 300w, https:\/\/www.kunstmuseum.de\/wp-content\/uploads\/2026\/03\/9072_oster_rallye_2026_Matthias_Leitzke-1024x683.jpg 1024w, https:\/\/www.kunstmuseum.de\/wp-content\/uploads\/2026\/03\/9072_oster_rallye_2026_Matthias_Leitzke-768x512.jpg 768w, https:\/\/www.kunstmuseum.de\/wp-content\/uploads\/2026\/03\/9072_oster_rallye_2026_Matthias_Leitzke-1536x1025.jpg 1536w, https:\/\/www.kunstmuseum.de\/wp-content\/uploads\/2026\/03\/9072_oster_rallye_2026_Matthias_Leitzke-2048x1366.jpg 2048w, https:\/\/www.kunstmuseum.de\/wp-content\/uploads\/2026\/03\/9072_oster_rallye_2026_Matthias_Leitzke-100x67.jpg 100w\" sizes=\"(max-width: 900px) 100vw, 900px\">\t\t\t<\/div>\n\t\t\t\t\t\t<div class=\"swiper-slide\">\n\t\t\t\t<img width=\"900\" height=\"600\" src=\"https:\/\/www.kunstmuseum.de\/wp-content\/uploads\/2026\/03\/9070_oster_rallye_2026_Matthias_Leitzke-900x600.jpg\" class=\"attachment-exhibition-slider size-exhibition-slider\" alt loading=\"lazy\" srcset=\"https:\/\/www.kunstmuseum.de\/wp-content\/uploads\/2026\/03\/9070_oster_rallye_2026_Matthias_Leitzke-900x600.jpg 900w, https:\/\/www.kunstmuseum.de\/wp-content\/uploads\/2026\/03\/9070_oster_rallye_2026_Matthias_Leitzke-300x200.jpg 300w, https:\/\/www.kunstmuseum.de\/wp-content\/uploads\/2026\/03\/9070_oster_rallye_2026_Matthias_Leitzke-1024x683.jpg 1024w, https:\/\/www.kunstmuseum.de\/wp-content\/uploads\/2026\/03\/9070_oster_rallye_2026_Matthias_Leitzke-768x512.jpg 768w, https:\/\/www.kunstmuseum.de\/wp-content\/uploads\/2026\/03\/9070_oster_rallye_2026_Matthias_Leitzke-1536x1025.jpg 1536w, https:\/\/www.kunstmuseum.de\/wp-content\/uploads\/2026\/03\/9070_oster_rallye_2026_Matthias_Leitzke-2048x1366.jpg 2048w, https:\/\/www.kunstmuseum.de\/wp-content\/uploads\/2026\/03\/9070_oster_rallye_2026_Matthias_Leitzke-100x67.jpg 100w\" sizes=\"(max-width: 900px) 100vw, 900px\">\t\t\t<\/div>\n\t\t\t\t\t\t<div class=\"swiper-slide\">\n\t\t\t\t<img width=\"900\" height=\"600\" src=\"https:\/\/www.kunstmuseum.de\/wp-content\/uploads\/2026\/03\/9061_oster_rallye_2026_Matthias_Leitzke-900x600.jpg\" class=\"attachment-exhibition-slider size-exhibition-slider\" alt loading=\"lazy\" srcset=\"https:\/\/www.kunstmuseum.de\/wp-content\/uploads\/2026\/03\/9061_oster_rallye_2026_Matthias_Leitzke-900x600.jpg 900w, https:\/\/www.kunstmuseum.de\/wp-content\/uploads\/2026\/03\/9061_oster_rallye_2026_Matthias_Leitzke-300x200.jpg 300w, https:\/\/www.kunstmuseum.de\/wp-content\/uploads\/2026\/03\/9061_oster_rallye_2026_Matthias_Leitzke-1024x683.jpg 1024w, https:\/\/www.kunstmuseum.de\/wp-content\/uploads\/2026\/03\/9061_oster_rallye_2026_Matthias_Leitzke-768x512.jpg 768w, https:\/\/www.kunstmuseum.de\/wp-content\/uploads\/2026\/03\/9061_oster_rallye_2026_Matthias_Leitzke-1536x1025.jpg 1536w, https:\/\/www.kunstmuseum.de\/wp-content\/uploads\/2026\/03\/9061_oster_rallye_2026_Matthias_Leitzke-2048x1366.jpg 2048w, https:\/\/www.kunstmuseum.de\/wp-content\/uploads\/2026\/03\/9061_oster_rallye_2026_Matthias_Leitzke-100x67.jpg 100w\" sizes=\"(max-width: 900px) 100vw, 900px\">\t\t\t<\/div>\n\t\t\t\t\t\t<div class=\"swiper-slide\">\n\t\t\t\t<img width=\"400\" height=\"600\" src=\"https:\/\/www.kunstmuseum.de\/wp-content\/uploads\/2026\/03\/9051_oster_rallye_2026_Matthias_Leitzke-400x600.jpg\" class=\"attachment-exhibition-slider size-exhibition-slider\" alt loading=\"lazy\" srcset=\"https:\/\/www.kunstmuseum.de\/wp-content\/uploads\/2026\/03\/9051_oster_rallye_2026_Matthias_Leitzke-400x600.jpg 400w, https:\/\/www.kunstmuseum.de\/wp-content\/uploads\/2026\/03\/9051_oster_rallye_2026_Matthias_Leitzke-200x300.jpg 200w, https:\/\/www.kunstmuseum.de\/wp-content\/uploads\/2026\/03\/9051_oster_rallye_2026_Matthias_Leitzke-683x1024.jpg 683w, https:\/\/www.kunstmuseum.de\/wp-content\/uploads\/2026\/03\/9051_oster_rallye_2026_Matthias_Leitzke-768x1151.jpg 768w, https:\/\/www.kunstmuseum.de\/wp-content\/uploads\/2026\/03\/9051_oster_rallye_2026_Matthias_Leitzke-1025x1536.jpg 1025w, https:\/\/www.kunstmuseum.de\/wp-content\/uploads\/2026\/03\/9051_oster_rallye_2026_Matthias_Leitzke-1366x2048.jpg 1366w, https:\/\/www.kunstmuseum.de\/wp-content\/uploads\/2026\/03\/9051_oster_rallye_2026_Matthias_Leitzke-100x150.jpg 100w, https:\/\/www.kunstmuseum.de\/wp-content\/uploads\/2026\/03\/9051_oster_rallye_2026_Matthias_Leitzke-300x450.jpg 300w, https:\/\/www.kunstmuseum.de\/wp-content\/uploads\/2026\/03\/9051_oster_rallye_2026_Matthias_Leitzke-scaled.jpg 1708w\" sizes=\"(max-width: 400px) 100vw, 400px\">\t\t\t<\/div>\n\t\t\t\t\t\t<div class=\"swiper-slide\">\n\t\t\t\t<img width=\"900\" height=\"600\" src=\"https:\/\/www.kunstmuseum.de\/wp-content\/uploads\/2026\/03\/8973_oster_rallye_2026_Matthias_Leitzke-900x600.jpg\" class=\"attachment-exhibition-slider size-exhibition-slider\" alt loading=\"lazy\" srcset=\"https:\/\/www.kunstmuseum.de\/wp-content\/uploads\/2026\/03\/8973_oster_rallye_2026_Matthias_Leitzke-900x600.jpg 900w, https:\/\/www.kunstmuseum.de\/wp-content\/uploads\/2026\/03\/8973_oster_rallye_2026_Matthias_Leitzke-300x200.jpg 300w, https:\/\/www.kunstmuseum.de\/wp-content\/uploads\/2026\/03\/8973_oster_rallye_2026_Matthias_Leitzke-1024x683.jpg 1024w, https:\/\/www.kunstmuseum.de\/wp-content\/uploads\/2026\/03\/8973_oster_rallye_2026_Matthias_Leitzke-768x512.jpg 768w, https:\/\/www.kunstmuseum.de\/wp-content\/uploads\/2026\/03\/8973_oster_rallye_2026_Matthias_Leitzke-1536x1025.jpg 1536w, https:\/\/www.kunstmuseum.de\/wp-content\/uploads\/2026\/03\/8973_oster_rallye_2026_Matthias_Leitzke-2048x1366.jpg 2048w, https:\/\/www.kunstmuseum.de\/wp-content\/uploads\/2026\/03\/8973_oster_rallye_2026_Matthias_Leitzke-100x67.jpg 100w\" sizes=\"(max-width: 900px) 100vw, 900px\">\t\t\t<\/div>\n\t\t\t\t\t\t<div class=\"swiper-slide\">\n\t\t\t\t<img width=\"900\" height=\"600\" src=\"https:\/\/www.kunstmuseum.de\/wp-content\/uploads\/2026\/03\/8992_oster_rallye_2026_Matthias_Leitzke-900x600.jpg\" class=\"attachment-exhibition-slider size-exhibition-slider\" alt loading=\"lazy\" srcset=\"https:\/\/www.kunstmuseum.de\/wp-content\/uploads\/2026\/03\/8992_oster_rallye_2026_Matthias_Leitzke-900x600.jpg 900w, https:\/\/www.kunstmuseum.de\/wp-content\/uploads\/2026\/03\/8992_oster_rallye_2026_Matthias_Leitzke-300x200.jpg 300w, https:\/\/www.kunstmuseum.de\/wp-content\/uploads\/2026\/03\/8992_oster_rallye_2026_Matthias_Leitzke-1024x683.jpg 1024w, https:\/\/www.kunstmuseum.de\/wp-content\/uploads\/2026\/03\/8992_oster_rallye_2026_Matthias_Leitzke-768x512.jpg 768w, https:\/\/www.kunstmuseum.de\/wp-content\/uploads\/2026\/03\/8992_oster_rallye_2026_Matthias_Leitzke-1536x1025.jpg 1536w, https:\/\/www.kunstmuseum.de\/wp-content\/uploads\/2026\/03\/8992_oster_rallye_2026_Matthias_Leitzke-2048x1366.jpg 2048w, https:\/\/www.kunstmuseum.de\/wp-content\/uploads\/2026\/03\/8992_oster_rallye_2026_Matthias_Leitzke-100x67.jpg 100w\" sizes=\"(max-width: 900px) 100vw, 900px\">\t\t\t<\/div>\n\t\t\t\t\t\t<div class=\"swiper-slide\">\n\t\t\t\t<img width=\"900\" height=\"600\" src=\"https:\/\/www.kunstmuseum.de\/wp-content\/uploads\/2026\/03\/9009_oster_rallye_2026_Matthias_Leitzke-900x600.jpg\" class=\"attachment-exhibition-slider size-exhibition-slider\" alt loading=\"lazy\" srcset=\"https:\/\/www.kunstmuseum.de\/wp-content\/uploads\/2026\/03\/9009_oster_rallye_2026_Matthias_Leitzke-900x600.jpg 900w, https:\/\/www.kunstmuseum.de\/wp-content\/uploads\/2026\/03\/9009_oster_rallye_2026_Matthias_Leitzke-300x200.jpg 300w, https:\/\/www.kunstmuseum.de\/wp-content\/uploads\/2026\/03\/9009_oster_rallye_2026_Matthias_Leitzke-1024x683.jpg 1024w, https:\/\/www.kunstmuseum.de\/wp-content\/uploads\/2026\/03\/9009_oster_rallye_2026_Matthias_Leitzke-768x512.jpg 768w, https:\/\/www.kunstmuseum.de\/wp-content\/uploads\/2026\/03\/9009_oster_rallye_2026_Matthias_Leitzke-1536x1025.jpg 1536w, https:\/\/www.kunstmuseum.de\/wp-content\/uploads\/2026\/03\/9009_oster_rallye_2026_Matthias_Leitzke-2048x1366.jpg 2048w, https:\/\/www.kunstmuseum.de\/wp-content\/uploads\/2026\/03\/9009_oster_rallye_2026_Matthias_Leitzke-100x67.jpg 100w\" sizes=\"(max-width: 900px) 100vw, 900px\">\t\t\t<\/div>\n\t\t\t\t\t\t<div class=\"swiper-slide\">\n\t\t\t\t<img width=\"900\" height=\"600\" src=\"https:\/\/www.kunstmuseum.de\/wp-content\/uploads\/2026\/03\/9025_oster_rallye_2026_Matthias_Leitzke-900x600.jpg\" class=\"attachment-exhibition-slider size-exhibition-slider\" alt loading=\"lazy\" srcset=\"https:\/\/www.kunstmuseum.de\/wp-content\/uploads\/2026\/03\/9025_oster_rallye_2026_Matthias_Leitzke-900x600.jpg 900w, https:\/\/www.kunstmuseum.de\/wp-content\/uploads\/2026\/03\/9025_oster_rallye_2026_Matthias_Leitzke-300x200.jpg 300w, https:\/\/www.kunstmuseum.de\/wp-content\/uploads\/2026\/03\/9025_oster_rallye_2026_Matthias_Leitzke-1024x683.jpg 1024w, https:\/\/www.kunstmuseum.de\/wp-content\/uploads\/2026\/03\/9025_oster_rallye_2026_Matthias_Leitzke-768x512.jpg 768w, https:\/\/www.kunstmuseum.de\/wp-content\/uploads\/2026\/03\/9025_oster_rallye_2026_Matthias_Leitzke-1536x1025.jpg 1536w, https:\/\/www.kunstmuseum.de\/wp-content\/uploads\/2026\/03\/9025_oster_rallye_2026_Matthias_Leitzke-2048x1366.jpg 2048w, https:\/\/www.kunstmuseum.de\/wp-content\/uploads\/2026\/03\/9025_oster_rallye_2026_Matthias_Leitzke-100x67.jpg 100w\" sizes=\"(max-width: 900px) 100vw, 900px\">\t\t\t<\/div>\n\t\t\t\t\t\t<div class=\"swiper-slide\">\n\t\t\t\t<img width=\"900\" height=\"600\" src=\"https:\/\/www.kunstmuseum.de\/wp-content\/uploads\/2026\/03\/9030_oster_rallye_2026_Matthias_Leitzke-900x600.jpg\" class=\"attachment-exhibition-slider size-exhibition-slider\" alt loading=\"lazy\" srcset=\"https:\/\/www.kunstmuseum.de\/wp-content\/uploads\/2026\/03\/9030_oster_rallye_2026_Matthias_Leitzke-900x600.jpg 900w, https:\/\/www.kunstmuseum.de\/wp-content\/uploads\/2026\/03\/9030_oster_rallye_2026_Matthias_Leitzke-300x200.jpg 300w, https:\/\/www.kunstmuseum.de\/wp-content\/uploads\/2026\/03\/9030_oster_rallye_2026_Matthias_Leitzke-1024x683.jpg 1024w, https:\/\/www.kunstmuseum.de\/wp-content\/uploads\/2026\/03\/9030_oster_rallye_2026_Matthias_Leitzke-768x512.jpg 768w, https:\/\/www.kunstmuseum.de\/wp-content\/uploads\/2026\/03\/9030_oster_rallye_2026_Matthias_Leitzke-1536x1025.jpg 1536w, https:\/\/www.kunstmuseum.de\/wp-content\/uploads\/2026\/03\/9030_oster_rallye_2026_Matthias_Leitzke-2048x1366.jpg 2048w, https:\/\/www.kunstmuseum.de\/wp-content\/uploads\/2026\/03\/9030_oster_rallye_2026_Matthias_Leitzke-100x67.jpg 100w\" sizes=\"(max-width: 900px) 100vw, 900px\">\t\t\t<\/div>\n\t\t\t\t\t\t<div class=\"swiper-slide\">\n\t\t\t\t<img width=\"900\" height=\"600\" src=\"https:\/\/www.kunstmuseum.de\/wp-content\/uploads\/2026\/03\/9045_oster_rallye_2026_Matthias_Leitzke-900x600.jpg\" class=\"attachment-exhibition-slider size-exhibition-slider\" alt loading=\"lazy\" srcset=\"https:\/\/www.kunstmuseum.de\/wp-content\/uploads\/2026\/03\/9045_oster_rallye_2026_Matthias_Leitzke-900x600.jpg 900w, https:\/\/www.kunstmuseum.de\/wp-content\/uploads\/2026\/03\/9045_oster_rallye_2026_Matthias_Leitzke-300x200.jpg 300w, https:\/\/www.kunstmuseum.de\/wp-content\/uploads\/2026\/03\/9045_oster_rallye_2026_Matthias_Leitzke-1024x683.jpg 1024w, https:\/\/www.kunstmuseum.de\/wp-content\/uploads\/2026\/03\/9045_oster_rallye_2026_Matthias_Leitzke-768x512.jpg 768w, https:\/\/www.kunstmuseum.de\/wp-content\/uploads\/2026\/03\/9045_oster_rallye_2026_Matthias_Leitzke-1536x1025.jpg 1536w, https:\/\/www.kunstmuseum.de\/wp-content\/uploads\/2026\/03\/9045_oster_rallye_2026_Matthias_Leitzke-2048x1366.jpg 2048w, https:\/\/www.kunstmuseum.de\/wp-content\/uploads\/2026\/03\/9045_oster_rallye_2026_Matthias_Leitzke-100x67.jpg 100w\" sizes=\"(max-width: 900px) 100vw, 900px\">\t\t\t<\/div>\n\t\t\t\t\t\t<div class=\"swiper-slide\">\n\t\t\t\t<img width=\"900\" height=\"600\" src=\"https:\/\/www.kunstmuseum.de\/wp-content\/uploads\/2026\/03\/8958_oster_rallye_2026_Matthias_Leitzke-900x600.jpg\" class=\"attachment-exhibition-slider size-exhibition-slider\" alt loading=\"lazy\" srcset=\"https:\/\/www.kunstmuseum.de\/wp-content\/uploads\/2026\/03\/8958_oster_rallye_2026_Matthias_Leitzke-900x600.jpg 900w, https:\/\/www.kunstmuseum.de\/wp-content\/uploads\/2026\/03\/8958_oster_rallye_2026_Matthias_Leitzke-300x200.jpg 300w, https:\/\/www.kunstmuseum.de\/wp-content\/uploads\/2026\/03\/8958_oster_rallye_2026_Matthias_Leitzke-1024x683.jpg 1024w, https:\/\/www.kunstmuseum.de\/wp-content\/uploads\/2026\/03\/8958_oster_rallye_2026_Matthias_Leitzke-768x512.jpg 768w, https:\/\/www.kunstmuseum.de\/wp-content\/uploads\/2026\/03\/8958_oster_rallye_2026_Matthias_Leitzke-1536x1025.jpg 1536w, https:\/\/www.kunstmuseum.de\/wp-content\/uploads\/2026\/03\/8958_oster_rallye_2026_Matthias_Leitzke-2048x1366.jpg 2048w, https:\/\/www.kunstmuseum.de\/wp-content\/uploads\/2026\/03\/8958_oster_rallye_2026_Matthias_Leitzke-100x67.jpg 100w\" sizes=\"(max-width: 900px) 100vw, 900px\">\t\t\t<\/div>\n\t\t\t\t\t\t<div class=\"swiper-slide\">\n\t\t\t\t<img width=\"900\" height=\"600\" src=\"https:\/\/www.kunstmuseum.de\/wp-content\/uploads\/2026\/03\/8950_oster_rallye_2026_Matthias_Leitzke-900x600.jpg\" class=\"attachment-exhibition-slider size-exhibition-slider\" alt loading=\"lazy\" srcset=\"https:\/\/www.kunstmuseum.de\/wp-content\/uploads\/2026\/03\/8950_oster_rallye_2026_Matthias_Leitzke-900x600.jpg 900w, https:\/\/www.kunstmuseum.de\/wp-content\/uploads\/2026\/03\/8950_oster_rallye_2026_Matthias_Leitzke-300x200.jpg 300w, https:\/\/www.kunstmuseum.de\/wp-content\/uploads\/2026\/03\/8950_oster_rallye_2026_Matthias_Leitzke-1024x683.jpg 1024w, https:\/\/www.kunstmuseum.de\/wp-content\/uploads\/2026\/03\/8950_oster_rallye_2026_Matthias_Leitzke-768x512.jpg 768w, https:\/\/www.kunstmuseum.de\/wp-content\/uploads\/2026\/03\/8950_oster_rallye_2026_Matthias_Leitzke-1536x1025.jpg 1536w, https:\/\/www.kunstmuseum.de\/wp-content\/uploads\/2026\/03\/8950_oster_rallye_2026_Matthias_Leitzke-2048x1366.jpg 2048w, https:\/\/www.kunstmuseum.de\/wp-content\/uploads\/2026\/03\/8950_oster_rallye_2026_Matthias_Leitzke-100x67.jpg 100w\" sizes=\"(max-width: 900px) 100vw, 900px\">\t\t\t<\/div>\n\t\t\t\t\t\t<div class=\"swiper-slide\">\n\t\t\t\t<img width=\"900\" height=\"600\" src=\"https:\/\/www.kunstmuseum.de\/wp-content\/uploads\/2026\/03\/8933_oster_rallye_2026_Matthias_Leitzke-900x600.jpg\" class=\"attachment-exhibition-slider size-exhibition-slider\" alt loading=\"lazy\" srcset=\"https:\/\/www.kunstmuseum.de\/wp-content\/uploads\/2026\/03\/8933_oster_rallye_2026_Matthias_Leitzke-900x600.jpg 900w, https:\/\/www.kunstmuseum.de\/wp-content\/uploads\/2026\/03\/8933_oster_rallye_2026_Matthias_Leitzke-300x200.jpg 300w, https:\/\/www.kunstmuseum.de\/wp-content\/uploads\/2026\/03\/8933_oster_rallye_2026_Matthias_Leitzke-1024x683.jpg 1024w, https:\/\/www.kunstmuseum.de\/wp-content\/uploads\/2026\/03\/8933_oster_rallye_2026_Matthias_Leitzke-768x512.jpg 768w, https:\/\/www.kunstmuseum.de\/wp-content\/uploads\/2026\/03\/8933_oster_rallye_2026_Matthias_Leitzke-1536x1025.jpg 1536w, https:\/\/www.kunstmuseum.de\/wp-content\/uploads\/2026\/03\/8933_oster_rallye_2026_Matthias_Leitzke-2048x1366.jpg 2048w, https:\/\/www.kunstmuseum.de\/wp-content\/uploads\/2026\/03\/8933_oster_rallye_2026_Matthias_Leitzke-100x67.jpg 100w\" sizes=\"(max-width: 900px) 100vw, 900px\">\t\t\t<\/div>\n\t\t\t\t\t\t<div class=\"swiper-slide\">\n\t\t\t\t<img width=\"900\" height=\"600\" src=\"https:\/\/www.kunstmuseum.de\/wp-content\/uploads\/2026\/03\/8913_oster_rallye_2026_Matthias_Leitzke-900x600.jpg\" class=\"attachment-exhibition-slider size-exhibition-slider\" alt loading=\"lazy\" srcset=\"https:\/\/www.kunstmuseum.de\/wp-content\/uploads\/2026\/03\/8913_oster_rallye_2026_Matthias_Leitzke-900x600.jpg 900w, https:\/\/www.kunstmuseum.de\/wp-content\/uploads\/2026\/03\/8913_oster_rallye_2026_Matthias_Leitzke-300x200.jpg 300w, https:\/\/www.kunstmuseum.de\/wp-content\/uploads\/2026\/03\/8913_oster_rallye_2026_Matthias_Leitzke-1024x683.jpg 1024w, https:\/\/www.kunstmuseum.de\/wp-content\/uploads\/2026\/03\/8913_oster_rallye_2026_Matthias_Leitzke-768x512.jpg 768w, https:\/\/www.kunstmuseum.de\/wp-content\/uploads\/2026\/03\/8913_oster_rallye_2026_Matthias_Leitzke-1536x1025.jpg 1536w, https:\/\/www.kunstmuseum.de\/wp-content\/uploads\/2026\/03\/8913_oster_rallye_2026_Matthias_Leitzke-2048x1366.jpg 2048w, https:\/\/www.kunstmuseum.de\/wp-content\/uploads\/2026\/03\/8913_oster_rallye_2026_Matthias_Leitzke-100x67.jpg 100w\" sizes=\"(max-width: 900px) 100vw, 900px\">\t\t\t<\/div>\n\t\t\t\t\t\t<div class=\"swiper-slide\">\n\t\t\t\t<img width=\"900\" height=\"600\" src=\"https:\/\/www.kunstmuseum.de\/wp-content\/uploads\/2026\/03\/8905_oster_rallye_2026_Matthias_Leitzke-900x600.jpg\" class=\"attachment-exhibition-slider size-exhibition-slider\" alt loading=\"lazy\" srcset=\"https:\/\/www.kunstmuseum.de\/wp-content\/uploads\/2026\/03\/8905_oster_rallye_2026_Matthias_Leitzke-900x600.jpg 900w, https:\/\/www.kunstmuseum.de\/wp-content\/uploads\/2026\/03\/8905_oster_rallye_2026_Matthias_Leitzke-300x200.jpg 300w, https:\/\/www.kunstmuseum.de\/wp-content\/uploads\/2026\/03\/8905_oster_rallye_2026_Matthias_Leitzke-1024x683.jpg 1024w, https:\/\/www.kunstmuseum.de\/wp-content\/uploads\/2026\/03\/8905_oster_rallye_2026_Matthias_Leitzke-768x512.jpg 768w, https:\/\/www.kunstmuseum.de\/wp-content\/uploads\/2026\/03\/8905_oster_rallye_2026_Matthias_Leitzke-1536x1025.jpg 1536w, https:\/\/www.kunstmuseum.de\/wp-content\/uploads\/2026\/03\/8905_oster_rallye_2026_Matthias_Leitzke-2048x1366.jpg 2048w, https:\/\/www.kunstmuseum.de\/wp-content\/uploads\/2026\/03\/8905_oster_rallye_2026_Matthias_Leitzke-100x67.jpg 100w\" sizes=\"(max-width: 900px) 100vw, 900px\">\t\t\t<\/div>\n\t\t\t\t\t\t<div class=\"swiper-slide\">\n\t\t\t\t<img width=\"900\" height=\"600\" src=\"https:\/\/www.kunstmuseum.de\/wp-content\/uploads\/2026\/03\/8892_oster_rallye_2026_Matthias_Leitzke-900x600.jpg\" class=\"attachment-exhibition-slider size-exhibition-slider\" alt loading=\"lazy\" srcset=\"https:\/\/www.kunstmuseum.de\/wp-content\/uploads\/2026\/03\/8892_oster_rallye_2026_Matthias_Leitzke-900x600.jpg 900w, https:\/\/www.kunstmuseum.de\/wp-content\/uploads\/2026\/03\/8892_oster_rallye_2026_Matthias_Leitzke-300x200.jpg 300w, https:\/\/www.kunstmuseum.de\/wp-content\/uploads\/2026\/03\/8892_oster_rallye_2026_Matthias_Leitzke-1024x683.jpg 1024w, https:\/\/www.kunstmuseum.de\/wp-content\/uploads\/2026\/03\/8892_oster_rallye_2026_Matthias_Leitzke-768x512.jpg 768w, https:\/\/www.kunstmuseum.de\/wp-content\/uploads\/2026\/03\/8892_oster_rallye_2026_Matthias_Leitzke-1536x1025.jpg 1536w, https:\/\/www.kunstmuseum.de\/wp-content\/uploads\/2026\/03\/8892_oster_rallye_2026_Matthias_Leitzke-2048x1366.jpg 2048w, https:\/\/www.kunstmuseum.de\/wp-content\/uploads\/2026\/03\/8892_oster_rallye_2026_Matthias_Leitzke-100x67.jpg 100w\" sizes=\"(max-width: 900px) 100vw, 900px\">\t\t\t<\/div>\n\t\t\t\t\t\t<div class=\"swiper-slide\">\n\t\t\t\t<img width=\"900\" height=\"600\" src=\"https:\/\/www.kunstmuseum.de\/wp-content\/uploads\/2026\/03\/8408_oster_rallye_2026_Matthias_Leitzke-900x600.jpg\" class=\"attachment-exhibition-slider size-exhibition-slider\" alt loading=\"lazy\" srcset=\"https:\/\/www.kunstmuseum.de\/wp-content\/uploads\/2026\/03\/8408_oster_rallye_2026_Matthias_Leitzke-900x600.jpg 900w, https:\/\/www.kunstmuseum.de\/wp-content\/uploads\/2026\/03\/8408_oster_rallye_2026_Matthias_Leitzke-300x200.jpg 300w, https:\/\/www.kunstmuseum.de\/wp-content\/uploads\/2026\/03\/8408_oster_rallye_2026_Matthias_Leitzke-1024x683.jpg 1024w, https:\/\/www.kunstmuseum.de\/wp-content\/uploads\/2026\/03\/8408_oster_rallye_2026_Matthias_Leitzke-768x512.jpg 768w, https:\/\/www.kunstmuseum.de\/wp-content\/uploads\/2026\/03\/8408_oster_rallye_2026_Matthias_Leitzke-1536x1025.jpg 1536w, https:\/\/www.kunstmuseum.de\/wp-content\/uploads\/2026\/03\/8408_oster_rallye_2026_Matthias_Leitzke-2048x1366.jpg 2048w, https:\/\/www.kunstmuseum.de\/wp-content\/uploads\/2026\/03\/8408_oster_rallye_2026_Matthias_Leitzke-100x67.jpg 100w\" sizes=\"(max-width: 900px) 100vw, 900px\">\t\t\t<\/div>\n\t\t\t\t\t\t<div class=\"swiper-slide\">\n\t\t\t\t<img width=\"900\" height=\"600\" src=\"https:\/\/www.kunstmuseum.de\/wp-content\/uploads\/2026\/03\/7894_oster_rallye_2026_Matthias_Leitzke-900x600.jpg\" class=\"attachment-exhibition-slider size-exhibition-slider\" alt loading=\"lazy\" srcset=\"https:\/\/www.kunstmuseum.de\/wp-content\/uploads\/2026\/03\/7894_oster_rallye_2026_Matthias_Leitzke-900x600.jpg 900w, https:\/\/www.kunstmuseum.de\/wp-content\/uploads\/2026\/03\/7894_oster_rallye_2026_Matthias_Leitzke-300x200.jpg 300w, https:\/\/www.kunstmuseum.de\/wp-content\/uploads\/2026\/03\/7894_oster_rallye_2026_Matthias_Leitzke-1024x683.jpg 1024w, https:\/\/www.kunstmuseum.de\/wp-content\/uploads\/2026\/03\/7894_oster_rallye_2026_Matthias_Leitzke-768x512.jpg 768w, https:\/\/www.kunstmuseum.de\/wp-content\/uploads\/2026\/03\/7894_oster_rallye_2026_Matthias_Leitzke-1536x1025.jpg 1536w, https:\/\/www.kunstmuseum.de\/wp-content\/uploads\/2026\/03\/7894_oster_rallye_2026_Matthias_Leitzke-2048x1366.jpg 2048w, https:\/\/www.kunstmuseum.de\/wp-content\/uploads\/2026\/03\/7894_oster_rallye_2026_Matthias_Leitzke-100x67.jpg 100w\" sizes=\"(max-width: 900px) 100vw, 900px\">\t\t\t<\/div>\n\t\t\t\t\t\t<div class=\"swiper-slide\">\n\t\t\t\t<img width=\"900\" height=\"600\" src=\"https:\/\/www.kunstmuseum.de\/wp-content\/uploads\/2026\/03\/9154_oster_rallye_2026_Matthias_Leitzke-900x600.jpg\" class=\"attachment-exhibition-slider size-exhibition-slider\" alt loading=\"lazy\" srcset=\"https:\/\/www.kunstmuseum.de\/wp-content\/uploads\/2026\/03\/9154_oster_rallye_2026_Matthias_Leitzke-900x600.jpg 900w, https:\/\/www.kunstmuseum.de\/wp-content\/uploads\/2026\/03\/9154_oster_rallye_2026_Matthias_Leitzke-300x200.jpg 300w, https:\/\/www.kunstmuseum.de\/wp-content\/uploads\/2026\/03\/9154_oster_rallye_2026_Matthias_Leitzke-1024x683.jpg 1024w, https:\/\/www.kunstmuseum.de\/wp-content\/uploads\/2026\/03\/9154_oster_rallye_2026_Matthias_Leitzke-768x512.jpg 768w, https:\/\/www.kunstmuseum.de\/wp-content\/uploads\/2026\/03\/9154_oster_rallye_2026_Matthias_Leitzke-1536x1025.jpg 1536w, https:\/\/www.kunstmuseum.de\/wp-content\/uploads\/2026\/03\/9154_oster_rallye_2026_Matthias_Leitzke-2048x1366.jpg 2048w, https:\/\/www.kunstmuseum.de\/wp-content\/uploads\/2026\/03\/9154_oster_rallye_2026_Matthias_Leitzke-100x67.jpg 100w\" sizes=\"(max-width: 900px) 100vw, 900px\">\t\t\t<\/div>\n\t\t\t\t\t\t<div class=\"swiper-slide\">\n\t\t\t\t<img width=\"900\" height=\"600\" src=\"https:\/\/www.kunstmuseum.de\/wp-content\/uploads\/2026\/03\/9124_oster_rallye_2026_Matthias_Leitzke-900x600.jpg\" class=\"attachment-exhibition-slider size-exhibition-slider\" alt loading=\"lazy\" srcset=\"https:\/\/www.kunstmuseum.de\/wp-content\/uploads\/2026\/03\/9124_oster_rallye_2026_Matthias_Leitzke-900x600.jpg 900w, https:\/\/www.kunstmuseum.de\/wp-content\/uploads\/2026\/03\/9124_oster_rallye_2026_Matthias_Leitzke-300x200.jpg 300w, https:\/\/www.kunstmuseum.de\/wp-content\/uploads\/2026\/03\/9124_oster_rallye_2026_Matthias_Leitzke-1024x683.jpg 1024w, https:\/\/www.kunstmuseum.de\/wp-content\/uploads\/2026\/03\/9124_oster_rallye_2026_Matthias_Leitzke-768x512.jpg 768w, https:\/\/www.kunstmuseum.de\/wp-content\/uploads\/2026\/03\/9124_oster_rallye_2026_Matthias_Leitzke-1536x1025.jpg 1536w, https:\/\/www.kunstmuseum.de\/wp-content\/uploads\/2026\/03\/9124_oster_rallye_2026_Matthias_Leitzke-2048x1366.jpg 2048w, https:\/\/www.kunstmuseum.de\/wp-content\/uploads\/2026\/03\/9124_oster_rallye_2026_Matthias_Leitzke-100x67.jpg 100w\" sizes=\"(max-width: 900px) 100vw, 900px\">\t\t\t<\/div>\n\t\t\t\t\t\t<div class=\"swiper-slide\">\n\t\t\t\t<img width=\"900\" height=\"600\" src=\"https:\/\/www.kunstmuseum.de\/wp-content\/uploads\/2026\/03\/9235_oster_rallye_2026_Matthias_Leitzke-900x600.jpg\" class=\"attachment-exhibition-slider size-exhibition-slider\" alt loading=\"lazy\" srcset=\"https:\/\/www.kunstmuseum.de\/wp-content\/uploads\/2026\/03\/9235_oster_rallye_2026_Matthias_Leitzke-900x600.jpg 900w, https:\/\/www.kunstmuseum.de\/wp-content\/uploads\/2026\/03\/9235_oster_rallye_2026_Matthias_Leitzke-300x200.jpg 300w, https:\/\/www.kunstmuseum.de\/wp-content\/uploads\/2026\/03\/9235_oster_rallye_2026_Matthias_Leitzke-1024x683.jpg 1024w, https:\/\/www.kunstmuseum.de\/wp-content\/uploads\/2026\/03\/9235_oster_rallye_2026_Matthias_Leitzke-768x512.jpg 768w, https:\/\/www.kunstmuseum.de\/wp-content\/uploads\/2026\/03\/9235_oster_rallye_2026_Matthias_Leitzke-1536x1025.jpg 1536w, https:\/\/www.kunstmuseum.de\/wp-content\/uploads\/2026\/03\/9235_oster_rallye_2026_Matthias_Leitzke-2048x1366.jpg 2048w, https:\/\/www.kunstmuseum.de\/wp-content\/uploads\/2026\/03\/9235_oster_rallye_2026_Matthias_Leitzke-100x67.jpg 100w\" sizes=\"(max-width: 900px) 100vw, 900px\">\t\t\t<\/div>\n\t\t\t\t\t\t<div class=\"swiper-slide\">\n\t\t\t\t<img width=\"900\" height=\"600\" src=\"https:\/\/www.kunstmuseum.de\/wp-content\/uploads\/2026\/03\/8322_oster_rallye_2026_Matthias_Leitzke-900x600.jpg\" class=\"attachment-exhibition-slider size-exhibition-slider\" alt loading=\"lazy\" srcset=\"https:\/\/www.kunstmuseum.de\/wp-content\/uploads\/2026\/03\/8322_oster_rallye_2026_Matthias_Leitzke-900x600.jpg 900w, https:\/\/www.kunstmuseum.de\/wp-content\/uploads\/2026\/03\/8322_oster_rallye_2026_Matthias_Leitzke-300x200.jpg 300w, https:\/\/www.kunstmuseum.de\/wp-content\/uploads\/2026\/03\/8322_oster_rallye_2026_Matthias_Leitzke-1024x683.jpg 1024w, https:\/\/www.kunstmuseum.de\/wp-content\/uploads\/2026\/03\/8322_oster_rallye_2026_Matthias_Leitzke-768x512.jpg 768w, https:\/\/www.kunstmuseum.de\/wp-content\/uploads\/2026\/03\/8322_oster_rallye_2026_Matthias_Leitzke-1536x1025.jpg 1536w, https:\/\/www.kunstmuseum.de\/wp-content\/uploads\/2026\/03\/8322_oster_rallye_2026_Matthias_Leitzke-2048x1366.jpg 2048w, https:\/\/www.kunstmuseum.de\/wp-content\/uploads\/2026\/03\/8322_oster_rallye_2026_Matthias_Leitzke-100x67.jpg 100w\" sizes=\"(max-width: 900px) 100vw, 900px\">\t\t\t<\/div>\n\t\t\t\t\t\t<div class=\"swiper-slide\">\n\t\t\t\t<img width=\"900\" height=\"600\" src=\"https:\/\/www.kunstmuseum.de\/wp-content\/uploads\/2026\/03\/8249_oster_rallye_2026_Matthias_Leitzke-900x600.jpg\" class=\"attachment-exhibition-slider size-exhibition-slider\" alt loading=\"lazy\" srcset=\"https:\/\/www.kunstmuseum.de\/wp-content\/uploads\/2026\/03\/8249_oster_rallye_2026_Matthias_Leitzke-900x600.jpg 900w, https:\/\/www.kunstmuseum.de\/wp-content\/uploads\/2026\/03\/8249_oster_rallye_2026_Matthias_Leitzke-300x200.jpg 300w, https:\/\/www.kunstmuseum.de\/wp-content\/uploads\/2026\/03\/8249_oster_rallye_2026_Matthias_Leitzke-1024x683.jpg 1024w, https:\/\/www.kunstmuseum.de\/wp-content\/uploads\/2026\/03\/8249_oster_rallye_2026_Matthias_Leitzke-768x512.jpg 768w, https:\/\/www.kunstmuseum.de\/wp-content\/uploads\/2026\/03\/8249_oster_rallye_2026_Matthias_Leitzke-1536x1025.jpg 1536w, https:\/\/www.kunstmuseum.de\/wp-content\/uploads\/2026\/03\/8249_oster_rallye_2026_Matthias_Leitzke-2048x1366.jpg 2048w, https:\/\/www.kunstmuseum.de\/wp-content\/uploads\/2026\/03\/8249_oster_rallye_2026_Matthias_Leitzke-100x67.jpg 100w\" sizes=\"(max-width: 900px) 100vw, 900px\">\t\t\t<\/div>\n\t\t\t\t\t\t<div class=\"swiper-slide\">\n\t\t\t\t<img width=\"900\" height=\"600\" src=\"https:\/\/www.kunstmuseum.de\/wp-content\/uploads\/2026\/03\/8178_oster_rallye_2026_Matthias_Leitzke-900x600.jpg\" class=\"attachment-exhibition-slider size-exhibition-slider\" alt loading=\"lazy\" srcset=\"https:\/\/www.kunstmuseum.de\/wp-content\/uploads\/2026\/03\/8178_oster_rallye_2026_Matthias_Leitzke-900x600.jpg 900w, https:\/\/www.kunstmuseum.de\/wp-content\/uploads\/2026\/03\/8178_oster_rallye_2026_Matthias_Leitzke-300x200.jpg 300w, https:\/\/www.kunstmuseum.de\/wp-content\/uploads\/2026\/03\/8178_oster_rallye_2026_Matthias_Leitzke-1024x683.jpg 1024w, https:\/\/www.kunstmuseum.de\/wp-content\/uploads\/2026\/03\/8178_oster_rallye_2026_Matthias_Leitzke-768x512.jpg 768w, https:\/\/www.kunstmuseum.de\/wp-content\/uploads\/2026\/03\/8178_oster_rallye_2026_Matthias_Leitzke-1536x1025.jpg 1536w, https:\/\/www.kunstmuseum.de\/wp-content\/uploads\/2026\/03\/8178_oster_rallye_2026_Matthias_Leitzke-2048x1366.jpg 2048w, https:\/\/www.kunstmuseum.de\/wp-content\/uploads\/2026\/03\/8178_oster_rallye_2026_Matthias_Leitzke-100x67.jpg 100w\" sizes=\"(max-width: 900px) 100vw, 900px\">\t\t\t<\/div>\n\t\t\t\t\t\t<div class=\"swiper-slide\">\n\t\t\t\t<img width=\"900\" height=\"600\" src=\"https:\/\/www.kunstmuseum.de\/wp-content\/uploads\/2026\/03\/8065_oster_rallye_2026_Matthias_Leitzke-900x600.jpg\" class=\"attachment-exhibition-slider size-exhibition-slider\" alt loading=\"lazy\" srcset=\"https:\/\/www.kunstmuseum.de\/wp-content\/uploads\/2026\/03\/8065_oster_rallye_2026_Matthias_Leitzke-900x600.jpg 900w, https:\/\/www.kunstmuseum.de\/wp-content\/uploads\/2026\/03\/8065_oster_rallye_2026_Matthias_Leitzke-300x200.jpg 300w, https:\/\/www.kunstmuseum.de\/wp-content\/uploads\/2026\/03\/8065_oster_rallye_2026_Matthias_Leitzke-1024x683.jpg 1024w, https:\/\/www.kunstmuseum.de\/wp-content\/uploads\/2026\/03\/8065_oster_rallye_2026_Matthias_Leitzke-768x512.jpg 768w, https:\/\/www.kunstmuseum.de\/wp-content\/uploads\/2026\/03\/8065_oster_rallye_2026_Matthias_Leitzke-1536x1025.jpg 1536w, https:\/\/www.kunstmuseum.de\/wp-content\/uploads\/2026\/03\/8065_oster_rallye_2026_Matthias_Leitzke-2048x1366.jpg 2048w, https:\/\/www.kunstmuseum.de\/wp-content\/uploads\/2026\/03\/8065_oster_rallye_2026_Matthias_Leitzke-100x67.jpg 100w\" sizes=\"(max-width: 900px) 100vw, 900px\">\t\t\t<\/div>\n\t\t\t\t\t\t<div class=\"swiper-slide\">\n\t\t\t\t<img width=\"900\" height=\"600\" src=\"https:\/\/www.kunstmuseum.de\/wp-content\/uploads\/2026\/03\/7987_oster_rallye_2026_Matthias_Leitzke-900x600.jpg\" class=\"attachment-exhibition-slider size-exhibition-slider\" alt loading=\"lazy\" srcset=\"https:\/\/www.kunstmuseum.de\/wp-content\/uploads\/2026\/03\/7987_oster_rallye_2026_Matthias_Leitzke-900x600.jpg 900w, https:\/\/www.kunstmuseum.de\/wp-content\/uploads\/2026\/03\/7987_oster_rallye_2026_Matthias_Leitzke-300x200.jpg 300w, https:\/\/www.kunstmuseum.de\/wp-content\/uploads\/2026\/03\/7987_oster_rallye_2026_Matthias_Leitzke-1024x683.jpg 1024w, https:\/\/www.kunstmuseum.de\/wp-content\/uploads\/2026\/03\/7987_oster_rallye_2026_Matthias_Leitzke-768x512.jpg 768w, https:\/\/www.kunstmuseum.de\/wp-content\/uploads\/2026\/03\/7987_oster_rallye_2026_Matthias_Leitzke-1536x1025.jpg 1536w, https:\/\/www.kunstmuseum.de\/wp-content\/uploads\/2026\/03\/7987_oster_rallye_2026_Matthias_Leitzke-2048x1366.jpg 2048w, https:\/\/www.kunstmuseum.de\/wp-content\/uploads\/2026\/03\/7987_oster_rallye_2026_Matthias_Leitzke-100x67.jpg 100w\" sizes=\"(max-width: 900px) 100vw, 900px\">\t\t\t<\/div>\n\t\t\t\t\t\t<div class=\"swiper-slide\">\n\t\t\t\t<img width=\"900\" height=\"600\" src=\"https:\/\/www.kunstmuseum.de\/wp-content\/uploads\/2026\/03\/9177_oster_rallye_2026_Matthias_Leitzke-900x600.jpg\" class=\"attachment-exhibition-slider size-exhibition-slider\" alt loading=\"lazy\" srcset=\"https:\/\/www.kunstmuseum.de\/wp-content\/uploads\/2026\/03\/9177_oster_rallye_2026_Matthias_Leitzke-900x600.jpg 900w, https:\/\/www.kunstmuseum.de\/wp-content\/uploads\/2026\/03\/9177_oster_rallye_2026_Matthias_Leitzke-300x200.jpg 300w, https:\/\/www.kunstmuseum.de\/wp-content\/uploads\/2026\/03\/9177_oster_rallye_2026_Matthias_Leitzke-1024x683.jpg 1024w, https:\/\/www.kunstmuseum.de\/wp-content\/uploads\/2026\/03\/9177_oster_rallye_2026_Matthias_Leitzke-768x512.jpg 768w, https:\/\/www.kunstmuseum.de\/wp-content\/uploads\/2026\/03\/9177_oster_rallye_2026_Matthias_Leitzke-1536x1025.jpg 1536w, https:\/\/www.kunstmuseum.de\/wp-content\/uploads\/2026\/03\/9177_oster_rallye_2026_Matthias_Leitzke-2048x1366.jpg 2048w, https:\/\/www.kunstmuseum.de\/wp-content\/uploads\/2026\/03\/9177_oster_rallye_2026_Matthias_Leitzke-100x67.jpg 100w\" sizes=\"(max-width: 900px) 100vw, 900px\">\t\t\t<\/div>\n\t\t\t\t\t\t<div class=\"swiper-slide\">\n\t\t\t\t<img width=\"400\" height=\"600\" src=\"https:\/\/www.kunstmuseum.de\/wp-content\/uploads\/2026\/03\/9189_oster_rallye_2026_Matthias_Leitzke-400x600.jpg\" class=\"attachment-exhibition-slider size-exhibition-slider\" alt loading=\"lazy\" srcset=\"https:\/\/www.kunstmuseum.de\/wp-content\/uploads\/2026\/03\/9189_oster_rallye_2026_Matthias_Leitzke-400x600.jpg 400w, https:\/\/www.kunstmuseum.de\/wp-content\/uploads\/2026\/03\/9189_oster_rallye_2026_Matthias_Leitzke-200x300.jpg 200w, https:\/\/www.kunstmuseum.de\/wp-content\/uploads\/2026\/03\/9189_oster_rallye_2026_Matthias_Leitzke-683x1024.jpg 683w, https:\/\/www.kunstmuseum.de\/wp-content\/uploads\/2026\/03\/9189_oster_rallye_2026_Matthias_Leitzke-768x1151.jpg 768w, https:\/\/www.kunstmuseum.de\/wp-content\/uploads\/2026\/03\/9189_oster_rallye_2026_Matthias_Leitzke-1025x1536.jpg 1025w, https:\/\/www.kunstmuseum.de\/wp-content\/uploads\/2026\/03\/9189_oster_rallye_2026_Matthias_Leitzke-1366x2048.jpg 1366w, https:\/\/www.kunstmuseum.de\/wp-content\/uploads\/2026\/03\/9189_oster_rallye_2026_Matthias_Leitzke-100x150.jpg 100w, https:\/\/www.kunstmuseum.de\/wp-content\/uploads\/2026\/03\/9189_oster_rallye_2026_Matthias_Leitzke-300x450.jpg 300w, https:\/\/www.kunstmuseum.de\/wp-content\/uploads\/2026\/03\/9189_oster_rallye_2026_Matthias_Leitzke-scaled.jpg 1708w\" sizes=\"(max-width: 400px) 100vw, 400px\">\t\t\t<\/div>\n\t\t\t\t\t\t<div class=\"swiper-slide\">\n\t\t\t\t<img width=\"900\" height=\"600\" src=\"https:\/\/www.kunstmuseum.de\/wp-content\/uploads\/2026\/03\/9196_oster_rallye_2026_Matthias_Leitzke-900x600.jpg\" class=\"attachment-exhibition-slider size-exhibition-slider\" alt loading=\"lazy\" srcset=\"https:\/\/www.kunstmuseum.de\/wp-content\/uploads\/2026\/03\/9196_oster_rallye_2026_Matthias_Leitzke-900x600.jpg 900w, https:\/\/www.kunstmuseum.de\/wp-content\/uploads\/2026\/03\/9196_oster_rallye_2026_Matthias_Leitzke-300x200.jpg 300w, https:\/\/www.kunstmuseum.de\/wp-content\/uploads\/2026\/03\/9196_oster_rallye_2026_Matthias_Leitzke-1024x683.jpg 1024w, https:\/\/www.kunstmuseum.de\/wp-content\/uploads\/2026\/03\/9196_oster_rallye_2026_Matthias_Leitzke-768x512.jpg 768w, https:\/\/www.kunstmuseum.de\/wp-content\/uploads\/2026\/03\/9196_oster_rallye_2026_Matthias_Leitzke-1536x1025.jpg 1536w, https:\/\/www.kunstmuseum.de\/wp-content\/uploads\/2026\/03\/9196_oster_rallye_2026_Matthias_Leitzke-2048x1366.jpg 2048w, https:\/\/www.kunstmuseum.de\/wp-content\/uploads\/2026\/03\/9196_oster_rallye_2026_Matthias_Leitzke-100x67.jpg 100w\" sizes=\"(max-width: 900px) 100vw, 900px\">\t\t\t<\/div>\n\t\t\t\t\t\t<div class=\"swiper-slide\">\n\t\t\t\t<img width=\"900\" height=\"600\" src=\"https:\/\/www.kunstmuseum.de\/wp-content\/uploads\/2026\/03\/9229_oster_rallye_2026_Matthias_Leitzke-900x600.jpg\" class=\"attachment-exhibition-slider size-exhibition-slider\" alt loading=\"lazy\" srcset=\"https:\/\/www.kunstmuseum.de\/wp-content\/uploads\/2026\/03\/9229_oster_rallye_2026_Matthias_Leitzke-900x600.jpg 900w, https:\/\/www.kunstmuseum.de\/wp-content\/uploads\/2026\/03\/9229_oster_rallye_2026_Matthias_Leitzke-300x200.jpg 300w, https:\/\/www.kunstmuseum.de\/wp-content\/uploads\/2026\/03\/9229_oster_rallye_2026_Matthias_Leitzke-1024x683.jpg 1024w, https:\/\/www.kunstmuseum.de\/wp-content\/uploads\/2026\/03\/9229_oster_rallye_2026_Matthias_Leitzke-768x512.jpg 768w, https:\/\/www.kunstmuseum.de\/wp-content\/uploads\/2026\/03\/9229_oster_rallye_2026_Matthias_Leitzke-1536x1025.jpg 1536w, https:\/\/www.kunstmuseum.de\/wp-content\/uploads\/2026\/03\/9229_oster_rallye_2026_Matthias_Leitzke-2048x1366.jpg 2048w, https:\/\/www.kunstmuseum.de\/wp-content\/uploads\/2026\/03\/9229_oster_rallye_2026_Matthias_Leitzke-100x67.jpg 100w\" sizes=\"(max-width: 900px) 100vw, 900px\">\t\t\t<\/div>\n\t\t\t\t\t\t<div class=\"swiper-slide\">\n\t\t\t\t<img width=\"900\" height=\"600\" src=\"https:\/\/www.kunstmuseum.de\/wp-content\/uploads\/2026\/03\/9122_oster_rallye_2026_Matthias_Leitzke-900x600.jpg\" class=\"attachment-exhibition-slider size-exhibition-slider\" alt loading=\"lazy\" srcset=\"https:\/\/www.kunstmuseum.de\/wp-content\/uploads\/2026\/03\/9122_oster_rallye_2026_Matthias_Leitzke-900x600.jpg 900w, https:\/\/www.kunstmuseum.de\/wp-content\/uploads\/2026\/03\/9122_oster_rallye_2026_Matthias_Leitzke-300x200.jpg 300w, https:\/\/www.kunstmuseum.de\/wp-content\/uploads\/2026\/03\/9122_oster_rallye_2026_Matthias_Leitzke-1024x683.jpg 1024w, https:\/\/www.kunstmuseum.de\/wp-content\/uploads\/2026\/03\/9122_oster_rallye_2026_Matthias_Leitzke-768x512.jpg 768w, https:\/\/www.kunstmuseum.de\/wp-content\/uploads\/2026\/03\/9122_oster_rallye_2026_Matthias_Leitzke-1536x1025.jpg 1536w, https:\/\/www.kunstmuseum.de\/wp-content\/uploads\/2026\/03\/9122_oster_rallye_2026_Matthias_Leitzke-2048x1366.jpg 2048w, https:\/\/www.kunstmuseum.de\/wp-content\/uploads\/2026\/03\/9122_oster_rallye_2026_Matthias_Leitzke-100x67.jpg 100w\" sizes=\"(max-width: 900px) 100vw, 900px\">\t\t\t<\/div>\n\t\t\t\t\t\t<div class=\"swiper-slide\">\n\t\t\t\t<img width=\"900\" height=\"600\" src=\"https:\/\/www.kunstmuseum.de\/wp-content\/uploads\/2026\/03\/9114_oster_rallye_2026_Matthias_Leitzke-900x600.jpg\" class=\"attachment-exhibition-slider size-exhibition-slider\" alt loading=\"lazy\" srcset=\"https:\/\/www.kunstmuseum.de\/wp-content\/uploads\/2026\/03\/9114_oster_rallye_2026_Matthias_Leitzke-900x600.jpg 900w, https:\/\/www.kunstmuseum.de\/wp-content\/uploads\/2026\/03\/9114_oster_rallye_2026_Matthias_Leitzke-300x200.jpg 300w, https:\/\/www.kunstmuseum.de\/wp-content\/uploads\/2026\/03\/9114_oster_rallye_2026_Matthias_Leitzke-1024x683.jpg 1024w, https:\/\/www.kunstmuseum.de\/wp-content\/uploads\/2026\/03\/9114_oster_rallye_2026_Matthias_Leitzke-768x512.jpg 768w, https:\/\/www.kunstmuseum.de\/wp-content\/uploads\/2026\/03\/9114_oster_rallye_2026_Matthias_Leitzke-1536x1025.jpg 1536w, https:\/\/www.kunstmuseum.de\/wp-content\/uploads\/2026\/03\/9114_oster_rallye_2026_Matthias_Leitzke-2048x1366.jpg 2048w, https:\/\/www.kunstmuseum.de\/wp-content\/uploads\/2026\/03\/9114_oster_rallye_2026_Matthias_Leitzke-100x67.jpg 100w\" sizes=\"(max-width: 900px) 100vw, 900px\">\t\t\t<\/div>\n\t\t\t\t\t\t<div class=\"swiper-slide\">\n\t\t\t\t<img width=\"900\" height=\"600\" src=\"https:\/\/www.kunstmuseum.de\/wp-content\/uploads\/2026\/03\/9103_oster_rallye_2026_Matthias_Leitzke-900x600.jpg\" class=\"attachment-exhibition-slider size-exhibition-slider\" alt loading=\"lazy\" srcset=\"https:\/\/www.kunstmuseum.de\/wp-content\/uploads\/2026\/03\/9103_oster_rallye_2026_Matthias_Leitzke-900x600.jpg 900w, https:\/\/www.kunstmuseum.de\/wp-content\/uploads\/2026\/03\/9103_oster_rallye_2026_Matthias_Leitzke-300x200.jpg 300w, https:\/\/www.kunstmuseum.de\/wp-content\/uploads\/2026\/03\/9103_oster_rallye_2026_Matthias_Leitzke-1024x683.jpg 1024w, https:\/\/www.kunstmuseum.de\/wp-content\/uploads\/2026\/03\/9103_oster_rallye_2026_Matthias_Leitzke-768x512.jpg 768w, https:\/\/www.kunstmuseum.de\/wp-content\/uploads\/2026\/03\/9103_oster_rallye_2026_Matthias_Leitzke-1536x1025.jpg 1536w, https:\/\/www.kunstmuseum.de\/wp-content\/uploads\/2026\/03\/9103_oster_rallye_2026_Matthias_Leitzke-2048x1366.jpg 2048w, https:\/\/www.kunstmuseum.de\/wp-content\/uploads\/2026\/03\/9103_oster_rallye_2026_Matthias_Leitzke-100x67.jpg 100w\" sizes=\"(max-width: 900px) 100vw, 900px\">\t\t\t<\/div>\n\t\t\t\t\t\t<div class=\"swiper-slide\">\n\t\t\t\t<img width=\"900\" height=\"600\" src=\"https:\/\/www.kunstmuseum.de\/wp-content\/uploads\/2026\/03\/9097_oster_rallye_2026_Matthias_Leitzke-900x600.jpg\" class=\"attachment-exhibition-slider size-exhibition-slider\" alt loading=\"lazy\" srcset=\"https:\/\/www.kunstmuseum.de\/wp-content\/uploads\/2026\/03\/9097_oster_rallye_2026_Matthias_Leitzke-900x600.jpg 900w, https:\/\/www.kunstmuseum.de\/wp-content\/uploads\/2026\/03\/9097_oster_rallye_2026_Matthias_Leitzke-300x200.jpg 300w, https:\/\/www.kunstmuseum.de\/wp-content\/uploads\/2026\/03\/9097_oster_rallye_2026_Matthias_Leitzke-1024x683.jpg 1024w, https:\/\/www.kunstmuseum.de\/wp-content\/uploads\/2026\/03\/9097_oster_rallye_2026_Matthias_Leitzke-768x512.jpg 768w, https:\/\/www.kunstmuseum.de\/wp-content\/uploads\/2026\/03\/9097_oster_rallye_2026_Matthias_Leitzke-1536x1025.jpg 1536w, https:\/\/www.kunstmuseum.de\/wp-content\/uploads\/2026\/03\/9097_oster_rallye_2026_Matthias_Leitzke-2048x1366.jpg 2048w, https:\/\/www.kunstmuseum.de\/wp-content\/uploads\/2026\/03\/9097_oster_rallye_2026_Matthias_Leitzke-100x67.jpg 100w\" sizes=\"(max-width: 900px) 100vw, 900px\">\t\t\t<\/div>\n\t\t\t\t\t<\/div>\n\t<\/div>\n\t<button class=\"button-arrow open-credits-overlay\">\n\t\t<svg viewBox=\"0 0 14 14\">\n\t\t\t<path d=\"M5.977,13.852H16.608l-4.9,4.9,1.269,1.225,7-7-7-7L11.752,7.2l4.856,4.9H5.977Z\" transform=\"translate(-5.977 -5.977)\" \/>\n\t\t<\/svg>\n\t\tCredits\t<\/button>\n\t<div class=\"credits-overlay\" role=\"dialog\">\n\t\t<h3 class=\"h1\">Credits<\/h3>\n\t\t<div class=\"credits-list\">\n\t\t\t\t\t\t<div class=\"credit-item\">\n\t\t\t\t<img width=\"100\" height=\"67\" src=\"https:\/\/www.kunstmuseum.de\/wp-content\/uploads\/2026\/03\/9091_oster_rallye_2026_Matthias_Leitzke-100x67.jpg\" class=\"attachment-credits-thumbnail size-credits-thumbnail\" alt loading=\"lazy\" srcset=\"https:\/\/www.kunstmuseum.de\/wp-content\/uploads\/2026\/03\/9091_oster_rallye_2026_Matthias_Leitzke-100x67.jpg 100w, https:\/\/www.kunstmuseum.de\/wp-content\/uploads\/2026\/03\/9091_oster_rallye_2026_Matthias_Leitzke-300x200.jpg 300w, https:\/\/www.kunstmuseum.de\/wp-content\/uploads\/2026\/03\/9091_oster_rallye_2026_Matthias_Leitzke-1024x683.jpg 1024w, https:\/\/www.kunstmuseum.de\/wp-content\/uploads\/2026\/03\/9091_oster_rallye_2026_Matthias_Leitzke-768x512.jpg 768w, https:\/\/www.kunstmuseum.de\/wp-content\/uploads\/2026\/03\/9091_oster_rallye_2026_Matthias_Leitzke-1536x1025.jpg 1536w, https:\/\/www.kunstmuseum.de\/wp-content\/uploads\/2026\/03\/9091_oster_rallye_2026_Matthias_Leitzke-2048x1366.jpg 2048w, https:\/\/www.kunstmuseum.de\/wp-content\/uploads\/2026\/03\/9091_oster_rallye_2026_Matthias_Leitzke-900x600.jpg 900w\" sizes=\"(max-width: 100px) 100vw, 100px\">\t\t\t\t\t\t\t<\/div>\n\t\t\t\t\t\t<div class=\"credit-item\">\n\t\t\t\t<img width=\"100\" height=\"67\" src=\"https:\/\/www.kunstmuseum.de\/wp-content\/uploads\/2026\/03\/9086_oster_rallye_2026_Matthias_Leitzke-100x67.jpg\" class=\"attachment-credits-thumbnail size-credits-thumbnail\" alt loading=\"lazy\" srcset=\"https:\/\/www.kunstmuseum.de\/wp-content\/uploads\/2026\/03\/9086_oster_rallye_2026_Matthias_Leitzke-100x67.jpg 100w, https:\/\/www.kunstmuseum.de\/wp-content\/uploads\/2026\/03\/9086_oster_rallye_2026_Matthias_Leitzke-300x200.jpg 300w, https:\/\/www.kunstmuseum.de\/wp-content\/uploads\/2026\/03\/9086_oster_rallye_2026_Matthias_Leitzke-1024x683.jpg 1024w, https:\/\/www.kunstmuseum.de\/wp-content\/uploads\/2026\/03\/9086_oster_rallye_2026_Matthias_Leitzke-768x512.jpg 768w, https:\/\/www.kunstmuseum.de\/wp-content\/uploads\/2026\/03\/9086_oster_rallye_2026_Matthias_Leitzke-1536x1025.jpg 1536w, https:\/\/www.kunstmuseum.de\/wp-content\/uploads\/2026\/03\/9086_oster_rallye_2026_Matthias_Leitzke-2048x1366.jpg 2048w, https:\/\/www.kunstmuseum.de\/wp-content\/uploads\/2026\/03\/9086_oster_rallye_2026_Matthias_Leitzke-900x600.jpg 900w\" sizes=\"(max-width: 100px) 100vw, 100px\">\t\t\t\t\t\t\t<\/div>\n\t\t\t\t\t\t<div class=\"credit-item\">\n\t\t\t\t<img width=\"100\" height=\"67\" src=\"https:\/\/www.kunstmuseum.de\/wp-content\/uploads\/2026\/03\/9072_oster_rallye_2026_Matthias_Leitzke-100x67.jpg\" class=\"attachment-credits-thumbnail size-credits-thumbnail\" alt loading=\"lazy\" srcset=\"https:\/\/www.kunstmuseum.de\/wp-content\/uploads\/2026\/03\/9072_oster_rallye_2026_Matthias_Leitzke-100x67.jpg 100w, https:\/\/www.kunstmuseum.de\/wp-content\/uploads\/2026\/03\/9072_oster_rallye_2026_Matthias_Leitzke-300x200.jpg 300w, https:\/\/www.kunstmuseum.de\/wp-content\/uploads\/2026\/03\/9072_oster_rallye_2026_Matthias_Leitzke-1024x683.jpg 1024w, https:\/\/www.kunstmuseum.de\/wp-content\/uploads\/2026\/03\/9072_oster_rallye_2026_Matthias_Leitzke-768x512.jpg 768w, https:\/\/www.kunstmuseum.de\/wp-content\/uploads\/2026\/03\/9072_oster_rallye_2026_Matthias_Leitzke-1536x1025.jpg 1536w, https:\/\/www.kunstmuseum.de\/wp-content\/uploads\/2026\/03\/9072_oster_rallye_2026_Matthias_Leitzke-2048x1366.jpg 2048w, https:\/\/www.kunstmuseum.de\/wp-content\/uploads\/2026\/03\/9072_oster_rallye_2026_Matthias_Leitzke-900x600.jpg 900w\" sizes=\"(max-width: 100px) 100vw, 100px\">\t\t\t\t\t\t\t<\/div>\n\t\t\t\t\t\t<div class=\"credit-item\">\n\t\t\t\t<img width=\"100\" height=\"67\" src=\"https:\/\/www.kunstmuseum.de\/wp-content\/uploads\/2026\/03\/9070_oster_rallye_2026_Matthias_Leitzke-100x67.jpg\" class=\"attachment-credits-thumbnail size-credits-thumbnail\" alt loading=\"lazy\" srcset=\"https:\/\/www.kunstmuseum.de\/wp-content\/uploads\/2026\/03\/9070_oster_rallye_2026_Matthias_Leitzke-100x67.jpg 100w, https:\/\/www.kunstmuseum.de\/wp-content\/uploads\/2026\/03\/9070_oster_rallye_2026_Matthias_Leitzke-300x200.jpg 300w, https:\/\/www.kunstmuseum.de\/wp-content\/uploads\/2026\/03\/9070_oster_rallye_2026_Matthias_Leitzke-1024x683.jpg 1024w, https:\/\/www.kunstmuseum.de\/wp-content\/uploads\/2026\/03\/9070_oster_rallye_2026_Matthias_Leitzke-768x512.jpg 768w, https:\/\/www.kunstmuseum.de\/wp-content\/uploads\/2026\/03\/9070_oster_rallye_2026_Matthias_Leitzke-1536x1025.jpg 1536w, https:\/\/www.kunstmuseum.de\/wp-content\/uploads\/2026\/03\/9070_oster_rallye_2026_Matthias_Leitzke-2048x1366.jpg 2048w, https:\/\/www.kunstmuseum.de\/wp-content\/uploads\/2026\/03\/9070_oster_rallye_2026_Matthias_Leitzke-900x600.jpg 900w\" sizes=\"(max-width: 100px) 100vw, 100px\">\t\t\t\t\t\t\t<\/div>\n\t\t\t\t\t\t<div class=\"credit-item\">\n\t\t\t\t<img width=\"100\" height=\"67\" src=\"https:\/\/www.kunstmuseum.de\/wp-content\/uploads\/2026\/03\/9061_oster_rallye_2026_Matthias_Leitzke-100x67.jpg\" class=\"attachment-credits-thumbnail size-credits-thumbnail\" alt loading=\"lazy\" srcset=\"https:\/\/www.kunstmuseum.de\/wp-content\/uploads\/2026\/03\/9061_oster_rallye_2026_Matthias_Leitzke-100x67.jpg 100w, https:\/\/www.kunstmuseum.de\/wp-content\/uploads\/2026\/03\/9061_oster_rallye_2026_Matthias_Leitzke-300x200.jpg 300w, https:\/\/www.kunstmuseum.de\/wp-content\/uploads\/2026\/03\/9061_oster_rallye_2026_Matthias_Leitzke-1024x683.jpg 1024w, https:\/\/www.kunstmuseum.de\/wp-content\/uploads\/2026\/03\/9061_oster_rallye_2026_Matthias_Leitzke-768x512.jpg 768w, https:\/\/www.kunstmuseum.de\/wp-content\/uploads\/2026\/03\/9061_oster_rallye_2026_Matthias_Leitzke-1536x1025.jpg 1536w, https:\/\/www.kunstmuseum.de\/wp-content\/uploads\/2026\/03\/9061_oster_rallye_2026_Matthias_Leitzke-2048x1366.jpg 2048w, https:\/\/www.kunstmuseum.de\/wp-content\/uploads\/2026\/03\/9061_oster_rallye_2026_Matthias_Leitzke-900x600.jpg 900w\" sizes=\"(max-width: 100px) 100vw, 100px\">\t\t\t\t\t\t\t<\/div>\n\t\t\t\t\t\t<div class=\"credit-item\">\n\t\t\t\t<img width=\"100\" height=\"150\" src=\"https:\/\/www.kunstmuseum.de\/wp-content\/uploads\/2026\/03\/9051_oster_rallye_2026_Matthias_Leitzke-100x150.jpg\" class=\"attachment-credits-thumbnail size-credits-thumbnail\" alt loading=\"lazy\" srcset=\"https:\/\/www.kunstmuseum.de\/wp-content\/uploads\/2026\/03\/9051_oster_rallye_2026_Matthias_Leitzke-100x150.jpg 100w, https:\/\/www.kunstmuseum.de\/wp-content\/uploads\/2026\/03\/9051_oster_rallye_2026_Matthias_Leitzke-200x300.jpg 200w, https:\/\/www.kunstmuseum.de\/wp-content\/uploads\/2026\/03\/9051_oster_rallye_2026_Matthias_Leitzke-683x1024.jpg 683w, https:\/\/www.kunstmuseum.de\/wp-content\/uploads\/2026\/03\/9051_oster_rallye_2026_Matthias_Leitzke-768x1151.jpg 768w, https:\/\/www.kunstmuseum.de\/wp-content\/uploads\/2026\/03\/9051_oster_rallye_2026_Matthias_Leitzke-1025x1536.jpg 1025w, https:\/\/www.kunstmuseum.de\/wp-content\/uploads\/2026\/03\/9051_oster_rallye_2026_Matthias_Leitzke-1366x2048.jpg 1366w, https:\/\/www.kunstmuseum.de\/wp-content\/uploads\/2026\/03\/9051_oster_rallye_2026_Matthias_Leitzke-400x600.jpg 400w, https:\/\/www.kunstmuseum.de\/wp-content\/uploads\/2026\/03\/9051_oster_rallye_2026_Matthias_Leitzke-300x450.jpg 300w, https:\/\/www.kunstmuseum.de\/wp-content\/uploads\/2026\/03\/9051_oster_rallye_2026_Matthias_Leitzke-scaled.jpg 1708w\" sizes=\"(max-width: 100px) 100vw, 100px\">\t\t\t\t\t\t\t<\/div>\n\t\t\t\t\t\t<div class=\"credit-item\">\n\t\t\t\t<img width=\"100\" height=\"67\" src=\"https:\/\/www.kunstmuseum.de\/wp-content\/uploads\/2026\/03\/8973_oster_rallye_2026_Matthias_Leitzke-100x67.jpg\" class=\"attachment-credits-thumbnail size-credits-thumbnail\" alt loading=\"lazy\" srcset=\"https:\/\/www.kunstmuseum.de\/wp-content\/uploads\/2026\/03\/8973_oster_rallye_2026_Matthias_Leitzke-100x67.jpg 100w, https:\/\/www.kunstmuseum.de\/wp-content\/uploads\/2026\/03\/8973_oster_rallye_2026_Matthias_Leitzke-300x200.jpg 300w, https:\/\/www.kunstmuseum.de\/wp-content\/uploads\/2026\/03\/8973_oster_rallye_2026_Matthias_Leitzke-1024x683.jpg 1024w, https:\/\/www.kunstmuseum.de\/wp-content\/uploads\/2026\/03\/8973_oster_rallye_2026_Matthias_Leitzke-768x512.jpg 768w, https:\/\/www.kunstmuseum.de\/wp-content\/uploads\/2026\/03\/8973_oster_rallye_2026_Matthias_Leitzke-1536x1025.jpg 1536w, https:\/\/www.kunstmuseum.de\/wp-content\/uploads\/2026\/03\/8973_oster_rallye_2026_Matthias_Leitzke-2048x1366.jpg 2048w, https:\/\/www.kunstmuseum.de\/wp-content\/uploads\/2026\/03\/8973_oster_rallye_2026_Matthias_Leitzke-900x600.jpg 900w\" sizes=\"(max-width: 100px) 100vw, 100px\">\t\t\t\t\t\t\t<\/div>\n\t\t\t\t\t\t<div class=\"credit-item\">\n\t\t\t\t<img width=\"100\" height=\"67\" src=\"https:\/\/www.kunstmuseum.de\/wp-content\/uploads\/2026\/03\/8992_oster_rallye_2026_Matthias_Leitzke-100x67.jpg\" class=\"attachment-credits-thumbnail size-credits-thumbnail\" alt loading=\"lazy\" srcset=\"https:\/\/www.kunstmuseum.de\/wp-content\/uploads\/2026\/03\/8992_oster_rallye_2026_Matthias_Leitzke-100x67.jpg 100w, https:\/\/www.kunstmuseum.de\/wp-content\/uploads\/2026\/03\/8992_oster_rallye_2026_Matthias_Leitzke-300x200.jpg 300w, https:\/\/www.kunstmuseum.de\/wp-content\/uploads\/2026\/03\/8992_oster_rallye_2026_Matthias_Leitzke-1024x683.jpg 1024w, https:\/\/www.kunstmuseum.de\/wp-content\/uploads\/2026\/03\/8992_oster_rallye_2026_Matthias_Leitzke-768x512.jpg 768w, https:\/\/www.kunstmuseum.de\/wp-content\/uploads\/2026\/03\/8992_oster_rallye_2026_Matthias_Leitzke-1536x1025.jpg 1536w, https:\/\/www.kunstmuseum.de\/wp-content\/uploads\/2026\/03\/8992_oster_rallye_2026_Matthias_Leitzke-2048x1366.jpg 2048w, https:\/\/www.kunstmuseum.de\/wp-content\/uploads\/2026\/03\/8992_oster_rallye_2026_Matthias_Leitzke-900x600.jpg 900w\" sizes=\"(max-width: 100px) 100vw, 100px\">\t\t\t\t\t\t\t<\/div>\n\t\t\t\t\t\t<div class=\"credit-item\">\n\t\t\t\t<img width=\"100\" height=\"67\" src=\"https:\/\/www.kunstmuseum.de\/wp-content\/uploads\/2026\/03\/9009_oster_rallye_2026_Matthias_Leitzke-100x67.jpg\" class=\"attachment-credits-thumbnail size-credits-thumbnail\" alt loading=\"lazy\" srcset=\"https:\/\/www.kunstmuseum.de\/wp-content\/uploads\/2026\/03\/9009_oster_rallye_2026_Matthias_Leitzke-100x67.jpg 100w, https:\/\/www.kunstmuseum.de\/wp-content\/uploads\/2026\/03\/9009_oster_rallye_2026_Matthias_Leitzke-300x200.jpg 300w, https:\/\/www.kunstmuseum.de\/wp-content\/uploads\/2026\/03\/9009_oster_rallye_2026_Matthias_Leitzke-1024x683.jpg 1024w, https:\/\/www.kunstmuseum.de\/wp-content\/uploads\/2026\/03\/9009_oster_rallye_2026_Matthias_Leitzke-768x512.jpg 768w, https:\/\/www.kunstmuseum.de\/wp-content\/uploads\/2026\/03\/9009_oster_rallye_2026_Matthias_Leitzke-1536x1025.jpg 1536w, https:\/\/www.kunstmuseum.de\/wp-content\/uploads\/2026\/03\/9009_oster_rallye_2026_Matthias_Leitzke-2048x1366.jpg 2048w, https:\/\/www.kunstmuseum.de\/wp-content\/uploads\/2026\/03\/9009_oster_rallye_2026_Matthias_Leitzke-900x600.jpg 900w\" sizes=\"(max-width: 100px) 100vw, 100px\">\t\t\t\t\t\t\t<\/div>\n\t\t\t\t\t\t<div class=\"credit-item\">\n\t\t\t\t<img width=\"100\" height=\"67\" src=\"https:\/\/www.kunstmuseum.de\/wp-content\/uploads\/2026\/03\/9025_oster_rallye_2026_Matthias_Leitzke-100x67.jpg\" class=\"attachment-credits-thumbnail size-credits-thumbnail\" alt loading=\"lazy\" srcset=\"https:\/\/www.kunstmuseum.de\/wp-content\/uploads\/2026\/03\/9025_oster_rallye_2026_Matthias_Leitzke-100x67.jpg 100w, https:\/\/www.kunstmuseum.de\/wp-content\/uploads\/2026\/03\/9025_oster_rallye_2026_Matthias_Leitzke-300x200.jpg 300w, https:\/\/www.kunstmuseum.de\/wp-content\/uploads\/2026\/03\/9025_oster_rallye_2026_Matthias_Leitzke-1024x683.jpg 1024w, https:\/\/www.kunstmuseum.de\/wp-content\/uploads\/2026\/03\/9025_oster_rallye_2026_Matthias_Leitzke-768x512.jpg 768w, https:\/\/www.kunstmuseum.de\/wp-content\/uploads\/2026\/03\/9025_oster_rallye_2026_Matthias_Leitzke-1536x1025.jpg 1536w, https:\/\/www.kunstmuseum.de\/wp-content\/uploads\/2026\/03\/9025_oster_rallye_2026_Matthias_Leitzke-2048x1366.jpg 2048w, https:\/\/www.kunstmuseum.de\/wp-content\/uploads\/2026\/03\/9025_oster_rallye_2026_Matthias_Leitzke-900x600.jpg 900w\" sizes=\"(max-width: 100px) 100vw, 100px\">\t\t\t\t\t\t\t<\/div>\n\t\t\t\t\t\t<div class=\"credit-item\">\n\t\t\t\t<img width=\"100\" height=\"67\" src=\"https:\/\/www.kunstmuseum.de\/wp-content\/uploads\/2026\/03\/9030_oster_rallye_2026_Matthias_Leitzke-100x67.jpg\" class=\"attachment-credits-thumbnail size-credits-thumbnail\" alt loading=\"lazy\" srcset=\"https:\/\/www.kunstmuseum.de\/wp-content\/uploads\/2026\/03\/9030_oster_rallye_2026_Matthias_Leitzke-100x67.jpg 100w, https:\/\/www.kunstmuseum.de\/wp-content\/uploads\/2026\/03\/9030_oster_rallye_2026_Matthias_Leitzke-300x200.jpg 300w, https:\/\/www.kunstmuseum.de\/wp-content\/uploads\/2026\/03\/9030_oster_rallye_2026_Matthias_Leitzke-1024x683.jpg 1024w, https:\/\/www.kunstmuseum.de\/wp-content\/uploads\/2026\/03\/9030_oster_rallye_2026_Matthias_Leitzke-768x512.jpg 768w, https:\/\/www.kunstmuseum.de\/wp-content\/uploads\/2026\/03\/9030_oster_rallye_2026_Matthias_Leitzke-1536x1025.jpg 1536w, https:\/\/www.kunstmuseum.de\/wp-content\/uploads\/2026\/03\/9030_oster_rallye_2026_Matthias_Leitzke-2048x1366.jpg 2048w, https:\/\/www.kunstmuseum.de\/wp-content\/uploads\/2026\/03\/9030_oster_rallye_2026_Matthias_Leitzke-900x600.jpg 900w\" sizes=\"(max-width: 100px) 100vw, 100px\">\t\t\t\t\t\t\t<\/div>\n\t\t\t\t\t\t<div class=\"credit-item\">\n\t\t\t\t<img width=\"100\" height=\"67\" src=\"https:\/\/www.kunstmuseum.de\/wp-content\/uploads\/2026\/03\/9045_oster_rallye_2026_Matthias_Leitzke-100x67.jpg\" class=\"attachment-credits-thumbnail size-credits-thumbnail\" alt loading=\"lazy\" srcset=\"https:\/\/www.kunstmuseum.de\/wp-content\/uploads\/2026\/03\/9045_oster_rallye_2026_Matthias_Leitzke-100x67.jpg 100w, https:\/\/www.kunstmuseum.de\/wp-content\/uploads\/2026\/03\/9045_oster_rallye_2026_Matthias_Leitzke-300x200.jpg 300w, https:\/\/www.kunstmuseum.de\/wp-content\/uploads\/2026\/03\/9045_oster_rallye_2026_Matthias_Leitzke-1024x683.jpg 1024w, https:\/\/www.kunstmuseum.de\/wp-content\/uploads\/2026\/03\/9045_oster_rallye_2026_Matthias_Leitzke-768x512.jpg 768w, https:\/\/www.kunstmuseum.de\/wp-content\/uploads\/2026\/03\/9045_oster_rallye_2026_Matthias_Leitzke-1536x1025.jpg 1536w, https:\/\/www.kunstmuseum.de\/wp-content\/uploads\/2026\/03\/9045_oster_rallye_2026_Matthias_Leitzke-2048x1366.jpg 2048w, https:\/\/www.kunstmuseum.de\/wp-content\/uploads\/2026\/03\/9045_oster_rallye_2026_Matthias_Leitzke-900x600.jpg 900w\" sizes=\"(max-width: 100px) 100vw, 100px\">\t\t\t\t\t\t\t<\/div>\n\t\t\t\t\t\t<div class=\"credit-item\">\n\t\t\t\t<img width=\"100\" height=\"67\" src=\"https:\/\/www.kunstmuseum.de\/wp-content\/uploads\/2026\/03\/8958_oster_rallye_2026_Matthias_Leitzke-100x67.jpg\" class=\"attachment-credits-thumbnail size-credits-thumbnail\" alt loading=\"lazy\" srcset=\"https:\/\/www.kunstmuseum.de\/wp-content\/uploads\/2026\/03\/8958_oster_rallye_2026_Matthias_Leitzke-100x67.jpg 100w, https:\/\/www.kunstmuseum.de\/wp-content\/uploads\/2026\/03\/8958_oster_rallye_2026_Matthias_Leitzke-300x200.jpg 300w, https:\/\/www.kunstmuseum.de\/wp-content\/uploads\/2026\/03\/8958_oster_rallye_2026_Matthias_Leitzke-1024x683.jpg 1024w, https:\/\/www.kunstmuseum.de\/wp-content\/uploads\/2026\/03\/8958_oster_rallye_2026_Matthias_Leitzke-768x512.jpg 768w, https:\/\/www.kunstmuseum.de\/wp-content\/uploads\/2026\/03\/8958_oster_rallye_2026_Matthias_Leitzke-1536x1025.jpg 1536w, https:\/\/www.kunstmuseum.de\/wp-content\/uploads\/2026\/03\/8958_oster_rallye_2026_Matthias_Leitzke-2048x1366.jpg 2048w, https:\/\/www.kunstmuseum.de\/wp-content\/uploads\/2026\/03\/8958_oster_rallye_2026_Matthias_Leitzke-900x600.jpg 900w\" sizes=\"(max-width: 100px) 100vw, 100px\">\t\t\t\t\t\t\t<\/div>\n\t\t\t\t\t\t<div class=\"credit-item\">\n\t\t\t\t<img width=\"100\" height=\"67\" src=\"https:\/\/www.kunstmuseum.de\/wp-content\/uploads\/2026\/03\/8950_oster_rallye_2026_Matthias_Leitzke-100x67.jpg\" class=\"attachment-credits-thumbnail size-credits-thumbnail\" alt loading=\"lazy\" srcset=\"https:\/\/www.kunstmuseum.de\/wp-content\/uploads\/2026\/03\/8950_oster_rallye_2026_Matthias_Leitzke-100x67.jpg 100w, https:\/\/www.kunstmuseum.de\/wp-content\/uploads\/2026\/03\/8950_oster_rallye_2026_Matthias_Leitzke-300x200.jpg 300w, https:\/\/www.kunstmuseum.de\/wp-content\/uploads\/2026\/03\/8950_oster_rallye_2026_Matthias_Leitzke-1024x683.jpg 1024w, https:\/\/www.kunstmuseum.de\/wp-content\/uploads\/2026\/03\/8950_oster_rallye_2026_Matthias_Leitzke-768x512.jpg 768w, https:\/\/www.kunstmuseum.de\/wp-content\/uploads\/2026\/03\/8950_oster_rallye_2026_Matthias_Leitzke-1536x1025.jpg 1536w, https:\/\/www.kunstmuseum.de\/wp-content\/uploads\/2026\/03\/8950_oster_rallye_2026_Matthias_Leitzke-2048x1366.jpg 2048w, https:\/\/www.kunstmuseum.de\/wp-content\/uploads\/2026\/03\/8950_oster_rallye_2026_Matthias_Leitzke-900x600.jpg 900w\" sizes=\"(max-width: 100px) 100vw, 100px\">\t\t\t\t\t\t\t<\/div>\n\t\t\t\t\t\t<div class=\"credit-item\">\n\t\t\t\t<img width=\"100\" height=\"67\" src=\"https:\/\/www.kunstmuseum.de\/wp-content\/uploads\/2026\/03\/8933_oster_rallye_2026_Matthias_Leitzke-100x67.jpg\" class=\"attachment-credits-thumbnail size-credits-thumbnail\" alt loading=\"lazy\" srcset=\"https:\/\/www.kunstmuseum.de\/wp-content\/uploads\/2026\/03\/8933_oster_rallye_2026_Matthias_Leitzke-100x67.jpg 100w, https:\/\/www.kunstmuseum.de\/wp-content\/uploads\/2026\/03\/8933_oster_rallye_2026_Matthias_Leitzke-300x200.jpg 300w, https:\/\/www.kunstmuseum.de\/wp-content\/uploads\/2026\/03\/8933_oster_rallye_2026_Matthias_Leitzke-1024x683.jpg 1024w, https:\/\/www.kunstmuseum.de\/wp-content\/uploads\/2026\/03\/8933_oster_rallye_2026_Matthias_Leitzke-768x512.jpg 768w, https:\/\/www.kunstmuseum.de\/wp-content\/uploads\/2026\/03\/8933_oster_rallye_2026_Matthias_Leitzke-1536x1025.jpg 1536w, https:\/\/www.kunstmuseum.de\/wp-content\/uploads\/2026\/03\/8933_oster_rallye_2026_Matthias_Leitzke-2048x1366.jpg 2048w, https:\/\/www.kunstmuseum.de\/wp-content\/uploads\/2026\/03\/8933_oster_rallye_2026_Matthias_Leitzke-900x600.jpg 900w\" sizes=\"(max-width: 100px) 100vw, 100px\">\t\t\t\t\t\t\t<\/div>\n\t\t\t\t\t\t<div class=\"credit-item\">\n\t\t\t\t<img width=\"100\" height=\"67\" src=\"https:\/\/www.kunstmuseum.de\/wp-content\/uploads\/2026\/03\/8913_oster_rallye_2026_Matthias_Leitzke-100x67.jpg\" class=\"attachment-credits-thumbnail size-credits-thumbnail\" alt loading=\"lazy\" srcset=\"https:\/\/www.kunstmuseum.de\/wp-content\/uploads\/2026\/03\/8913_oster_rallye_2026_Matthias_Leitzke-100x67.jpg 100w, https:\/\/www.kunstmuseum.de\/wp-content\/uploads\/2026\/03\/8913_oster_rallye_2026_Matthias_Leitzke-300x200.jpg 300w, https:\/\/www.kunstmuseum.de\/wp-content\/uploads\/2026\/03\/8913_oster_rallye_2026_Matthias_Leitzke-1024x683.jpg 1024w, https:\/\/www.kunstmuseum.de\/wp-content\/uploads\/2026\/03\/8913_oster_rallye_2026_Matthias_Leitzke-768x512.jpg 768w, https:\/\/www.kunstmuseum.de\/wp-content\/uploads\/2026\/03\/8913_oster_rallye_2026_Matthias_Leitzke-1536x1025.jpg 1536w, https:\/\/www.kunstmuseum.de\/wp-content\/uploads\/2026\/03\/8913_oster_rallye_2026_Matthias_Leitzke-2048x1366.jpg 2048w, https:\/\/www.kunstmuseum.de\/wp-content\/uploads\/2026\/03\/8913_oster_rallye_2026_Matthias_Leitzke-900x600.jpg 900w\" sizes=\"(max-width: 100px) 100vw, 100px\">\t\t\t\t\t\t\t<\/div>\n\t\t\t\t\t\t<div class=\"credit-item\">\n\t\t\t\t<img width=\"100\" height=\"67\" src=\"https:\/\/www.kunstmuseum.de\/wp-content\/uploads\/2026\/03\/8905_oster_rallye_2026_Matthias_Leitzke-100x67.jpg\" class=\"attachment-credits-thumbnail size-credits-thumbnail\" alt loading=\"lazy\" srcset=\"https:\/\/www.kunstmuseum.de\/wp-content\/uploads\/2026\/03\/8905_oster_rallye_2026_Matthias_Leitzke-100x67.jpg 100w, https:\/\/www.kunstmuseum.de\/wp-content\/uploads\/2026\/03\/8905_oster_rallye_2026_Matthias_Leitzke-300x200.jpg 300w, https:\/\/www.kunstmuseum.de\/wp-content\/uploads\/2026\/03\/8905_oster_rallye_2026_Matthias_Leitzke-1024x683.jpg 1024w, https:\/\/www.kunstmuseum.de\/wp-content\/uploads\/2026\/03\/8905_oster_rallye_2026_Matthias_Leitzke-768x512.jpg 768w, https:\/\/www.kunstmuseum.de\/wp-content\/uploads\/2026\/03\/8905_oster_rallye_2026_Matthias_Leitzke-1536x1025.jpg 1536w, https:\/\/www.kunstmuseum.de\/wp-content\/uploads\/2026\/03\/8905_oster_rallye_2026_Matthias_Leitzke-2048x1366.jpg 2048w, https:\/\/www.kunstmuseum.de\/wp-content\/uploads\/2026\/03\/8905_oster_rallye_2026_Matthias_Leitzke-900x600.jpg 900w\" sizes=\"(max-width: 100px) 100vw, 100px\">\t\t\t\t\t\t\t<\/div>\n\t\t\t\t\t\t<div class=\"credit-item\">\n\t\t\t\t<img width=\"100\" height=\"67\" src=\"https:\/\/www.kunstmuseum.de\/wp-content\/uploads\/2026\/03\/8892_oster_rallye_2026_Matthias_Leitzke-100x67.jpg\" class=\"attachment-credits-thumbnail size-credits-thumbnail\" alt loading=\"lazy\" srcset=\"https:\/\/www.kunstmuseum.de\/wp-content\/uploads\/2026\/03\/8892_oster_rallye_2026_Matthias_Leitzke-100x67.jpg 100w, https:\/\/www.kunstmuseum.de\/wp-content\/uploads\/2026\/03\/8892_oster_rallye_2026_Matthias_Leitzke-300x200.jpg 300w, https:\/\/www.kunstmuseum.de\/wp-content\/uploads\/2026\/03\/8892_oster_rallye_2026_Matthias_Leitzke-1024x683.jpg 1024w, https:\/\/www.kunstmuseum.de\/wp-content\/uploads\/2026\/03\/8892_oster_rallye_2026_Matthias_Leitzke-768x512.jpg 768w, https:\/\/www.kunstmuseum.de\/wp-content\/uploads\/2026\/03\/8892_oster_rallye_2026_Matthias_Leitzke-1536x1025.jpg 1536w, https:\/\/www.kunstmuseum.de\/wp-content\/uploads\/2026\/03\/8892_oster_rallye_2026_Matthias_Leitzke-2048x1366.jpg 2048w, https:\/\/www.kunstmuseum.de\/wp-content\/uploads\/2026\/03\/8892_oster_rallye_2026_Matthias_Leitzke-900x600.jpg 900w\" sizes=\"(max-width: 100px) 100vw, 100px\">\t\t\t\t\t\t\t<\/div>\n\t\t\t\t\t\t<div class=\"credit-item\">\n\t\t\t\t<img width=\"100\" height=\"67\" src=\"https:\/\/www.kunstmuseum.de\/wp-content\/uploads\/2026\/03\/8408_oster_rallye_2026_Matthias_Leitzke-100x67.jpg\" class=\"attachment-credits-thumbnail size-credits-thumbnail\" alt loading=\"lazy\" srcset=\"https:\/\/www.kunstmuseum.de\/wp-content\/uploads\/2026\/03\/8408_oster_rallye_2026_Matthias_Leitzke-100x67.jpg 100w, https:\/\/www.kunstmuseum.de\/wp-content\/uploads\/2026\/03\/8408_oster_rallye_2026_Matthias_Leitzke-300x200.jpg 300w, https:\/\/www.kunstmuseum.de\/wp-content\/uploads\/2026\/03\/8408_oster_rallye_2026_Matthias_Leitzke-1024x683.jpg 1024w, https:\/\/www.kunstmuseum.de\/wp-content\/uploads\/2026\/03\/8408_oster_rallye_2026_Matthias_Leitzke-768x512.jpg 768w, https:\/\/www.kunstmuseum.de\/wp-content\/uploads\/2026\/03\/8408_oster_rallye_2026_Matthias_Leitzke-1536x1025.jpg 1536w, https:\/\/www.kunstmuseum.de\/wp-content\/uploads\/2026\/03\/8408_oster_rallye_2026_Matthias_Leitzke-2048x1366.jpg 2048w, https:\/\/www.kunstmuseum.de\/wp-content\/uploads\/2026\/03\/8408_oster_rallye_2026_Matthias_Leitzke-900x600.jpg 900w\" sizes=\"(max-width: 100px) 100vw, 100px\">\t\t\t\t\t\t\t<\/div>\n\t\t\t\t\t\t<div class=\"credit-item\">\n\t\t\t\t<img width=\"100\" height=\"67\" src=\"https:\/\/www.kunstmuseum.de\/wp-content\/uploads\/2026\/03\/7894_oster_rallye_2026_Matthias_Leitzke-100x67.jpg\" class=\"attachment-credits-thumbnail size-credits-thumbnail\" alt loading=\"lazy\" srcset=\"https:\/\/www.kunstmuseum.de\/wp-content\/uploads\/2026\/03\/7894_oster_rallye_2026_Matthias_Leitzke-100x67.jpg 100w, https:\/\/www.kunstmuseum.de\/wp-content\/uploads\/2026\/03\/7894_oster_rallye_2026_Matthias_Leitzke-300x200.jpg 300w, https:\/\/www.kunstmuseum.de\/wp-content\/uploads\/2026\/03\/7894_oster_rallye_2026_Matthias_Leitzke-1024x683.jpg 1024w, https:\/\/www.kunstmuseum.de\/wp-content\/uploads\/2026\/03\/7894_oster_rallye_2026_Matthias_Leitzke-768x512.jpg 768w, https:\/\/www.kunstmuseum.de\/wp-content\/uploads\/2026\/03\/7894_oster_rallye_2026_Matthias_Leitzke-1536x1025.jpg 1536w, https:\/\/www.kunstmuseum.de\/wp-content\/uploads\/2026\/03\/7894_oster_rallye_2026_Matthias_Leitzke-2048x1366.jpg 2048w, https:\/\/www.kunstmuseum.de\/wp-content\/uploads\/2026\/03\/7894_oster_rallye_2026_Matthias_Leitzke-900x600.jpg 900w\" sizes=\"(max-width: 100px) 100vw, 100px\">\t\t\t\t\t\t\t<\/div>\n\t\t\t\t\t\t<div class=\"credit-item\">\n\t\t\t\t<img width=\"100\" height=\"67\" src=\"https:\/\/www.kunstmuseum.de\/wp-content\/uploads\/2026\/03\/9154_oster_rallye_2026_Matthias_Leitzke-100x67.jpg\" class=\"attachment-credits-thumbnail size-credits-thumbnail\" alt loading=\"lazy\" srcset=\"https:\/\/www.kunstmuseum.de\/wp-content\/uploads\/2026\/03\/9154_oster_rallye_2026_Matthias_Leitzke-100x67.jpg 100w, https:\/\/www.kunstmuseum.de\/wp-content\/uploads\/2026\/03\/9154_oster_rallye_2026_Matthias_Leitzke-300x200.jpg 300w, https:\/\/www.kunstmuseum.de\/wp-content\/uploads\/2026\/03\/9154_oster_rallye_2026_Matthias_Leitzke-1024x683.jpg 1024w, https:\/\/www.kunstmuseum.de\/wp-content\/uploads\/2026\/03\/9154_oster_rallye_2026_Matthias_Leitzke-768x512.jpg 768w, https:\/\/www.kunstmuseum.de\/wp-content\/uploads\/2026\/03\/9154_oster_rallye_2026_Matthias_Leitzke-1536x1025.jpg 1536w, https:\/\/www.kunstmuseum.de\/wp-content\/uploads\/2026\/03\/9154_oster_rallye_2026_Matthias_Leitzke-2048x1366.jpg 2048w, https:\/\/www.kunstmuseum.de\/wp-content\/uploads\/2026\/03\/9154_oster_rallye_2026_Matthias_Leitzke-900x600.jpg 900w\" sizes=\"(max-width: 100px) 100vw, 100px\">\t\t\t\t\t\t\t<\/div>\n\t\t\t\t\t\t<div class=\"credit-item\">\n\t\t\t\t<img width=\"100\" height=\"67\" src=\"https:\/\/www.kunstmuseum.de\/wp-content\/uploads\/2026\/03\/9124_oster_rallye_2026_Matthias_Leitzke-100x67.jpg\" class=\"attachment-credits-thumbnail size-credits-thumbnail\" alt loading=\"lazy\" srcset=\"https:\/\/www.kunstmuseum.de\/wp-content\/uploads\/2026\/03\/9124_oster_rallye_2026_Matthias_Leitzke-100x67.jpg 100w, https:\/\/www.kunstmuseum.de\/wp-content\/uploads\/2026\/03\/9124_oster_rallye_2026_Matthias_Leitzke-300x200.jpg 300w, https:\/\/www.kunstmuseum.de\/wp-content\/uploads\/2026\/03\/9124_oster_rallye_2026_Matthias_Leitzke-1024x683.jpg 1024w, https:\/\/www.kunstmuseum.de\/wp-content\/uploads\/2026\/03\/9124_oster_rallye_2026_Matthias_Leitzke-768x512.jpg 768w, https:\/\/www.kunstmuseum.de\/wp-content\/uploads\/2026\/03\/9124_oster_rallye_2026_Matthias_Leitzke-1536x1025.jpg 1536w, https:\/\/www.kunstmuseum.de\/wp-content\/uploads\/2026\/03\/9124_oster_rallye_2026_Matthias_Leitzke-2048x1366.jpg 2048w, https:\/\/www.kunstmuseum.de\/wp-content\/uploads\/2026\/03\/9124_oster_rallye_2026_Matthias_Leitzke-900x600.jpg 900w\" sizes=\"(max-width: 100px) 100vw, 100px\">\t\t\t\t\t\t\t<\/div>\n\t\t\t\t\t\t<div class=\"credit-item\">\n\t\t\t\t<img width=\"100\" height=\"67\" src=\"https:\/\/www.kunstmuseum.de\/wp-content\/uploads\/2026\/03\/9235_oster_rallye_2026_Matthias_Leitzke-100x67.jpg\" class=\"attachment-credits-thumbnail size-credits-thumbnail\" alt loading=\"lazy\" srcset=\"https:\/\/www.kunstmuseum.de\/wp-content\/uploads\/2026\/03\/9235_oster_rallye_2026_Matthias_Leitzke-100x67.jpg 100w, https:\/\/www.kunstmuseum.de\/wp-content\/uploads\/2026\/03\/9235_oster_rallye_2026_Matthias_Leitzke-300x200.jpg 300w, https:\/\/www.kunstmuseum.de\/wp-content\/uploads\/2026\/03\/9235_oster_rallye_2026_Matthias_Leitzke-1024x683.jpg 1024w, https:\/\/www.kunstmuseum.de\/wp-content\/uploads\/2026\/03\/9235_oster_rallye_2026_Matthias_Leitzke-768x512.jpg 768w, https:\/\/www.kunstmuseum.de\/wp-content\/uploads\/2026\/03\/9235_oster_rallye_2026_Matthias_Leitzke-1536x1025.jpg 1536w, https:\/\/www.kunstmuseum.de\/wp-content\/uploads\/2026\/03\/9235_oster_rallye_2026_Matthias_Leitzke-2048x1366.jpg 2048w, https:\/\/www.kunstmuseum.de\/wp-content\/uploads\/2026\/03\/9235_oster_rallye_2026_Matthias_Leitzke-900x600.jpg 900w\" sizes=\"(max-width: 100px) 100vw, 100px\">\t\t\t\t\t\t\t<\/div>\n\t\t\t\t\t\t<div class=\"credit-item\">\n\t\t\t\t<img width=\"100\" height=\"67\" src=\"https:\/\/www.kunstmuseum.de\/wp-content\/uploads\/2026\/03\/8322_oster_rallye_2026_Matthias_Leitzke-100x67.jpg\" class=\"attachment-credits-thumbnail size-credits-thumbnail\" alt loading=\"lazy\" srcset=\"https:\/\/www.kunstmuseum.de\/wp-content\/uploads\/2026\/03\/8322_oster_rallye_2026_Matthias_Leitzke-100x67.jpg 100w, https:\/\/www.kunstmuseum.de\/wp-content\/uploads\/2026\/03\/8322_oster_rallye_2026_Matthias_Leitzke-300x200.jpg 300w, https:\/\/www.kunstmuseum.de\/wp-content\/uploads\/2026\/03\/8322_oster_rallye_2026_Matthias_Leitzke-1024x683.jpg 1024w, https:\/\/www.kunstmuseum.de\/wp-content\/uploads\/2026\/03\/8322_oster_rallye_2026_Matthias_Leitzke-768x512.jpg 768w, https:\/\/www.kunstmuseum.de\/wp-content\/uploads\/2026\/03\/8322_oster_rallye_2026_Matthias_Leitzke-1536x1025.jpg 1536w, https:\/\/www.kunstmuseum.de\/wp-content\/uploads\/2026\/03\/8322_oster_rallye_2026_Matthias_Leitzke-2048x1366.jpg 2048w, https:\/\/www.kunstmuseum.de\/wp-content\/uploads\/2026\/03\/8322_oster_rallye_2026_Matthias_Leitzke-900x600.jpg 900w\" sizes=\"(max-width: 100px) 100vw, 100px\">\t\t\t\t\t\t\t<\/div>\n\t\t\t\t\t\t<div class=\"credit-item\">\n\t\t\t\t<img width=\"100\" height=\"67\" src=\"https:\/\/www.kunstmuseum.de\/wp-content\/uploads\/2026\/03\/8249_oster_rallye_2026_Matthias_Leitzke-100x67.jpg\" class=\"attachment-credits-thumbnail size-credits-thumbnail\" alt loading=\"lazy\" srcset=\"https:\/\/www.kunstmuseum.de\/wp-content\/uploads\/2026\/03\/8249_oster_rallye_2026_Matthias_Leitzke-100x67.jpg 100w, https:\/\/www.kunstmuseum.de\/wp-content\/uploads\/2026\/03\/8249_oster_rallye_2026_Matthias_Leitzke-300x200.jpg 300w, https:\/\/www.kunstmuseum.de\/wp-content\/uploads\/2026\/03\/8249_oster_rallye_2026_Matthias_Leitzke-1024x683.jpg 1024w, https:\/\/www.kunstmuseum.de\/wp-content\/uploads\/2026\/03\/8249_oster_rallye_2026_Matthias_Leitzke-768x512.jpg 768w, https:\/\/www.kunstmuseum.de\/wp-content\/uploads\/2026\/03\/8249_oster_rallye_2026_Matthias_Leitzke-1536x1025.jpg 1536w, https:\/\/www.kunstmuseum.de\/wp-content\/uploads\/2026\/03\/8249_oster_rallye_2026_Matthias_Leitzke-2048x1366.jpg 2048w, https:\/\/www.kunstmuseum.de\/wp-content\/uploads\/2026\/03\/8249_oster_rallye_2026_Matthias_Leitzke-900x600.jpg 900w\" sizes=\"(max-width: 100px) 100vw, 100px\">\t\t\t\t\t\t\t<\/div>\n\t\t\t\t\t\t<div class=\"credit-item\">\n\t\t\t\t<img width=\"100\" height=\"67\" src=\"https:\/\/www.kunstmuseum.de\/wp-content\/uploads\/2026\/03\/8178_oster_rallye_2026_Matthias_Leitzke-100x67.jpg\" class=\"attachment-credits-thumbnail size-credits-thumbnail\" alt loading=\"lazy\" srcset=\"https:\/\/www.kunstmuseum.de\/wp-content\/uploads\/2026\/03\/8178_oster_rallye_2026_Matthias_Leitzke-100x67.jpg 100w, https:\/\/www.kunstmuseum.de\/wp-content\/uploads\/2026\/03\/8178_oster_rallye_2026_Matthias_Leitzke-300x200.jpg 300w, https:\/\/www.kunstmuseum.de\/wp-content\/uploads\/2026\/03\/8178_oster_rallye_2026_Matthias_Leitzke-1024x683.jpg 1024w, https:\/\/www.kunstmuseum.de\/wp-content\/uploads\/2026\/03\/8178_oster_rallye_2026_Matthias_Leitzke-768x512.jpg 768w, https:\/\/www.kunstmuseum.de\/wp-content\/uploads\/2026\/03\/8178_oster_rallye_2026_Matthias_Leitzke-1536x1025.jpg 1536w, https:\/\/www.kunstmuseum.de\/wp-content\/uploads\/2026\/03\/8178_oster_rallye_2026_Matthias_Leitzke-2048x1366.jpg 2048w, https:\/\/www.kunstmuseum.de\/wp-content\/uploads\/2026\/03\/8178_oster_rallye_2026_Matthias_Leitzke-900x600.jpg 900w\" sizes=\"(max-width: 100px) 100vw, 100px\">\t\t\t\t\t\t\t<\/div>\n\t\t\t\t\t\t<div class=\"credit-item\">\n\t\t\t\t<img width=\"100\" height=\"67\" src=\"https:\/\/www.kunstmuseum.de\/wp-content\/uploads\/2026\/03\/8065_oster_rallye_2026_Matthias_Leitzke-100x67.jpg\" class=\"attachment-credits-thumbnail size-credits-thumbnail\" alt loading=\"lazy\" srcset=\"https:\/\/www.kunstmuseum.de\/wp-content\/uploads\/2026\/03\/8065_oster_rallye_2026_Matthias_Leitzke-100x67.jpg 100w, https:\/\/www.kunstmuseum.de\/wp-content\/uploads\/2026\/03\/8065_oster_rallye_2026_Matthias_Leitzke-300x200.jpg 300w, https:\/\/www.kunstmuseum.de\/wp-content\/uploads\/2026\/03\/8065_oster_rallye_2026_Matthias_Leitzke-1024x683.jpg 1024w, https:\/\/www.kunstmuseum.de\/wp-content\/uploads\/2026\/03\/8065_oster_rallye_2026_Matthias_Leitzke-768x512.jpg 768w, https:\/\/www.kunstmuseum.de\/wp-content\/uploads\/2026\/03\/8065_oster_rallye_2026_Matthias_Leitzke-1536x1025.jpg 1536w, https:\/\/www.kunstmuseum.de\/wp-content\/uploads\/2026\/03\/8065_oster_rallye_2026_Matthias_Leitzke-2048x1366.jpg 2048w, https:\/\/www.kunstmuseum.de\/wp-content\/uploads\/2026\/03\/8065_oster_rallye_2026_Matthias_Leitzke-900x600.jpg 900w\" sizes=\"(max-width: 100px) 100vw, 100px\">\t\t\t\t\t\t\t<\/div>\n\t\t\t\t\t\t<div class=\"credit-item\">\n\t\t\t\t<img width=\"100\" height=\"67\" src=\"https:\/\/www.kunstmuseum.de\/wp-content\/uploads\/2026\/03\/7987_oster_rallye_2026_Matthias_Leitzke-100x67.jpg\" class=\"attachment-credits-thumbnail size-credits-thumbnail\" alt loading=\"lazy\" srcset=\"https:\/\/www.kunstmuseum.de\/wp-content\/uploads\/2026\/03\/7987_oster_rallye_2026_Matthias_Leitzke-100x67.jpg 100w, https:\/\/www.kunstmuseum.de\/wp-content\/uploads\/2026\/03\/7987_oster_rallye_2026_Matthias_Leitzke-300x200.jpg 300w, https:\/\/www.kunstmuseum.de\/wp-content\/uploads\/2026\/03\/7987_oster_rallye_2026_Matthias_Leitzke-1024x683.jpg 1024w, https:\/\/www.kunstmuseum.de\/wp-content\/uploads\/2026\/03\/7987_oster_rallye_2026_Matthias_Leitzke-768x512.jpg 768w, https:\/\/www.kunstmuseum.de\/wp-content\/uploads\/2026\/03\/7987_oster_rallye_2026_Matthias_Leitzke-1536x1025.jpg 1536w, https:\/\/www.kunstmuseum.de\/wp-content\/uploads\/2026\/03\/7987_oster_rallye_2026_Matthias_Leitzke-2048x1366.jpg 2048w, https:\/\/www.kunstmuseum.de\/wp-content\/uploads\/2026\/03\/7987_oster_rallye_2026_Matthias_Leitzke-900x600.jpg 900w\" sizes=\"(max-width: 100px) 100vw, 100px\">\t\t\t\t\t\t\t<\/div>\n\t\t\t\t\t\t<div class=\"credit-item\">\n\t\t\t\t<img width=\"100\" height=\"67\" src=\"https:\/\/www.kunstmuseum.de\/wp-content\/uploads\/2026\/03\/9177_oster_rallye_2026_Matthias_Leitzke-100x67.jpg\" class=\"attachment-credits-thumbnail size-credits-thumbnail\" alt loading=\"lazy\" srcset=\"https:\/\/www.kunstmuseum.de\/wp-content\/uploads\/2026\/03\/9177_oster_rallye_2026_Matthias_Leitzke-100x67.jpg 100w, https:\/\/www.kunstmuseum.de\/wp-content\/uploads\/2026\/03\/9177_oster_rallye_2026_Matthias_Leitzke-300x200.jpg 300w, https:\/\/www.kunstmuseum.de\/wp-content\/uploads\/2026\/03\/9177_oster_rallye_2026_Matthias_Leitzke-1024x683.jpg 1024w, https:\/\/www.kunstmuseum.de\/wp-content\/uploads\/2026\/03\/9177_oster_rallye_2026_Matthias_Leitzke-768x512.jpg 768w, https:\/\/www.kunstmuseum.de\/wp-content\/uploads\/2026\/03\/9177_oster_rallye_2026_Matthias_Leitzke-1536x1025.jpg 1536w, https:\/\/www.kunstmuseum.de\/wp-content\/uploads\/2026\/03\/9177_oster_rallye_2026_Matthias_Leitzke-2048x1366.jpg 2048w, https:\/\/www.kunstmuseum.de\/wp-content\/uploads\/2026\/03\/9177_oster_rallye_2026_Matthias_Leitzke-900x600.jpg 900w\" sizes=\"(max-width: 100px) 100vw, 100px\">\t\t\t\t\t\t\t<\/div>\n\t\t\t\t\t\t<div class=\"credit-item\">\n\t\t\t\t<img width=\"100\" height=\"150\" src=\"https:\/\/www.kunstmuseum.de\/wp-content\/uploads\/2026\/03\/9189_oster_rallye_2026_Matthias_Leitzke-100x150.jpg\" class=\"attachment-credits-thumbnail size-credits-thumbnail\" alt loading=\"lazy\" srcset=\"https:\/\/www.kunstmuseum.de\/wp-content\/uploads\/2026\/03\/9189_oster_rallye_2026_Matthias_Leitzke-100x150.jpg 100w, https:\/\/www.kunstmuseum.de\/wp-content\/uploads\/2026\/03\/9189_oster_rallye_2026_Matthias_Leitzke-200x300.jpg 200w, https:\/\/www.kunstmuseum.de\/wp-content\/uploads\/2026\/03\/9189_oster_rallye_2026_Matthias_Leitzke-683x1024.jpg 683w, https:\/\/www.kunstmuseum.de\/wp-content\/uploads\/2026\/03\/9189_oster_rallye_2026_Matthias_Leitzke-768x1151.jpg 768w, https:\/\/www.kunstmuseum.de\/wp-content\/uploads\/2026\/03\/9189_oster_rallye_2026_Matthias_Leitzke-1025x1536.jpg 1025w, https:\/\/www.kunstmuseum.de\/wp-content\/uploads\/2026\/03\/9189_oster_rallye_2026_Matthias_Leitzke-1366x2048.jpg 1366w, https:\/\/www.kunstmuseum.de\/wp-content\/uploads\/2026\/03\/9189_oster_rallye_2026_Matthias_Leitzke-400x600.jpg 400w, https:\/\/www.kunstmuseum.de\/wp-content\/uploads\/2026\/03\/9189_oster_rallye_2026_Matthias_Leitzke-300x450.jpg 300w, https:\/\/www.kunstmuseum.de\/wp-content\/uploads\/2026\/03\/9189_oster_rallye_2026_Matthias_Leitzke-scaled.jpg 1708w\" sizes=\"(max-width: 100px) 100vw, 100px\">\t\t\t\t\t\t\t<\/div>\n\t\t\t\t\t\t<div class=\"credit-item\">\n\t\t\t\t<img width=\"100\" height=\"67\" src=\"https:\/\/www.kunstmuseum.de\/wp-content\/uploads\/2026\/03\/9196_oster_rallye_2026_Matthias_Leitzke-100x67.jpg\" class=\"attachment-credits-thumbnail size-credits-thumbnail\" alt loading=\"lazy\" srcset=\"https:\/\/www.kunstmuseum.de\/wp-content\/uploads\/2026\/03\/9196_oster_rallye_2026_Matthias_Leitzke-100x67.jpg 100w, https:\/\/www.kunstmuseum.de\/wp-content\/uploads\/2026\/03\/9196_oster_rallye_2026_Matthias_Leitzke-300x200.jpg 300w, https:\/\/www.kunstmuseum.de\/wp-content\/uploads\/2026\/03\/9196_oster_rallye_2026_Matthias_Leitzke-1024x683.jpg 1024w, https:\/\/www.kunstmuseum.de\/wp-content\/uploads\/2026\/03\/9196_oster_rallye_2026_Matthias_Leitzke-768x512.jpg 768w, https:\/\/www.kunstmuseum.de\/wp-content\/uploads\/2026\/03\/9196_oster_rallye_2026_Matthias_Leitzke-1536x1025.jpg 1536w, https:\/\/www.kunstmuseum.de\/wp-content\/uploads\/2026\/03\/9196_oster_rallye_2026_Matthias_Leitzke-2048x1366.jpg 2048w, https:\/\/www.kunstmuseum.de\/wp-content\/uploads\/2026\/03\/9196_oster_rallye_2026_Matthias_Leitzke-900x600.jpg 900w\" sizes=\"(max-width: 100px) 100vw, 100px\">\t\t\t\t\t\t\t<\/div>\n\t\t\t\t\t\t<div class=\"credit-item\">\n\t\t\t\t<img width=\"100\" height=\"67\" src=\"https:\/\/www.kunstmuseum.de\/wp-content\/uploads\/2026\/03\/9229_oster_rallye_2026_Matthias_Leitzke-100x67.jpg\" class=\"attachment-credits-thumbnail size-credits-thumbnail\" alt loading=\"lazy\" srcset=\"https:\/\/www.kunstmuseum.de\/wp-content\/uploads\/2026\/03\/9229_oster_rallye_2026_Matthias_Leitzke-100x67.jpg 100w, https:\/\/www.kunstmuseum.de\/wp-content\/uploads\/2026\/03\/9229_oster_rallye_2026_Matthias_Leitzke-300x200.jpg 300w, https:\/\/www.kunstmuseum.de\/wp-content\/uploads\/2026\/03\/9229_oster_rallye_2026_Matthias_Leitzke-1024x683.jpg 1024w, https:\/\/www.kunstmuseum.de\/wp-content\/uploads\/2026\/03\/9229_oster_rallye_2026_Matthias_Leitzke-768x512.jpg 768w, https:\/\/www.kunstmuseum.de\/wp-content\/uploads\/2026\/03\/9229_oster_rallye_2026_Matthias_Leitzke-1536x1025.jpg 1536w, https:\/\/www.kunstmuseum.de\/wp-content\/uploads\/2026\/03\/9229_oster_rallye_2026_Matthias_Leitzke-2048x1366.jpg 2048w, https:\/\/www.kunstmuseum.de\/wp-content\/uploads\/2026\/03\/9229_oster_rallye_2026_Matthias_Leitzke-900x600.jpg 900w\" sizes=\"(max-width: 100px) 100vw, 100px\">\t\t\t\t\t\t\t<\/div>\n\t\t\t\t\t\t<div class=\"credit-item\">\n\t\t\t\t<img width=\"100\" height=\"67\" src=\"https:\/\/www.kunstmuseum.de\/wp-content\/uploads\/2026\/03\/9122_oster_rallye_2026_Matthias_Leitzke-100x67.jpg\" class=\"attachment-credits-thumbnail size-credits-thumbnail\" alt loading=\"lazy\" srcset=\"https:\/\/www.kunstmuseum.de\/wp-content\/uploads\/2026\/03\/9122_oster_rallye_2026_Matthias_Leitzke-100x67.jpg 100w, https:\/\/www.kunstmuseum.de\/wp-content\/uploads\/2026\/03\/9122_oster_rallye_2026_Matthias_Leitzke-300x200.jpg 300w, https:\/\/www.kunstmuseum.de\/wp-content\/uploads\/2026\/03\/9122_oster_rallye_2026_Matthias_Leitzke-1024x683.jpg 1024w, https:\/\/www.kunstmuseum.de\/wp-content\/uploads\/2026\/03\/9122_oster_rallye_2026_Matthias_Leitzke-768x512.jpg 768w, https:\/\/www.kunstmuseum.de\/wp-content\/uploads\/2026\/03\/9122_oster_rallye_2026_Matthias_Leitzke-1536x1025.jpg 1536w, https:\/\/www.kunstmuseum.de\/wp-content\/uploads\/2026\/03\/9122_oster_rallye_2026_Matthias_Leitzke-2048x1366.jpg 2048w, https:\/\/www.kunstmuseum.de\/wp-content\/uploads\/2026\/03\/9122_oster_rallye_2026_Matthias_Leitzke-900x600.jpg 900w\" sizes=\"(max-width: 100px) 100vw, 100px\">\t\t\t\t\t\t\t<\/div>\n\t\t\t\t\t\t<div class=\"credit-item\">\n\t\t\t\t<img width=\"100\" height=\"67\" src=\"https:\/\/www.kunstmuseum.de\/wp-content\/uploads\/2026\/03\/9114_oster_rallye_2026_Matthias_Leitzke-100x67.jpg\" class=\"attachment-credits-thumbnail size-credits-thumbnail\" alt loading=\"lazy\" srcset=\"https:\/\/www.kunstmuseum.de\/wp-content\/uploads\/2026\/03\/9114_oster_rallye_2026_Matthias_Leitzke-100x67.jpg 100w, https:\/\/www.kunstmuseum.de\/wp-content\/uploads\/2026\/03\/9114_oster_rallye_2026_Matthias_Leitzke-300x200.jpg 300w, https:\/\/www.kunstmuseum.de\/wp-content\/uploads\/2026\/03\/9114_oster_rallye_2026_Matthias_Leitzke-1024x683.jpg 1024w, https:\/\/www.kunstmuseum.de\/wp-content\/uploads\/2026\/03\/9114_oster_rallye_2026_Matthias_Leitzke-768x512.jpg 768w, https:\/\/www.kunstmuseum.de\/wp-content\/uploads\/2026\/03\/9114_oster_rallye_2026_Matthias_Leitzke-1536x1025.jpg 1536w, https:\/\/www.kunstmuseum.de\/wp-content\/uploads\/2026\/03\/9114_oster_rallye_2026_Matthias_Leitzke-2048x1366.jpg 2048w, https:\/\/www.kunstmuseum.de\/wp-content\/uploads\/2026\/03\/9114_oster_rallye_2026_Matthias_Leitzke-900x600.jpg 900w\" sizes=\"(max-width: 100px) 100vw, 100px\">\t\t\t\t\t\t\t<\/div>\n\t\t\t\t\t\t<div class=\"credit-item\">\n\t\t\t\t<img width=\"100\" height=\"67\" src=\"https:\/\/www.kunstmuseum.de\/wp-content\/uploads\/2026\/03\/9103_oster_rallye_2026_Matthias_Leitzke-100x67.jpg\" class=\"attachment-credits-thumbnail size-credits-thumbnail\" alt loading=\"lazy\" srcset=\"https:\/\/www.kunstmuseum.de\/wp-content\/uploads\/2026\/03\/9103_oster_rallye_2026_Matthias_Leitzke-100x67.jpg 100w, https:\/\/www.kunstmuseum.de\/wp-content\/uploads\/2026\/03\/9103_oster_rallye_2026_Matthias_Leitzke-300x200.jpg 300w, https:\/\/www.kunstmuseum.de\/wp-content\/uploads\/2026\/03\/9103_oster_rallye_2026_Matthias_Leitzke-1024x683.jpg 1024w, https:\/\/www.kunstmuseum.de\/wp-content\/uploads\/2026\/03\/9103_oster_rallye_2026_Matthias_Leitzke-768x512.jpg 768w, https:\/\/www.kunstmuseum.de\/wp-content\/uploads\/2026\/03\/9103_oster_rallye_2026_Matthias_Leitzke-1536x1025.jpg 1536w, https:\/\/www.kunstmuseum.de\/wp-content\/uploads\/2026\/03\/9103_oster_rallye_2026_Matthias_Leitzke-2048x1366.jpg 2048w, https:\/\/www.kunstmuseum.de\/wp-content\/uploads\/2026\/03\/9103_oster_rallye_2026_Matthias_Leitzke-900x600.jpg 900w\" sizes=\"(max-width: 100px) 100vw, 100px\">\t\t\t\t\t\t\t<\/div>\n\t\t\t\t\t\t<div class=\"credit-item\">\n\t\t\t\t<img width=\"100\" height=\"67\" src=\"https:\/\/www.kunstmuseum.de\/wp-content\/uploads\/2026\/03\/9097_oster_rallye_2026_Matthias_Leitzke-100x67.jpg\" class=\"attachment-credits-thumbnail size-credits-thumbnail\" alt loading=\"lazy\" srcset=\"https:\/\/www.kunstmuseum.de\/wp-content\/uploads\/2026\/03\/9097_oster_rallye_2026_Matthias_Leitzke-100x67.jpg 100w, https:\/\/www.kunstmuseum.de\/wp-content\/uploads\/2026\/03\/9097_oster_rallye_2026_Matthias_Leitzke-300x200.jpg 300w, https:\/\/www.kunstmuseum.de\/wp-content\/uploads\/2026\/03\/9097_oster_rallye_2026_Matthias_Leitzke-1024x683.jpg 1024w, https:\/\/www.kunstmuseum.de\/wp-content\/uploads\/2026\/03\/9097_oster_rallye_2026_Matthias_Leitzke-768x512.jpg 768w, https:\/\/www.kunstmuseum.de\/wp-content\/uploads\/2026\/03\/9097_oster_rallye_2026_Matthias_Leitzke-1536x1025.jpg 1536w, https:\/\/www.kunstmuseum.de\/wp-content\/uploads\/2026\/03\/9097_oster_rallye_2026_Matthias_Leitzke-2048x1366.jpg 2048w, https:\/\/www.kunstmuseum.de\/wp-content\/uploads\/2026\/03\/9097_oster_rallye_2026_Matthias_Leitzke-900x600.jpg 900w\" sizes=\"(max-width: 100px) 100vw, 100px\">\t\t\t\t\t\t\t<\/div>\n\t\t\t\t\t<\/div>\n\t<\/div>\n<\/div>\n<\/div>\n\n\n<p class=\"has-small-font-size\">Fotos in der Galerie: Matthias Leitzke<\/p>\n\n\n\n<p>Erstmals betei\u00adligte sich zudem der VfL Wolfsburg an der Oster-Rallye. Mit Cheer\u00adlea\u00adding-Auftritten und zus\u00e4tz\u00adli\u00adchen Aktionen brachte der Verein neue Impulse in das Programm und sorgte insbe\u00adson\u00addere bei jungen Besuche\u00adrinnen und Besuchern f\u00fcr Aufmerksamkeit.<\/p>\n\n\n\n<p>Das Prinzip der Rallye blieb dabei bewusst einfach: An jeder Station konnten Punkte gesammelt werden. Bereits ab f\u00fcnf Stationen erhielten Kinder am Haupt\u00adein\u00adgang des Kunst\u00admu\u00adseum Wolfsburg eine kleine Oster\u00ad\u00fcber\u00adra\u00adschung. Eine Anmeldung war nicht erforderlich.<\/p>\n\n\n\n<p>Die Oster-Rallye im kultur\u00adquar\u00adtier Wolfsburg verbindet Kunst, Bewegung und gemein\u00adsames Erleben. Sie richtet sich insbe\u00adson\u00addere an Familien, die einen abwechs\u00adlungs\u00adrei\u00adchen und kreativen Ausflug in Wolfsburg suchen.<\/p>\n\n\n\n<p><a href=\"https:\/\/kulturquartier-wolfsburg.de\/\">Hier erfahren Sie mehr \u00fcber das kultur\u00adquar\u00adtier in Wolfsburg.<\/a><\/p>\n\n\n\n<p class=\"has-small-font-size\">Titelbild: Matthias Leitzke&nbsp;<\/p>\n","protected":false},"excerpt":{"rendered":"<p>Am Karsamstag, den 4. April 2026, wurde das kultur\u00adquar\u00adtier Wolfsburg erneut zum Treff\u00adpunkt f\u00fcr Familien, Neugie\u00adrige und Kreative. Bereits zum f\u00fcnften Mal lud die kosten\u00adfreie Oster-Rallye dazu ein, die verschie\u00addenen Orte rund um Holler\u00adplatz, Plane\u00adta\u00adrium und Scharoun Theater spiele\u00adrisch zu entdecken. Zwischen 13 und 17 Uhr erwartete die Besuche\u00adrinnen und Besucher ein abwechs\u00adlungs\u00adrei\u00adches Programm mit&nbsp;[\u2026]<\/p>\n","protected":false},"author":1499,"featured_media":33934,"comment_status":"closed","ping_status":"closed","sticky":false,"template":"","format":"standard","meta":{"wp_typography_post_enhancements_disabled":false,"kunstmuseum_formatted_page_title":""},"categories":[1],"tags":[465,446],"yoast_head":"<!-- This site is optimized with the Yoast SEO plugin v19.4 - https:\/\/yoast.com\/wordpress\/plugins\/seo\/ -->\n<title>Oster-Rallye im kulturquartier Wolfsburg begeistert Familien - Kunstmuseum Wolfsburg<\/title>\n<meta name=\"robots\" content=\"index, follow, max-snippet:-1, max-image-preview:large, max-video-preview:-1\" \/>\n<link rel=\"canonical\" href=\"https:\/\/www.kunstmuseum.de\/en\/2026\/04\/oster-rallye-2026-im-kulturquartier-wolfsburg-ein-familiennachmittag-voller-entdeckungen\/\" \/>\n<meta property=\"og:locale\" content=\"en_US\" \/>\n<meta property=\"og:type\" content=\"article\" \/>\n<meta property=\"og:title\" content=\"Oster-Rallye im kulturquartier Wolfsburg begeistert Familien - Kunstmuseum Wolfsburg\" \/>\n<meta property=\"og:description\" content=\"Am Karsamstag, den 4. April 2026, wurde das kultur\u00adquar\u00adtier Wolfsburg erneut zum Treff\u00adpunkt f\u00fcr Familien, Neugie\u00adrige und Kreative. Bereits zum f\u00fcnften Mal lud die kosten\u00adfreie Oster-Rallye dazu ein, die verschie\u00addenen Orte rund um Holler\u00adplatz, Plane\u00adta\u00adrium und Scharoun Theater spiele\u00adrisch zu entdecken. Zwischen 13 und 17 Uhr erwartete die Besuche\u00adrinnen und Besucher ein abwechs\u00adlungs\u00adrei\u00adches Programm mit [&hellip;]\" \/>\n<meta property=\"og:url\" content=\"https:\/\/www.kunstmuseum.de\/en\/2026\/04\/oster-rallye-2026-im-kulturquartier-wolfsburg-ein-familiennachmittag-voller-entdeckungen\/\" \/>\n<meta property=\"og:site_name\" content=\"Kunstmuseum Wolfsburg\" \/>\n<meta property=\"article:publisher\" content=\"https:\/\/www.facebook.com\/KunstmuseumWolfsburg\" \/>\n<meta property=\"article:published_time\" content=\"2026-04-10T08:30:00+00:00\" \/>\n<meta property=\"article:modified_time\" content=\"2026-04-10T08:51:43+00:00\" \/>\n<meta property=\"og:image\" content=\"https:\/\/www.kunstmuseum.de\/wp-content\/uploads\/2026\/04\/PW1_8950-scaled.jpg\" \/>\n\t<meta property=\"og:image:width\" content=\"2560\" \/>\n\t<meta property=\"og:image:height\" content=\"1708\" \/>\n\t<meta property=\"og:image:type\" content=\"image\/jpeg\" \/>\n<meta name=\"author\" content=\"Kaye Lomas\" \/>\n<meta name=\"twitter:card\" content=\"summary_large_image\" \/>\n<meta name=\"twitter:creator\" content=\"@kunstmuseumwob\" \/>\n<meta name=\"twitter:site\" content=\"@kunstmuseumwob\" \/>\n<meta name=\"twitter:label1\" content=\"Written by\" \/>\n\t<meta name=\"twitter:data1\" content=\"Kaye Lomas\" \/>\n\t<meta name=\"twitter:label2\" content=\"Est. reading time\" \/>\n\t<meta name=\"twitter:data2\" content=\"4 minutes\" \/>\n<script type=\"application\/ld+json\" class=\"yoast-schema-graph\">{\"@context\":\"https:\/\/schema.org\",\"@graph\":[{\"@type\":\"Organization\",\"@id\":\"https:\/\/www.kunstmuseum.de\/en\/#organization\",\"name\":\"Kunstmuseum Wolfsburg\",\"url\":\"https:\/\/www.kunstmuseum.de\/en\/\",\"sameAs\":[\"https:\/\/www.instagram.com\/kunstmuseumwolfsburg\/\",\"https:\/\/www.linkedin.com\/company\/kunstmuseum-wolfsburg\/\",\"https:\/\/www.youtube.com\/user\/KunstmuseumWolfsburg\",\"https:\/\/de.wikipedia.org\/wiki\/Kunstmuseum_Wolfsburg\",\"https:\/\/www.facebook.com\/KunstmuseumWolfsburg\",\"https:\/\/twitter.com\/kunstmuseumwob\"],\"logo\":{\"@type\":\"ImageObject\",\"inLanguage\":\"en-US\",\"@id\":\"https:\/\/www.kunstmuseum.de\/en\/#\/schema\/logo\/image\/\",\"url\":\"https:\/\/www.kunstmuseum.de\/wp-content\/uploads\/2020\/05\/191125_KMW_Wortmarke_RGB_schwarz.svg\",\"contentUrl\":\"https:\/\/www.kunstmuseum.de\/wp-content\/uploads\/2020\/05\/191125_KMW_Wortmarke_RGB_schwarz.svg\",\"caption\":\"Kunstmuseum Wolfsburg\"},\"image\":{\"@id\":\"https:\/\/www.kunstmuseum.de\/en\/#\/schema\/logo\/image\/\"}},{\"@type\":\"WebSite\",\"@id\":\"https:\/\/www.kunstmuseum.de\/en\/#website\",\"url\":\"https:\/\/www.kunstmuseum.de\/en\/\",\"name\":\"Kunstmuseum Wolfsburg\",\"description\":\"\",\"publisher\":{\"@id\":\"https:\/\/www.kunstmuseum.de\/en\/#organization\"},\"potentialAction\":[{\"@type\":\"SearchAction\",\"target\":{\"@type\":\"EntryPoint\",\"urlTemplate\":\"https:\/\/www.kunstmuseum.de\/en\/?s={search_term_string}\"},\"query-input\":\"required name=search_term_string\"}],\"inLanguage\":\"en-US\"},{\"@type\":\"WebPage\",\"@id\":\"https:\/\/www.kunstmuseum.de\/en\/2026\/04\/oster-rallye-2026-im-kulturquartier-wolfsburg-ein-familiennachmittag-voller-entdeckungen\/\",\"url\":\"https:\/\/www.kunstmuseum.de\/en\/2026\/04\/oster-rallye-2026-im-kulturquartier-wolfsburg-ein-familiennachmittag-voller-entdeckungen\/\",\"name\":\"Oster-Rallye im kulturquartier Wolfsburg begeistert Familien - Kunstmuseum Wolfsburg\",\"isPartOf\":{\"@id\":\"https:\/\/www.kunstmuseum.de\/en\/#website\"},\"datePublished\":\"2026-04-10T08:30:00+00:00\",\"dateModified\":\"2026-04-10T08:51:43+00:00\",\"breadcrumb\":{\"@id\":\"https:\/\/www.kunstmuseum.de\/en\/2026\/04\/oster-rallye-2026-im-kulturquartier-wolfsburg-ein-familiennachmittag-voller-entdeckungen\/#breadcrumb\"},\"inLanguage\":\"en-US\",\"potentialAction\":[{\"@type\":\"ReadAction\",\"target\":[\"https:\/\/www.kunstmuseum.de\/en\/2026\/04\/oster-rallye-2026-im-kulturquartier-wolfsburg-ein-familiennachmittag-voller-entdeckungen\/\"]}]},{\"@type\":\"BreadcrumbList\",\"@id\":\"https:\/\/www.kunstmuseum.de\/en\/2026\/04\/oster-rallye-2026-im-kulturquartier-wolfsburg-ein-familiennachmittag-voller-entdeckungen\/#breadcrumb\",\"itemListElement\":[{\"@type\":\"ListItem\",\"position\":1,\"name\":\"Startseite\",\"item\":\"https:\/\/www.kunstmuseum.de\/en\/\"},{\"@type\":\"ListItem\",\"position\":2,\"name\":\"Oster-Rallye im kulturquartier Wolfsburg begeistert Familien\"}]},{\"@type\":\"Article\",\"@id\":\"https:\/\/www.kunstmuseum.de\/en\/2026\/04\/oster-rallye-2026-im-kulturquartier-wolfsburg-ein-familiennachmittag-voller-entdeckungen\/#article\",\"isPartOf\":{\"@id\":\"https:\/\/www.kunstmuseum.de\/en\/2026\/04\/oster-rallye-2026-im-kulturquartier-wolfsburg-ein-familiennachmittag-voller-entdeckungen\/\"},\"author\":{\"name\":\"Kaye Lomas\",\"@id\":\"https:\/\/www.kunstmuseum.de\/en\/#\/schema\/person\/33ce7ce14546b222bfd6a357a22cd681\"},\"headline\":\"Oster-Rallye im kulturquartier Wolfsburg begeistert Familien\",\"datePublished\":\"2026-04-10T08:30:00+00:00\",\"dateModified\":\"2026-04-10T08:51:43+00:00\",\"mainEntityOfPage\":{\"@id\":\"https:\/\/www.kunstmuseum.de\/en\/2026\/04\/oster-rallye-2026-im-kulturquartier-wolfsburg-ein-familiennachmittag-voller-entdeckungen\/\"},\"wordCount\":363,\"publisher\":{\"@id\":\"https:\/\/www.kunstmuseum.de\/en\/#organization\"},\"keywords\":[\"kulturquartier\",\"Kunstvermittlung\"],\"articleSection\":[\"Unkategorisiert\"],\"inLanguage\":\"en-US\"},{\"@type\":\"Person\",\"@id\":\"https:\/\/www.kunstmuseum.de\/en\/#\/schema\/person\/33ce7ce14546b222bfd6a357a22cd681\",\"name\":\"Kaye Lomas\",\"image\":{\"@type\":\"ImageObject\",\"inLanguage\":\"en-US\",\"@id\":\"https:\/\/www.kunstmuseum.de\/en\/#\/schema\/person\/image\/\",\"url\":\"https:\/\/secure.gravatar.com\/avatar\/a04b8c1d583166ba071debc422468dac?s=96&d=mm&r=g\",\"contentUrl\":\"https:\/\/secure.gravatar.com\/avatar\/a04b8c1d583166ba071debc422468dac?s=96&d=mm&r=g\",\"caption\":\"Kaye Lomas\"}}]}<\/script>\n<!-- \/ Yoast SEO plugin. -->","yoast_head_json":{"title":"Oster-Rallye im kulturquartier Wolfsburg begeistert Familien - Kunstmuseum Wolfsburg","robots":{"index":"index","follow":"follow","max-snippet":"max-snippet:-1","max-image-preview":"max-image-preview:large","max-video-preview":"max-video-preview:-1"},"canonical":"https:\/\/www.kunstmuseum.de\/en\/2026\/04\/oster-rallye-2026-im-kulturquartier-wolfsburg-ein-familiennachmittag-voller-entdeckungen\/","og_locale":"en_US","og_type":"article","og_title":"Oster-Rallye im kulturquartier Wolfsburg begeistert Familien - Kunstmuseum Wolfsburg","og_description":"Am Karsamstag, den 4. April 2026, wurde das kultur\u00adquar\u00adtier Wolfsburg erneut zum Treff\u00adpunkt f\u00fcr Familien, Neugie\u00adrige und Kreative. Bereits zum f\u00fcnften Mal lud die kosten\u00adfreie Oster-Rallye dazu ein, die verschie\u00addenen Orte rund um Holler\u00adplatz, Plane\u00adta\u00adrium und Scharoun Theater spiele\u00adrisch zu entdecken. Zwischen 13 und 17 Uhr erwartete die Besuche\u00adrinnen und Besucher ein abwechs\u00adlungs\u00adrei\u00adches Programm mit [&hellip;]","og_url":"https:\/\/www.kunstmuseum.de\/en\/2026\/04\/oster-rallye-2026-im-kulturquartier-wolfsburg-ein-familiennachmittag-voller-entdeckungen\/","og_site_name":"Kunstmuseum Wolfsburg","article_publisher":"https:\/\/www.facebook.com\/KunstmuseumWolfsburg","article_published_time":"2026-04-10T08:30:00+00:00","article_modified_time":"2026-04-10T08:51:43+00:00","og_image":[{"width":2560,"height":1708,"url":"https:\/\/www.kunstmuseum.de\/wp-content\/uploads\/2026\/04\/PW1_8950-scaled.jpg","type":"image\/jpeg"}],"author":"Kaye Lomas","twitter_card":"summary_large_image","twitter_creator":"@kunstmuseumwob","twitter_site":"@kunstmuseumwob","twitter_misc":{"Written by":"Kaye Lomas","Est. reading time":"4 minutes"},"schema":{"@context":"https:\/\/schema.org","@graph":[{"@type":"Organization","@id":"https:\/\/www.kunstmuseum.de\/en\/#organization","name":"Kunstmuseum Wolfsburg","url":"https:\/\/www.kunstmuseum.de\/en\/","sameAs":["https:\/\/www.instagram.com\/kunstmuseumwolfsburg\/","https:\/\/www.linkedin.com\/company\/kunstmuseum-wolfsburg\/","https:\/\/www.youtube.com\/user\/KunstmuseumWolfsburg","https:\/\/de.wikipedia.org\/wiki\/Kunstmuseum_Wolfsburg","https:\/\/www.facebook.com\/KunstmuseumWolfsburg","https:\/\/twitter.com\/kunstmuseumwob"],"logo":{"@type":"ImageObject","inLanguage":"en-US","@id":"https:\/\/www.kunstmuseum.de\/en\/#\/schema\/logo\/image\/","url":"https:\/\/www.kunstmuseum.de\/wp-content\/uploads\/2020\/05\/191125_KMW_Wortmarke_RGB_schwarz.svg","contentUrl":"https:\/\/www.kunstmuseum.de\/wp-content\/uploads\/2020\/05\/191125_KMW_Wortmarke_RGB_schwarz.svg","caption":"Kunstmuseum Wolfsburg"},"image":{"@id":"https:\/\/www.kunstmuseum.de\/en\/#\/schema\/logo\/image\/"}},{"@type":"WebSite","@id":"https:\/\/www.kunstmuseum.de\/en\/#website","url":"https:\/\/www.kunstmuseum.de\/en\/","name":"Kunstmuseum Wolfsburg","description":"","publisher":{"@id":"https:\/\/www.kunstmuseum.de\/en\/#organization"},"potentialAction":[{"@type":"SearchAction","target":{"@type":"EntryPoint","urlTemplate":"https:\/\/www.kunstmuseum.de\/en\/?s={search_term_string}"},"query-input":"required name=search_term_string"}],"inLanguage":"en-US"},{"@type":"WebPage","@id":"https:\/\/www.kunstmuseum.de\/en\/2026\/04\/oster-rallye-2026-im-kulturquartier-wolfsburg-ein-familiennachmittag-voller-entdeckungen\/","url":"https:\/\/www.kunstmuseum.de\/en\/2026\/04\/oster-rallye-2026-im-kulturquartier-wolfsburg-ein-familiennachmittag-voller-entdeckungen\/","name":"Oster-Rallye im kulturquartier Wolfsburg begeistert Familien - Kunstmuseum Wolfsburg","isPartOf":{"@id":"https:\/\/www.kunstmuseum.de\/en\/#website"},"datePublished":"2026-04-10T08:30:00+00:00","dateModified":"2026-04-10T08:51:43+00:00","breadcrumb":{"@id":"https:\/\/www.kunstmuseum.de\/en\/2026\/04\/oster-rallye-2026-im-kulturquartier-wolfsburg-ein-familiennachmittag-voller-entdeckungen\/#breadcrumb"},"inLanguage":"en-US","potentialAction":[{"@type":"ReadAction","target":["https:\/\/www.kunstmuseum.de\/en\/2026\/04\/oster-rallye-2026-im-kulturquartier-wolfsburg-ein-familiennachmittag-voller-entdeckungen\/"]}]},{"@type":"BreadcrumbList","@id":"https:\/\/www.kunstmuseum.de\/en\/2026\/04\/oster-rallye-2026-im-kulturquartier-wolfsburg-ein-familiennachmittag-voller-entdeckungen\/#breadcrumb","itemListElement":[{"@type":"ListItem","position":1,"name":"Startseite","item":"https:\/\/www.kunstmuseum.de\/en\/"},{"@type":"ListItem","position":2,"name":"Oster-Rallye im kulturquartier Wolfsburg begeistert Familien"}]},{"@type":"Article","@id":"https:\/\/www.kunstmuseum.de\/en\/2026\/04\/oster-rallye-2026-im-kulturquartier-wolfsburg-ein-familiennachmittag-voller-entdeckungen\/#article","isPartOf":{"@id":"https:\/\/www.kunstmuseum.de\/en\/2026\/04\/oster-rallye-2026-im-kulturquartier-wolfsburg-ein-familiennachmittag-voller-entdeckungen\/"},"author":{"name":"Kaye Lomas","@id":"https:\/\/www.kunstmuseum.de\/en\/#\/schema\/person\/33ce7ce14546b222bfd6a357a22cd681"},"headline":"Oster-Rallye im kulturquartier Wolfsburg begeistert Familien","datePublished":"2026-04-10T08:30:00+00:00","dateModified":"2026-04-10T08:51:43+00:00","mainEntityOfPage":{"@id":"https:\/\/www.kunstmuseum.de\/en\/2026\/04\/oster-rallye-2026-im-kulturquartier-wolfsburg-ein-familiennachmittag-voller-entdeckungen\/"},"wordCount":363,"publisher":{"@id":"https:\/\/www.kunstmuseum.de\/en\/#organization"},"keywords":["kulturquartier","Kunstvermittlung"],"articleSection":["Unkategorisiert"],"inLanguage":"en-US"},{"@type":"Person","@id":"https:\/\/www.kunstmuseum.de\/en\/#\/schema\/person\/33ce7ce14546b222bfd6a357a22cd681","name":"Kaye Lomas","image":{"@type":"ImageObject","inLanguage":"en-US","@id":"https:\/\/www.kunstmuseum.de\/en\/#\/schema\/person\/image\/","url":"https:\/\/secure.gravatar.com\/avatar\/a04b8c1d583166ba071debc422468dac?s=96&d=mm&r=g","contentUrl":"https:\/\/secure.gravatar.com\/avatar\/a04b8c1d583166ba071debc422468dac?s=96&d=mm&r=g","caption":"Kaye Lomas"}}]}},"_links":{"self":[{"href":"https:\/\/www.kunstmuseum.de\/en\/wp-json\/wp\/v2\/posts\/33411"}],"collection":[{"href":"https:\/\/www.kunstmuseum.de\/en\/wp-json\/wp\/v2\/posts"}],"about":[{"href":"https:\/\/www.kunstmuseum.de\/en\/wp-json\/wp\/v2\/types\/post"}],"author":[{"embeddable":true,"href":"https:\/\/www.kunstmuseum.de\/en\/wp-json\/wp\/v2\/users\/1499"}],"replies":[{"embeddable":true,"href":"https:\/\/www.kunstmuseum.de\/en\/wp-json\/wp\/v2\/comments?post=33411"}],"version-history":[{"count":4,"href":"https:\/\/www.kunstmuseum.de\/en\/wp-json\/wp\/v2\/posts\/33411\/revisions"}],"predecessor-version":[{"id":34100,"href":"https:\/\/www.kunstmuseum.de\/en\/wp-json\/wp\/v2\/posts\/33411\/revisions\/34100"}],"wp:featuredmedia":[{"embeddable":true,"href":"https:\/\/www.kunstmuseum.de\/en\/wp-json\/wp\/v2\/media\/33934"}],"wp:attachment":[{"href":"https:\/\/www.kunstmuseum.de\/en\/wp-json\/wp\/v2\/media?parent=33411"}],"wp:term":[{"taxonomy":"category","embeddable":true,"href":"https:\/\/www.kunstmuseum.de\/en\/wp-json\/wp\/v2\/categories?post=33411"},{"taxonomy":"post_tag","embeddable":true,"href":"https:\/\/www.kunstmuseum.de\/en\/wp-json\/wp\/v2\/tags?post=33411"}],"curies":[{"name":"wp","href":"https:\/\/api.w.org\/{rel}","templated":true}]}}