{"id":35822,"date":"2026-08-31T08:37:28","date_gmt":"2026-08-31T06:37:28","guid":{"rendered":"https:\/\/www.kunstmuseum.de\/?p=35822"},"modified":"2026-08-31T08:39:12","modified_gmt":"2026-08-31T06:39:12","slug":"volkswagen-group-art4all-im-september-was-bedeutet-heimat","status":"publish","type":"post","link":"https:\/\/www.kunstmuseum.de\/en\/2026\/08\/volkswagen-group-art4all-im-september-was-bedeutet-heimat\/","title":{"rendered":"Volkswagen Group Art4All im September: Was bedeutet Heimat?"},"content":{"rendered":"\n<p>Ist Heimat ein Ort \u2013 Haus, Stadt, Land? Ein Mensch? Oder ein Gef\u00fchl, das wir in uns tragen?<\/p>\n\n\n\n<p>Mit diesen Fragen besch\u00e4f\u00adtigen wir uns bei Volks\u00adwagen Group Art4All am 30. September im Kunst\u00admu\u00adseum Wolfsburg. Gemeinsam mit der US-ameri\u00adka\u00adni\u00adschen K\u00fcnst\u00adlerin Tracey Snelling, deren gro\u00dfe Instal\u00adla\u00adtion an zentraler Stelle in der Ausstel\u00adlung <em><a href=\"https:\/\/www.kunstmuseum.de\/ausstellung\/tell-me-where-home-is\/\">Tell Me Where Home Is<\/a><\/em> zu sehen ist, l\u00e4dt das Museum zu einem Nachmittag ein, der Kreati\u00advit\u00e4t und pers\u00f6n\u00adli\u00adchen Austausch mitein\u00adander verbindet.<\/p>\n\n\n\n<p>In einem Workshop gestalten die Teilneh\u00admenden kleine Zimmer oder H\u00e4user: Aus Kartons, Papier, Stoffen, Zeitschriften und anderen Materia\u00adlien entstehen indivi\u00addu\u00adelle R\u00e4ume, die Erinne\u00adrungen, W\u00fcnsche oder ganz pers\u00f6n\u00adliche Vorstel\u00adlungen von einem Zuhause sichtbar machen.<\/p>\n\n\n\n<p>Dabei geht es nicht darum, m\u00f6glichst perfekte Modelle zu bauen. Vielmehr l\u00e4dt Tracey Snelling dazu ein, mitein\u00adander ins Gespr\u00e4ch zu kommen: Warum wurde genau dieses Objekt ausge\u00adw\u00e4hlt? Welche Geschichte steckt hinter einem Raum? Und was bedeutet Zuhause-Sein eigent\u00adlich f\u00fcr jede und jeden Einzelnen? So entsteht eine entspannte Atmosph\u00e4re, in der Kreati\u00advit\u00e4t und Begegnung gleicher\u00adma\u00dfen im Mittel\u00adpunkt stehen.<\/p>\n\n\n\n<p>Der Workshop mit Tracey Snelling findet von 16.30 bis 18 Uhr statt. Die Teilnahme ist auf 15 Personen begrenzt, daher ist eine vorherige Anmeldung per E\u2011Mail an mailadresse xyz erfor\u00adder\u00adlich. Die Anmeldung gilt ausschlie\u00df\u00adlich f\u00fcr den Workshop. F\u00fcr das weitere Programm von Volks\u00adwagen Group Art4All ist keine Anmeldung erforderlich.<\/p>\n\n\n\n<p>Erg\u00e4nzt wird das Programm durch F\u00fchrungen um <strong>16.15 Uhr, 17.15 Uhr und 19.15 Uhr<\/strong>, die unter\u00adschied\u00adliche Einblicke in die Ausstel\u00adlung erm\u00f6glichen.<\/p>\n\n\n\n<p>Den Abschluss des Abends bildet ein Gespr\u00e4ch mit Tracey Snelling, dem mit seiner Werke\u00adserie <em>Unequal Scenes<\/em> ber\u00fchmt gewor\u00addenen Fotografen Johnny Miller und der renom\u00admierten Profes\u00adsorin f\u00fcr Inter\u00adna\u00adtio\u00adnalen St\u00e4dtebau und Entwerfen der Univer\u00adsit\u00e4t Stuttgart, Dr. Astrid Ley. Aus unter\u00adschied\u00adli\u00adchen Perspek\u00adtiven sprechen sie \u00fcber Lebens\u00adr\u00e4ume, Identit\u00e4t und Zugeh\u00f6\u00adrig\u00adkeit vor dem Hinter\u00adgrund sozialer Ungerech\u00adtig\u00adkeit sowie dar\u00fcber, wie urbane R\u00e4ume als Kontakt\u00adzonen unser Leben und unser Verst\u00e4ndnis von Heimat pr\u00e4gen.<\/p>\n\n\n\n<p>Ein Abend, der zeigt, dass Heimat f\u00fcr jeden Menschen etwas anderes bedeuten kann \u2013 und gerade deshalb verbindet.<\/p>\n\n\n\n<p>Volks\u00adwagen Group Art4All ist eine Initia\u00adtive der Volks\u00adwagen Group f\u00fcr mehr kultu\u00adrelle Teilhabe. Jeden letzten Mittwoch im Monat wird das Kunst\u00admu\u00adseum Wolfsburg zum offenen Raum f\u00fcr Begegnung, Austausch und kreative Impulse \u2013 kosten\u00adfrei und ohne Anmeldung.<\/p>\n\n\n\n<p>Das n\u00e4chste Volks\u00adwagen Group Art4All findet am Mittwoch, 28. Oktober 2026, von 16 bis 21 Uhr statt. Weitere Infor\u00adma\u00adtionen zum Programm folgen in&nbsp;K\u00fcrze.<\/p>\n","protected":false},"excerpt":{"rendered":"<p>Ist Heimat ein Ort \u2013 Haus, Stadt, Land? Ein Mensch? Oder ein Gef\u00fchl, das wir in uns tragen? Mit diesen Fragen besch\u00e4f\u00adtigen wir uns bei Volks\u00adwagen Group Art4All am 30. September im Kunst\u00admu\u00adseum Wolfsburg. Gemeinsam mit der US-ameri\u00ad\u00adka\u00ad\u00adni\u00ad\u00adschen K\u00fcnst\u00adlerin Tracey Snelling, deren gro\u00dfe Instal\u00adla\u00adtion an zentraler Stelle in der Ausstel\u00adlung Tell Me Where Home&nbsp;Is&nbsp;[\u2026]<\/p>\n","protected":false},"author":1499,"featured_media":33077,"comment_status":"closed","ping_status":"closed","sticky":false,"template":"","format":"standard","meta":{"wp_typography_post_enhancements_disabled":false,"kunstmuseum_formatted_page_title":""},"categories":[1],"tags":[690,581],"yoast_head":"<!-- This site is optimized with the Yoast SEO plugin v19.4 - https:\/\/yoast.com\/wordpress\/plugins\/seo\/ -->\n<title>Volkswagen Group Art4All im September: Was bedeutet Heimat? - Kunstmuseum Wolfsburg<\/title>\n<meta name=\"robots\" content=\"index, follow, max-snippet:-1, max-image-preview:large, max-video-preview:-1\" \/>\n<link rel=\"canonical\" href=\"https:\/\/www.kunstmuseum.de\/en\/2026\/08\/volkswagen-group-art4all-im-september-was-bedeutet-heimat\/\" \/>\n<meta property=\"og:locale\" content=\"en_US\" \/>\n<meta property=\"og:type\" content=\"article\" \/>\n<meta property=\"og:title\" content=\"Volkswagen Group Art4All im September: Was bedeutet Heimat? - Kunstmuseum Wolfsburg\" \/>\n<meta property=\"og:description\" content=\"Ist Heimat ein Ort \u2013 Haus, Stadt, Land? Ein Mensch? Oder ein Gef\u00fchl, das wir in uns tragen? Mit diesen Fragen besch\u00e4f\u00adtigen wir uns bei Volks\u00adwagen Group Art4All am 30. September im Kunst\u00admu\u00adseum Wolfsburg. Gemeinsam mit der US-ameri\u00adka\u00adni\u00adschen K\u00fcnst\u00adlerin Tracey Snelling, deren gro\u00dfe Instal\u00adla\u00adtion an zentraler Stelle in der Ausstel\u00adlung Tell Me Where Home Is [&hellip;]\" \/>\n<meta property=\"og:url\" content=\"https:\/\/www.kunstmuseum.de\/en\/2026\/08\/volkswagen-group-art4all-im-september-was-bedeutet-heimat\/\" \/>\n<meta property=\"og:site_name\" content=\"Kunstmuseum Wolfsburg\" \/>\n<meta property=\"article:publisher\" content=\"https:\/\/www.facebook.com\/KunstmuseumWolfsburg\" \/>\n<meta property=\"article:published_time\" content=\"2026-08-31T06:37:28+00:00\" \/>\n<meta property=\"article:modified_time\" content=\"2026-08-31T06:39:12+00:00\" \/>\n<meta property=\"og:image\" content=\"https:\/\/www.kunstmuseum.de\/wp-content\/uploads\/2024\/01\/260213_KMW_Art4All_RoadSideScreen_1152x816px_01.jpg\" \/>\n\t<meta property=\"og:image:width\" content=\"1152\" \/>\n\t<meta property=\"og:image:height\" content=\"816\" \/>\n\t<meta property=\"og:image:type\" content=\"image\/jpeg\" \/>\n<meta name=\"author\" content=\"Kaye Lomas\" \/>\n<meta name=\"twitter:card\" content=\"summary_large_image\" \/>\n<meta name=\"twitter:creator\" content=\"@kunstmuseumwob\" \/>\n<meta name=\"twitter:site\" content=\"@kunstmuseumwob\" \/>\n<meta name=\"twitter:label1\" content=\"Written by\" \/>\n\t<meta name=\"twitter:data1\" content=\"Kaye Lomas\" \/>\n\t<meta name=\"twitter:label2\" content=\"Est. reading time\" \/>\n\t<meta name=\"twitter:data2\" content=\"3 minutes\" \/>\n<script type=\"application\/ld+json\" class=\"yoast-schema-graph\">{\"@context\":\"https:\/\/schema.org\",\"@graph\":[{\"@type\":\"Organization\",\"@id\":\"https:\/\/www.kunstmuseum.de\/en\/#organization\",\"name\":\"Kunstmuseum Wolfsburg\",\"url\":\"https:\/\/www.kunstmuseum.de\/en\/\",\"sameAs\":[\"https:\/\/www.instagram.com\/kunstmuseumwolfsburg\/\",\"https:\/\/www.linkedin.com\/company\/kunstmuseum-wolfsburg\/\",\"https:\/\/www.youtube.com\/user\/KunstmuseumWolfsburg\",\"https:\/\/de.wikipedia.org\/wiki\/Kunstmuseum_Wolfsburg\",\"https:\/\/www.facebook.com\/KunstmuseumWolfsburg\",\"https:\/\/twitter.com\/kunstmuseumwob\"],\"logo\":{\"@type\":\"ImageObject\",\"inLanguage\":\"en-US\",\"@id\":\"https:\/\/www.kunstmuseum.de\/en\/#\/schema\/logo\/image\/\",\"url\":\"https:\/\/www.kunstmuseum.de\/wp-content\/uploads\/2020\/05\/191125_KMW_Wortmarke_RGB_schwarz.svg\",\"contentUrl\":\"https:\/\/www.kunstmuseum.de\/wp-content\/uploads\/2020\/05\/191125_KMW_Wortmarke_RGB_schwarz.svg\",\"caption\":\"Kunstmuseum Wolfsburg\"},\"image\":{\"@id\":\"https:\/\/www.kunstmuseum.de\/en\/#\/schema\/logo\/image\/\"}},{\"@type\":\"WebSite\",\"@id\":\"https:\/\/www.kunstmuseum.de\/en\/#website\",\"url\":\"https:\/\/www.kunstmuseum.de\/en\/\",\"name\":\"Kunstmuseum Wolfsburg\",\"description\":\"\",\"publisher\":{\"@id\":\"https:\/\/www.kunstmuseum.de\/en\/#organization\"},\"potentialAction\":[{\"@type\":\"SearchAction\",\"target\":{\"@type\":\"EntryPoint\",\"urlTemplate\":\"https:\/\/www.kunstmuseum.de\/en\/?s={search_term_string}\"},\"query-input\":\"required name=search_term_string\"}],\"inLanguage\":\"en-US\"},{\"@type\":\"WebPage\",\"@id\":\"https:\/\/www.kunstmuseum.de\/en\/2026\/08\/volkswagen-group-art4all-im-september-was-bedeutet-heimat\/\",\"url\":\"https:\/\/www.kunstmuseum.de\/en\/2026\/08\/volkswagen-group-art4all-im-september-was-bedeutet-heimat\/\",\"name\":\"Volkswagen Group Art4All im September: Was bedeutet Heimat? - Kunstmuseum Wolfsburg\",\"isPartOf\":{\"@id\":\"https:\/\/www.kunstmuseum.de\/en\/#website\"},\"datePublished\":\"2026-08-31T06:37:28+00:00\",\"dateModified\":\"2026-08-31T06:39:12+00:00\",\"breadcrumb\":{\"@id\":\"https:\/\/www.kunstmuseum.de\/en\/2026\/08\/volkswagen-group-art4all-im-september-was-bedeutet-heimat\/#breadcrumb\"},\"inLanguage\":\"en-US\",\"potentialAction\":[{\"@type\":\"ReadAction\",\"target\":[\"https:\/\/www.kunstmuseum.de\/en\/2026\/08\/volkswagen-group-art4all-im-september-was-bedeutet-heimat\/\"]}]},{\"@type\":\"BreadcrumbList\",\"@id\":\"https:\/\/www.kunstmuseum.de\/en\/2026\/08\/volkswagen-group-art4all-im-september-was-bedeutet-heimat\/#breadcrumb\",\"itemListElement\":[{\"@type\":\"ListItem\",\"position\":1,\"name\":\"Startseite\",\"item\":\"https:\/\/www.kunstmuseum.de\/en\/\"},{\"@type\":\"ListItem\",\"position\":2,\"name\":\"Volkswagen Group Art4All im September: Was bedeutet Heimat?\"}]},{\"@type\":\"Article\",\"@id\":\"https:\/\/www.kunstmuseum.de\/en\/2026\/08\/volkswagen-group-art4all-im-september-was-bedeutet-heimat\/#article\",\"isPartOf\":{\"@id\":\"https:\/\/www.kunstmuseum.de\/en\/2026\/08\/volkswagen-group-art4all-im-september-was-bedeutet-heimat\/\"},\"author\":{\"name\":\"Kaye Lomas\",\"@id\":\"https:\/\/www.kunstmuseum.de\/en\/#\/schema\/person\/33ce7ce14546b222bfd6a357a22cd681\"},\"headline\":\"Volkswagen Group Art4All im September: Was bedeutet Heimat?\",\"datePublished\":\"2026-08-31T06:37:28+00:00\",\"dateModified\":\"2026-08-31T06:39:12+00:00\",\"mainEntityOfPage\":{\"@id\":\"https:\/\/www.kunstmuseum.de\/en\/2026\/08\/volkswagen-group-art4all-im-september-was-bedeutet-heimat\/\"},\"wordCount\":418,\"publisher\":{\"@id\":\"https:\/\/www.kunstmuseum.de\/en\/#organization\"},\"keywords\":[\"Tell Me Where Home Is\",\"Volkswagen Group Art4All\"],\"articleSection\":[\"Unkategorisiert\"],\"inLanguage\":\"en-US\"},{\"@type\":\"Person\",\"@id\":\"https:\/\/www.kunstmuseum.de\/en\/#\/schema\/person\/33ce7ce14546b222bfd6a357a22cd681\",\"name\":\"Kaye Lomas\",\"image\":{\"@type\":\"ImageObject\",\"inLanguage\":\"en-US\",\"@id\":\"https:\/\/www.kunstmuseum.de\/en\/#\/schema\/person\/image\/\",\"url\":\"https:\/\/secure.gravatar.com\/avatar\/a04b8c1d583166ba071debc422468dac?s=96&d=mm&r=g\",\"contentUrl\":\"https:\/\/secure.gravatar.com\/avatar\/a04b8c1d583166ba071debc422468dac?s=96&d=mm&r=g\",\"caption\":\"Kaye Lomas\"}}]}<\/script>\n<!-- \/ Yoast SEO plugin. -->","yoast_head_json":{"title":"Volkswagen Group Art4All im September: Was bedeutet Heimat? - Kunstmuseum Wolfsburg","robots":{"index":"index","follow":"follow","max-snippet":"max-snippet:-1","max-image-preview":"max-image-preview:large","max-video-preview":"max-video-preview:-1"},"canonical":"https:\/\/www.kunstmuseum.de\/en\/2026\/08\/volkswagen-group-art4all-im-september-was-bedeutet-heimat\/","og_locale":"en_US","og_type":"article","og_title":"Volkswagen Group Art4All im September: Was bedeutet Heimat? - Kunstmuseum Wolfsburg","og_description":"Ist Heimat ein Ort \u2013 Haus, Stadt, Land? Ein Mensch? Oder ein Gef\u00fchl, das wir in uns tragen? Mit diesen Fragen besch\u00e4f\u00adtigen wir uns bei Volks\u00adwagen Group Art4All am 30. September im Kunst\u00admu\u00adseum Wolfsburg. Gemeinsam mit der US-ameri\u00adka\u00adni\u00adschen K\u00fcnst\u00adlerin Tracey Snelling, deren gro\u00dfe Instal\u00adla\u00adtion an zentraler Stelle in der Ausstel\u00adlung Tell Me Where Home Is [&hellip;]","og_url":"https:\/\/www.kunstmuseum.de\/en\/2026\/08\/volkswagen-group-art4all-im-september-was-bedeutet-heimat\/","og_site_name":"Kunstmuseum Wolfsburg","article_publisher":"https:\/\/www.facebook.com\/KunstmuseumWolfsburg","article_published_time":"2026-08-31T06:37:28+00:00","article_modified_time":"2026-08-31T06:39:12+00:00","og_image":[{"width":1152,"height":816,"url":"https:\/\/www.kunstmuseum.de\/wp-content\/uploads\/2024\/01\/260213_KMW_Art4All_RoadSideScreen_1152x816px_01.jpg","type":"image\/jpeg"}],"author":"Kaye Lomas","twitter_card":"summary_large_image","twitter_creator":"@kunstmuseumwob","twitter_site":"@kunstmuseumwob","twitter_misc":{"Written by":"Kaye Lomas","Est. reading time":"3 minutes"},"schema":{"@context":"https:\/\/schema.org","@graph":[{"@type":"Organization","@id":"https:\/\/www.kunstmuseum.de\/en\/#organization","name":"Kunstmuseum Wolfsburg","url":"https:\/\/www.kunstmuseum.de\/en\/","sameAs":["https:\/\/www.instagram.com\/kunstmuseumwolfsburg\/","https:\/\/www.linkedin.com\/company\/kunstmuseum-wolfsburg\/","https:\/\/www.youtube.com\/user\/KunstmuseumWolfsburg","https:\/\/de.wikipedia.org\/wiki\/Kunstmuseum_Wolfsburg","https:\/\/www.facebook.com\/KunstmuseumWolfsburg","https:\/\/twitter.com\/kunstmuseumwob"],"logo":{"@type":"ImageObject","inLanguage":"en-US","@id":"https:\/\/www.kunstmuseum.de\/en\/#\/schema\/logo\/image\/","url":"https:\/\/www.kunstmuseum.de\/wp-content\/uploads\/2020\/05\/191125_KMW_Wortmarke_RGB_schwarz.svg","contentUrl":"https:\/\/www.kunstmuseum.de\/wp-content\/uploads\/2020\/05\/191125_KMW_Wortmarke_RGB_schwarz.svg","caption":"Kunstmuseum Wolfsburg"},"image":{"@id":"https:\/\/www.kunstmuseum.de\/en\/#\/schema\/logo\/image\/"}},{"@type":"WebSite","@id":"https:\/\/www.kunstmuseum.de\/en\/#website","url":"https:\/\/www.kunstmuseum.de\/en\/","name":"Kunstmuseum Wolfsburg","description":"","publisher":{"@id":"https:\/\/www.kunstmuseum.de\/en\/#organization"},"potentialAction":[{"@type":"SearchAction","target":{"@type":"EntryPoint","urlTemplate":"https:\/\/www.kunstmuseum.de\/en\/?s={search_term_string}"},"query-input":"required name=search_term_string"}],"inLanguage":"en-US"},{"@type":"WebPage","@id":"https:\/\/www.kunstmuseum.de\/en\/2026\/08\/volkswagen-group-art4all-im-september-was-bedeutet-heimat\/","url":"https:\/\/www.kunstmuseum.de\/en\/2026\/08\/volkswagen-group-art4all-im-september-was-bedeutet-heimat\/","name":"Volkswagen Group Art4All im September: Was bedeutet Heimat? - Kunstmuseum Wolfsburg","isPartOf":{"@id":"https:\/\/www.kunstmuseum.de\/en\/#website"},"datePublished":"2026-08-31T06:37:28+00:00","dateModified":"2026-08-31T06:39:12+00:00","breadcrumb":{"@id":"https:\/\/www.kunstmuseum.de\/en\/2026\/08\/volkswagen-group-art4all-im-september-was-bedeutet-heimat\/#breadcrumb"},"inLanguage":"en-US","potentialAction":[{"@type":"ReadAction","target":["https:\/\/www.kunstmuseum.de\/en\/2026\/08\/volkswagen-group-art4all-im-september-was-bedeutet-heimat\/"]}]},{"@type":"BreadcrumbList","@id":"https:\/\/www.kunstmuseum.de\/en\/2026\/08\/volkswagen-group-art4all-im-september-was-bedeutet-heimat\/#breadcrumb","itemListElement":[{"@type":"ListItem","position":1,"name":"Startseite","item":"https:\/\/www.kunstmuseum.de\/en\/"},{"@type":"ListItem","position":2,"name":"Volkswagen Group Art4All im September: Was bedeutet Heimat?"}]},{"@type":"Article","@id":"https:\/\/www.kunstmuseum.de\/en\/2026\/08\/volkswagen-group-art4all-im-september-was-bedeutet-heimat\/#article","isPartOf":{"@id":"https:\/\/www.kunstmuseum.de\/en\/2026\/08\/volkswagen-group-art4all-im-september-was-bedeutet-heimat\/"},"author":{"name":"Kaye Lomas","@id":"https:\/\/www.kunstmuseum.de\/en\/#\/schema\/person\/33ce7ce14546b222bfd6a357a22cd681"},"headline":"Volkswagen Group Art4All im September: Was bedeutet Heimat?","datePublished":"2026-08-31T06:37:28+00:00","dateModified":"2026-08-31T06:39:12+00:00","mainEntityOfPage":{"@id":"https:\/\/www.kunstmuseum.de\/en\/2026\/08\/volkswagen-group-art4all-im-september-was-bedeutet-heimat\/"},"wordCount":418,"publisher":{"@id":"https:\/\/www.kunstmuseum.de\/en\/#organization"},"keywords":["Tell Me Where Home Is","Volkswagen Group Art4All"],"articleSection":["Unkategorisiert"],"inLanguage":"en-US"},{"@type":"Person","@id":"https:\/\/www.kunstmuseum.de\/en\/#\/schema\/person\/33ce7ce14546b222bfd6a357a22cd681","name":"Kaye Lomas","image":{"@type":"ImageObject","inLanguage":"en-US","@id":"https:\/\/www.kunstmuseum.de\/en\/#\/schema\/person\/image\/","url":"https:\/\/secure.gravatar.com\/avatar\/a04b8c1d583166ba071debc422468dac?s=96&d=mm&r=g","contentUrl":"https:\/\/secure.gravatar.com\/avatar\/a04b8c1d583166ba071debc422468dac?s=96&d=mm&r=g","caption":"Kaye Lomas"}}]}},"_links":{"self":[{"href":"https:\/\/www.kunstmuseum.de\/en\/wp-json\/wp\/v2\/posts\/35822"}],"collection":[{"href":"https:\/\/www.kunstmuseum.de\/en\/wp-json\/wp\/v2\/posts"}],"about":[{"href":"https:\/\/www.kunstmuseum.de\/en\/wp-json\/wp\/v2\/types\/post"}],"author":[{"embeddable":true,"href":"https:\/\/www.kunstmuseum.de\/en\/wp-json\/wp\/v2\/users\/1499"}],"replies":[{"embeddable":true,"href":"https:\/\/www.kunstmuseum.de\/en\/wp-json\/wp\/v2\/comments?post=35822"}],"version-history":[{"count":4,"href":"https:\/\/www.kunstmuseum.de\/en\/wp-json\/wp\/v2\/posts\/35822\/revisions"}],"predecessor-version":[{"id":35890,"href":"https:\/\/www.kunstmuseum.de\/en\/wp-json\/wp\/v2\/posts\/35822\/revisions\/35890"}],"wp:featuredmedia":[{"embeddable":true,"href":"https:\/\/www.kunstmuseum.de\/en\/wp-json\/wp\/v2\/media\/33077"}],"wp:attachment":[{"href":"https:\/\/www.kunstmuseum.de\/en\/wp-json\/wp\/v2\/media?parent=35822"}],"wp:term":[{"taxonomy":"category","embeddable":true,"href":"https:\/\/www.kunstmuseum.de\/en\/wp-json\/wp\/v2\/categories?post=35822"},{"taxonomy":"post_tag","embeddable":true,"href":"https:\/\/www.kunstmuseum.de\/en\/wp-json\/wp\/v2\/tags?post=35822"}],"curies":[{"name":"wp","href":"https:\/\/api.w.org\/{rel}","templated":true}]}}